{"id":211237,"date":"2019-09-20T08:43:13","date_gmt":"2019-09-20T11:43:13","guid":{"rendered":"https:\/\/franciscanos.org.br\/noticias\/?p=211237"},"modified":"2019-09-20T14:10:04","modified_gmt":"2019-09-20T17:10:04","slug":"26o-dia-de-navegacao-21-de-setembro","status":"publish","type":"post","link":"https:\/\/franciscanos.org.br\/noticias\/26o-dia-de-navegacao-21-de-setembro.html","title":{"rendered":"26\u00ba Dia de Navega\u00e7\u00e3o \u2013 21 de Setembro"},"content":{"rendered":"<p><img loading=\"lazy\" src=\"https:\/\/franciscanos.org.br\/noticias\/wp-content\/uploads\/2019\/09\/cabecalho.jpg\" alt=\"\" width=\"1200\" height=\"450\" \/><\/p>\n<h3><strong><img loading=\"lazy\" class=\"size-full wp-image-211241 alignright\" src=\"https:\/\/franciscanos.org.br\/noticias\/wp-content\/uploads\/2019\/09\/Dia-26.jpg\" alt=\"\" width=\"350\" height=\"499\" srcset=\"https:\/\/franciscanos.org.br\/noticias\/wp-content\/uploads\/2019\/09\/Dia-26.jpg 350w, https:\/\/franciscanos.org.br\/noticias\/wp-content\/uploads\/2019\/09\/Dia-26-316x450.jpg 316w, https:\/\/franciscanos.org.br\/noticias\/wp-content\/uploads\/2019\/09\/Dia-26-150x214.jpg 150w\" sizes=\"(max-width: 350px) 100vw, 350px\" \/>PETI\u00c7\u00c3O PERMANENTE PARA O S\u00cdNODO<\/strong><br \/>\n<strong>AMAZ\u00d4NICO NO IN\u00cdCIO DE CADA DIA:<\/strong><\/h3>\n<p style=\"padding-left: 40px;\"><em>\u201cQue o Deus da vida e da beleza, o Esp\u00edrito Santo que nos <\/em><em>impulsiona para mais fraternidade, unidade e dignidade, o <\/em><em>Cristo encarnado da Boa Nova, da incultura\u00e7\u00e3o e da <\/em><em>interculturalidade nos proporcionem serenidade, discernimento <\/em><em>e coragem para encontrar novos caminhos para a Igreja e para <\/em><em>uma ecologia integral neste S\u00ednodo Amaz\u00f4nico. Tudo isso para o <\/em><em>bem e a vida de seus povos e comunidades, e para caminhar mais <\/em><em>juntos pelo Reino\u201d.<\/em><\/p>\n<p>Medite por alguns momentos neste pedido inicial, busque a calma interior para entrar neste momento para navegar pelas \u00e1guas da Amaz\u00f4nia e a vida da Igreja a servi\u00e7o de seus povos e comunidades, e para ouvir o chamado de Deus atrav\u00e9s de sua palavra viva.<\/p>\n<p><strong>Leitura do dia (cada um e cada uma s\u00e3o convidados a <\/strong><strong>aprofundar a leitura completa de acordo com suas <\/strong><strong>pr\u00f3prias necessidades e crit\u00e9rios):<\/strong><\/p>\n<p><strong>Ef\u00e9sios 4, 1-7.11-13<\/strong><\/p>\n<p>\u201cEu, prisioneiro no Senhor, vos exorto a levardes uma vida digna da voca\u00e7\u00e3o que recebestes: com toda humildade e mansid\u00e3o, e com paci\u00eancia, suportai-vos uns aos outros no amor, sol\u00edcitos em guardar a unidade do Esp\u00edrito pelo v\u00ednculo da paz. H\u00e1 um s\u00f3 corpo e um s\u00f3 Esp\u00edrito, como tamb\u00e9m \u00e9 uma s\u00f3 a esperan\u00e7a \u00e0 qual fostes chamados. H\u00e1 um s\u00f3 Senhor, uma s\u00f3 f\u00e9, um s\u00f3 batismo, um s\u00f3 Deus e Pai de todos, acima de todos, no meio de todos e em todos. No entanto, a cada um de n\u00f3s foi dada a gra\u00e7a conforme a medida do dom de Cristo. A alguns ele concedeu serem ap\u00f3stolos; a outros, profetas; a outros, evangelistas; a outros, pastores e mestres. Assim, ele capacitou os santos para a obra do minist\u00e9rio, para a edifica\u00e7\u00e3o do Corpo de Cristo, at\u00e9 chegarmos, todos juntos, \u00e0 unidade na f\u00e9 e no conhecimento do Filho de Deus, ao estado de adultos, \u00e0 estatura do Cristo em sua plenitude\u201d.<\/p>\n<p><strong>Reflex\u00e3o sob a perspectiva do S\u00ednodo Amaz\u00f4nico:<\/strong><\/p>\n<p>N\u00e3o acho que exista uma leitura mais pertinente para ilustrar esse processo sinodal Amaz\u00f4nico. O primeiro \u00e9 um convite de S\u00e3o Paulo para amar, que assume as consequ\u00eancias de agir de acordo com o mandato de construir o Reino; no caso dele, ele est\u00e1 preso por isso. Quantas irm\u00e3s e irm\u00e3os que defendem a vida, em seus territ\u00f3rios, na Amaz\u00f4nia tiveram que enfrentar as consequ\u00eancias desse amor sendo perseguidos, criminalizados, presos e assassinados? O pre\u00e7o de manter o mandato de defender a vida e os mais vulner\u00e1veis e vulnerados \u00e9 alto. Mas, ent\u00e3o, somos convidados a tecer, criar comunidade, cuidar um do outro. \u00c9 assim que o S\u00ednodo deve ser, um verdadeiro espa\u00e7o de escuta para alcan\u00e7ar a unidade. A unidade da Igreja para a vida na Amaz\u00f4nia ser\u00e1 um gesto de propor\u00e7\u00f5es planet\u00e1rias que permitir\u00e1 que outras e outros se unam, levantem suas vozes para pedir justi\u00e7a. Tamb\u00e9m ser\u00e1 um sinal para outras regi\u00f5es do mundo com biomas e povos amea\u00e7ados que aguardam no S\u00ednodo, sem perder o foco, mas que ter\u00e3o implica\u00e7\u00f5es universais. E finalmente, ap\u00f3s o chamado para ser um s\u00f3 corpo e um s\u00f3 esp\u00edrito no Deus Pai (que tamb\u00e9m \u00e9 M\u00e3e), somos convidados a reconhecer a diversidade de minist\u00e9rios. Qu\u00e3o urgente \u00e9 na Amaz\u00f4nia assumir a tarefa de uma Igreja profundamente ministerial e que, no Batismo, valorize e promova o que j\u00e1 \u00e9 um fato: o papel de mulheres e homens a partir de sua identidade secular no servi\u00e7o da Igreja, e o de religiosas e religiosos, que s\u00e3o essenciais para o futuro da Amaz\u00f4nia. Complementando o minist\u00e9rio presbiteral e episcopal, mas n\u00e3o menos que estes, porque juntos constitu\u00edmos e constru\u00edmos o corpo de Cristo.<\/p>\n<p><strong><em>CONTEMPLA\u00c7\u00c3O<\/em><\/strong><\/p>\n<p style=\"padding-left: 40px;\"><em>Contemplemos a imagem deste dia e tomemos um momento para <\/em><em>reconhecer nossa pr\u00f3pria vida e experi\u00eancia na Igreja e ao servi\u00e7o <\/em><em>da Amaz\u00f4nia para pedir luz nesta palavra de Deus em <\/em><em>prepara\u00e7\u00e3o para o S\u00ednodo. Escrever meus pedidos particulares e <\/em><em>permanecer neles durante este dia. Convidamos voc\u00ea a manter <\/em><em>um registro de tudo o que o Esp\u00edrito nos provoca como <\/em><em>prepara\u00e7\u00e3o interior para o S\u00ednodo AMAZ\u00d4NICO.<\/em><\/p>\n<h3><strong>Cita\u00e7\u00e3o para fechar a medita\u00e7\u00e3o:<\/strong><\/h3>\n<h5 style=\"padding-left: 40px;\"><strong><em>Missa sobre o mundo. Teilhard de Chardin<\/em><\/strong><\/h5>\n<p style=\"padding-left: 40px;\">O fogo desceu no cora\u00e7\u00e3o do Mundo para me possuir e me absorver. \u00c9 claro que n\u00e3o basta contempl\u00e1-lo e que, por uma f\u00e9 cultivada, intensifique seu fogo ao meu redor. \u00c9 necess\u00e1rio que, depois de ter cooperado, com todas as minhas for\u00e7as, com a Consagra\u00e7\u00e3o que a irradia, aceite tamb\u00e9m a Comunh\u00e3o que lhe dar\u00e1, em minha pessoa, o alimento que veio buscar. Eu me prostro, meu Deus, diante de sua Presen\u00e7a no Universo inflamado, e desejo voc\u00ea e espero por voc\u00ea sob as caracter\u00edsticas de tudo o que haverei de encontrar, de tudo o que haver\u00e1 de acontecer e de tudo o que haverei de fazer neste dia.<\/p>\n","protected":false},"excerpt":{"rendered":"<p>40 DIAS PELO RIO <\/p>\n","protected":false},"author":7,"featured_media":210458,"comment_status":"open","ping_status":"open","sticky":false,"template":"","format":"standard","meta":[],"categories":[1528],"tags":[833,834],"acf":[],"yoast_head":"<!-- This site is optimized with the Yoast SEO plugin v19.2 - https:\/\/yoast.com\/wordpress\/plugins\/seo\/ -->\n<title>26\u00ba Dia de Navega\u00e7\u00e3o \u2013 21 de Setembro - Not\u00edcias - Franciscanos<\/title>\n<meta name=\"robots\" content=\"index, follow, max-snippet:-1, max-image-preview:large, max-video-preview:-1\" \/>\n<link rel=\"canonical\" href=\"https:\/\/franciscanos.org.br\/noticias\/26o-dia-de-navegacao-21-de-setembro.html\" \/>\n<meta property=\"og:locale\" content=\"pt_BR\" \/>\n<meta property=\"og:type\" content=\"article\" \/>\n<meta property=\"og:title\" content=\"26\u00ba Dia de Navega\u00e7\u00e3o \u2013 21 de Setembro - Not\u00edcias - Franciscanos\" \/>\n<meta property=\"og:description\" content=\"40 DIAS PELO RIO\" \/>\n<meta property=\"og:url\" content=\"https:\/\/franciscanos.org.br\/noticias\/26o-dia-de-navegacao-21-de-setembro.html\" \/>\n<meta property=\"og:site_name\" content=\"Not\u00edcias - Franciscanos\" \/>\n<meta property=\"article:published_time\" content=\"2019-09-20T11:43:13+00:00\" \/>\n<meta property=\"article:modified_time\" content=\"2019-09-20T17:10:04+00:00\" \/>\n<meta property=\"og:image\" content=\"https:\/\/franciscanos.org.br\/noticias\/wp-content\/uploads\/2019\/09\/273.jpg\" \/>\n\t<meta property=\"og:image:width\" content=\"273\" \/>\n\t<meta property=\"og:image:height\" content=\"181\" \/>\n\t<meta property=\"og:image:type\" content=\"image\/jpeg\" \/>\n<meta name=\"author\" content=\"jovenal\" \/>\n<meta name=\"twitter:card\" content=\"summary_large_image\" \/>\n<meta name=\"twitter:label1\" content=\"Escrito por\" \/>\n\t<meta name=\"twitter:data1\" content=\"jovenal\" \/>\n\t<meta name=\"twitter:label2\" content=\"Est. tempo de leitura\" \/>\n\t<meta name=\"twitter:data2\" content=\"4 minutos\" \/>\n<script type=\"application\/ld+json\" class=\"yoast-schema-graph\">{\"@context\":\"https:\/\/schema.org\",\"@graph\":[{\"@type\":\"WebSite\",\"@id\":\"https:\/\/franciscanos.org.br\/noticias\/#website\",\"url\":\"https:\/\/franciscanos.org.br\/noticias\/\",\"name\":\"Not\u00edcias - Franciscanos\",\"description\":\"Prov\u00edncia Franciscana da Imaculada Concei\u00e7\u00e3o do Brasil - Ordem dos Frades Menores - OFM\",\"potentialAction\":[{\"@type\":\"SearchAction\",\"target\":{\"@type\":\"EntryPoint\",\"urlTemplate\":\"https:\/\/franciscanos.org.br\/noticias\/?s={search_term_string}\"},\"query-input\":\"required name=search_term_string\"}],\"inLanguage\":\"pt-BR\"},{\"@type\":\"ImageObject\",\"inLanguage\":\"pt-BR\",\"@id\":\"https:\/\/franciscanos.org.br\/noticias\/26o-dia-de-navegacao-21-de-setembro.html#primaryimage\",\"url\":\"https:\/\/franciscanos.org.br\/noticias\/wp-content\/uploads\/2019\/09\/273.jpg\",\"contentUrl\":\"https:\/\/franciscanos.org.br\/noticias\/wp-content\/uploads\/2019\/09\/273.jpg\",\"width\":273,\"height\":181},{\"@type\":\"WebPage\",\"@id\":\"https:\/\/franciscanos.org.br\/noticias\/26o-dia-de-navegacao-21-de-setembro.html#webpage\",\"url\":\"https:\/\/franciscanos.org.br\/noticias\/26o-dia-de-navegacao-21-de-setembro.html\",\"name\":\"26\u00ba Dia de Navega\u00e7\u00e3o \u2013 21 de Setembro - Not\u00edcias - Franciscanos\",\"isPartOf\":{\"@id\":\"https:\/\/franciscanos.org.br\/noticias\/#website\"},\"primaryImageOfPage\":{\"@id\":\"https:\/\/franciscanos.org.br\/noticias\/26o-dia-de-navegacao-21-de-setembro.html#primaryimage\"},\"datePublished\":\"2019-09-20T11:43:13+00:00\",\"dateModified\":\"2019-09-20T17:10:04+00:00\",\"author\":{\"@id\":\"https:\/\/franciscanos.org.br\/noticias\/#\/schema\/person\/c3a26b08313dd1772495ce300ab257cc\"},\"breadcrumb\":{\"@id\":\"https:\/\/franciscanos.org.br\/noticias\/26o-dia-de-navegacao-21-de-setembro.html#breadcrumb\"},\"inLanguage\":\"pt-BR\",\"potentialAction\":[{\"@type\":\"ReadAction\",\"target\":[\"https:\/\/franciscanos.org.br\/noticias\/26o-dia-de-navegacao-21-de-setembro.html\"]}]},{\"@type\":\"BreadcrumbList\",\"@id\":\"https:\/\/franciscanos.org.br\/noticias\/26o-dia-de-navegacao-21-de-setembro.html#breadcrumb\",\"itemListElement\":[{\"@type\":\"ListItem\",\"position\":1,\"name\":\"Home\",\"item\":\"https:\/\/franciscanos.org.br\/noticias\"},{\"@type\":\"ListItem\",\"position\":2,\"name\":\"26\u00ba Dia de Navega\u00e7\u00e3o \u2013 21 de Setembro\"}]},{\"@type\":\"Person\",\"@id\":\"https:\/\/franciscanos.org.br\/noticias\/#\/schema\/person\/c3a26b08313dd1772495ce300ab257cc\",\"name\":\"jovenal\",\"image\":{\"@type\":\"ImageObject\",\"inLanguage\":\"pt-BR\",\"@id\":\"https:\/\/franciscanos.org.br\/noticias\/#\/schema\/person\/image\/\",\"url\":\"https:\/\/secure.gravatar.com\/avatar\/e94509f531086e2eaf97e72f29ea00f9?s=96&d=mm&r=g\",\"contentUrl\":\"https:\/\/secure.gravatar.com\/avatar\/e94509f531086e2eaf97e72f29ea00f9?s=96&d=mm&r=g\",\"caption\":\"jovenal\"},\"url\":\"https:\/\/franciscanos.org.br\/noticias\/author\/jovenal\"}]}<\/script>\n<!-- \/ Yoast SEO plugin. -->","yoast_head_json":{"title":"26\u00ba Dia de Navega\u00e7\u00e3o \u2013 21 de Setembro - Not\u00edcias - Franciscanos","robots":{"index":"index","follow":"follow","max-snippet":"max-snippet:-1","max-image-preview":"max-image-preview:large","max-video-preview":"max-video-preview:-1"},"canonical":"https:\/\/franciscanos.org.br\/noticias\/26o-dia-de-navegacao-21-de-setembro.html","og_locale":"pt_BR","og_type":"article","og_title":"26\u00ba Dia de Navega\u00e7\u00e3o \u2013 21 de Setembro - Not\u00edcias - Franciscanos","og_description":"40 DIAS PELO RIO","og_url":"https:\/\/franciscanos.org.br\/noticias\/26o-dia-de-navegacao-21-de-setembro.html","og_site_name":"Not\u00edcias - Franciscanos","article_published_time":"2019-09-20T11:43:13+00:00","article_modified_time":"2019-09-20T17:10:04+00:00","og_image":[{"width":273,"height":181,"url":"https:\/\/franciscanos.org.br\/noticias\/wp-content\/uploads\/2019\/09\/273.jpg","type":"image\/jpeg"}],"author":"jovenal","twitter_card":"summary_large_image","twitter_misc":{"Escrito por":"jovenal","Est. tempo de leitura":"4 minutos"},"schema":{"@context":"https:\/\/schema.org","@graph":[{"@type":"WebSite","@id":"https:\/\/franciscanos.org.br\/noticias\/#website","url":"https:\/\/franciscanos.org.br\/noticias\/","name":"Not\u00edcias - Franciscanos","description":"Prov\u00edncia Franciscana da Imaculada Concei\u00e7\u00e3o do Brasil - Ordem dos Frades Menores - OFM","potentialAction":[{"@type":"SearchAction","target":{"@type":"EntryPoint","urlTemplate":"https:\/\/franciscanos.org.br\/noticias\/?s={search_term_string}"},"query-input":"required name=search_term_string"}],"inLanguage":"pt-BR"},{"@type":"ImageObject","inLanguage":"pt-BR","@id":"https:\/\/franciscanos.org.br\/noticias\/26o-dia-de-navegacao-21-de-setembro.html#primaryimage","url":"https:\/\/franciscanos.org.br\/noticias\/wp-content\/uploads\/2019\/09\/273.jpg","contentUrl":"https:\/\/franciscanos.org.br\/noticias\/wp-content\/uploads\/2019\/09\/273.jpg","width":273,"height":181},{"@type":"WebPage","@id":"https:\/\/franciscanos.org.br\/noticias\/26o-dia-de-navegacao-21-de-setembro.html#webpage","url":"https:\/\/franciscanos.org.br\/noticias\/26o-dia-de-navegacao-21-de-setembro.html","name":"26\u00ba Dia de Navega\u00e7\u00e3o \u2013 21 de Setembro - Not\u00edcias - Franciscanos","isPartOf":{"@id":"https:\/\/franciscanos.org.br\/noticias\/#website"},"primaryImageOfPage":{"@id":"https:\/\/franciscanos.org.br\/noticias\/26o-dia-de-navegacao-21-de-setembro.html#primaryimage"},"datePublished":"2019-09-20T11:43:13+00:00","dateModified":"2019-09-20T17:10:04+00:00","author":{"@id":"https:\/\/franciscanos.org.br\/noticias\/#\/schema\/person\/c3a26b08313dd1772495ce300ab257cc"},"breadcrumb":{"@id":"https:\/\/franciscanos.org.br\/noticias\/26o-dia-de-navegacao-21-de-setembro.html#breadcrumb"},"inLanguage":"pt-BR","potentialAction":[{"@type":"ReadAction","target":["https:\/\/franciscanos.org.br\/noticias\/26o-dia-de-navegacao-21-de-setembro.html"]}]},{"@type":"BreadcrumbList","@id":"https:\/\/franciscanos.org.br\/noticias\/26o-dia-de-navegacao-21-de-setembro.html#breadcrumb","itemListElement":[{"@type":"ListItem","position":1,"name":"Home","item":"https:\/\/franciscanos.org.br\/noticias"},{"@type":"ListItem","position":2,"name":"26\u00ba Dia de Navega\u00e7\u00e3o \u2013 21 de Setembro"}]},{"@type":"Person","@id":"https:\/\/franciscanos.org.br\/noticias\/#\/schema\/person\/c3a26b08313dd1772495ce300ab257cc","name":"jovenal","image":{"@type":"ImageObject","inLanguage":"pt-BR","@id":"https:\/\/franciscanos.org.br\/noticias\/#\/schema\/person\/image\/","url":"https:\/\/secure.gravatar.com\/avatar\/e94509f531086e2eaf97e72f29ea00f9?s=96&d=mm&r=g","contentUrl":"https:\/\/secure.gravatar.com\/avatar\/e94509f531086e2eaf97e72f29ea00f9?s=96&d=mm&r=g","caption":"jovenal"},"url":"https:\/\/franciscanos.org.br\/noticias\/author\/jovenal"}]}},"_links":{"self":[{"href":"https:\/\/franciscanos.org.br\/noticias\/wp-json\/wp\/v2\/posts\/211237"}],"collection":[{"href":"https:\/\/franciscanos.org.br\/noticias\/wp-json\/wp\/v2\/posts"}],"about":[{"href":"https:\/\/franciscanos.org.br\/noticias\/wp-json\/wp\/v2\/types\/post"}],"author":[{"embeddable":true,"href":"https:\/\/franciscanos.org.br\/noticias\/wp-json\/wp\/v2\/users\/7"}],"replies":[{"embeddable":true,"href":"https:\/\/franciscanos.org.br\/noticias\/wp-json\/wp\/v2\/comments?post=211237"}],"version-history":[{"count":0,"href":"https:\/\/franciscanos.org.br\/noticias\/wp-json\/wp\/v2\/posts\/211237\/revisions"}],"wp:featuredmedia":[{"embeddable":true,"href":"https:\/\/franciscanos.org.br\/noticias\/wp-json\/wp\/v2\/media\/210458"}],"wp:attachment":[{"href":"https:\/\/franciscanos.org.br\/noticias\/wp-json\/wp\/v2\/media?parent=211237"}],"wp:term":[{"taxonomy":"category","embeddable":true,"href":"https:\/\/franciscanos.org.br\/noticias\/wp-json\/wp\/v2\/categories?post=211237"},{"taxonomy":"post_tag","embeddable":true,"href":"https:\/\/franciscanos.org.br\/noticias\/wp-json\/wp\/v2\/tags?post=211237"}],"curies":[{"name":"wp","href":"https:\/\/api.w.org\/{rel}","templated":true}]}}