{"id":211235,"date":"2019-09-20T08:36:53","date_gmt":"2019-09-20T11:36:53","guid":{"rendered":"https:\/\/franciscanos.org.br\/noticias\/?p=211235"},"modified":"2019-09-20T08:36:53","modified_gmt":"2019-09-20T11:36:53","slug":"sinodo-para-a-amazonia-convocacao-processos-e-expectativas","status":"publish","type":"post","link":"https:\/\/franciscanos.org.br\/noticias\/sinodo-para-a-amazonia-convocacao-processos-e-expectativas.html","title":{"rendered":"\u201cS\u00ednodo para a Amaz\u00f4nia \u2013 convoca\u00e7\u00e3o, processos e expectativas\u201d"},"content":{"rendered":"<p><img loading=\"lazy\" class=\"alignnone size-full wp-image-211238\" src=\"https:\/\/franciscanos.org.br\/noticias\/wp-content\/uploads\/2019\/09\/amazonia_2009.png\" alt=\"\" width=\"890\" height=\"565\" srcset=\"https:\/\/franciscanos.org.br\/noticias\/wp-content\/uploads\/2019\/09\/amazonia_2009.png 890w, https:\/\/franciscanos.org.br\/noticias\/wp-content\/uploads\/2019\/09\/amazonia_2009-450x286.png 450w, https:\/\/franciscanos.org.br\/noticias\/wp-content\/uploads\/2019\/09\/amazonia_2009-768x488.png 768w, https:\/\/franciscanos.org.br\/noticias\/wp-content\/uploads\/2019\/09\/amazonia_2009-150x95.png 150w\" sizes=\"(max-width: 890px) 100vw, 890px\" \/><\/p>\n<p>A Verbo Filmes divulgou o document\u00e1rio \u201cS\u00ednodo para a Amaz\u00f4nia \u2013 convoca\u00e7\u00e3o, processos e expectativas\u201d, sobre a Assembleia Especial do S\u00ednodo dos Bispos convocada pelo Papa Francisco para o per\u00edodo de 6 a 27 de outubro pr\u00f3ximo. Em entrevista ao Portal da CNBB, o padre Cireneu Kuhn, mission\u00e1rio da Congrega\u00e7\u00e3o do Verbo Divino que dirigiu a produ\u00e7\u00e3o audiovisual, falou sobre o sentimento de \u201cobriga\u00e7\u00e3o de fazer este material informativo\u201d. Tamb\u00e9m partilhou um pouco da realidade que p\u00f4de conferir de perto por ocasi\u00e3o das grava\u00e7\u00f5es.<\/p>\n<p>\u201cO que vimos e documentamos foi a Igreja \u2013 Povo de Deus \u2013 se reunindo, celebrando a Eucaristia, escutando a Palavra, refletindo sobre os desafios na regi\u00e3o pan-amaz\u00f4nica e expressando suas ang\u00fastias diante das incertezas que recaem sobre nossos tempos\u201d, afirma padre Cireneu.<\/p>\n<p>O v\u00eddeo tem 14 minutos, apresenta entrevistas com agentes de pastoral, representantes dos povos amaz\u00f4nicos, especialistas e bispos. Boa parte do document\u00e1rio \u00e9 marcada por uma vers\u00e3o dinamizada da m\u00fasica \u201cTudo est\u00e1 interligado\u201d, de autoria de padre Cireneu e inspirada na enc\u00edclica <em>Laudato Si\u2019<\/em> \u2013 <em>sobre o cuidado da casa comum<\/em>. A m\u00fasica perpassou todas as escutas na prepara\u00e7\u00e3o para o S\u00ednodo.<\/p>\n<p><iframe loading=\"lazy\" src=\"https:\/\/www.youtube.com\/embed\/GIiIphsCgDQ\" width=\"560\" height=\"315\" frameborder=\"0\" allowfullscreen=\"allowfullscreen\"><\/iframe><\/p>\n<p><em>Confira a entrevista:<\/em><\/p>\n<p><strong>Qual a proposta e a ideia que motivaram a realiza\u00e7\u00e3o deste document\u00e1rio?<\/strong><\/p>\n<p>Ningu\u00e9m nos encomendou este v\u00eddeo; nem a CNBB, nem a REPAM, muito menos o Papa! Fazer este tipo de material faz parte da voca\u00e7\u00e3o da Verbo Filmes. Pertencemos a uma Congrega\u00e7\u00e3o Mission\u00e1ria \u2013 do Verbo Divino \u2013 que, entre outras dimens\u00f5es, tem como miss\u00e3o a evangeliza\u00e7\u00e3o atrav\u00e9s dos meios de comunica\u00e7\u00e3o social. Sentimos a obriga\u00e7\u00e3o de fazer este material informativo, pois tivemos uma significativa participa\u00e7\u00e3o no processo sinodal at\u00e9 agora.<\/p>\n<p>Documentamos dezenas de eventos que aconteceram no percurso destes dois anos, desde a convocat\u00f3ria do Papa Francisco.<\/p>\n<p>Penso assim: uma coisa \u00e9 fazer um document\u00e1rio \u201ca partir de dentro\u201d, sentindo de perto o que realmente est\u00e1 acontecendo, como \u00e9 o nosso caso; outra coisa \u00e9, a partir de suposi\u00e7\u00f5es e de preconceitos, produzir-se \u201cinforma\u00e7\u00f5es\u201d recheadas de \u00f3dio e de interpreta\u00e7\u00f5es difamat\u00f3rias, com a inten\u00e7\u00e3o muito distante da de algu\u00e9m realmente preocupado em somar e \u201ccaminhar junto\u201d, como \u00e9 o significado literal da palavra \u201cs\u00ednodo\u201d. Infelizmente, h\u00e1 pessoas que preferem caminhar por esta via.<\/p>\n<p>Como verbitas, procuramos estar em comunh\u00e3o com a Igreja local e com a Igreja Universal, representada pelo Papa.<\/p>\n<p><strong>A Verbo Filmes j\u00e1 tem uma experi\u00eancia hist\u00f3rica de proximidade e visitas \u00e0s comunidades amaz\u00f4nicas. Como foi a experi\u00eancia de fazer as grava\u00e7\u00f5es dentro do processo do S\u00ednodo? Foi poss\u00edvel \u00e0 equipe perceber nas comunidades a expectativa por este evento?<\/strong><\/p>\n<p>O que vimos e documentamos foi a Igreja \u2013 Povo de Deus \u2013 se reunindo, celebrando a Eucaristia, escutando a Palavra, refletindo sobre os desafios na regi\u00e3o pan-amaz\u00f4nica e expressando suas ang\u00fastias diante das incertezas que recaem sobre nossos tempos. Experts em Teologia, Eclesiologia, Doutrina da Igreja e experts nas disciplinas que envolvem o bioma amaz\u00f4nico sempre estiveram presentes para assessorar os encontros. \u00c9 muito bonito ver pessoas simples, pobres, participando em rodas de conversa, com a presen\u00e7a de religiosas, padres e at\u00e9 de bispos. Essa \u00e9 a Igreja do Vaticano II. Algumas pessoas ainda conservam uma mentalidade pr\u00e9-vaticano! \u00c9 preciso um olhar de compaix\u00e3o para com estas pessoas\u2026<\/p>\n<p>A expectativa do povo amaz\u00f4nida em rela\u00e7\u00e3o ao s\u00ednodo \u00e9 grande. S\u00f3 pelo fato das pessoas se sentirem \u201cinclu\u00eddas\u201d no processo, dizem que \u201cj\u00e1 valeu a pena\u201d! Temos v\u00e1rios depoimentos neste sentido. Como sabemos, o \u201cInstrumento de Trabalho\u201d n\u00e3o \u00e9 o documento final. Este documento \u00e9 uma express\u00e3o de milhares de vozes sinodais. O Papa e o col\u00e9gio sinodal, em Roma \u2013 agora em outubro \u2013 saber\u00e3o o que fazer com este material. O Papa \u00e9 um iluminado, \u00e9 refer\u00eancia mundial e n\u00e3o somente para os cat\u00f3licos. Se existem pessoas que preferem atirar pedras em Sua Santidade, isso n\u00e3o poder\u00e1 ser motivo de tanta preocupa\u00e7\u00e3o. Jesus tamb\u00e9m n\u00e3o conseguiu unanimidade.<\/p>\n<p>As pessoas que chamam o Papa Francisco de her\u00e9tico, se lerem os Evangelhos certamente ter\u00e3o dificuldade para entender certas atitudes de Jesus: em rela\u00e7\u00e3o aos poderosos, aos doutores da lei, \u00e0s prostitutas e pessoas exclu\u00eddas de seu tempo. Jesus n\u00e3o morreu de c\u00e2ncer nem num acidente de camelo numa curva de Jerusal\u00e9m. Foi assassinado! Crucificaram Jesus naquele tempo e querem crucificar o Papa Francisco, hoje, por motivos muito parecidos\u2026<\/p>\n<p><strong>Este v\u00eddeo pode ser instrumento de melhor conhecimento e menos preconceito em rela\u00e7\u00e3o \u00e0 Assembleia Sinodal?<\/strong><\/p>\n<p>Quem tem preconceito em rela\u00e7\u00e3o \u00e0 CNBB, ao Papa e \u00e0 Igreja vai olhar tamb\u00e9m este v\u00eddeo com preconceito.<\/p>\n<p>N\u00e3o \u00e9 este v\u00eddeo que vai \u201cconverter\u201d as pessoas. Mas, sem d\u00favida, aqui, de maneira muito sucinta, apresenta-se o prop\u00f3sito deste s\u00ednodo que n\u00e3o \u00e9 o primeiro e nem ser\u00e1 o \u00faltimo. Lembremos que recentemente houve o s\u00ednodo para as fam\u00edlias e para a juventude. L\u00e1 tamb\u00e9m houve rea\u00e7\u00f5es adversas e contr\u00e1rias\u2026 e assim sempre ser\u00e1.<\/p>\n<p>Rezemos, sim, para que a assembleia que acontecer\u00e1 agora no Vaticano continue com o mesmo clima dialogal e de escuta do Esp\u00edrito, para que, de fato, a Exorta\u00e7\u00e3o Apost\u00f3lica (o documento final) nos ilumine a enveredarmos por novos caminhos na Igreja,com maior profecia e maior fidelidade ao Reino, na busca de uma Ecologia Integral.<\/p>\n<p><strong>Gostaria de destacar mais alguma coisa?<\/strong><\/p>\n<p>Para finalizar: estive recentemente em Humait\u00e1, documentando o trabalho mission\u00e1rio de um confrade meu, com as comunidades ribeirinhas. S\u00e3o centenas de comunidades, distantes umas das outras. O povo se re\u00fane com alegria e expressa uma f\u00e9 profunda; s\u00f3 lamenta n\u00e3o poder celebrar a Eucaristia a cada semana. As visitas do padre acontecem duas ou tr\u00eas vezes ao ano. Como responder a desafios como este? \u00c9 pra isso e outras quest\u00f5es que este s\u00ednodo foi convocado e, certamente, ser\u00e1 um grande Pentecostes para toda Igreja.<\/p>\n","protected":false},"excerpt":{"rendered":"<p>S\u00ednodo da Amaz\u00f4nia<\/p>\n","protected":false},"author":3,"featured_media":211239,"comment_status":"open","ping_status":"open","sticky":false,"template":"","format":"standard","meta":[],"categories":[1],"tags":[834],"acf":[],"yoast_head":"<!-- This site is optimized with the Yoast SEO plugin v19.2 - https:\/\/yoast.com\/wordpress\/plugins\/seo\/ -->\n<title>\u201cS\u00ednodo para a Amaz\u00f4nia \u2013 convoca\u00e7\u00e3o, processos e expectativas\u201d - Not\u00edcias - Franciscanos<\/title>\n<meta name=\"robots\" content=\"index, follow, max-snippet:-1, max-image-preview:large, max-video-preview:-1\" \/>\n<link rel=\"canonical\" href=\"https:\/\/franciscanos.org.br\/noticias\/sinodo-para-a-amazonia-convocacao-processos-e-expectativas.html\" \/>\n<meta property=\"og:locale\" content=\"pt_BR\" \/>\n<meta property=\"og:type\" content=\"article\" \/>\n<meta property=\"og:title\" content=\"\u201cS\u00ednodo para a Amaz\u00f4nia \u2013 convoca\u00e7\u00e3o, processos e expectativas\u201d - Not\u00edcias - Franciscanos\" \/>\n<meta property=\"og:description\" content=\"S\u00ednodo da Amaz\u00f4nia\" \/>\n<meta property=\"og:url\" content=\"https:\/\/franciscanos.org.br\/noticias\/sinodo-para-a-amazonia-convocacao-processos-e-expectativas.html\" \/>\n<meta property=\"og:site_name\" content=\"Not\u00edcias - Franciscanos\" \/>\n<meta property=\"article:published_time\" content=\"2019-09-20T11:36:53+00:00\" \/>\n<meta property=\"og:image\" content=\"https:\/\/franciscanos.org.br\/noticias\/wp-content\/uploads\/2019\/09\/amazonia_2009d.png\" \/>\n\t<meta property=\"og:image:width\" content=\"273\" \/>\n\t<meta property=\"og:image:height\" content=\"181\" \/>\n\t<meta property=\"og:image:type\" content=\"image\/png\" \/>\n<meta name=\"author\" content=\"moacir\" \/>\n<meta name=\"twitter:card\" content=\"summary_large_image\" \/>\n<meta name=\"twitter:label1\" content=\"Escrito por\" \/>\n\t<meta name=\"twitter:data1\" content=\"moacir\" \/>\n\t<meta name=\"twitter:label2\" content=\"Est. tempo de leitura\" \/>\n\t<meta name=\"twitter:data2\" content=\"5 minutos\" \/>\n<script type=\"application\/ld+json\" class=\"yoast-schema-graph\">{\"@context\":\"https:\/\/schema.org\",\"@graph\":[{\"@type\":\"WebSite\",\"@id\":\"https:\/\/franciscanos.org.br\/noticias\/#website\",\"url\":\"https:\/\/franciscanos.org.br\/noticias\/\",\"name\":\"Not\u00edcias - Franciscanos\",\"description\":\"Prov\u00edncia Franciscana da Imaculada Concei\u00e7\u00e3o do Brasil - Ordem dos Frades Menores - OFM\",\"potentialAction\":[{\"@type\":\"SearchAction\",\"target\":{\"@type\":\"EntryPoint\",\"urlTemplate\":\"https:\/\/franciscanos.org.br\/noticias\/?s={search_term_string}\"},\"query-input\":\"required name=search_term_string\"}],\"inLanguage\":\"pt-BR\"},{\"@type\":\"ImageObject\",\"inLanguage\":\"pt-BR\",\"@id\":\"https:\/\/franciscanos.org.br\/noticias\/sinodo-para-a-amazonia-convocacao-processos-e-expectativas.html#primaryimage\",\"url\":\"https:\/\/franciscanos.org.br\/noticias\/wp-content\/uploads\/2019\/09\/amazonia_2009d.png\",\"contentUrl\":\"https:\/\/franciscanos.org.br\/noticias\/wp-content\/uploads\/2019\/09\/amazonia_2009d.png\",\"width\":273,\"height\":181},{\"@type\":\"WebPage\",\"@id\":\"https:\/\/franciscanos.org.br\/noticias\/sinodo-para-a-amazonia-convocacao-processos-e-expectativas.html#webpage\",\"url\":\"https:\/\/franciscanos.org.br\/noticias\/sinodo-para-a-amazonia-convocacao-processos-e-expectativas.html\",\"name\":\"\u201cS\u00ednodo para a Amaz\u00f4nia \u2013 convoca\u00e7\u00e3o, processos e expectativas\u201d - Not\u00edcias - Franciscanos\",\"isPartOf\":{\"@id\":\"https:\/\/franciscanos.org.br\/noticias\/#website\"},\"primaryImageOfPage\":{\"@id\":\"https:\/\/franciscanos.org.br\/noticias\/sinodo-para-a-amazonia-convocacao-processos-e-expectativas.html#primaryimage\"},\"datePublished\":\"2019-09-20T11:36:53+00:00\",\"dateModified\":\"2019-09-20T11:36:53+00:00\",\"author\":{\"@id\":\"https:\/\/franciscanos.org.br\/noticias\/#\/schema\/person\/b5c8cba458c330ccff548b056e95a5d4\"},\"breadcrumb\":{\"@id\":\"https:\/\/franciscanos.org.br\/noticias\/sinodo-para-a-amazonia-convocacao-processos-e-expectativas.html#breadcrumb\"},\"inLanguage\":\"pt-BR\",\"potentialAction\":[{\"@type\":\"ReadAction\",\"target\":[\"https:\/\/franciscanos.org.br\/noticias\/sinodo-para-a-amazonia-convocacao-processos-e-expectativas.html\"]}]},{\"@type\":\"BreadcrumbList\",\"@id\":\"https:\/\/franciscanos.org.br\/noticias\/sinodo-para-a-amazonia-convocacao-processos-e-expectativas.html#breadcrumb\",\"itemListElement\":[{\"@type\":\"ListItem\",\"position\":1,\"name\":\"Home\",\"item\":\"https:\/\/franciscanos.org.br\/noticias\"},{\"@type\":\"ListItem\",\"position\":2,\"name\":\"\u201cS\u00ednodo para a Amaz\u00f4nia \u2013 convoca\u00e7\u00e3o, processos e expectativas\u201d\"}]},{\"@type\":\"Person\",\"@id\":\"https:\/\/franciscanos.org.br\/noticias\/#\/schema\/person\/b5c8cba458c330ccff548b056e95a5d4\",\"name\":\"moacir\",\"image\":{\"@type\":\"ImageObject\",\"inLanguage\":\"pt-BR\",\"@id\":\"https:\/\/franciscanos.org.br\/noticias\/#\/schema\/person\/image\/\",\"url\":\"https:\/\/secure.gravatar.com\/avatar\/d08aa2ce4c8dd416d4479aa8536fcf64?s=96&d=mm&r=g\",\"contentUrl\":\"https:\/\/secure.gravatar.com\/avatar\/d08aa2ce4c8dd416d4479aa8536fcf64?s=96&d=mm&r=g\",\"caption\":\"moacir\"},\"url\":\"https:\/\/franciscanos.org.br\/noticias\/author\/moacir\"}]}<\/script>\n<!-- \/ Yoast SEO plugin. -->","yoast_head_json":{"title":"\u201cS\u00ednodo para a Amaz\u00f4nia \u2013 convoca\u00e7\u00e3o, processos e expectativas\u201d - Not\u00edcias - Franciscanos","robots":{"index":"index","follow":"follow","max-snippet":"max-snippet:-1","max-image-preview":"max-image-preview:large","max-video-preview":"max-video-preview:-1"},"canonical":"https:\/\/franciscanos.org.br\/noticias\/sinodo-para-a-amazonia-convocacao-processos-e-expectativas.html","og_locale":"pt_BR","og_type":"article","og_title":"\u201cS\u00ednodo para a Amaz\u00f4nia \u2013 convoca\u00e7\u00e3o, processos e expectativas\u201d - Not\u00edcias - Franciscanos","og_description":"S\u00ednodo da Amaz\u00f4nia","og_url":"https:\/\/franciscanos.org.br\/noticias\/sinodo-para-a-amazonia-convocacao-processos-e-expectativas.html","og_site_name":"Not\u00edcias - Franciscanos","article_published_time":"2019-09-20T11:36:53+00:00","og_image":[{"width":273,"height":181,"url":"https:\/\/franciscanos.org.br\/noticias\/wp-content\/uploads\/2019\/09\/amazonia_2009d.png","type":"image\/png"}],"author":"moacir","twitter_card":"summary_large_image","twitter_misc":{"Escrito por":"moacir","Est. tempo de leitura":"5 minutos"},"schema":{"@context":"https:\/\/schema.org","@graph":[{"@type":"WebSite","@id":"https:\/\/franciscanos.org.br\/noticias\/#website","url":"https:\/\/franciscanos.org.br\/noticias\/","name":"Not\u00edcias - Franciscanos","description":"Prov\u00edncia Franciscana da Imaculada Concei\u00e7\u00e3o do Brasil - Ordem dos Frades Menores - OFM","potentialAction":[{"@type":"SearchAction","target":{"@type":"EntryPoint","urlTemplate":"https:\/\/franciscanos.org.br\/noticias\/?s={search_term_string}"},"query-input":"required name=search_term_string"}],"inLanguage":"pt-BR"},{"@type":"ImageObject","inLanguage":"pt-BR","@id":"https:\/\/franciscanos.org.br\/noticias\/sinodo-para-a-amazonia-convocacao-processos-e-expectativas.html#primaryimage","url":"https:\/\/franciscanos.org.br\/noticias\/wp-content\/uploads\/2019\/09\/amazonia_2009d.png","contentUrl":"https:\/\/franciscanos.org.br\/noticias\/wp-content\/uploads\/2019\/09\/amazonia_2009d.png","width":273,"height":181},{"@type":"WebPage","@id":"https:\/\/franciscanos.org.br\/noticias\/sinodo-para-a-amazonia-convocacao-processos-e-expectativas.html#webpage","url":"https:\/\/franciscanos.org.br\/noticias\/sinodo-para-a-amazonia-convocacao-processos-e-expectativas.html","name":"\u201cS\u00ednodo para a Amaz\u00f4nia \u2013 convoca\u00e7\u00e3o, processos e expectativas\u201d - Not\u00edcias - Franciscanos","isPartOf":{"@id":"https:\/\/franciscanos.org.br\/noticias\/#website"},"primaryImageOfPage":{"@id":"https:\/\/franciscanos.org.br\/noticias\/sinodo-para-a-amazonia-convocacao-processos-e-expectativas.html#primaryimage"},"datePublished":"2019-09-20T11:36:53+00:00","dateModified":"2019-09-20T11:36:53+00:00","author":{"@id":"https:\/\/franciscanos.org.br\/noticias\/#\/schema\/person\/b5c8cba458c330ccff548b056e95a5d4"},"breadcrumb":{"@id":"https:\/\/franciscanos.org.br\/noticias\/sinodo-para-a-amazonia-convocacao-processos-e-expectativas.html#breadcrumb"},"inLanguage":"pt-BR","potentialAction":[{"@type":"ReadAction","target":["https:\/\/franciscanos.org.br\/noticias\/sinodo-para-a-amazonia-convocacao-processos-e-expectativas.html"]}]},{"@type":"BreadcrumbList","@id":"https:\/\/franciscanos.org.br\/noticias\/sinodo-para-a-amazonia-convocacao-processos-e-expectativas.html#breadcrumb","itemListElement":[{"@type":"ListItem","position":1,"name":"Home","item":"https:\/\/franciscanos.org.br\/noticias"},{"@type":"ListItem","position":2,"name":"\u201cS\u00ednodo para a Amaz\u00f4nia \u2013 convoca\u00e7\u00e3o, processos e expectativas\u201d"}]},{"@type":"Person","@id":"https:\/\/franciscanos.org.br\/noticias\/#\/schema\/person\/b5c8cba458c330ccff548b056e95a5d4","name":"moacir","image":{"@type":"ImageObject","inLanguage":"pt-BR","@id":"https:\/\/franciscanos.org.br\/noticias\/#\/schema\/person\/image\/","url":"https:\/\/secure.gravatar.com\/avatar\/d08aa2ce4c8dd416d4479aa8536fcf64?s=96&d=mm&r=g","contentUrl":"https:\/\/secure.gravatar.com\/avatar\/d08aa2ce4c8dd416d4479aa8536fcf64?s=96&d=mm&r=g","caption":"moacir"},"url":"https:\/\/franciscanos.org.br\/noticias\/author\/moacir"}]}},"_links":{"self":[{"href":"https:\/\/franciscanos.org.br\/noticias\/wp-json\/wp\/v2\/posts\/211235"}],"collection":[{"href":"https:\/\/franciscanos.org.br\/noticias\/wp-json\/wp\/v2\/posts"}],"about":[{"href":"https:\/\/franciscanos.org.br\/noticias\/wp-json\/wp\/v2\/types\/post"}],"author":[{"embeddable":true,"href":"https:\/\/franciscanos.org.br\/noticias\/wp-json\/wp\/v2\/users\/3"}],"replies":[{"embeddable":true,"href":"https:\/\/franciscanos.org.br\/noticias\/wp-json\/wp\/v2\/comments?post=211235"}],"version-history":[{"count":0,"href":"https:\/\/franciscanos.org.br\/noticias\/wp-json\/wp\/v2\/posts\/211235\/revisions"}],"wp:featuredmedia":[{"embeddable":true,"href":"https:\/\/franciscanos.org.br\/noticias\/wp-json\/wp\/v2\/media\/211239"}],"wp:attachment":[{"href":"https:\/\/franciscanos.org.br\/noticias\/wp-json\/wp\/v2\/media?parent=211235"}],"wp:term":[{"taxonomy":"category","embeddable":true,"href":"https:\/\/franciscanos.org.br\/noticias\/wp-json\/wp\/v2\/categories?post=211235"},{"taxonomy":"post_tag","embeddable":true,"href":"https:\/\/franciscanos.org.br\/noticias\/wp-json\/wp\/v2\/tags?post=211235"}],"curies":[{"name":"wp","href":"https:\/\/api.w.org\/{rel}","templated":true}]}}