{"id":211228,"date":"2019-09-20T08:18:46","date_gmt":"2019-09-20T11:18:46","guid":{"rendered":"https:\/\/franciscanos.org.br\/noticias\/?p=211228"},"modified":"2020-06-05T15:45:34","modified_gmt":"2020-06-05T18:45:34","slug":"papa-e-preciso-estar-sempre-perto-do-povo-de-deus","status":"publish","type":"post","link":"https:\/\/franciscanos.org.br\/noticias\/papa-e-preciso-estar-sempre-perto-do-povo-de-deus.html","title":{"rendered":"Papa: \u00e9 preciso estar sempre perto do povo de Deus"},"content":{"rendered":"<p><img loading=\"lazy\" class=\"alignnone wp-image-211229 size-full\" src=\"https:\/\/franciscanos.org.br\/noticias\/wp-content\/uploads\/2019\/09\/MARTA_2009.jpg\" alt=\"\" width=\"890\" height=\"501\" srcset=\"https:\/\/franciscanos.org.br\/noticias\/wp-content\/uploads\/2019\/09\/MARTA_2009.jpg 890w, https:\/\/franciscanos.org.br\/noticias\/wp-content\/uploads\/2019\/09\/MARTA_2009-450x253.jpg 450w, https:\/\/franciscanos.org.br\/noticias\/wp-content\/uploads\/2019\/09\/MARTA_2009-768x432.jpg 768w, https:\/\/franciscanos.org.br\/noticias\/wp-content\/uploads\/2019\/09\/MARTA_2009-150x84.jpg 150w\" sizes=\"(max-width: 890px) 100vw, 890px\" \/><\/p>\n<p><strong>Cidade do Vaticano<\/strong> &#8211; Os bispos estejam pr\u00f3ximos a Deus com a ora\u00e7\u00e3o, a seus sacerdotes, pr\u00f3ximos entre si e, por fim, ao povo de Deus. Este \u00e9 o caminho que o Papa Francisco indicou esta manh\u00e3 (20\/09) na homilia da missa na Casa Santa Marta. A sua reflex\u00e3o foi inspirada nas leituras da Liturgia de ontem e hoje, concentrando-se nos conselhos que o ap\u00f3stolo Paulo d\u00e1 ao jovem bispo Tim\u00f3teo: conselho que prosseguem, depois, tamb\u00e9m na segunda Carta.<\/p>\n<p>Ontem, no centro desses conselhos estava a exorta\u00e7\u00e3o a viver o minist\u00e9rio como um dom. Hoje, o cerne da reflex\u00e3o \u00e9 o dinheiro, mas tamb\u00e9m a intriga, \u201cas fofocas, as discuss\u00f5es est\u00fapidas\u201d: todas coisas que enfraquecem a vida ministerial, destacou Francisco. \u201cQuando um ministro \u2013 seja sacerdote, di\u00e1cono, bispo \u2013 come\u00e7a a se apegar ao dinheiro\u201d, se une \u00e0 raiz de todos os males, reiterou o Papa, evocando a primeira leitura de hoje, na qual Paulo recorda que a avidez do dinheiro \u00e9 a raiz de todos os males (1Tm 6,2c-12). \u201cO diabo entra pelo bolso\u201d, diziam as \u201cvelhinhas do meu tempo\u201d, voltou a recordar o Papa.<\/p>\n<p><strong>Amar o seu pr\u00f3ximo mais pr\u00f3ximo<\/strong><br \/>\nNa homilia, Francisco se concentrou nos conselhos que o ap\u00f3stolo Paulo d\u00e1 a Tim\u00f3teo e a todos os ministros nas duas cartas. A serem pr\u00f3ximos s\u00e3o chamados, de fato, n\u00e3o s\u00f3 os bispos, mas tamb\u00e9m os sacerdotes e os di\u00e1conos. S\u00e3o as quatro \u201cproximidades\u201d que o Papa indicou. Antes de tudo, o bispo \u201c\u00e9 um homem de proximidade a Deus\u201d. O Pont\u00edfice recordou que quando os ap\u00f3stolos, para servir melhor vi\u00favas e \u00f3rf\u00e3os, \u201cinventaram\u201d os di\u00e1conos, para explicar bem tudo isso Pedro ressalta que \u201ca n\u00f3s\u201d cabe \u201ca ora\u00e7\u00e3o e o an\u00fancio da Palavra\u201d. \u201cA primeira tarefa de um bispo, portanto, \u00e9 rezar: \u201cd\u00e1 for\u00e7a\u201d, explicou, e desperta tamb\u00e9m \u201ca consci\u00eancia deste dom, que n\u00e3o devemos ignorar, que \u00e9 o minist\u00e9rio\u201d.<\/p>\n<p><img loading=\"lazy\" class=\"alignnone size-full wp-image-211230\" src=\"https:\/\/franciscanos.org.br\/noticias\/wp-content\/uploads\/2019\/09\/MARTA_2009_1.jpg\" alt=\"\" width=\"890\" height=\"501\" srcset=\"https:\/\/franciscanos.org.br\/noticias\/wp-content\/uploads\/2019\/09\/MARTA_2009_1.jpg 890w, https:\/\/franciscanos.org.br\/noticias\/wp-content\/uploads\/2019\/09\/MARTA_2009_1-450x253.jpg 450w, https:\/\/franciscanos.org.br\/noticias\/wp-content\/uploads\/2019\/09\/MARTA_2009_1-768x432.jpg 768w, https:\/\/franciscanos.org.br\/noticias\/wp-content\/uploads\/2019\/09\/MARTA_2009_1-150x84.jpg 150w\" sizes=\"(max-width: 890px) 100vw, 890px\" \/><\/p>\n<p>A segunda proximidade \u00e0 qual o bispo \u00e9 chamado \u00e9 aos seus sacerdotes e di\u00e1conos, os seus colaboradores, que s\u00e3o os vizinhos mais pr\u00f3ximos. \u201c\u00c9 preciso amar primeiro o seu pr\u00f3ximo, que s\u00e3o os seus sacerdotes e os di\u00e1conos\u201d, observou: \u00c9 triste quando um bispo esquece os seus sacerdotes. \u00c9 triste ouvir as lamenta\u00e7\u00f5es de sacerdotes que dizem: \u201cLiguei para o bispo, preciso de um encontro para dizer algo, e a secret\u00e1ria me disse que est\u00e1 tudo lotado nos pr\u00f3ximos tr\u00eas meses e n\u00e3o podia&#8230;\u201d. Um bispo que sente esta proximidade aos sacerdotes, se sabe que um sacerdote ligou hoje, no m\u00e1ximo amanh\u00e3 deveria cham\u00e1-lo, porque ele tem o direito de conhecer, de saber que tem um pai. Proximidade aos sacerdotes. E os sacerdotes vivam esta proximidade entre si, n\u00e3o as divis\u00f5es. O diabo entra ali para dividir o presbit\u00e9rio, para dividir.<\/p>\n<p><strong>Cuidado com as ideologias<\/strong><br \/>\nAssim, advertiu o Papa, come\u00e7am os grupinhos que \u201cdividem por ideologias\u201d, \u201cpor simpatias\u201d. Por fim, a quarta proximidade \u00e9 ao povo de Deus: Na segunda Carta, Paulo come\u00e7a dizendo a Tim\u00f3teo para n\u00e3o se esquecer da sua m\u00e3e e da sua av\u00f3, isto \u00e9, para n\u00e3o se esquecer de onde ele saiu, de onde o Senhor o tirou. N\u00e3o se esque\u00e7a do seu povo, n\u00e3o se esque\u00e7a das suas ra\u00edzes! E agora, como bispo e como sacerdote, \u00e9 preciso estar sempre perto do povo de Deus. Quando um bispo se afasta do povo de Deus, acaba numa atmosfera de ideologias que nada t\u00eam a ver com o minist\u00e9rio: n\u00e3o \u00e9 um ministro, n\u00e3o \u00e9 um servo. Esqueceu-se do dom, gratuito, que lhe foi dado.<\/p>\n<p>Em conclus\u00e3o, o Papa voltou a pedir para n\u00e3o esquecer estas quatro &#8220;proximidades&#8221;, incluindo a do col\u00e9gio episcopal e presbiteral: &#8220;a proximidade com Deus, a ora\u00e7\u00e3o; a proximidade do bispo aos sacerdotes e dos sacerdotes ao bispo e dos sacerdotes entre eles e dos bispos entre eles, ou seja, a proximidade filial com Deus e fraternal ou paternal no bispo e nos sacerdotes&#8221;. E proximidade ao povo de Deus&#8221;. E exorta, com determina\u00e7\u00e3o, a rezar para que os bispos e os sacerdotes tenham essa proximidade, &#8220;aos seus l\u00edderes&#8221;: &#8220;aqueles que os conduzem pelo caminho da salva\u00e7\u00e3o&#8221;. &#8220;Teria a curiosidade de perguntar-lhes&#8221;, continua o Papa, &#8220;se voc\u00eas rezam pelos bispos, ou se apenas os criticam&#8221;: Voc\u00eas rezam pelos seus sacerdotes, pelo p\u00e1roco, pelo vice-p\u00e1roco, ou apenas os criticam? Devemos rezar pelos sacerdotes e pelos bispos, porque todos n\u00f3s &#8211; o Papa \u00e9 um bispo &#8211; saibam conservar o dom &#8211; n\u00e3o negligenciar este dom que nos foi dado &#8211; com esta proximidade.<\/p>\n<hr \/>\n<p><em>Fonte: Vatican News<\/em><\/p>\n","protected":false},"excerpt":{"rendered":"<p>Missa em Santa Marta<\/p>\n","protected":false},"author":3,"featured_media":211231,"comment_status":"open","ping_status":"open","sticky":false,"template":"","format":"standard","meta":[],"categories":[1428],"tags":[829],"acf":[],"yoast_head":"<!-- This site is optimized with the Yoast SEO plugin v19.2 - https:\/\/yoast.com\/wordpress\/plugins\/seo\/ -->\n<title>Papa: \u00e9 preciso estar sempre perto do povo de Deus - Not\u00edcias - Franciscanos<\/title>\n<meta name=\"robots\" content=\"index, follow, max-snippet:-1, max-image-preview:large, max-video-preview:-1\" \/>\n<link rel=\"canonical\" href=\"https:\/\/franciscanos.org.br\/noticias\/papa-e-preciso-estar-sempre-perto-do-povo-de-deus.html\" \/>\n<meta property=\"og:locale\" content=\"pt_BR\" \/>\n<meta property=\"og:type\" content=\"article\" \/>\n<meta property=\"og:title\" content=\"Papa: \u00e9 preciso estar sempre perto do povo de Deus - Not\u00edcias - Franciscanos\" \/>\n<meta property=\"og:description\" content=\"Missa em Santa Marta\" \/>\n<meta property=\"og:url\" content=\"https:\/\/franciscanos.org.br\/noticias\/papa-e-preciso-estar-sempre-perto-do-povo-de-deus.html\" \/>\n<meta property=\"og:site_name\" content=\"Not\u00edcias - Franciscanos\" \/>\n<meta property=\"article:published_time\" content=\"2019-09-20T11:18:46+00:00\" \/>\n<meta property=\"article:modified_time\" content=\"2020-06-05T18:45:34+00:00\" \/>\n<meta property=\"og:image\" content=\"https:\/\/franciscanos.org.br\/noticias\/wp-content\/uploads\/2019\/09\/MARTA_2009D.jpg\" \/>\n\t<meta property=\"og:image:width\" content=\"273\" \/>\n\t<meta property=\"og:image:height\" content=\"181\" \/>\n\t<meta property=\"og:image:type\" content=\"image\/jpeg\" \/>\n<meta name=\"author\" content=\"moacir\" \/>\n<meta name=\"twitter:card\" content=\"summary_large_image\" \/>\n<meta name=\"twitter:label1\" content=\"Escrito por\" \/>\n\t<meta name=\"twitter:data1\" content=\"moacir\" \/>\n\t<meta name=\"twitter:label2\" content=\"Est. tempo de leitura\" \/>\n\t<meta name=\"twitter:data2\" content=\"4 minutos\" \/>\n<script type=\"application\/ld+json\" class=\"yoast-schema-graph\">{\"@context\":\"https:\/\/schema.org\",\"@graph\":[{\"@type\":\"WebSite\",\"@id\":\"https:\/\/franciscanos.org.br\/noticias\/#website\",\"url\":\"https:\/\/franciscanos.org.br\/noticias\/\",\"name\":\"Not\u00edcias - Franciscanos\",\"description\":\"Prov\u00edncia Franciscana da Imaculada Concei\u00e7\u00e3o do Brasil - Ordem dos Frades Menores - OFM\",\"potentialAction\":[{\"@type\":\"SearchAction\",\"target\":{\"@type\":\"EntryPoint\",\"urlTemplate\":\"https:\/\/franciscanos.org.br\/noticias\/?s={search_term_string}\"},\"query-input\":\"required name=search_term_string\"}],\"inLanguage\":\"pt-BR\"},{\"@type\":\"ImageObject\",\"inLanguage\":\"pt-BR\",\"@id\":\"https:\/\/franciscanos.org.br\/noticias\/papa-e-preciso-estar-sempre-perto-do-povo-de-deus.html#primaryimage\",\"url\":\"https:\/\/franciscanos.org.br\/noticias\/wp-content\/uploads\/2019\/09\/MARTA_2009D.jpg\",\"contentUrl\":\"https:\/\/franciscanos.org.br\/noticias\/wp-content\/uploads\/2019\/09\/MARTA_2009D.jpg\",\"width\":273,\"height\":181},{\"@type\":\"WebPage\",\"@id\":\"https:\/\/franciscanos.org.br\/noticias\/papa-e-preciso-estar-sempre-perto-do-povo-de-deus.html#webpage\",\"url\":\"https:\/\/franciscanos.org.br\/noticias\/papa-e-preciso-estar-sempre-perto-do-povo-de-deus.html\",\"name\":\"Papa: \u00e9 preciso estar sempre perto do povo de Deus - Not\u00edcias - Franciscanos\",\"isPartOf\":{\"@id\":\"https:\/\/franciscanos.org.br\/noticias\/#website\"},\"primaryImageOfPage\":{\"@id\":\"https:\/\/franciscanos.org.br\/noticias\/papa-e-preciso-estar-sempre-perto-do-povo-de-deus.html#primaryimage\"},\"datePublished\":\"2019-09-20T11:18:46+00:00\",\"dateModified\":\"2020-06-05T18:45:34+00:00\",\"author\":{\"@id\":\"https:\/\/franciscanos.org.br\/noticias\/#\/schema\/person\/b5c8cba458c330ccff548b056e95a5d4\"},\"breadcrumb\":{\"@id\":\"https:\/\/franciscanos.org.br\/noticias\/papa-e-preciso-estar-sempre-perto-do-povo-de-deus.html#breadcrumb\"},\"inLanguage\":\"pt-BR\",\"potentialAction\":[{\"@type\":\"ReadAction\",\"target\":[\"https:\/\/franciscanos.org.br\/noticias\/papa-e-preciso-estar-sempre-perto-do-povo-de-deus.html\"]}]},{\"@type\":\"BreadcrumbList\",\"@id\":\"https:\/\/franciscanos.org.br\/noticias\/papa-e-preciso-estar-sempre-perto-do-povo-de-deus.html#breadcrumb\",\"itemListElement\":[{\"@type\":\"ListItem\",\"position\":1,\"name\":\"Home\",\"item\":\"https:\/\/franciscanos.org.br\/noticias\"},{\"@type\":\"ListItem\",\"position\":2,\"name\":\"Papa: \u00e9 preciso estar sempre perto do povo de Deus\"}]},{\"@type\":\"Person\",\"@id\":\"https:\/\/franciscanos.org.br\/noticias\/#\/schema\/person\/b5c8cba458c330ccff548b056e95a5d4\",\"name\":\"moacir\",\"image\":{\"@type\":\"ImageObject\",\"inLanguage\":\"pt-BR\",\"@id\":\"https:\/\/franciscanos.org.br\/noticias\/#\/schema\/person\/image\/\",\"url\":\"https:\/\/secure.gravatar.com\/avatar\/d08aa2ce4c8dd416d4479aa8536fcf64?s=96&d=mm&r=g\",\"contentUrl\":\"https:\/\/secure.gravatar.com\/avatar\/d08aa2ce4c8dd416d4479aa8536fcf64?s=96&d=mm&r=g\",\"caption\":\"moacir\"},\"url\":\"https:\/\/franciscanos.org.br\/noticias\/author\/moacir\"}]}<\/script>\n<!-- \/ Yoast SEO plugin. -->","yoast_head_json":{"title":"Papa: \u00e9 preciso estar sempre perto do povo de Deus - Not\u00edcias - Franciscanos","robots":{"index":"index","follow":"follow","max-snippet":"max-snippet:-1","max-image-preview":"max-image-preview:large","max-video-preview":"max-video-preview:-1"},"canonical":"https:\/\/franciscanos.org.br\/noticias\/papa-e-preciso-estar-sempre-perto-do-povo-de-deus.html","og_locale":"pt_BR","og_type":"article","og_title":"Papa: \u00e9 preciso estar sempre perto do povo de Deus - Not\u00edcias - Franciscanos","og_description":"Missa em Santa Marta","og_url":"https:\/\/franciscanos.org.br\/noticias\/papa-e-preciso-estar-sempre-perto-do-povo-de-deus.html","og_site_name":"Not\u00edcias - Franciscanos","article_published_time":"2019-09-20T11:18:46+00:00","article_modified_time":"2020-06-05T18:45:34+00:00","og_image":[{"width":273,"height":181,"url":"https:\/\/franciscanos.org.br\/noticias\/wp-content\/uploads\/2019\/09\/MARTA_2009D.jpg","type":"image\/jpeg"}],"author":"moacir","twitter_card":"summary_large_image","twitter_misc":{"Escrito por":"moacir","Est. tempo de leitura":"4 minutos"},"schema":{"@context":"https:\/\/schema.org","@graph":[{"@type":"WebSite","@id":"https:\/\/franciscanos.org.br\/noticias\/#website","url":"https:\/\/franciscanos.org.br\/noticias\/","name":"Not\u00edcias - Franciscanos","description":"Prov\u00edncia Franciscana da Imaculada Concei\u00e7\u00e3o do Brasil - Ordem dos Frades Menores - OFM","potentialAction":[{"@type":"SearchAction","target":{"@type":"EntryPoint","urlTemplate":"https:\/\/franciscanos.org.br\/noticias\/?s={search_term_string}"},"query-input":"required name=search_term_string"}],"inLanguage":"pt-BR"},{"@type":"ImageObject","inLanguage":"pt-BR","@id":"https:\/\/franciscanos.org.br\/noticias\/papa-e-preciso-estar-sempre-perto-do-povo-de-deus.html#primaryimage","url":"https:\/\/franciscanos.org.br\/noticias\/wp-content\/uploads\/2019\/09\/MARTA_2009D.jpg","contentUrl":"https:\/\/franciscanos.org.br\/noticias\/wp-content\/uploads\/2019\/09\/MARTA_2009D.jpg","width":273,"height":181},{"@type":"WebPage","@id":"https:\/\/franciscanos.org.br\/noticias\/papa-e-preciso-estar-sempre-perto-do-povo-de-deus.html#webpage","url":"https:\/\/franciscanos.org.br\/noticias\/papa-e-preciso-estar-sempre-perto-do-povo-de-deus.html","name":"Papa: \u00e9 preciso estar sempre perto do povo de Deus - Not\u00edcias - Franciscanos","isPartOf":{"@id":"https:\/\/franciscanos.org.br\/noticias\/#website"},"primaryImageOfPage":{"@id":"https:\/\/franciscanos.org.br\/noticias\/papa-e-preciso-estar-sempre-perto-do-povo-de-deus.html#primaryimage"},"datePublished":"2019-09-20T11:18:46+00:00","dateModified":"2020-06-05T18:45:34+00:00","author":{"@id":"https:\/\/franciscanos.org.br\/noticias\/#\/schema\/person\/b5c8cba458c330ccff548b056e95a5d4"},"breadcrumb":{"@id":"https:\/\/franciscanos.org.br\/noticias\/papa-e-preciso-estar-sempre-perto-do-povo-de-deus.html#breadcrumb"},"inLanguage":"pt-BR","potentialAction":[{"@type":"ReadAction","target":["https:\/\/franciscanos.org.br\/noticias\/papa-e-preciso-estar-sempre-perto-do-povo-de-deus.html"]}]},{"@type":"BreadcrumbList","@id":"https:\/\/franciscanos.org.br\/noticias\/papa-e-preciso-estar-sempre-perto-do-povo-de-deus.html#breadcrumb","itemListElement":[{"@type":"ListItem","position":1,"name":"Home","item":"https:\/\/franciscanos.org.br\/noticias"},{"@type":"ListItem","position":2,"name":"Papa: \u00e9 preciso estar sempre perto do povo de Deus"}]},{"@type":"Person","@id":"https:\/\/franciscanos.org.br\/noticias\/#\/schema\/person\/b5c8cba458c330ccff548b056e95a5d4","name":"moacir","image":{"@type":"ImageObject","inLanguage":"pt-BR","@id":"https:\/\/franciscanos.org.br\/noticias\/#\/schema\/person\/image\/","url":"https:\/\/secure.gravatar.com\/avatar\/d08aa2ce4c8dd416d4479aa8536fcf64?s=96&d=mm&r=g","contentUrl":"https:\/\/secure.gravatar.com\/avatar\/d08aa2ce4c8dd416d4479aa8536fcf64?s=96&d=mm&r=g","caption":"moacir"},"url":"https:\/\/franciscanos.org.br\/noticias\/author\/moacir"}]}},"_links":{"self":[{"href":"https:\/\/franciscanos.org.br\/noticias\/wp-json\/wp\/v2\/posts\/211228"}],"collection":[{"href":"https:\/\/franciscanos.org.br\/noticias\/wp-json\/wp\/v2\/posts"}],"about":[{"href":"https:\/\/franciscanos.org.br\/noticias\/wp-json\/wp\/v2\/types\/post"}],"author":[{"embeddable":true,"href":"https:\/\/franciscanos.org.br\/noticias\/wp-json\/wp\/v2\/users\/3"}],"replies":[{"embeddable":true,"href":"https:\/\/franciscanos.org.br\/noticias\/wp-json\/wp\/v2\/comments?post=211228"}],"version-history":[{"count":1,"href":"https:\/\/franciscanos.org.br\/noticias\/wp-json\/wp\/v2\/posts\/211228\/revisions"}],"predecessor-version":[{"id":224313,"href":"https:\/\/franciscanos.org.br\/noticias\/wp-json\/wp\/v2\/posts\/211228\/revisions\/224313"}],"wp:featuredmedia":[{"embeddable":true,"href":"https:\/\/franciscanos.org.br\/noticias\/wp-json\/wp\/v2\/media\/211231"}],"wp:attachment":[{"href":"https:\/\/franciscanos.org.br\/noticias\/wp-json\/wp\/v2\/media?parent=211228"}],"wp:term":[{"taxonomy":"category","embeddable":true,"href":"https:\/\/franciscanos.org.br\/noticias\/wp-json\/wp\/v2\/categories?post=211228"},{"taxonomy":"post_tag","embeddable":true,"href":"https:\/\/franciscanos.org.br\/noticias\/wp-json\/wp\/v2\/tags?post=211228"}],"curies":[{"name":"wp","href":"https:\/\/api.w.org\/{rel}","templated":true}]}}