{"id":211227,"date":"2019-09-20T08:32:19","date_gmt":"2019-09-20T11:32:19","guid":{"rendered":"https:\/\/franciscanos.org.br\/noticias\/?p=211227"},"modified":"2019-09-20T13:51:06","modified_gmt":"2019-09-20T16:51:06","slug":"25o-dia-de-navegacao-20-de-setembro","status":"publish","type":"post","link":"https:\/\/franciscanos.org.br\/noticias\/25o-dia-de-navegacao-20-de-setembro.html","title":{"rendered":"25\u00ba Dia de Navega\u00e7\u00e3o \u2013 20 de Setembro"},"content":{"rendered":"<p><img loading=\"lazy\" src=\"https:\/\/franciscanos.org.br\/noticias\/wp-content\/uploads\/2019\/09\/cabecalho.jpg\" alt=\"\" width=\"1200\" height=\"450\" \/><\/p>\n<h3><strong><img loading=\"lazy\" class=\"size-full wp-image-211233 alignright\" src=\"https:\/\/franciscanos.org.br\/noticias\/wp-content\/uploads\/2019\/09\/Dia-25.jpg\" alt=\"\" width=\"350\" height=\"494\" srcset=\"https:\/\/franciscanos.org.br\/noticias\/wp-content\/uploads\/2019\/09\/Dia-25.jpg 350w, https:\/\/franciscanos.org.br\/noticias\/wp-content\/uploads\/2019\/09\/Dia-25-319x450.jpg 319w, https:\/\/franciscanos.org.br\/noticias\/wp-content\/uploads\/2019\/09\/Dia-25-150x212.jpg 150w\" sizes=\"(max-width: 350px) 100vw, 350px\" \/>PETI\u00c7\u00c3O PERMANENTE PARA O S\u00cdNODO<\/strong><br \/>\n<strong>AMAZ\u00d4NICO NO IN\u00cdCIO DE CADA DIA:<\/strong><\/h3>\n<p style=\"padding-left: 40px;\"><em>\u201cQue o Deus da vida e da beleza, o Esp\u00edrito Santo que nos impulsiona para mais fraternidade, unidade e dignidade, o Cristo encarnado da Boa Nova, da incultura\u00e7\u00e3o e da interculturalidade nos proporcionem serenidade, discernimento e coragem para encontrar novos caminhos para a Igreja e para uma ecologia integral neste S\u00ednodo Amaz\u00f4nico. Tudo isso para o bem e a vida de seus povos e comunidades, e para caminhar mais juntos pelo Reino\u201d.<\/em><\/p>\n<p>Medite por alguns momentos neste pedido inicial, busque a calma interior para entrar neste momento para navegar pelas \u00e1guas da Amaz\u00f4nia e a vida da Igreja a servi\u00e7o de seus povos e comunidades, e para ouvir o chamado de Deus atrav\u00e9s de sua palavra viva.<\/p>\n<p><strong>Leitura do dia (cada um e cada uma s\u00e3o convidados a aprofundar a leitura completa de acordo com suas pr\u00f3prias necessidades e crit\u00e9rios):<\/strong><\/p>\n<p><strong>Lucas 8, 1-3<\/strong><\/p>\n<p>&#8220;Depois disso, Jesus percorria cidades e povoados proclamando e anunciando a Boa-Nova do Reino de Deus. Os Doze iam com ele, e tamb\u00e9m algumas mulheres que tinham sido curadas de esp\u00edritos maus e de doen\u00e7as: Maria, chamada Madalena, de quem sa\u00edram sete dem\u00f4nios;\u00a0 Joana, mulher de Cuza, alto funcion\u00e1rio de Herodes; Susana, e muitas outras mulheres, que os ajudavam com seus bens\u201d.<\/p>\n<p><strong>Reflex\u00e3o sob a perspectiva do S\u00ednodo Amaz\u00f4nico:<\/strong><\/p>\n<p>Este S\u00ednodo \u00e9 uma ocasi\u00e3o para reconhecer como Jesus valorizava profundamente as mulheres. Seu caminho sempre foi acompanhado tamb\u00e9m por elas, e nesta leitura o papel fundamental dessas disc\u00edpulas \u00e9 afirmado. Uma das pessoas que acompanhou Jesus em sua \u00faltima hora na terra e a primeira que testemunhou Sua ressurrei\u00e7\u00e3o foi Maria Madalena, que, com m\u00e9rito, o Papa Francisco a elevou \u00e0 qualidade de ap\u00f3stolo dos ap\u00f3stolos. Ou seja, isso reafirma a necessidade imperante e inalien\u00e1vel de toda a Igreja e da sociedade em geral de reconhecer, reafirmar e reivindicar o papel da mulher. Muito mais na Amaz\u00f4nia, onde se evidencia a miss\u00e3o indispens\u00e1vel e insubstitu\u00edvel que as mulheres t\u00eam. Na Amaz\u00f4nia, o futuro da Igreja depende em grande parte da continuidade e da for\u00e7a da presen\u00e7a feminina. Portanto, \u00e9 urgente que a Igreja identifique o tipo de minist\u00e9rio oficial que pode ser conferido \u00e0s mulheres, levando em considera\u00e7\u00e3o o papel central que desempenha hoje na Igreja Amaz\u00f4nica (IL 129 a3). Este ser\u00e1 um belo sinal de recupera\u00e7\u00e3o do testemunho de Jesus e um ato de justi\u00e7a.<\/p>\n<p><strong>CONTEMPLA\u00c7\u00c3O<\/strong><\/p>\n<p style=\"padding-left: 40px;\"><em>Contemplemos a imagem deste dia e tomemos um momento para reconhecer nossa pr\u00f3pria vida e experi\u00eancia na Igreja e ao servi\u00e7o da Amaz\u00f4nia para pedir luz nesta palavra de Deus em prepara\u00e7\u00e3o para o S\u00ednodo. Escrever meus pedidos particulares e permanecer neles durante este dia. Convidamos voc\u00ea a manter um registro de tudo o que o Esp\u00edrito nos provoca como prepara\u00e7\u00e3o interior para o S\u00ednodo Amaz\u00f4nico.<\/em><\/p>\n<h3><strong>Cita\u00e7\u00e3o para fechar a medita\u00e7\u00e3o:<\/strong><\/h3>\n<h5 style=\"padding-left: 40px;\"><strong><em>EVANGELII GAUDIUM. No. 104<\/em><\/strong><\/h5>\n<p style=\"padding-left: 40px;\">As reivindica\u00e7\u00f5es dos leg\u00edtimos direitos das mulheres, a partir da firme convic\u00e7\u00e3o de que homens e mulheres t\u00eam a mesma dignidade, colocam \u00e0 Igreja quest\u00f5es profundas que a desafiam e n\u00e3o se podem iludir superficialmente.<\/p>\n","protected":false},"excerpt":{"rendered":"<p>40 DIAS PELO RIO <\/p>\n","protected":false},"author":7,"featured_media":210458,"comment_status":"open","ping_status":"open","sticky":false,"template":"","format":"standard","meta":[],"categories":[1528],"tags":[],"acf":[],"yoast_head":"<!-- This site is optimized with the Yoast SEO plugin v19.2 - https:\/\/yoast.com\/wordpress\/plugins\/seo\/ -->\n<title>25\u00ba Dia de Navega\u00e7\u00e3o \u2013 20 de Setembro - Not\u00edcias - Franciscanos<\/title>\n<meta name=\"robots\" content=\"index, follow, max-snippet:-1, max-image-preview:large, max-video-preview:-1\" \/>\n<link rel=\"canonical\" href=\"https:\/\/franciscanos.org.br\/noticias\/25o-dia-de-navegacao-20-de-setembro.html\" \/>\n<meta property=\"og:locale\" content=\"pt_BR\" \/>\n<meta property=\"og:type\" content=\"article\" \/>\n<meta property=\"og:title\" content=\"25\u00ba Dia de Navega\u00e7\u00e3o \u2013 20 de Setembro - Not\u00edcias - Franciscanos\" \/>\n<meta property=\"og:description\" content=\"40 DIAS PELO RIO\" \/>\n<meta property=\"og:url\" content=\"https:\/\/franciscanos.org.br\/noticias\/25o-dia-de-navegacao-20-de-setembro.html\" \/>\n<meta property=\"og:site_name\" content=\"Not\u00edcias - Franciscanos\" \/>\n<meta property=\"article:published_time\" content=\"2019-09-20T11:32:19+00:00\" \/>\n<meta property=\"article:modified_time\" content=\"2019-09-20T16:51:06+00:00\" \/>\n<meta property=\"og:image\" content=\"https:\/\/franciscanos.org.br\/noticias\/wp-content\/uploads\/2019\/09\/273.jpg\" \/>\n\t<meta property=\"og:image:width\" content=\"273\" \/>\n\t<meta property=\"og:image:height\" content=\"181\" \/>\n\t<meta property=\"og:image:type\" content=\"image\/jpeg\" \/>\n<meta name=\"author\" content=\"jovenal\" \/>\n<meta name=\"twitter:card\" content=\"summary_large_image\" \/>\n<meta name=\"twitter:label1\" content=\"Escrito por\" \/>\n\t<meta name=\"twitter:data1\" content=\"jovenal\" \/>\n\t<meta name=\"twitter:label2\" content=\"Est. tempo de leitura\" \/>\n\t<meta name=\"twitter:data2\" content=\"3 minutos\" \/>\n<script type=\"application\/ld+json\" class=\"yoast-schema-graph\">{\"@context\":\"https:\/\/schema.org\",\"@graph\":[{\"@type\":\"WebSite\",\"@id\":\"https:\/\/franciscanos.org.br\/noticias\/#website\",\"url\":\"https:\/\/franciscanos.org.br\/noticias\/\",\"name\":\"Not\u00edcias - Franciscanos\",\"description\":\"Prov\u00edncia Franciscana da Imaculada Concei\u00e7\u00e3o do Brasil - Ordem dos Frades Menores - OFM\",\"potentialAction\":[{\"@type\":\"SearchAction\",\"target\":{\"@type\":\"EntryPoint\",\"urlTemplate\":\"https:\/\/franciscanos.org.br\/noticias\/?s={search_term_string}\"},\"query-input\":\"required name=search_term_string\"}],\"inLanguage\":\"pt-BR\"},{\"@type\":\"ImageObject\",\"inLanguage\":\"pt-BR\",\"@id\":\"https:\/\/franciscanos.org.br\/noticias\/25o-dia-de-navegacao-20-de-setembro.html#primaryimage\",\"url\":\"https:\/\/franciscanos.org.br\/noticias\/wp-content\/uploads\/2019\/09\/273.jpg\",\"contentUrl\":\"https:\/\/franciscanos.org.br\/noticias\/wp-content\/uploads\/2019\/09\/273.jpg\",\"width\":273,\"height\":181},{\"@type\":\"WebPage\",\"@id\":\"https:\/\/franciscanos.org.br\/noticias\/25o-dia-de-navegacao-20-de-setembro.html#webpage\",\"url\":\"https:\/\/franciscanos.org.br\/noticias\/25o-dia-de-navegacao-20-de-setembro.html\",\"name\":\"25\u00ba Dia de Navega\u00e7\u00e3o \u2013 20 de Setembro - Not\u00edcias - Franciscanos\",\"isPartOf\":{\"@id\":\"https:\/\/franciscanos.org.br\/noticias\/#website\"},\"primaryImageOfPage\":{\"@id\":\"https:\/\/franciscanos.org.br\/noticias\/25o-dia-de-navegacao-20-de-setembro.html#primaryimage\"},\"datePublished\":\"2019-09-20T11:32:19+00:00\",\"dateModified\":\"2019-09-20T16:51:06+00:00\",\"author\":{\"@id\":\"https:\/\/franciscanos.org.br\/noticias\/#\/schema\/person\/c3a26b08313dd1772495ce300ab257cc\"},\"breadcrumb\":{\"@id\":\"https:\/\/franciscanos.org.br\/noticias\/25o-dia-de-navegacao-20-de-setembro.html#breadcrumb\"},\"inLanguage\":\"pt-BR\",\"potentialAction\":[{\"@type\":\"ReadAction\",\"target\":[\"https:\/\/franciscanos.org.br\/noticias\/25o-dia-de-navegacao-20-de-setembro.html\"]}]},{\"@type\":\"BreadcrumbList\",\"@id\":\"https:\/\/franciscanos.org.br\/noticias\/25o-dia-de-navegacao-20-de-setembro.html#breadcrumb\",\"itemListElement\":[{\"@type\":\"ListItem\",\"position\":1,\"name\":\"Home\",\"item\":\"https:\/\/franciscanos.org.br\/noticias\"},{\"@type\":\"ListItem\",\"position\":2,\"name\":\"25\u00ba Dia de Navega\u00e7\u00e3o \u2013 20 de Setembro\"}]},{\"@type\":\"Person\",\"@id\":\"https:\/\/franciscanos.org.br\/noticias\/#\/schema\/person\/c3a26b08313dd1772495ce300ab257cc\",\"name\":\"jovenal\",\"image\":{\"@type\":\"ImageObject\",\"inLanguage\":\"pt-BR\",\"@id\":\"https:\/\/franciscanos.org.br\/noticias\/#\/schema\/person\/image\/\",\"url\":\"https:\/\/secure.gravatar.com\/avatar\/e94509f531086e2eaf97e72f29ea00f9?s=96&d=mm&r=g\",\"contentUrl\":\"https:\/\/secure.gravatar.com\/avatar\/e94509f531086e2eaf97e72f29ea00f9?s=96&d=mm&r=g\",\"caption\":\"jovenal\"},\"url\":\"https:\/\/franciscanos.org.br\/noticias\/author\/jovenal\"}]}<\/script>\n<!-- \/ Yoast SEO plugin. -->","yoast_head_json":{"title":"25\u00ba Dia de Navega\u00e7\u00e3o \u2013 20 de Setembro - Not\u00edcias - Franciscanos","robots":{"index":"index","follow":"follow","max-snippet":"max-snippet:-1","max-image-preview":"max-image-preview:large","max-video-preview":"max-video-preview:-1"},"canonical":"https:\/\/franciscanos.org.br\/noticias\/25o-dia-de-navegacao-20-de-setembro.html","og_locale":"pt_BR","og_type":"article","og_title":"25\u00ba Dia de Navega\u00e7\u00e3o \u2013 20 de Setembro - Not\u00edcias - Franciscanos","og_description":"40 DIAS PELO RIO","og_url":"https:\/\/franciscanos.org.br\/noticias\/25o-dia-de-navegacao-20-de-setembro.html","og_site_name":"Not\u00edcias - Franciscanos","article_published_time":"2019-09-20T11:32:19+00:00","article_modified_time":"2019-09-20T16:51:06+00:00","og_image":[{"width":273,"height":181,"url":"https:\/\/franciscanos.org.br\/noticias\/wp-content\/uploads\/2019\/09\/273.jpg","type":"image\/jpeg"}],"author":"jovenal","twitter_card":"summary_large_image","twitter_misc":{"Escrito por":"jovenal","Est. tempo de leitura":"3 minutos"},"schema":{"@context":"https:\/\/schema.org","@graph":[{"@type":"WebSite","@id":"https:\/\/franciscanos.org.br\/noticias\/#website","url":"https:\/\/franciscanos.org.br\/noticias\/","name":"Not\u00edcias - Franciscanos","description":"Prov\u00edncia Franciscana da Imaculada Concei\u00e7\u00e3o do Brasil - Ordem dos Frades Menores - OFM","potentialAction":[{"@type":"SearchAction","target":{"@type":"EntryPoint","urlTemplate":"https:\/\/franciscanos.org.br\/noticias\/?s={search_term_string}"},"query-input":"required name=search_term_string"}],"inLanguage":"pt-BR"},{"@type":"ImageObject","inLanguage":"pt-BR","@id":"https:\/\/franciscanos.org.br\/noticias\/25o-dia-de-navegacao-20-de-setembro.html#primaryimage","url":"https:\/\/franciscanos.org.br\/noticias\/wp-content\/uploads\/2019\/09\/273.jpg","contentUrl":"https:\/\/franciscanos.org.br\/noticias\/wp-content\/uploads\/2019\/09\/273.jpg","width":273,"height":181},{"@type":"WebPage","@id":"https:\/\/franciscanos.org.br\/noticias\/25o-dia-de-navegacao-20-de-setembro.html#webpage","url":"https:\/\/franciscanos.org.br\/noticias\/25o-dia-de-navegacao-20-de-setembro.html","name":"25\u00ba Dia de Navega\u00e7\u00e3o \u2013 20 de Setembro - Not\u00edcias - Franciscanos","isPartOf":{"@id":"https:\/\/franciscanos.org.br\/noticias\/#website"},"primaryImageOfPage":{"@id":"https:\/\/franciscanos.org.br\/noticias\/25o-dia-de-navegacao-20-de-setembro.html#primaryimage"},"datePublished":"2019-09-20T11:32:19+00:00","dateModified":"2019-09-20T16:51:06+00:00","author":{"@id":"https:\/\/franciscanos.org.br\/noticias\/#\/schema\/person\/c3a26b08313dd1772495ce300ab257cc"},"breadcrumb":{"@id":"https:\/\/franciscanos.org.br\/noticias\/25o-dia-de-navegacao-20-de-setembro.html#breadcrumb"},"inLanguage":"pt-BR","potentialAction":[{"@type":"ReadAction","target":["https:\/\/franciscanos.org.br\/noticias\/25o-dia-de-navegacao-20-de-setembro.html"]}]},{"@type":"BreadcrumbList","@id":"https:\/\/franciscanos.org.br\/noticias\/25o-dia-de-navegacao-20-de-setembro.html#breadcrumb","itemListElement":[{"@type":"ListItem","position":1,"name":"Home","item":"https:\/\/franciscanos.org.br\/noticias"},{"@type":"ListItem","position":2,"name":"25\u00ba Dia de Navega\u00e7\u00e3o \u2013 20 de Setembro"}]},{"@type":"Person","@id":"https:\/\/franciscanos.org.br\/noticias\/#\/schema\/person\/c3a26b08313dd1772495ce300ab257cc","name":"jovenal","image":{"@type":"ImageObject","inLanguage":"pt-BR","@id":"https:\/\/franciscanos.org.br\/noticias\/#\/schema\/person\/image\/","url":"https:\/\/secure.gravatar.com\/avatar\/e94509f531086e2eaf97e72f29ea00f9?s=96&d=mm&r=g","contentUrl":"https:\/\/secure.gravatar.com\/avatar\/e94509f531086e2eaf97e72f29ea00f9?s=96&d=mm&r=g","caption":"jovenal"},"url":"https:\/\/franciscanos.org.br\/noticias\/author\/jovenal"}]}},"_links":{"self":[{"href":"https:\/\/franciscanos.org.br\/noticias\/wp-json\/wp\/v2\/posts\/211227"}],"collection":[{"href":"https:\/\/franciscanos.org.br\/noticias\/wp-json\/wp\/v2\/posts"}],"about":[{"href":"https:\/\/franciscanos.org.br\/noticias\/wp-json\/wp\/v2\/types\/post"}],"author":[{"embeddable":true,"href":"https:\/\/franciscanos.org.br\/noticias\/wp-json\/wp\/v2\/users\/7"}],"replies":[{"embeddable":true,"href":"https:\/\/franciscanos.org.br\/noticias\/wp-json\/wp\/v2\/comments?post=211227"}],"version-history":[{"count":0,"href":"https:\/\/franciscanos.org.br\/noticias\/wp-json\/wp\/v2\/posts\/211227\/revisions"}],"wp:featuredmedia":[{"embeddable":true,"href":"https:\/\/franciscanos.org.br\/noticias\/wp-json\/wp\/v2\/media\/210458"}],"wp:attachment":[{"href":"https:\/\/franciscanos.org.br\/noticias\/wp-json\/wp\/v2\/media?parent=211227"}],"wp:term":[{"taxonomy":"category","embeddable":true,"href":"https:\/\/franciscanos.org.br\/noticias\/wp-json\/wp\/v2\/categories?post=211227"},{"taxonomy":"post_tag","embeddable":true,"href":"https:\/\/franciscanos.org.br\/noticias\/wp-json\/wp\/v2\/tags?post=211227"}],"curies":[{"name":"wp","href":"https:\/\/api.w.org\/{rel}","templated":true}]}}