{"id":211218,"date":"2019-09-20T07:19:41","date_gmt":"2019-09-20T10:19:41","guid":{"rendered":"https:\/\/franciscanos.org.br\/noticias\/?p=211218"},"modified":"2020-08-31T14:12:19","modified_gmt":"2020-08-31T17:12:19","slug":"comeca-na-australia-a-grande-manifestacao-pelo-clima-os-jovens-vao-as-ruas","status":"publish","type":"post","link":"https:\/\/franciscanos.org.br\/noticias\/comeca-na-australia-a-grande-manifestacao-pelo-clima-os-jovens-vao-as-ruas.html","title":{"rendered":"Come\u00e7a na Austr\u00e1lia a grande manifesta\u00e7\u00e3o pelo clima: os jovens v\u00e3o \u00e0s ruas!"},"content":{"rendered":"<p>&nbsp;<\/p>\n<p><img loading=\"lazy\" class=\"wp-image-211220 size-full aligncenter\" src=\"https:\/\/franciscanos.org.br\/noticias\/wp-content\/uploads\/2019\/09\/australia_2019.jpg\" alt=\"\" width=\"890\" height=\"668\" srcset=\"https:\/\/franciscanos.org.br\/noticias\/wp-content\/uploads\/2019\/09\/australia_2019.jpg 890w, https:\/\/franciscanos.org.br\/noticias\/wp-content\/uploads\/2019\/09\/australia_2019-450x338.jpg 450w, https:\/\/franciscanos.org.br\/noticias\/wp-content\/uploads\/2019\/09\/australia_2019-768x576.jpg 768w, https:\/\/franciscanos.org.br\/noticias\/wp-content\/uploads\/2019\/09\/australia_2019-150x113.jpg 150w, https:\/\/franciscanos.org.br\/noticias\/wp-content\/uploads\/2019\/09\/australia_2019-600x450.jpg 600w\" sizes=\"(max-width: 890px) 100vw, 890px\" \/>Crian\u00e7as e jovens da Austr\u00e1lia e da regi\u00e3o do Pac\u00edfico j\u00e1 iniciaram nesta sexta-feira, 20 de setembro, a greve global contra a mudan\u00e7a clim\u00e1tica, ap\u00f3s o apelo da ativista Greta Thunberg para que os adultos ajam para evitar um desastre ambiental.<\/p>\n<p>De Sidney a S\u00e3o Paulo, milhares de alunos participar\u00e3o da &#8220;greve escolar pelo clima&#8221;, que se apresenta como um dos maiores protestos a favor do clima j\u00e1 organizados.<br \/>\nEst\u00e3o programados mais de 5 mil eventos nesta sexta, em todo mundo, em uma sequ\u00eancia que deve terminar com uma enorme manifesta\u00e7\u00e3o em Nova York, com a presen\u00e7a de mais de um milh\u00e3o de estudantes.<\/p>\n<p>Com o nome de &#8220;Fridays for Future&#8221; (Sextas pelo Futuro), a campanha mobilizou crian\u00e7as e jovens para um papel mais ativo em convencer os adultos a tratar a quest\u00e3o clim\u00e1tica com toda seriedade.<\/p>\n<p>O movimento pede que pol\u00edticos e empres\u00e1rios adotem as dram\u00e1ticas medidas necess\u00e1rias para deter o aquecimento global, que segundo os cientistas provocar\u00e1 uma cat\u00e1strofe ambiental.<\/p>\n<p>De acordo com o \u00faltimo relat\u00f3rio do Painel Intergovernamental sobre Mudan\u00e7as Clim\u00e1ticas (IPCC), s\u00f3 temos 11 anos para reduzir em 50% as emiss\u00f5es de gases do efeito estufa e limitar o aumento das temperaturas a 1,5\u00b0C, para evitar o colapso ambiental. Se esse limite for excedido, o calor extremo, as chuvas torrenciais, as secas e o n\u00edvel do mar aumentar\u00e3o irremediavelmente. Na Pen\u00ednsula Ib\u00e9rica, 75% do solo \u00e9 suscet\u00edvel \u00e0 desertifica\u00e7\u00e3o e, em 2090, poderemos atingir as temperaturas do Saara.<\/p>\n<p><em>Imagens de m\u00eddias sociais da manifesta\u00e7\u00e3o em Sydney, na Austr\u00e1lia\u00a0<\/em><\/p>\n<p><strong>O movimento internacional de jovens que querem salvar o nosso futuro<\/strong><br \/>\nFridays for Future (Sextas-feiras para o futuro) nasceu em agosto de 2018, quando Thunberg, que tinha 15 anos de idade, deixou de ir \u00e0s aulas \u00e0s sextas-feiras para se manifestar em frente ao Parlamento sueco. Na sua opini\u00e3o, qual \u00e9 o sentido de continuar estudando na escola, quando ignoramos a mensagem cient\u00edfica mais clara e mais importante da Hist\u00f3ria e, portanto, inviabilizando qualquer possibilidade do futuro? Em 15 de mar\u00e7o de 2019, ocorreu a primeira grande greve desse movimento e mais de 1,7 milh\u00e3o de jovens de todo o mundo apoiaram sua mensagem indo \u00e0s ruas.<\/p>\n<p>\u201cO que busca Fridays for Future \u00e9 ser um porta-voz dos cientistas, chamar a aten\u00e7\u00e3o para este tema, porque realmente estamos passando por uma emerg\u00eancia clim\u00e1tica. Se fosse tratada como tal, estaria o tempo todo na televis\u00e3o e nos meios de comunica\u00e7\u00e3o, e isso n\u00e3o acontece\u201d, diz Koro L\u00f3pez de Uralde, espanhol do Movimento, sobre uma de suas principais demandas, que tamb\u00e9m inclui o cumprimento dos acordos de Paris e as recomenda\u00e7\u00f5es do IPCC. \u201cNossa inten\u00e7\u00e3o \u00e9 erguer a voz, para que haja realmente uma consci\u00eancia generalizada e uma inten\u00e7\u00e3o de freia-la. E n\u00e3o s\u00e3o dados dif\u00edceis de entender, \u00e9 que as informa\u00e7\u00f5es n\u00e3o est\u00e3o chegando e, quando chegam, s\u00e3o extremamente catastr\u00f3ficas. Ainda temos tempo, mas resta muito pouco \u201d, afirma. E, por exemplo, a enorme quantidade de dados que aporta Barrau no livro.<\/p>\n<p>\u00c9 irrefut\u00e1vel que esteja ocorrendo a sexta extin\u00e7\u00e3o em massa e que n\u00f3s, claramente, a estejamos causando. Nos \u00faltimos 40 anos, mais de 400 milh\u00f5es de aves europeias desapareceram. Em todo o mundo, cerca de metade da popula\u00e7\u00e3o da vida selvagem morreu. O desaparecimento de esp\u00e9cies se multiplicou por 100, desde o in\u00edcio do s\u00e9culo XX. A concentra\u00e7\u00e3o de CO2 no ar acelerou. A polui\u00e7\u00e3o mata a cada ano tr\u00eas vezes mais humanos do que a Aids, especificamente seis milh\u00f5es de pessoas por ano.<\/p>\n<p>E na Espanha, de acordo com o relat\u00f3rio anual de qualidade do ar realizado pela Ag\u00eancia Europeia do Meio Ambiente (AEMA), as mortes prematuras por polui\u00e7\u00e3o superam 36.000 pessoas, em 2015. Grande parte do recife de coral deve desaparecer. A cada ano, 80.000 quil\u00f4metros quadrados de floresta desaparecem. Os inc\u00eandios florestais se multiplicaram por 4,5, nas \u00faltimas d\u00e9cadas. E se calcula que, nesse caso, haver\u00e1 entre 200 e 500 milh\u00f5es de refugiados clim\u00e1ticos. Mas, o que podemos fazer?<\/p>\n<p>&nbsp;<\/p>\n<p><strong>Um compromisso individual e coletivo<\/strong><br \/>\nPara come\u00e7ar, reduza o consumo, tanto de maneira pessoal, quanto por mandato pol\u00edtico. \u201cBasicamente, leve uma sacola de pano ao inv\u00e9s de usar sacolas pl\u00e1sticas, n\u00e3o pe\u00e7a canudos, v\u00e1 andando e quando n\u00e3o puder use o transporte p\u00fablico, troque as l\u00e2mpadas normais por LED, troque a energia da casa para uma cooperativa de energia renov\u00e1vel e comece a consumir mais de acordo com um sistema justo, ou seja, local, ecol\u00f3gico e cooperativo. Voc\u00ea s\u00f3 precisa ter um estilo de vida mais simples e, quando se der conta do impacto que tem, n\u00e3o \u00e9 um esfor\u00e7o\u201d, explica L\u00f3pez de Uralde.<\/p>\n<p>Em \u00a1Ahora!, Barrau tamb\u00e9m insiste em reduzir o consumo de carne, proibir o uso de pl\u00e1sticos e apostar em fontes de energia n\u00e3o f\u00f3sseis. E todos defendem uma transi\u00e7\u00e3o justa que leve em conta os setores da popula\u00e7\u00e3o mais desfavorecidos e aqueles que podem ser os mais afetados pela crise clim\u00e1tica. Nas palavras do pesquisador, um mundo em que poucas pessoas possuem mais que a metade da popula\u00e7\u00e3o mundial, s\u00e3o os ricos que t\u00eam os meios para financiar essa transi\u00e7\u00e3o ecol\u00f3gica.<\/p>\n<p>\u201cDepois, \u00e9 necess\u00e1rio passar para um n\u00edvel superior e pressionar os governos e empresas a mudar seu comportamento. E isso \u00e9 muito f\u00e1cil, porque foram formados muitos movimentos como <em>Fridays for Future, Extinction Rebellion e Greenpeace<\/em>\u201d, diz L\u00f3pez de Uralde. \u201cTemos muit\u00edssimo poder porque tanto a democracia, quanto o capitalismo, se baseiam no cidad\u00e3o e no consumidor. Com os pol\u00edticos, a press\u00e3o pode ser exercida n\u00e3o apenas ao votar, mas tamb\u00e9m falando, fazendo campanhas e indo \u00e0s ruas como fizemos. E est\u00e3o nos ouvindo. Rejeitamos reuni\u00f5es com Pedro S\u00e1nchez em duas ocasi\u00f5es, porque querem se sentar e conversar, mas eles j\u00e1 sabem o que estamos pedindo e est\u00e1 muito claro\u201d, acrescenta.<\/p>\n<p>Como L\u00f3pez de Uralde conclui, nossa gera\u00e7\u00e3o ser\u00e1 a \u00faltima na hist\u00f3ria que ter\u00e1, em suas m\u00e3os, a oportunidade de deter esta cat\u00e1strofe herdada. Para evitar que nos perguntem por que n\u00e3o fizemos nada quando ainda havia tempo, \u00e9 imprescind\u00edvel agir agora.<\/p>\n","protected":false},"excerpt":{"rendered":"<p>Sextas-feiras para o futuro<\/p>\n","protected":false},"author":3,"featured_media":211221,"comment_status":"open","ping_status":"open","sticky":false,"template":"","format":"standard","meta":[],"categories":[1],"tags":[701],"acf":[],"yoast_head":"<!-- This site is optimized with the Yoast SEO plugin v19.2 - https:\/\/yoast.com\/wordpress\/plugins\/seo\/ -->\n<title>Come\u00e7a na Austr\u00e1lia a grande manifesta\u00e7\u00e3o pelo clima: os jovens v\u00e3o \u00e0s ruas! - Not\u00edcias - Franciscanos<\/title>\n<meta name=\"robots\" content=\"index, follow, max-snippet:-1, max-image-preview:large, max-video-preview:-1\" \/>\n<link rel=\"canonical\" href=\"https:\/\/franciscanos.org.br\/noticias\/comeca-na-australia-a-grande-manifestacao-pelo-clima-os-jovens-vao-as-ruas.html\" \/>\n<meta property=\"og:locale\" content=\"pt_BR\" \/>\n<meta property=\"og:type\" content=\"article\" \/>\n<meta property=\"og:title\" content=\"Come\u00e7a na Austr\u00e1lia a grande manifesta\u00e7\u00e3o pelo clima: os jovens v\u00e3o \u00e0s ruas! - Not\u00edcias - Franciscanos\" \/>\n<meta property=\"og:description\" content=\"Sextas-feiras para o futuro\" \/>\n<meta property=\"og:url\" content=\"https:\/\/franciscanos.org.br\/noticias\/comeca-na-australia-a-grande-manifestacao-pelo-clima-os-jovens-vao-as-ruas.html\" \/>\n<meta property=\"og:site_name\" content=\"Not\u00edcias - Franciscanos\" \/>\n<meta property=\"article:published_time\" content=\"2019-09-20T10:19:41+00:00\" \/>\n<meta property=\"article:modified_time\" content=\"2020-08-31T17:12:19+00:00\" \/>\n<meta property=\"og:image\" content=\"https:\/\/franciscanos.org.br\/noticias\/wp-content\/uploads\/2019\/09\/australia_2019d.jpg\" \/>\n\t<meta property=\"og:image:width\" content=\"273\" \/>\n\t<meta property=\"og:image:height\" content=\"181\" \/>\n\t<meta property=\"og:image:type\" content=\"image\/jpeg\" \/>\n<meta name=\"author\" content=\"moacir\" \/>\n<meta name=\"twitter:card\" content=\"summary_large_image\" \/>\n<meta name=\"twitter:label1\" content=\"Escrito por\" \/>\n\t<meta name=\"twitter:data1\" content=\"moacir\" \/>\n\t<meta name=\"twitter:label2\" content=\"Est. tempo de leitura\" \/>\n\t<meta name=\"twitter:data2\" content=\"5 minutos\" \/>\n<script type=\"application\/ld+json\" class=\"yoast-schema-graph\">{\"@context\":\"https:\/\/schema.org\",\"@graph\":[{\"@type\":\"WebSite\",\"@id\":\"https:\/\/franciscanos.org.br\/noticias\/#website\",\"url\":\"https:\/\/franciscanos.org.br\/noticias\/\",\"name\":\"Not\u00edcias - Franciscanos\",\"description\":\"Prov\u00edncia Franciscana da Imaculada Concei\u00e7\u00e3o do Brasil - Ordem dos Frades Menores - OFM\",\"potentialAction\":[{\"@type\":\"SearchAction\",\"target\":{\"@type\":\"EntryPoint\",\"urlTemplate\":\"https:\/\/franciscanos.org.br\/noticias\/?s={search_term_string}\"},\"query-input\":\"required name=search_term_string\"}],\"inLanguage\":\"pt-BR\"},{\"@type\":\"ImageObject\",\"inLanguage\":\"pt-BR\",\"@id\":\"https:\/\/franciscanos.org.br\/noticias\/comeca-na-australia-a-grande-manifestacao-pelo-clima-os-jovens-vao-as-ruas.html#primaryimage\",\"url\":\"https:\/\/franciscanos.org.br\/noticias\/wp-content\/uploads\/2019\/09\/australia_2019d.jpg\",\"contentUrl\":\"https:\/\/franciscanos.org.br\/noticias\/wp-content\/uploads\/2019\/09\/australia_2019d.jpg\",\"width\":273,\"height\":181},{\"@type\":\"WebPage\",\"@id\":\"https:\/\/franciscanos.org.br\/noticias\/comeca-na-australia-a-grande-manifestacao-pelo-clima-os-jovens-vao-as-ruas.html#webpage\",\"url\":\"https:\/\/franciscanos.org.br\/noticias\/comeca-na-australia-a-grande-manifestacao-pelo-clima-os-jovens-vao-as-ruas.html\",\"name\":\"Come\u00e7a na Austr\u00e1lia a grande manifesta\u00e7\u00e3o pelo clima: os jovens v\u00e3o \u00e0s ruas! - Not\u00edcias - Franciscanos\",\"isPartOf\":{\"@id\":\"https:\/\/franciscanos.org.br\/noticias\/#website\"},\"primaryImageOfPage\":{\"@id\":\"https:\/\/franciscanos.org.br\/noticias\/comeca-na-australia-a-grande-manifestacao-pelo-clima-os-jovens-vao-as-ruas.html#primaryimage\"},\"datePublished\":\"2019-09-20T10:19:41+00:00\",\"dateModified\":\"2020-08-31T17:12:19+00:00\",\"author\":{\"@id\":\"https:\/\/franciscanos.org.br\/noticias\/#\/schema\/person\/b5c8cba458c330ccff548b056e95a5d4\"},\"breadcrumb\":{\"@id\":\"https:\/\/franciscanos.org.br\/noticias\/comeca-na-australia-a-grande-manifestacao-pelo-clima-os-jovens-vao-as-ruas.html#breadcrumb\"},\"inLanguage\":\"pt-BR\",\"potentialAction\":[{\"@type\":\"ReadAction\",\"target\":[\"https:\/\/franciscanos.org.br\/noticias\/comeca-na-australia-a-grande-manifestacao-pelo-clima-os-jovens-vao-as-ruas.html\"]}]},{\"@type\":\"BreadcrumbList\",\"@id\":\"https:\/\/franciscanos.org.br\/noticias\/comeca-na-australia-a-grande-manifestacao-pelo-clima-os-jovens-vao-as-ruas.html#breadcrumb\",\"itemListElement\":[{\"@type\":\"ListItem\",\"position\":1,\"name\":\"Home\",\"item\":\"https:\/\/franciscanos.org.br\/noticias\"},{\"@type\":\"ListItem\",\"position\":2,\"name\":\"Come\u00e7a na Austr\u00e1lia a grande manifesta\u00e7\u00e3o pelo clima: os jovens v\u00e3o \u00e0s ruas!\"}]},{\"@type\":\"Person\",\"@id\":\"https:\/\/franciscanos.org.br\/noticias\/#\/schema\/person\/b5c8cba458c330ccff548b056e95a5d4\",\"name\":\"moacir\",\"image\":{\"@type\":\"ImageObject\",\"inLanguage\":\"pt-BR\",\"@id\":\"https:\/\/franciscanos.org.br\/noticias\/#\/schema\/person\/image\/\",\"url\":\"https:\/\/secure.gravatar.com\/avatar\/d08aa2ce4c8dd416d4479aa8536fcf64?s=96&d=mm&r=g\",\"contentUrl\":\"https:\/\/secure.gravatar.com\/avatar\/d08aa2ce4c8dd416d4479aa8536fcf64?s=96&d=mm&r=g\",\"caption\":\"moacir\"},\"url\":\"https:\/\/franciscanos.org.br\/noticias\/author\/moacir\"}]}<\/script>\n<!-- \/ Yoast SEO plugin. -->","yoast_head_json":{"title":"Come\u00e7a na Austr\u00e1lia a grande manifesta\u00e7\u00e3o pelo clima: os jovens v\u00e3o \u00e0s ruas! - Not\u00edcias - Franciscanos","robots":{"index":"index","follow":"follow","max-snippet":"max-snippet:-1","max-image-preview":"max-image-preview:large","max-video-preview":"max-video-preview:-1"},"canonical":"https:\/\/franciscanos.org.br\/noticias\/comeca-na-australia-a-grande-manifestacao-pelo-clima-os-jovens-vao-as-ruas.html","og_locale":"pt_BR","og_type":"article","og_title":"Come\u00e7a na Austr\u00e1lia a grande manifesta\u00e7\u00e3o pelo clima: os jovens v\u00e3o \u00e0s ruas! - Not\u00edcias - Franciscanos","og_description":"Sextas-feiras para o futuro","og_url":"https:\/\/franciscanos.org.br\/noticias\/comeca-na-australia-a-grande-manifestacao-pelo-clima-os-jovens-vao-as-ruas.html","og_site_name":"Not\u00edcias - Franciscanos","article_published_time":"2019-09-20T10:19:41+00:00","article_modified_time":"2020-08-31T17:12:19+00:00","og_image":[{"width":273,"height":181,"url":"https:\/\/franciscanos.org.br\/noticias\/wp-content\/uploads\/2019\/09\/australia_2019d.jpg","type":"image\/jpeg"}],"author":"moacir","twitter_card":"summary_large_image","twitter_misc":{"Escrito por":"moacir","Est. tempo de leitura":"5 minutos"},"schema":{"@context":"https:\/\/schema.org","@graph":[{"@type":"WebSite","@id":"https:\/\/franciscanos.org.br\/noticias\/#website","url":"https:\/\/franciscanos.org.br\/noticias\/","name":"Not\u00edcias - Franciscanos","description":"Prov\u00edncia Franciscana da Imaculada Concei\u00e7\u00e3o do Brasil - Ordem dos Frades Menores - OFM","potentialAction":[{"@type":"SearchAction","target":{"@type":"EntryPoint","urlTemplate":"https:\/\/franciscanos.org.br\/noticias\/?s={search_term_string}"},"query-input":"required name=search_term_string"}],"inLanguage":"pt-BR"},{"@type":"ImageObject","inLanguage":"pt-BR","@id":"https:\/\/franciscanos.org.br\/noticias\/comeca-na-australia-a-grande-manifestacao-pelo-clima-os-jovens-vao-as-ruas.html#primaryimage","url":"https:\/\/franciscanos.org.br\/noticias\/wp-content\/uploads\/2019\/09\/australia_2019d.jpg","contentUrl":"https:\/\/franciscanos.org.br\/noticias\/wp-content\/uploads\/2019\/09\/australia_2019d.jpg","width":273,"height":181},{"@type":"WebPage","@id":"https:\/\/franciscanos.org.br\/noticias\/comeca-na-australia-a-grande-manifestacao-pelo-clima-os-jovens-vao-as-ruas.html#webpage","url":"https:\/\/franciscanos.org.br\/noticias\/comeca-na-australia-a-grande-manifestacao-pelo-clima-os-jovens-vao-as-ruas.html","name":"Come\u00e7a na Austr\u00e1lia a grande manifesta\u00e7\u00e3o pelo clima: os jovens v\u00e3o \u00e0s ruas! - Not\u00edcias - Franciscanos","isPartOf":{"@id":"https:\/\/franciscanos.org.br\/noticias\/#website"},"primaryImageOfPage":{"@id":"https:\/\/franciscanos.org.br\/noticias\/comeca-na-australia-a-grande-manifestacao-pelo-clima-os-jovens-vao-as-ruas.html#primaryimage"},"datePublished":"2019-09-20T10:19:41+00:00","dateModified":"2020-08-31T17:12:19+00:00","author":{"@id":"https:\/\/franciscanos.org.br\/noticias\/#\/schema\/person\/b5c8cba458c330ccff548b056e95a5d4"},"breadcrumb":{"@id":"https:\/\/franciscanos.org.br\/noticias\/comeca-na-australia-a-grande-manifestacao-pelo-clima-os-jovens-vao-as-ruas.html#breadcrumb"},"inLanguage":"pt-BR","potentialAction":[{"@type":"ReadAction","target":["https:\/\/franciscanos.org.br\/noticias\/comeca-na-australia-a-grande-manifestacao-pelo-clima-os-jovens-vao-as-ruas.html"]}]},{"@type":"BreadcrumbList","@id":"https:\/\/franciscanos.org.br\/noticias\/comeca-na-australia-a-grande-manifestacao-pelo-clima-os-jovens-vao-as-ruas.html#breadcrumb","itemListElement":[{"@type":"ListItem","position":1,"name":"Home","item":"https:\/\/franciscanos.org.br\/noticias"},{"@type":"ListItem","position":2,"name":"Come\u00e7a na Austr\u00e1lia a grande manifesta\u00e7\u00e3o pelo clima: os jovens v\u00e3o \u00e0s ruas!"}]},{"@type":"Person","@id":"https:\/\/franciscanos.org.br\/noticias\/#\/schema\/person\/b5c8cba458c330ccff548b056e95a5d4","name":"moacir","image":{"@type":"ImageObject","inLanguage":"pt-BR","@id":"https:\/\/franciscanos.org.br\/noticias\/#\/schema\/person\/image\/","url":"https:\/\/secure.gravatar.com\/avatar\/d08aa2ce4c8dd416d4479aa8536fcf64?s=96&d=mm&r=g","contentUrl":"https:\/\/secure.gravatar.com\/avatar\/d08aa2ce4c8dd416d4479aa8536fcf64?s=96&d=mm&r=g","caption":"moacir"},"url":"https:\/\/franciscanos.org.br\/noticias\/author\/moacir"}]}},"_links":{"self":[{"href":"https:\/\/franciscanos.org.br\/noticias\/wp-json\/wp\/v2\/posts\/211218"}],"collection":[{"href":"https:\/\/franciscanos.org.br\/noticias\/wp-json\/wp\/v2\/posts"}],"about":[{"href":"https:\/\/franciscanos.org.br\/noticias\/wp-json\/wp\/v2\/types\/post"}],"author":[{"embeddable":true,"href":"https:\/\/franciscanos.org.br\/noticias\/wp-json\/wp\/v2\/users\/3"}],"replies":[{"embeddable":true,"href":"https:\/\/franciscanos.org.br\/noticias\/wp-json\/wp\/v2\/comments?post=211218"}],"version-history":[{"count":2,"href":"https:\/\/franciscanos.org.br\/noticias\/wp-json\/wp\/v2\/posts\/211218\/revisions"}],"predecessor-version":[{"id":228070,"href":"https:\/\/franciscanos.org.br\/noticias\/wp-json\/wp\/v2\/posts\/211218\/revisions\/228070"}],"wp:featuredmedia":[{"embeddable":true,"href":"https:\/\/franciscanos.org.br\/noticias\/wp-json\/wp\/v2\/media\/211221"}],"wp:attachment":[{"href":"https:\/\/franciscanos.org.br\/noticias\/wp-json\/wp\/v2\/media?parent=211218"}],"wp:term":[{"taxonomy":"category","embeddable":true,"href":"https:\/\/franciscanos.org.br\/noticias\/wp-json\/wp\/v2\/categories?post=211218"},{"taxonomy":"post_tag","embeddable":true,"href":"https:\/\/franciscanos.org.br\/noticias\/wp-json\/wp\/v2\/tags?post=211218"}],"curies":[{"name":"wp","href":"https:\/\/api.w.org\/{rel}","templated":true}]}}