{"id":211210,"date":"2019-09-19T08:18:32","date_gmt":"2019-09-19T11:18:32","guid":{"rendered":"https:\/\/franciscanos.org.br\/noticias\/?p=211210"},"modified":"2020-06-05T15:46:14","modified_gmt":"2020-06-05T18:46:14","slug":"papa-o-ministerio-e-um-dom-nao-uma-funcao","status":"publish","type":"post","link":"https:\/\/franciscanos.org.br\/noticias\/papa-o-ministerio-e-um-dom-nao-uma-funcao.html","title":{"rendered":"Papa: o minist\u00e9rio \u00e9 um dom, n\u00e3o uma fun\u00e7\u00e3o"},"content":{"rendered":"<p><img loading=\"lazy\" class=\"alignnone size-full wp-image-211211\" src=\"https:\/\/franciscanos.org.br\/noticias\/wp-content\/uploads\/2019\/09\/marta_1909.jpg\" alt=\"\" width=\"890\" height=\"501\" srcset=\"https:\/\/franciscanos.org.br\/noticias\/wp-content\/uploads\/2019\/09\/marta_1909.jpg 890w, https:\/\/franciscanos.org.br\/noticias\/wp-content\/uploads\/2019\/09\/marta_1909-450x253.jpg 450w, https:\/\/franciscanos.org.br\/noticias\/wp-content\/uploads\/2019\/09\/marta_1909-768x432.jpg 768w, https:\/\/franciscanos.org.br\/noticias\/wp-content\/uploads\/2019\/09\/marta_1909-150x84.jpg 150w\" sizes=\"(max-width: 890px) 100vw, 890px\" \/><\/p>\n<p>Cidade do Vaticano &#8211; O Papa Francisco celebrou a missa na capela da Casa Santa Marta e diante dos muitos bispos e sacerdotes que concelebraram com ele, falou do dom do minist\u00e9rio. O Pont\u00edfice os convidou a refletir sobre a primeira Carta de S\u00e3o Paulo a Tim\u00f3teo, proposta pela liturgia, destacando a palavra \u201cdom\u201d, seguindo o conselho de Paulo ao jovem disc\u00edpulo: \u201cN\u00e3o descuides o dom da gra\u00e7a que tu tens\u201d.<\/p>\n<p>N\u00e3o \u00e9 um pacto de trabalho: \u201cEu devo fazer\u201d, o fazer est\u00e1 em segundo plano; eu devo receber o dom e proteg\u00ea-lo como dom e dali brota tudo, na contempla\u00e7\u00e3o do dom. Quando n\u00f3s nos esquecemos disto, nos apropriamos do dom e o transformamos em fun\u00e7\u00e3o, perde-se o cora\u00e7\u00e3o do minist\u00e9rio, perde-se o olhar de Jesus que olhou para todos n\u00f3s e disse: \u201cSegue-me\u201d, perde-se a gratuidade.<\/p>\n<p><strong>O risco de centralizar o minist\u00e9rio em n\u00f3s mesmos<\/strong><br \/>\nO Papa adverte ent\u00e3o para um risco: Desta falta de contempla\u00e7\u00e3o do dom, do minist\u00e9rio como dom, brotam todos aqueles desvios que n\u00f3s conhecemos, dos piores, que s\u00e3o terr\u00edveis, \u00e0queles mais cotidianos, que nos fazem centralizar o nosso minist\u00e9rio em n\u00f3s mesmos e n\u00e3o na gratuidade do dom e no amor por Aquele que nos deu o dom, o dom do minist\u00e9rio.<\/p>\n<p><strong>\u00c9 importante fazer, mas primeiramente contemplar e proteger<\/strong><br \/>\nCitando o ap\u00f3stolo Paulo, Francisco recordou que o dom \u00e9 \u201cconferido mediante uma palavra prof\u00e9tica com a imposi\u00e7\u00e3o das m\u00e3os por parte dos presb\u00edteros\u201d e que vale para os bispos, mas tamb\u00e9m \u201cpara todos os sacerdotes\u201d.<\/p>\n<p><img loading=\"lazy\" class=\"alignnone size-full wp-image-211212\" src=\"https:\/\/franciscanos.org.br\/noticias\/wp-content\/uploads\/2019\/09\/marta_1909_1.jpg\" alt=\"\" width=\"890\" height=\"501\" srcset=\"https:\/\/franciscanos.org.br\/noticias\/wp-content\/uploads\/2019\/09\/marta_1909_1.jpg 890w, https:\/\/franciscanos.org.br\/noticias\/wp-content\/uploads\/2019\/09\/marta_1909_1-450x253.jpg 450w, https:\/\/franciscanos.org.br\/noticias\/wp-content\/uploads\/2019\/09\/marta_1909_1-768x432.jpg 768w, https:\/\/franciscanos.org.br\/noticias\/wp-content\/uploads\/2019\/09\/marta_1909_1-150x84.jpg 150w\" sizes=\"(max-width: 890px) 100vw, 890px\" \/><\/p>\n<p>O Papa destacou ainda \u201ca import\u00e2ncia da contempla\u00e7\u00e3o do minist\u00e9rio como dom e n\u00e3o como fun\u00e7\u00e3o\u201d. Fazemos aquilo que podemos, esclareceu, com boa vontade, intelig\u00eancia, \u201ctamb\u00e9m com esperteza\u201d, mas sempre para proteger este dom.<\/p>\n<p><strong>O fariseu que esquece os dons da cortesia e do acolhimento<\/strong><br \/>\nEsquecer a centralidade de um dom, acrescentou o Pont\u00edfice, \u00e9 algo humano e deu como exemplo o fariseu que, no Evangelho de Lucas, acolhe Jesus em sua casa, ignorando \u201cas in\u00fameras regras de acolhimento\u201d, ignorando os dons. Jesus faz notar isso, indicando a mulher que doa tudo aquilo que o anfitri\u00e3o esqueceu: a \u00e1gua para os p\u00e9s, o beijo do acolhimento e a un\u00e7\u00e3o da cabe\u00e7a com o \u00f3leo.<\/p>\n<p>Havia este homem que era bom, um bom fariseu, mas esqueceu o dom da cortesia, o dom do acolhimento, que tamb\u00e9m \u00e9 um dom. Sempre se esquecem os dons quando h\u00e1 algum interesse por tr\u00e1s, quando eu quero fazer isto, fazer, fazer&#8230; Sim, devemos, os sacerdotes, todos n\u00f3s devemos fazer coisas e a primeira tarefa \u00e9 anunciar o Evangelho, mas proteg\u00ea-lo, proteger o centro, a fonte, de onde brota esta miss\u00e3o, que \u00e9 propriamente o dom que recebemos gratuitamente do Senhor.<\/p>\n<p><strong>O Senhor nos ajude a n\u00e3o nos tornar ministros empres\u00e1rios<\/strong><br \/>\nA ora\u00e7\u00e3o final de Francisco ao Senhor \u00e9 para que \u201cnos ajude a proteger o dom, a ver o nosso minist\u00e9rio primeiramente como um dom, depois um servi\u00e7o\u201d, para n\u00e3o arruin\u00e1-lo \u201ce n\u00e3o se tornar ministros empres\u00e1rios, executores\u201d, e tantas coisas que afastam da contempla\u00e7\u00e3o do dom e do Senhor, \u201cque nos deu o dom do minist\u00e9rio\u201d. Uma gra\u00e7a que o Pont\u00edfice pediu para todos os presentes, mas especialmente para aqueles que festejam os 25 anos de ordena\u00e7\u00e3o.<\/p>\n<hr \/>\n<p><em>Fonte: Vatican News<\/em><\/p>\n","protected":false},"excerpt":{"rendered":"<p>Missa em Santa Marta<\/p>\n","protected":false},"author":3,"featured_media":211213,"comment_status":"open","ping_status":"open","sticky":false,"template":"","format":"standard","meta":[],"categories":[1428],"tags":[829],"acf":[],"yoast_head":"<!-- This site is optimized with the Yoast SEO plugin v19.2 - https:\/\/yoast.com\/wordpress\/plugins\/seo\/ -->\n<title>Papa: o minist\u00e9rio \u00e9 um dom, n\u00e3o uma fun\u00e7\u00e3o - Not\u00edcias - Franciscanos<\/title>\n<meta name=\"robots\" content=\"index, follow, max-snippet:-1, max-image-preview:large, max-video-preview:-1\" \/>\n<link rel=\"canonical\" href=\"https:\/\/franciscanos.org.br\/noticias\/papa-o-ministerio-e-um-dom-nao-uma-funcao.html\" \/>\n<meta property=\"og:locale\" content=\"pt_BR\" \/>\n<meta property=\"og:type\" content=\"article\" \/>\n<meta property=\"og:title\" content=\"Papa: o minist\u00e9rio \u00e9 um dom, n\u00e3o uma fun\u00e7\u00e3o - Not\u00edcias - Franciscanos\" \/>\n<meta property=\"og:description\" content=\"Missa em Santa Marta\" \/>\n<meta property=\"og:url\" content=\"https:\/\/franciscanos.org.br\/noticias\/papa-o-ministerio-e-um-dom-nao-uma-funcao.html\" \/>\n<meta property=\"og:site_name\" content=\"Not\u00edcias - Franciscanos\" \/>\n<meta property=\"article:published_time\" content=\"2019-09-19T11:18:32+00:00\" \/>\n<meta property=\"article:modified_time\" content=\"2020-06-05T18:46:14+00:00\" \/>\n<meta property=\"og:image\" content=\"https:\/\/franciscanos.org.br\/noticias\/wp-content\/uploads\/2019\/09\/marta_1909d.jpg\" \/>\n\t<meta property=\"og:image:width\" content=\"273\" \/>\n\t<meta property=\"og:image:height\" content=\"181\" \/>\n\t<meta property=\"og:image:type\" content=\"image\/jpeg\" \/>\n<meta name=\"author\" content=\"moacir\" \/>\n<meta name=\"twitter:card\" content=\"summary_large_image\" \/>\n<meta name=\"twitter:label1\" content=\"Escrito por\" \/>\n\t<meta name=\"twitter:data1\" content=\"moacir\" \/>\n\t<meta name=\"twitter:label2\" content=\"Est. tempo de leitura\" \/>\n\t<meta name=\"twitter:data2\" content=\"3 minutos\" \/>\n<script type=\"application\/ld+json\" class=\"yoast-schema-graph\">{\"@context\":\"https:\/\/schema.org\",\"@graph\":[{\"@type\":\"WebSite\",\"@id\":\"https:\/\/franciscanos.org.br\/noticias\/#website\",\"url\":\"https:\/\/franciscanos.org.br\/noticias\/\",\"name\":\"Not\u00edcias - Franciscanos\",\"description\":\"Prov\u00edncia Franciscana da Imaculada Concei\u00e7\u00e3o do Brasil - Ordem dos Frades Menores - OFM\",\"potentialAction\":[{\"@type\":\"SearchAction\",\"target\":{\"@type\":\"EntryPoint\",\"urlTemplate\":\"https:\/\/franciscanos.org.br\/noticias\/?s={search_term_string}\"},\"query-input\":\"required name=search_term_string\"}],\"inLanguage\":\"pt-BR\"},{\"@type\":\"ImageObject\",\"inLanguage\":\"pt-BR\",\"@id\":\"https:\/\/franciscanos.org.br\/noticias\/papa-o-ministerio-e-um-dom-nao-uma-funcao.html#primaryimage\",\"url\":\"https:\/\/franciscanos.org.br\/noticias\/wp-content\/uploads\/2019\/09\/marta_1909d.jpg\",\"contentUrl\":\"https:\/\/franciscanos.org.br\/noticias\/wp-content\/uploads\/2019\/09\/marta_1909d.jpg\",\"width\":273,\"height\":181},{\"@type\":\"WebPage\",\"@id\":\"https:\/\/franciscanos.org.br\/noticias\/papa-o-ministerio-e-um-dom-nao-uma-funcao.html#webpage\",\"url\":\"https:\/\/franciscanos.org.br\/noticias\/papa-o-ministerio-e-um-dom-nao-uma-funcao.html\",\"name\":\"Papa: o minist\u00e9rio \u00e9 um dom, n\u00e3o uma fun\u00e7\u00e3o - Not\u00edcias - Franciscanos\",\"isPartOf\":{\"@id\":\"https:\/\/franciscanos.org.br\/noticias\/#website\"},\"primaryImageOfPage\":{\"@id\":\"https:\/\/franciscanos.org.br\/noticias\/papa-o-ministerio-e-um-dom-nao-uma-funcao.html#primaryimage\"},\"datePublished\":\"2019-09-19T11:18:32+00:00\",\"dateModified\":\"2020-06-05T18:46:14+00:00\",\"author\":{\"@id\":\"https:\/\/franciscanos.org.br\/noticias\/#\/schema\/person\/b5c8cba458c330ccff548b056e95a5d4\"},\"breadcrumb\":{\"@id\":\"https:\/\/franciscanos.org.br\/noticias\/papa-o-ministerio-e-um-dom-nao-uma-funcao.html#breadcrumb\"},\"inLanguage\":\"pt-BR\",\"potentialAction\":[{\"@type\":\"ReadAction\",\"target\":[\"https:\/\/franciscanos.org.br\/noticias\/papa-o-ministerio-e-um-dom-nao-uma-funcao.html\"]}]},{\"@type\":\"BreadcrumbList\",\"@id\":\"https:\/\/franciscanos.org.br\/noticias\/papa-o-ministerio-e-um-dom-nao-uma-funcao.html#breadcrumb\",\"itemListElement\":[{\"@type\":\"ListItem\",\"position\":1,\"name\":\"Home\",\"item\":\"https:\/\/franciscanos.org.br\/noticias\"},{\"@type\":\"ListItem\",\"position\":2,\"name\":\"Papa: o minist\u00e9rio \u00e9 um dom, n\u00e3o uma fun\u00e7\u00e3o\"}]},{\"@type\":\"Person\",\"@id\":\"https:\/\/franciscanos.org.br\/noticias\/#\/schema\/person\/b5c8cba458c330ccff548b056e95a5d4\",\"name\":\"moacir\",\"image\":{\"@type\":\"ImageObject\",\"inLanguage\":\"pt-BR\",\"@id\":\"https:\/\/franciscanos.org.br\/noticias\/#\/schema\/person\/image\/\",\"url\":\"https:\/\/secure.gravatar.com\/avatar\/d08aa2ce4c8dd416d4479aa8536fcf64?s=96&d=mm&r=g\",\"contentUrl\":\"https:\/\/secure.gravatar.com\/avatar\/d08aa2ce4c8dd416d4479aa8536fcf64?s=96&d=mm&r=g\",\"caption\":\"moacir\"},\"url\":\"https:\/\/franciscanos.org.br\/noticias\/author\/moacir\"}]}<\/script>\n<!-- \/ Yoast SEO plugin. -->","yoast_head_json":{"title":"Papa: o minist\u00e9rio \u00e9 um dom, n\u00e3o uma fun\u00e7\u00e3o - Not\u00edcias - Franciscanos","robots":{"index":"index","follow":"follow","max-snippet":"max-snippet:-1","max-image-preview":"max-image-preview:large","max-video-preview":"max-video-preview:-1"},"canonical":"https:\/\/franciscanos.org.br\/noticias\/papa-o-ministerio-e-um-dom-nao-uma-funcao.html","og_locale":"pt_BR","og_type":"article","og_title":"Papa: o minist\u00e9rio \u00e9 um dom, n\u00e3o uma fun\u00e7\u00e3o - Not\u00edcias - Franciscanos","og_description":"Missa em Santa Marta","og_url":"https:\/\/franciscanos.org.br\/noticias\/papa-o-ministerio-e-um-dom-nao-uma-funcao.html","og_site_name":"Not\u00edcias - Franciscanos","article_published_time":"2019-09-19T11:18:32+00:00","article_modified_time":"2020-06-05T18:46:14+00:00","og_image":[{"width":273,"height":181,"url":"https:\/\/franciscanos.org.br\/noticias\/wp-content\/uploads\/2019\/09\/marta_1909d.jpg","type":"image\/jpeg"}],"author":"moacir","twitter_card":"summary_large_image","twitter_misc":{"Escrito por":"moacir","Est. tempo de leitura":"3 minutos"},"schema":{"@context":"https:\/\/schema.org","@graph":[{"@type":"WebSite","@id":"https:\/\/franciscanos.org.br\/noticias\/#website","url":"https:\/\/franciscanos.org.br\/noticias\/","name":"Not\u00edcias - Franciscanos","description":"Prov\u00edncia Franciscana da Imaculada Concei\u00e7\u00e3o do Brasil - Ordem dos Frades Menores - OFM","potentialAction":[{"@type":"SearchAction","target":{"@type":"EntryPoint","urlTemplate":"https:\/\/franciscanos.org.br\/noticias\/?s={search_term_string}"},"query-input":"required name=search_term_string"}],"inLanguage":"pt-BR"},{"@type":"ImageObject","inLanguage":"pt-BR","@id":"https:\/\/franciscanos.org.br\/noticias\/papa-o-ministerio-e-um-dom-nao-uma-funcao.html#primaryimage","url":"https:\/\/franciscanos.org.br\/noticias\/wp-content\/uploads\/2019\/09\/marta_1909d.jpg","contentUrl":"https:\/\/franciscanos.org.br\/noticias\/wp-content\/uploads\/2019\/09\/marta_1909d.jpg","width":273,"height":181},{"@type":"WebPage","@id":"https:\/\/franciscanos.org.br\/noticias\/papa-o-ministerio-e-um-dom-nao-uma-funcao.html#webpage","url":"https:\/\/franciscanos.org.br\/noticias\/papa-o-ministerio-e-um-dom-nao-uma-funcao.html","name":"Papa: o minist\u00e9rio \u00e9 um dom, n\u00e3o uma fun\u00e7\u00e3o - Not\u00edcias - Franciscanos","isPartOf":{"@id":"https:\/\/franciscanos.org.br\/noticias\/#website"},"primaryImageOfPage":{"@id":"https:\/\/franciscanos.org.br\/noticias\/papa-o-ministerio-e-um-dom-nao-uma-funcao.html#primaryimage"},"datePublished":"2019-09-19T11:18:32+00:00","dateModified":"2020-06-05T18:46:14+00:00","author":{"@id":"https:\/\/franciscanos.org.br\/noticias\/#\/schema\/person\/b5c8cba458c330ccff548b056e95a5d4"},"breadcrumb":{"@id":"https:\/\/franciscanos.org.br\/noticias\/papa-o-ministerio-e-um-dom-nao-uma-funcao.html#breadcrumb"},"inLanguage":"pt-BR","potentialAction":[{"@type":"ReadAction","target":["https:\/\/franciscanos.org.br\/noticias\/papa-o-ministerio-e-um-dom-nao-uma-funcao.html"]}]},{"@type":"BreadcrumbList","@id":"https:\/\/franciscanos.org.br\/noticias\/papa-o-ministerio-e-um-dom-nao-uma-funcao.html#breadcrumb","itemListElement":[{"@type":"ListItem","position":1,"name":"Home","item":"https:\/\/franciscanos.org.br\/noticias"},{"@type":"ListItem","position":2,"name":"Papa: o minist\u00e9rio \u00e9 um dom, n\u00e3o uma fun\u00e7\u00e3o"}]},{"@type":"Person","@id":"https:\/\/franciscanos.org.br\/noticias\/#\/schema\/person\/b5c8cba458c330ccff548b056e95a5d4","name":"moacir","image":{"@type":"ImageObject","inLanguage":"pt-BR","@id":"https:\/\/franciscanos.org.br\/noticias\/#\/schema\/person\/image\/","url":"https:\/\/secure.gravatar.com\/avatar\/d08aa2ce4c8dd416d4479aa8536fcf64?s=96&d=mm&r=g","contentUrl":"https:\/\/secure.gravatar.com\/avatar\/d08aa2ce4c8dd416d4479aa8536fcf64?s=96&d=mm&r=g","caption":"moacir"},"url":"https:\/\/franciscanos.org.br\/noticias\/author\/moacir"}]}},"_links":{"self":[{"href":"https:\/\/franciscanos.org.br\/noticias\/wp-json\/wp\/v2\/posts\/211210"}],"collection":[{"href":"https:\/\/franciscanos.org.br\/noticias\/wp-json\/wp\/v2\/posts"}],"about":[{"href":"https:\/\/franciscanos.org.br\/noticias\/wp-json\/wp\/v2\/types\/post"}],"author":[{"embeddable":true,"href":"https:\/\/franciscanos.org.br\/noticias\/wp-json\/wp\/v2\/users\/3"}],"replies":[{"embeddable":true,"href":"https:\/\/franciscanos.org.br\/noticias\/wp-json\/wp\/v2\/comments?post=211210"}],"version-history":[{"count":1,"href":"https:\/\/franciscanos.org.br\/noticias\/wp-json\/wp\/v2\/posts\/211210\/revisions"}],"predecessor-version":[{"id":224314,"href":"https:\/\/franciscanos.org.br\/noticias\/wp-json\/wp\/v2\/posts\/211210\/revisions\/224314"}],"wp:featuredmedia":[{"embeddable":true,"href":"https:\/\/franciscanos.org.br\/noticias\/wp-json\/wp\/v2\/media\/211213"}],"wp:attachment":[{"href":"https:\/\/franciscanos.org.br\/noticias\/wp-json\/wp\/v2\/media?parent=211210"}],"wp:term":[{"taxonomy":"category","embeddable":true,"href":"https:\/\/franciscanos.org.br\/noticias\/wp-json\/wp\/v2\/categories?post=211210"},{"taxonomy":"post_tag","embeddable":true,"href":"https:\/\/franciscanos.org.br\/noticias\/wp-json\/wp\/v2\/tags?post=211210"}],"curies":[{"name":"wp","href":"https:\/\/api.w.org\/{rel}","templated":true}]}}