{"id":211188,"date":"2019-09-18T13:40:47","date_gmt":"2019-09-18T16:40:47","guid":{"rendered":"https:\/\/franciscanos.org.br\/noticias\/?p=211188"},"modified":"2019-09-18T15:52:08","modified_gmt":"2019-09-18T18:52:08","slug":"frei-sandro-pensar-diferente-e-um-desafio","status":"publish","type":"post","link":"https:\/\/franciscanos.org.br\/noticias\/frei-sandro-pensar-diferente-e-um-desafio.html","title":{"rendered":"Frei Sandro: \u201cPensar diferente \u00e9 um desafio\u201d"},"content":{"rendered":"<p><img loading=\"lazy\" class=\"alignnone size-full wp-image-211189\" src=\"https:\/\/franciscanos.org.br\/noticias\/wp-content\/uploads\/2019\/09\/comunica_180919-g.jpg\" alt=\"\" width=\"890\" height=\"500\" srcset=\"https:\/\/franciscanos.org.br\/noticias\/wp-content\/uploads\/2019\/09\/comunica_180919-g.jpg 890w, https:\/\/franciscanos.org.br\/noticias\/wp-content\/uploads\/2019\/09\/comunica_180919-g-450x253.jpg 450w, https:\/\/franciscanos.org.br\/noticias\/wp-content\/uploads\/2019\/09\/comunica_180919-g-768x431.jpg 768w, https:\/\/franciscanos.org.br\/noticias\/wp-content\/uploads\/2019\/09\/comunica_180919-g-150x84.jpg 150w\" sizes=\"(max-width: 890px) 100vw, 890px\" \/><\/p>\n<p><strong>\u00c9rika Augusto<\/strong><\/p>\n<p><strong>S\u00e3o Paulo (SP) &#8211; <\/strong>Os 800 anos do encontro entre Francisco de Assis e o Sult\u00e3o foi o tema do 5\u00ba encontro da Forma\u00e7\u00e3o Permanente da Frente de Evangeliza\u00e7\u00e3o da Comunica\u00e7\u00e3o, ocorrido na ter\u00e7a-feira (17). De Petr\u00f3polis (RJ), onde leciona no Instituto Teol\u00f3gico Franciscano (ITF), Frei Sandro Roberto da Costa assessorou o encontro por videoconfer\u00eancia.<\/p>\n<p>Participaram da forma\u00e7\u00e3o os colaboradores do Grupo Educacional Bom Jesus, de Curitiba (PR); Convento da Penha, de Vila Velha (ES); Editora Vozes, de Petr\u00f3polis (RJ); Rede Celinauta, de Pato Branco (PR); Funda\u00e7\u00e3o Frei Rog\u00e9rio, de Curitibanos (SC); Semin\u00e1rio Frei Galv\u00e3o, de Guaratinguet\u00e1 (SP); Universidade S\u00e3o Francisco, de Bragan\u00e7a Paulista (SP); Servi\u00e7o Franciscano de Solidariedade (Sefras), Pr\u00f3-Voca\u00e7\u00f5es e Miss\u00f5es Franciscanas (PVF), Servi\u00e7o de Anima\u00e7\u00e3o Vocacional (SAV) e Sede Provincial, ambos em S\u00e3o Paulo, capital.<\/p>\n<p>\u201c<a href=\"https:\/\/franciscanos.org.br\/vidacrista\/a-coragem-da-nao-conformidade-por-causa-do-evangelho\/\" target=\"_blank\" rel=\"noopener noreferrer\">A coragem da n\u00e3o conformidade por causa do Evangelho<\/a>\u201d, artigo publicado por Frei Sandro na Revista \u201cGrande Sinal\u201d, publicada pelo ITF, foi a base da forma\u00e7\u00e3o. Para o assessor, \u00e9 importante ressaltar que o encontro entre Francisco e o Sult\u00e3o foi relatado por muitas fontes, de dentro e fora da Ordem Franciscana. Entre elas, destaca-se Jacques de Vitry, bispo de Acre, e o cronista Ernoul. Pertencentes \u00e0 Ordem, Tom\u00e1s de Celano e S\u00e3o Boaventura. &#8220;Cada autor acrescenta elementos de acordo com seus interesses. Por isso, \u00e9 interessante compararmos os textos&#8221;, explica Frei Sandro.<\/p>\n<p>Para ele, o tema do encontro de Francisco e o Sult\u00e3o \u00e9 muito atual, pois pressup\u00f5e abertura ao di\u00e1logo. &#8220;Hoje em dia, falar de di\u00e1logo com o isl\u00e3 \u00e9 dif\u00edcil, pois o estere\u00f3tipo que temos \u00e9 o radicalismo, aquilo que a m\u00eddia nos transmite. Pensar diferente \u00e9 um desafio. Sobretudo pensar de modo diferente sobre o diferente, ser capaz de me abrir, numa posi\u00e7\u00e3o de alteridade, \u00e9 desafiador. Hoje, precisamos nos abrir ao diferente. N\u00e3o ficarmos presos \u00e0s concep\u00e7\u00f5es que as m\u00eddias nos passam, e nas quais somos formados. Ter intelig\u00eancia e sabedoria \u00e9 ser capaz de dar um passo \u00e0 frente. Francisco foi um homem s\u00e1bio, um homem de uma profunda abertura de mente&#8221;, observa o frade.<\/p>\n<p><strong>Igreja aberta ao di\u00e1logo hoje<\/strong><\/p>\n<p>Nos dias atuais, o Papa Francisco atualiza esta abertura ao di\u00e1logo protagonizada por S\u00e3o Francisco. Frei Sandro destacou a ida do Papa ao Egito, aos Emirados \u00c1rabes e ao Marrocos. &#8220;S\u00e3o tr\u00eas locais que s\u00e3o grandes paradigmas do mundo isl\u00e2mico hoje. E o Papa Francisco foi a estes lugares&#8221;, ressaltou o frade, recordando o documento \u201c<a href=\"https:\/\/franciscanos.org.br\/noticias\/instituida-comissao-para-buscar-a-convivencia-pacifica-entre-as-religioes.html\" target=\"_blank\" rel=\"noopener noreferrer\">A Fraternidade humana em prol da paz mundial e da conviv\u00eancia comum<\/a>\u201d, \u00a0assinado pelo Papa nos Emirados \u00c1rabes. &#8220;Sem d\u00favida, o Pont\u00edfice se compromete com toda pauta fundamental de Francisco de Assis, para um mundo que precisa de mais cortesia entre as pessoas. Assim como S\u00e3o Francisco em seu tempo, o Papa vive num contexto extremamente desfavor\u00e1vel ao di\u00e1logo com o isl\u00e3. Ele est\u00e1 indo na contram\u00e3o do senso comum, assim como Francisco, da n\u00e3o conformidade, de n\u00e3o se conformar com aquilo que todos acham e pensam\u201d, destacou Frei Sandro.<\/p>\n<p>Em outubro, os frades e colaboradores envolvidos com a Frente de Evangeliza\u00e7\u00e3o da Comunica\u00e7\u00e3o promover\u00e3o o encontro presencial, que ser\u00e1 realizado nos dias 17 e 18, no Convento S\u00e3o Boaventura, em Rondinha (PR).<\/p>\n","protected":false},"excerpt":{"rendered":"<p>Frente da Comunica\u00e7\u00e3o<\/p>\n","protected":false},"author":1,"featured_media":211190,"comment_status":"open","ping_status":"open","sticky":false,"template":"","format":"standard","meta":[],"categories":[1],"tags":[550],"acf":[],"yoast_head":"<!-- This site is optimized with the Yoast SEO plugin v19.2 - https:\/\/yoast.com\/wordpress\/plugins\/seo\/ -->\n<title>Frei Sandro: \u201cPensar diferente \u00e9 um desafio\u201d - Not\u00edcias - Franciscanos<\/title>\n<meta name=\"robots\" content=\"index, follow, max-snippet:-1, max-image-preview:large, max-video-preview:-1\" \/>\n<link rel=\"canonical\" href=\"https:\/\/franciscanos.org.br\/noticias\/frei-sandro-pensar-diferente-e-um-desafio.html\" \/>\n<meta property=\"og:locale\" content=\"pt_BR\" \/>\n<meta property=\"og:type\" content=\"article\" \/>\n<meta property=\"og:title\" content=\"Frei Sandro: \u201cPensar diferente \u00e9 um desafio\u201d - Not\u00edcias - Franciscanos\" \/>\n<meta property=\"og:description\" content=\"Frente da Comunica\u00e7\u00e3o\" \/>\n<meta property=\"og:url\" content=\"https:\/\/franciscanos.org.br\/noticias\/frei-sandro-pensar-diferente-e-um-desafio.html\" \/>\n<meta property=\"og:site_name\" content=\"Not\u00edcias - Franciscanos\" \/>\n<meta property=\"article:published_time\" content=\"2019-09-18T16:40:47+00:00\" \/>\n<meta property=\"article:modified_time\" content=\"2019-09-18T18:52:08+00:00\" \/>\n<meta property=\"og:image\" content=\"https:\/\/franciscanos.org.br\/noticias\/wp-content\/uploads\/2019\/09\/comunica_180919-p.jpg\" \/>\n\t<meta property=\"og:image:width\" content=\"273\" \/>\n\t<meta property=\"og:image:height\" content=\"181\" \/>\n\t<meta property=\"og:image:type\" content=\"image\/jpeg\" \/>\n<meta name=\"author\" content=\"admin\" \/>\n<meta name=\"twitter:card\" content=\"summary_large_image\" \/>\n<meta name=\"twitter:label1\" content=\"Escrito por\" \/>\n\t<meta name=\"twitter:data1\" content=\"admin\" \/>\n\t<meta name=\"twitter:label2\" content=\"Est. tempo de leitura\" \/>\n\t<meta name=\"twitter:data2\" content=\"3 minutos\" \/>\n<script type=\"application\/ld+json\" class=\"yoast-schema-graph\">{\"@context\":\"https:\/\/schema.org\",\"@graph\":[{\"@type\":\"WebSite\",\"@id\":\"https:\/\/franciscanos.org.br\/noticias\/#website\",\"url\":\"https:\/\/franciscanos.org.br\/noticias\/\",\"name\":\"Not\u00edcias - Franciscanos\",\"description\":\"Prov\u00edncia Franciscana da Imaculada Concei\u00e7\u00e3o do Brasil - Ordem dos Frades Menores - OFM\",\"potentialAction\":[{\"@type\":\"SearchAction\",\"target\":{\"@type\":\"EntryPoint\",\"urlTemplate\":\"https:\/\/franciscanos.org.br\/noticias\/?s={search_term_string}\"},\"query-input\":\"required name=search_term_string\"}],\"inLanguage\":\"pt-BR\"},{\"@type\":\"ImageObject\",\"inLanguage\":\"pt-BR\",\"@id\":\"https:\/\/franciscanos.org.br\/noticias\/frei-sandro-pensar-diferente-e-um-desafio.html#primaryimage\",\"url\":\"https:\/\/franciscanos.org.br\/noticias\/wp-content\/uploads\/2019\/09\/comunica_180919-p.jpg\",\"contentUrl\":\"https:\/\/franciscanos.org.br\/noticias\/wp-content\/uploads\/2019\/09\/comunica_180919-p.jpg\",\"width\":273,\"height\":181},{\"@type\":\"WebPage\",\"@id\":\"https:\/\/franciscanos.org.br\/noticias\/frei-sandro-pensar-diferente-e-um-desafio.html#webpage\",\"url\":\"https:\/\/franciscanos.org.br\/noticias\/frei-sandro-pensar-diferente-e-um-desafio.html\",\"name\":\"Frei Sandro: \u201cPensar diferente \u00e9 um desafio\u201d - Not\u00edcias - Franciscanos\",\"isPartOf\":{\"@id\":\"https:\/\/franciscanos.org.br\/noticias\/#website\"},\"primaryImageOfPage\":{\"@id\":\"https:\/\/franciscanos.org.br\/noticias\/frei-sandro-pensar-diferente-e-um-desafio.html#primaryimage\"},\"datePublished\":\"2019-09-18T16:40:47+00:00\",\"dateModified\":\"2019-09-18T18:52:08+00:00\",\"author\":{\"@id\":\"https:\/\/franciscanos.org.br\/noticias\/#\/schema\/person\/b38fbf43118f02820bd932f2e4b14ad3\"},\"breadcrumb\":{\"@id\":\"https:\/\/franciscanos.org.br\/noticias\/frei-sandro-pensar-diferente-e-um-desafio.html#breadcrumb\"},\"inLanguage\":\"pt-BR\",\"potentialAction\":[{\"@type\":\"ReadAction\",\"target\":[\"https:\/\/franciscanos.org.br\/noticias\/frei-sandro-pensar-diferente-e-um-desafio.html\"]}]},{\"@type\":\"BreadcrumbList\",\"@id\":\"https:\/\/franciscanos.org.br\/noticias\/frei-sandro-pensar-diferente-e-um-desafio.html#breadcrumb\",\"itemListElement\":[{\"@type\":\"ListItem\",\"position\":1,\"name\":\"Home\",\"item\":\"https:\/\/franciscanos.org.br\/noticias\"},{\"@type\":\"ListItem\",\"position\":2,\"name\":\"Frei Sandro: \u201cPensar diferente \u00e9 um desafio\u201d\"}]},{\"@type\":\"Person\",\"@id\":\"https:\/\/franciscanos.org.br\/noticias\/#\/schema\/person\/b38fbf43118f02820bd932f2e4b14ad3\",\"name\":\"admin\",\"image\":{\"@type\":\"ImageObject\",\"inLanguage\":\"pt-BR\",\"@id\":\"https:\/\/franciscanos.org.br\/noticias\/#\/schema\/person\/image\/\",\"url\":\"https:\/\/secure.gravatar.com\/avatar\/e8495742d34d0ba6448ea1c628263b3e?s=96&d=mm&r=g\",\"contentUrl\":\"https:\/\/secure.gravatar.com\/avatar\/e8495742d34d0ba6448ea1c628263b3e?s=96&d=mm&r=g\",\"caption\":\"admin\"},\"url\":\"https:\/\/franciscanos.org.br\/noticias\/author\/admin\"}]}<\/script>\n<!-- \/ Yoast SEO plugin. -->","yoast_head_json":{"title":"Frei Sandro: \u201cPensar diferente \u00e9 um desafio\u201d - Not\u00edcias - Franciscanos","robots":{"index":"index","follow":"follow","max-snippet":"max-snippet:-1","max-image-preview":"max-image-preview:large","max-video-preview":"max-video-preview:-1"},"canonical":"https:\/\/franciscanos.org.br\/noticias\/frei-sandro-pensar-diferente-e-um-desafio.html","og_locale":"pt_BR","og_type":"article","og_title":"Frei Sandro: \u201cPensar diferente \u00e9 um desafio\u201d - Not\u00edcias - Franciscanos","og_description":"Frente da Comunica\u00e7\u00e3o","og_url":"https:\/\/franciscanos.org.br\/noticias\/frei-sandro-pensar-diferente-e-um-desafio.html","og_site_name":"Not\u00edcias - Franciscanos","article_published_time":"2019-09-18T16:40:47+00:00","article_modified_time":"2019-09-18T18:52:08+00:00","og_image":[{"width":273,"height":181,"url":"https:\/\/franciscanos.org.br\/noticias\/wp-content\/uploads\/2019\/09\/comunica_180919-p.jpg","type":"image\/jpeg"}],"author":"admin","twitter_card":"summary_large_image","twitter_misc":{"Escrito por":"admin","Est. tempo de leitura":"3 minutos"},"schema":{"@context":"https:\/\/schema.org","@graph":[{"@type":"WebSite","@id":"https:\/\/franciscanos.org.br\/noticias\/#website","url":"https:\/\/franciscanos.org.br\/noticias\/","name":"Not\u00edcias - Franciscanos","description":"Prov\u00edncia Franciscana da Imaculada Concei\u00e7\u00e3o do Brasil - Ordem dos Frades Menores - OFM","potentialAction":[{"@type":"SearchAction","target":{"@type":"EntryPoint","urlTemplate":"https:\/\/franciscanos.org.br\/noticias\/?s={search_term_string}"},"query-input":"required name=search_term_string"}],"inLanguage":"pt-BR"},{"@type":"ImageObject","inLanguage":"pt-BR","@id":"https:\/\/franciscanos.org.br\/noticias\/frei-sandro-pensar-diferente-e-um-desafio.html#primaryimage","url":"https:\/\/franciscanos.org.br\/noticias\/wp-content\/uploads\/2019\/09\/comunica_180919-p.jpg","contentUrl":"https:\/\/franciscanos.org.br\/noticias\/wp-content\/uploads\/2019\/09\/comunica_180919-p.jpg","width":273,"height":181},{"@type":"WebPage","@id":"https:\/\/franciscanos.org.br\/noticias\/frei-sandro-pensar-diferente-e-um-desafio.html#webpage","url":"https:\/\/franciscanos.org.br\/noticias\/frei-sandro-pensar-diferente-e-um-desafio.html","name":"Frei Sandro: \u201cPensar diferente \u00e9 um desafio\u201d - Not\u00edcias - Franciscanos","isPartOf":{"@id":"https:\/\/franciscanos.org.br\/noticias\/#website"},"primaryImageOfPage":{"@id":"https:\/\/franciscanos.org.br\/noticias\/frei-sandro-pensar-diferente-e-um-desafio.html#primaryimage"},"datePublished":"2019-09-18T16:40:47+00:00","dateModified":"2019-09-18T18:52:08+00:00","author":{"@id":"https:\/\/franciscanos.org.br\/noticias\/#\/schema\/person\/b38fbf43118f02820bd932f2e4b14ad3"},"breadcrumb":{"@id":"https:\/\/franciscanos.org.br\/noticias\/frei-sandro-pensar-diferente-e-um-desafio.html#breadcrumb"},"inLanguage":"pt-BR","potentialAction":[{"@type":"ReadAction","target":["https:\/\/franciscanos.org.br\/noticias\/frei-sandro-pensar-diferente-e-um-desafio.html"]}]},{"@type":"BreadcrumbList","@id":"https:\/\/franciscanos.org.br\/noticias\/frei-sandro-pensar-diferente-e-um-desafio.html#breadcrumb","itemListElement":[{"@type":"ListItem","position":1,"name":"Home","item":"https:\/\/franciscanos.org.br\/noticias"},{"@type":"ListItem","position":2,"name":"Frei Sandro: \u201cPensar diferente \u00e9 um desafio\u201d"}]},{"@type":"Person","@id":"https:\/\/franciscanos.org.br\/noticias\/#\/schema\/person\/b38fbf43118f02820bd932f2e4b14ad3","name":"admin","image":{"@type":"ImageObject","inLanguage":"pt-BR","@id":"https:\/\/franciscanos.org.br\/noticias\/#\/schema\/person\/image\/","url":"https:\/\/secure.gravatar.com\/avatar\/e8495742d34d0ba6448ea1c628263b3e?s=96&d=mm&r=g","contentUrl":"https:\/\/secure.gravatar.com\/avatar\/e8495742d34d0ba6448ea1c628263b3e?s=96&d=mm&r=g","caption":"admin"},"url":"https:\/\/franciscanos.org.br\/noticias\/author\/admin"}]}},"_links":{"self":[{"href":"https:\/\/franciscanos.org.br\/noticias\/wp-json\/wp\/v2\/posts\/211188"}],"collection":[{"href":"https:\/\/franciscanos.org.br\/noticias\/wp-json\/wp\/v2\/posts"}],"about":[{"href":"https:\/\/franciscanos.org.br\/noticias\/wp-json\/wp\/v2\/types\/post"}],"author":[{"embeddable":true,"href":"https:\/\/franciscanos.org.br\/noticias\/wp-json\/wp\/v2\/users\/1"}],"replies":[{"embeddable":true,"href":"https:\/\/franciscanos.org.br\/noticias\/wp-json\/wp\/v2\/comments?post=211188"}],"version-history":[{"count":0,"href":"https:\/\/franciscanos.org.br\/noticias\/wp-json\/wp\/v2\/posts\/211188\/revisions"}],"wp:featuredmedia":[{"embeddable":true,"href":"https:\/\/franciscanos.org.br\/noticias\/wp-json\/wp\/v2\/media\/211190"}],"wp:attachment":[{"href":"https:\/\/franciscanos.org.br\/noticias\/wp-json\/wp\/v2\/media?parent=211188"}],"wp:term":[{"taxonomy":"category","embeddable":true,"href":"https:\/\/franciscanos.org.br\/noticias\/wp-json\/wp\/v2\/categories?post=211188"},{"taxonomy":"post_tag","embeddable":true,"href":"https:\/\/franciscanos.org.br\/noticias\/wp-json\/wp\/v2\/tags?post=211188"}],"curies":[{"name":"wp","href":"https:\/\/api.w.org\/{rel}","templated":true}]}}