{"id":211124,"date":"2019-09-18T08:30:34","date_gmt":"2019-09-18T11:30:34","guid":{"rendered":"https:\/\/franciscanos.org.br\/noticias\/?p=211124"},"modified":"2021-01-18T14:22:21","modified_gmt":"2021-01-18T17:22:21","slug":"suicidio-quando-a-vida-perde-sentido-para-os-idosos","status":"publish","type":"post","link":"https:\/\/franciscanos.org.br\/noticias\/suicidio-quando-a-vida-perde-sentido-para-os-idosos.html","title":{"rendered":"Suic\u00eddio: quando a vida perde sentido para os idosos"},"content":{"rendered":"<p>&nbsp;<\/p>\n<div id=\"attachment_230451\" style=\"width: 1090px\" class=\"wp-caption alignnone\"><img aria-describedby=\"caption-attachment-230451\" loading=\"lazy\" class=\"wp-image-230451 size-full\" src=\"https:\/\/franciscanos.org.br\/noticias\/wp-content\/uploads\/2019\/09\/serie_01.png\" alt=\"\" width=\"1080\" height=\"708\" srcset=\"https:\/\/franciscanos.org.br\/noticias\/wp-content\/uploads\/2019\/09\/serie_01.png 1080w, https:\/\/franciscanos.org.br\/noticias\/wp-content\/uploads\/2019\/09\/serie_01-450x295.png 450w, https:\/\/franciscanos.org.br\/noticias\/wp-content\/uploads\/2019\/09\/serie_01-1024x671.png 1024w, https:\/\/franciscanos.org.br\/noticias\/wp-content\/uploads\/2019\/09\/serie_01-768x503.png 768w, https:\/\/franciscanos.org.br\/noticias\/wp-content\/uploads\/2019\/09\/serie_01-150x98.png 150w\" sizes=\"(max-width: 1080px) 100vw, 1080px\" \/><p id=\"caption-attachment-230451\" class=\"wp-caption-text\"><em>\u00a0 \u00a0 \u00a0 \u00a0 \u00a0 \u00a0 \u00a0 \u00a0 \u00a0 \u00a0 \u00a0 \u00a0 \u00a0 \u00a0 \u00a0 \u00a0 \u00a0 \u00a0 \u00a0 \u00a0 \u00a0 \u00a0 \u00a0 \u00a0 \u00a0 \u00a0 \u00a0 \u00a0 \u00a0 \u00a0 \u00a0 \u00a0 \u00a0 \u00a0 \u00a0 \u00a0 \u00a0 \u00a0 \u00a0 \u00a0 \u00a0 \u00a0 \u00a0 \u00a0 \u00a0 \u00a0 \u00a0 \u00a0 \u00a0 \u00a0 \u00a0 \u00a0 \u00a0 \u00a0 \u00a0 \u00a0 \u00a0 \u00a0 \u00a0 \u00a0 \u00a0 \u00a0 \u00a0 \u00a0 \u00a0 \u00a0 \u00a0 \u00a0 \u00a0 \u00a0 \u00a0 \u00a0 \u00a0 \u00a0 \u00a0 \u00a0 \u00a0 \u00a0 \u00a0 \u00a0 \u00a0 \u00a0 \u00a0 \u00a0 \u00a0 \u00a0Imagem ilustrativa (fonte: Canva)<\/em><\/p><\/div>\n<p><strong>S\u00e3o Paulo (SP) &#8211; <\/strong>A \u201ccultura do descarte\u201d, como denuncia o Papa Francisco nas enc\u00edclicas<em> Laudato Si\u2019 e Amoris Laetitia<\/em>, \u00e9 um dos motivos que levam os idosos brasileiros ao entristecimento, depress\u00e3o e suic\u00eddio. Este \u00e9 o tema abordado na terceira parte da s\u00e9rie de entrevistas sobre <strong>Setembro Amarelo e a preven\u00e7\u00e3o ao suic\u00eddio<\/strong>, produzida pela Prov\u00edncia Franciscana da Imaculada Concei\u00e7\u00e3o, atrav\u00e9s da Frente de Evangeliza\u00e7\u00e3o da Comunica\u00e7\u00e3o.<\/p>\n<p>O \u00edndice de suic\u00eddios na terceira idade \u00e9 preocupante. Na m\u00e9dia nacional, a cada 100 mil habitantes, 5,5 pessoas cometem suic\u00eddio.\u00a0 Acima dos setenta anos, a m\u00e9dia quase duplica. A cada 100 mil habitantes, h\u00e1 8,9 idosos se suicidando. Isso sem contar as tentativas de suic\u00eddio e as subnotifica\u00e7\u00f5es \u2013 quando a morte \u00e9 declarada, mas n\u00e3o \u00e9 notificado o motivo, n\u00e3o entrando nas estat\u00edsticas. Na Am\u00e9rica Latina, a m\u00e9dia \u00e9 de 16,8 por 100 mil habitantes. Percebe-se, ent\u00e3o, que as pessoas que est\u00e3o nas extremidades da vida &#8211; inf\u00e2ncia, adolesc\u00eancia e velhice \u2013 s\u00e3o as que est\u00e3o mais propensas a cometer suic\u00eddio.<\/p>\n<p>S\u00e3o muitas raz\u00f5es que podem levar um idoso a p\u00f4r fim na pr\u00f3pria vida. Segundo Talita Baldin, professora da Universidade Salgado de Oliveira, em Niter\u00f3i (RJ), e doutoranda em Psicologia pela Universidade Federal Fluminense, o transtorno ps\u00edquico, o isolamento social, a perda de familiares pr\u00f3ximos e a perda de sentido de utilidade na sociedade podem ser apontadas como causas para o aumento destes casos.<\/p>\n<p>\u201cNa maior parte das vezes, a aposentadoria representa um rompimento brusco, porque no Brasil n\u00e3o existe a cultura de planejar a aposentadoria de forma consistente. Aposentar-se significa romper abruptamente com a rotina de trabalho e com o ciclo de pessoas formado durante a vida\u201d, aponta Talita. Outro problema pontual desta fase \u00e9 a mudan\u00e7a na renda familiar, com um decr\u00e9scimo monet\u00e1rio e aumento nos gastos com medicamentos. Com o isolamento social e baixa renda, os idosos tendem a se entristecer, o que pode levar a um quadro depressivo, que quando n\u00e3o tratado, pode culminar no suic\u00eddio.<\/p>\n<p>Outra caracter\u00edstica da vida na terceira idade \u00e9 a morte de c\u00f4njuges e familiares, aumentando ainda mais o sentimento de solid\u00e3o e deslocamento. \u201cDo ponto de vista psicol\u00f3gico, s\u00e3o pessoas que come\u00e7am a perder seus c\u00f4njuges, irm\u00e3os, amigos. Isso vai dando \u00e0 pessoa um sentimento de abandono, um vazio, a ideia de n\u00e3o fazer falta ou n\u00e3o servir para nada. E esse nada \u00e9 muito cheio de significados, pois a pessoa era muito ativa em todos os seus contextos e, de repente, sente-se substitu\u00edvel\u201d, aponta Baldin.<\/p>\n<p>Uma forma de ajudar os idosos a passarem por este processo \u00e9 inclui-los na vida familiar, ouvindo com aten\u00e7\u00e3o e paci\u00eancia suas partilhas e incentiv\u00e1-los permanecerem ativos, atrav\u00e9s de atividades promovidas especificamente para a pessoa idosa. Baldin cita, por exemplo, as universidades para a Terceira Idade. \u201cEstes s\u00e3o espa\u00e7os em que eles podem aprender algo novo, ensinar aquilo que eles sabem e socializar, mantendo rela\u00e7\u00f5es, trocando afeto. Isso \u00e9 extremamente importante em qualquer fase da vida e, na velhice, \u00e9 muito mais necess\u00e1rio, porque \u00e9 a forma de garantir v\u00ednculos\u201d, explica Talita.<\/p>\n<p>Ou\u00e7a abaixo a terceira parte da s\u00e9rie de entrevistas. Ao todo, ser\u00e3o sete epis\u00f3dios abordando diferentes aspectos do suic\u00eddio, disponibilizados em \u00e1udio no\u00a0<a href=\"https:\/\/soundcloud.com\/provincia-franciscana\">Soundcloud<\/a>,\u00a0<a href=\"https:\/\/open.spotify.com\/episode\/4Lsjydt2j3wVouLeVlcoNP\" target=\"_blank\" rel=\"noopener noreferrer\">Spotify<\/a>, <a href=\"https:\/\/www.deezer.com\/br\/show\/512502\" target=\"_blank\" rel=\"noopener noreferrer\">Deezer<\/a> e outros agregadores de\u00a0<em>podcast<\/em>.<\/p>\n","protected":false},"excerpt":{"rendered":"<p>Frente da Comunica\u00e7\u00e3o<\/p>\n","protected":false},"author":1,"featured_media":230452,"comment_status":"open","ping_status":"open","sticky":false,"template":"","format":"standard","meta":[],"categories":[1],"tags":[550],"acf":[],"yoast_head":"<!-- This site is optimized with the Yoast SEO plugin v19.2 - https:\/\/yoast.com\/wordpress\/plugins\/seo\/ -->\n<title>Suic\u00eddio: quando a vida perde sentido para os idosos - Not\u00edcias - Franciscanos<\/title>\n<meta name=\"robots\" content=\"index, follow, max-snippet:-1, max-image-preview:large, max-video-preview:-1\" \/>\n<link rel=\"canonical\" href=\"https:\/\/franciscanos.org.br\/noticias\/suicidio-quando-a-vida-perde-sentido-para-os-idosos.html\" \/>\n<meta property=\"og:locale\" content=\"pt_BR\" \/>\n<meta property=\"og:type\" content=\"article\" \/>\n<meta property=\"og:title\" content=\"Suic\u00eddio: quando a vida perde sentido para os idosos - Not\u00edcias - Franciscanos\" \/>\n<meta property=\"og:description\" content=\"Frente da Comunica\u00e7\u00e3o\" \/>\n<meta property=\"og:url\" content=\"https:\/\/franciscanos.org.br\/noticias\/suicidio-quando-a-vida-perde-sentido-para-os-idosos.html\" \/>\n<meta property=\"og:site_name\" content=\"Not\u00edcias - Franciscanos\" \/>\n<meta property=\"article:published_time\" content=\"2019-09-18T11:30:34+00:00\" \/>\n<meta property=\"article:modified_time\" content=\"2021-01-18T17:22:21+00:00\" \/>\n<meta property=\"og:image\" content=\"https:\/\/franciscanos.org.br\/noticias\/wp-content\/uploads\/2019\/09\/serie_01d.png\" \/>\n\t<meta property=\"og:image:width\" content=\"800\" \/>\n\t<meta property=\"og:image:height\" content=\"600\" \/>\n\t<meta property=\"og:image:type\" content=\"image\/png\" \/>\n<meta name=\"author\" content=\"admin\" \/>\n<meta name=\"twitter:card\" content=\"summary_large_image\" \/>\n<meta name=\"twitter:label1\" content=\"Escrito por\" \/>\n\t<meta name=\"twitter:data1\" content=\"admin\" \/>\n\t<meta name=\"twitter:label2\" content=\"Est. tempo de leitura\" \/>\n\t<meta name=\"twitter:data2\" content=\"3 minutos\" \/>\n<script type=\"application\/ld+json\" class=\"yoast-schema-graph\">{\"@context\":\"https:\/\/schema.org\",\"@graph\":[{\"@type\":\"WebSite\",\"@id\":\"https:\/\/franciscanos.org.br\/noticias\/#website\",\"url\":\"https:\/\/franciscanos.org.br\/noticias\/\",\"name\":\"Not\u00edcias - Franciscanos\",\"description\":\"Prov\u00edncia Franciscana da Imaculada Concei\u00e7\u00e3o do Brasil - Ordem dos Frades Menores - OFM\",\"potentialAction\":[{\"@type\":\"SearchAction\",\"target\":{\"@type\":\"EntryPoint\",\"urlTemplate\":\"https:\/\/franciscanos.org.br\/noticias\/?s={search_term_string}\"},\"query-input\":\"required name=search_term_string\"}],\"inLanguage\":\"pt-BR\"},{\"@type\":\"ImageObject\",\"inLanguage\":\"pt-BR\",\"@id\":\"https:\/\/franciscanos.org.br\/noticias\/suicidio-quando-a-vida-perde-sentido-para-os-idosos.html#primaryimage\",\"url\":\"https:\/\/franciscanos.org.br\/noticias\/wp-content\/uploads\/2019\/09\/serie_01d.png\",\"contentUrl\":\"https:\/\/franciscanos.org.br\/noticias\/wp-content\/uploads\/2019\/09\/serie_01d.png\",\"width\":800,\"height\":600},{\"@type\":\"WebPage\",\"@id\":\"https:\/\/franciscanos.org.br\/noticias\/suicidio-quando-a-vida-perde-sentido-para-os-idosos.html#webpage\",\"url\":\"https:\/\/franciscanos.org.br\/noticias\/suicidio-quando-a-vida-perde-sentido-para-os-idosos.html\",\"name\":\"Suic\u00eddio: quando a vida perde sentido para os idosos - Not\u00edcias - Franciscanos\",\"isPartOf\":{\"@id\":\"https:\/\/franciscanos.org.br\/noticias\/#website\"},\"primaryImageOfPage\":{\"@id\":\"https:\/\/franciscanos.org.br\/noticias\/suicidio-quando-a-vida-perde-sentido-para-os-idosos.html#primaryimage\"},\"datePublished\":\"2019-09-18T11:30:34+00:00\",\"dateModified\":\"2021-01-18T17:22:21+00:00\",\"author\":{\"@id\":\"https:\/\/franciscanos.org.br\/noticias\/#\/schema\/person\/b38fbf43118f02820bd932f2e4b14ad3\"},\"breadcrumb\":{\"@id\":\"https:\/\/franciscanos.org.br\/noticias\/suicidio-quando-a-vida-perde-sentido-para-os-idosos.html#breadcrumb\"},\"inLanguage\":\"pt-BR\",\"potentialAction\":[{\"@type\":\"ReadAction\",\"target\":[\"https:\/\/franciscanos.org.br\/noticias\/suicidio-quando-a-vida-perde-sentido-para-os-idosos.html\"]}]},{\"@type\":\"BreadcrumbList\",\"@id\":\"https:\/\/franciscanos.org.br\/noticias\/suicidio-quando-a-vida-perde-sentido-para-os-idosos.html#breadcrumb\",\"itemListElement\":[{\"@type\":\"ListItem\",\"position\":1,\"name\":\"Home\",\"item\":\"https:\/\/franciscanos.org.br\/noticias\"},{\"@type\":\"ListItem\",\"position\":2,\"name\":\"Suic\u00eddio: quando a vida perde sentido para os idosos\"}]},{\"@type\":\"Person\",\"@id\":\"https:\/\/franciscanos.org.br\/noticias\/#\/schema\/person\/b38fbf43118f02820bd932f2e4b14ad3\",\"name\":\"admin\",\"image\":{\"@type\":\"ImageObject\",\"inLanguage\":\"pt-BR\",\"@id\":\"https:\/\/franciscanos.org.br\/noticias\/#\/schema\/person\/image\/\",\"url\":\"https:\/\/secure.gravatar.com\/avatar\/e8495742d34d0ba6448ea1c628263b3e?s=96&d=mm&r=g\",\"contentUrl\":\"https:\/\/secure.gravatar.com\/avatar\/e8495742d34d0ba6448ea1c628263b3e?s=96&d=mm&r=g\",\"caption\":\"admin\"},\"url\":\"https:\/\/franciscanos.org.br\/noticias\/author\/admin\"}]}<\/script>\n<!-- \/ Yoast SEO plugin. -->","yoast_head_json":{"title":"Suic\u00eddio: quando a vida perde sentido para os idosos - Not\u00edcias - Franciscanos","robots":{"index":"index","follow":"follow","max-snippet":"max-snippet:-1","max-image-preview":"max-image-preview:large","max-video-preview":"max-video-preview:-1"},"canonical":"https:\/\/franciscanos.org.br\/noticias\/suicidio-quando-a-vida-perde-sentido-para-os-idosos.html","og_locale":"pt_BR","og_type":"article","og_title":"Suic\u00eddio: quando a vida perde sentido para os idosos - Not\u00edcias - Franciscanos","og_description":"Frente da Comunica\u00e7\u00e3o","og_url":"https:\/\/franciscanos.org.br\/noticias\/suicidio-quando-a-vida-perde-sentido-para-os-idosos.html","og_site_name":"Not\u00edcias - Franciscanos","article_published_time":"2019-09-18T11:30:34+00:00","article_modified_time":"2021-01-18T17:22:21+00:00","og_image":[{"width":800,"height":600,"url":"https:\/\/franciscanos.org.br\/noticias\/wp-content\/uploads\/2019\/09\/serie_01d.png","type":"image\/png"}],"author":"admin","twitter_card":"summary_large_image","twitter_misc":{"Escrito por":"admin","Est. tempo de leitura":"3 minutos"},"schema":{"@context":"https:\/\/schema.org","@graph":[{"@type":"WebSite","@id":"https:\/\/franciscanos.org.br\/noticias\/#website","url":"https:\/\/franciscanos.org.br\/noticias\/","name":"Not\u00edcias - Franciscanos","description":"Prov\u00edncia Franciscana da Imaculada Concei\u00e7\u00e3o do Brasil - Ordem dos Frades Menores - OFM","potentialAction":[{"@type":"SearchAction","target":{"@type":"EntryPoint","urlTemplate":"https:\/\/franciscanos.org.br\/noticias\/?s={search_term_string}"},"query-input":"required name=search_term_string"}],"inLanguage":"pt-BR"},{"@type":"ImageObject","inLanguage":"pt-BR","@id":"https:\/\/franciscanos.org.br\/noticias\/suicidio-quando-a-vida-perde-sentido-para-os-idosos.html#primaryimage","url":"https:\/\/franciscanos.org.br\/noticias\/wp-content\/uploads\/2019\/09\/serie_01d.png","contentUrl":"https:\/\/franciscanos.org.br\/noticias\/wp-content\/uploads\/2019\/09\/serie_01d.png","width":800,"height":600},{"@type":"WebPage","@id":"https:\/\/franciscanos.org.br\/noticias\/suicidio-quando-a-vida-perde-sentido-para-os-idosos.html#webpage","url":"https:\/\/franciscanos.org.br\/noticias\/suicidio-quando-a-vida-perde-sentido-para-os-idosos.html","name":"Suic\u00eddio: quando a vida perde sentido para os idosos - Not\u00edcias - Franciscanos","isPartOf":{"@id":"https:\/\/franciscanos.org.br\/noticias\/#website"},"primaryImageOfPage":{"@id":"https:\/\/franciscanos.org.br\/noticias\/suicidio-quando-a-vida-perde-sentido-para-os-idosos.html#primaryimage"},"datePublished":"2019-09-18T11:30:34+00:00","dateModified":"2021-01-18T17:22:21+00:00","author":{"@id":"https:\/\/franciscanos.org.br\/noticias\/#\/schema\/person\/b38fbf43118f02820bd932f2e4b14ad3"},"breadcrumb":{"@id":"https:\/\/franciscanos.org.br\/noticias\/suicidio-quando-a-vida-perde-sentido-para-os-idosos.html#breadcrumb"},"inLanguage":"pt-BR","potentialAction":[{"@type":"ReadAction","target":["https:\/\/franciscanos.org.br\/noticias\/suicidio-quando-a-vida-perde-sentido-para-os-idosos.html"]}]},{"@type":"BreadcrumbList","@id":"https:\/\/franciscanos.org.br\/noticias\/suicidio-quando-a-vida-perde-sentido-para-os-idosos.html#breadcrumb","itemListElement":[{"@type":"ListItem","position":1,"name":"Home","item":"https:\/\/franciscanos.org.br\/noticias"},{"@type":"ListItem","position":2,"name":"Suic\u00eddio: quando a vida perde sentido para os idosos"}]},{"@type":"Person","@id":"https:\/\/franciscanos.org.br\/noticias\/#\/schema\/person\/b38fbf43118f02820bd932f2e4b14ad3","name":"admin","image":{"@type":"ImageObject","inLanguage":"pt-BR","@id":"https:\/\/franciscanos.org.br\/noticias\/#\/schema\/person\/image\/","url":"https:\/\/secure.gravatar.com\/avatar\/e8495742d34d0ba6448ea1c628263b3e?s=96&d=mm&r=g","contentUrl":"https:\/\/secure.gravatar.com\/avatar\/e8495742d34d0ba6448ea1c628263b3e?s=96&d=mm&r=g","caption":"admin"},"url":"https:\/\/franciscanos.org.br\/noticias\/author\/admin"}]}},"_links":{"self":[{"href":"https:\/\/franciscanos.org.br\/noticias\/wp-json\/wp\/v2\/posts\/211124"}],"collection":[{"href":"https:\/\/franciscanos.org.br\/noticias\/wp-json\/wp\/v2\/posts"}],"about":[{"href":"https:\/\/franciscanos.org.br\/noticias\/wp-json\/wp\/v2\/types\/post"}],"author":[{"embeddable":true,"href":"https:\/\/franciscanos.org.br\/noticias\/wp-json\/wp\/v2\/users\/1"}],"replies":[{"embeddable":true,"href":"https:\/\/franciscanos.org.br\/noticias\/wp-json\/wp\/v2\/comments?post=211124"}],"version-history":[{"count":6,"href":"https:\/\/franciscanos.org.br\/noticias\/wp-json\/wp\/v2\/posts\/211124\/revisions"}],"predecessor-version":[{"id":230455,"href":"https:\/\/franciscanos.org.br\/noticias\/wp-json\/wp\/v2\/posts\/211124\/revisions\/230455"}],"wp:featuredmedia":[{"embeddable":true,"href":"https:\/\/franciscanos.org.br\/noticias\/wp-json\/wp\/v2\/media\/230452"}],"wp:attachment":[{"href":"https:\/\/franciscanos.org.br\/noticias\/wp-json\/wp\/v2\/media?parent=211124"}],"wp:term":[{"taxonomy":"category","embeddable":true,"href":"https:\/\/franciscanos.org.br\/noticias\/wp-json\/wp\/v2\/categories?post=211124"},{"taxonomy":"post_tag","embeddable":true,"href":"https:\/\/franciscanos.org.br\/noticias\/wp-json\/wp\/v2\/tags?post=211124"}],"curies":[{"name":"wp","href":"https:\/\/api.w.org\/{rel}","templated":true}]}}