{"id":211075,"date":"2019-09-17T08:39:47","date_gmt":"2019-09-17T11:39:47","guid":{"rendered":"https:\/\/franciscanos.org.br\/noticias\/?p=211075"},"modified":"2019-09-18T15:56:44","modified_gmt":"2019-09-18T18:56:44","slug":"22o-dia-de-navegacao-17-de-setembro","status":"publish","type":"post","link":"https:\/\/franciscanos.org.br\/noticias\/22o-dia-de-navegacao-17-de-setembro.html","title":{"rendered":"22\u00ba Dia de Navega\u00e7\u00e3o \u2013 17 de Setembro"},"content":{"rendered":"<p><img loading=\"lazy\" src=\"https:\/\/franciscanos.org.br\/noticias\/wp-content\/uploads\/2019\/09\/cabecalho.jpg\" alt=\"\" width=\"1200\" height=\"450\" \/><\/p>\n<h3><strong><img loading=\"lazy\" class=\"size-full wp-image-211076 alignright\" src=\"https:\/\/franciscanos.org.br\/noticias\/wp-content\/uploads\/2019\/09\/Dia-22.jpg\" alt=\"\" width=\"350\" height=\"496\" srcset=\"https:\/\/franciscanos.org.br\/noticias\/wp-content\/uploads\/2019\/09\/Dia-22.jpg 350w, https:\/\/franciscanos.org.br\/noticias\/wp-content\/uploads\/2019\/09\/Dia-22-318x450.jpg 318w, https:\/\/franciscanos.org.br\/noticias\/wp-content\/uploads\/2019\/09\/Dia-22-150x213.jpg 150w\" sizes=\"(max-width: 350px) 100vw, 350px\" \/>PETI\u00c7\u00c3O PERMANENTE PARA O S\u00cdNODO<\/strong><br \/>\n<strong>AMAZ\u00d4NICO NO IN\u00cdCIO DE CADA DIA:<\/strong><\/h3>\n<p style=\"padding-left: 40px;\"><em>\u201cQue o Deus da vida e da beleza, o Esp\u00edrito Santo que nos <\/em><em>impulsiona para mais fraternidade, unidade e dignidade, o <\/em><em>Cristo encarnado da Boa Nova, da incultura\u00e7\u00e3o e da <\/em><em>interculturalidade nos proporcionem serenidade, discernimento <\/em><em>e coragem para encontrar novos caminhos para a Igreja e para <\/em><em>uma ecologia integral neste S\u00ednodo Amaz\u00f4nico. Tudo isso para o <\/em><em>bem e a vida de seus povos e comunidades, e para caminhar mais <\/em><em>juntos pelo Reino\u201d.<\/em><\/p>\n<p>Medite por alguns momentos neste pedido inicial, busque a calma interior para entrar neste momento para navegar pelas \u00e1guas da Amaz\u00f4nia e a vida da Igreja a servi\u00e7o de seus povos e comunidades, e para ouvir o chamado de Deus atrav\u00e9s de sua palavra viva.<\/p>\n<p><strong>Leitura do dia (cada um e cada uma s\u00e3o convidados a <\/strong><strong>aprofundar a leitura completa de acordo com suas <\/strong><strong>pr\u00f3prias necessidades e crit\u00e9rios):<\/strong><\/p>\n<p>1 Tim\u00f3teo 3, 1-13 (fragmento)<\/p>\n<p>&#8220;Caro irm\u00e3o: Eis uma coisa certa: quem aspira ao episcopado, saiba que est\u00e1 desejando uma fun\u00e7\u00e3o sublime. Porque o bispo tem o dever de ser irrepreens\u00edvel, casado uma s\u00f3 vez, s\u00f3brio, prudente, regrado no seu proceder, hospitaleiro, capaz de ensinar. N\u00e3o deve ser dado a bebidas, nem violento, mas condescendente, pac\u00edfico, desinteressado; deve saber governar bem a sua casa, educar os seus filhos na obedi\u00eancia e na castidade. Pois quem n\u00e3o sabe governar a sua pr\u00f3pria casa, como ter\u00e1 cuidado da Igreja de Deus? (&#8230;) Do mesmo modo, os di\u00e1conos sejam honestos, n\u00e3o de duas atitudes nem propensos ao excesso da bebida e ao esp\u00edrito de lucro; que guardem o mist\u00e9rio da f\u00e9 numa consci\u00eancia pura. Antes de poderem exercer o seu minist\u00e9rio, sejam provados para que se tenha certeza de que s\u00e3o irrepreens\u00edveis. As mulheres tamb\u00e9m sejam honestas, n\u00e3o difamadoras, mas s\u00f3brias e fi\u00e9is em tudo (&#8230;).<\/p>\n<p><strong>Reflex\u00e3o sob a perspectiva do S\u00ednodo Amaz\u00f4nico:<\/strong><\/p>\n<p>Este S\u00ednodo, \u00e0 luz desta leitura, nos convida a recuperar a mem\u00f3ria viva de nosso percurso eclesial em suas origens, e assim entender a gra\u00e7a do caminho percorrido, mas tamb\u00e9m a discernir o que foi propriamente mandato de Jesus, e o que tem sido uma tradi\u00e7\u00e3o em mudan\u00e7a ao longo do tempo, de acordo com contextos, necessidades e discernimentos espec\u00edficos. Embora tenhamos que ter muito cuidado para n\u00e3o cair em generaliza\u00e7\u00f5es, uma vez que \u00e9 necess\u00e1rio um bom estudo das quest\u00f5es, \u00e9 importante saber que os modos dos servi\u00e7os eclesiais e dos minist\u00e9rios foram desenvolvidos diferentemente na origem. \u00c9 muito esclarecedor para este S\u00ednodo, na leitura do dia, reconhecer o perfil do bispo e sua voca\u00e7\u00e3o para o servi\u00e7o, seu relacionamento com a comunidade como membro dela e seu exerc\u00edcio realizado desde um minist\u00e9rio em fam\u00edlia, casado. O mesmo se aplica ao precioso minist\u00e9rio do diaconato, que nesta leitura revela as origens de uma fun\u00e7\u00e3o que exigia um tipo de pessoa fiel na f\u00e9 e em sua vida, e um servi\u00e7o profundamente ligado \u00e0 sua identidade leiga, tamb\u00e9m intimamente associada \u00e0 sua experi\u00eancia de vida compartilhada no casamento, de modo que o perfil e o pr\u00f3prio valor e o testemunho de sua esposa era igualmente importante. Pe\u00e7amos a Deus o poder de discernir Sua vontade com absoluto respeito pelas v\u00e1rias voca\u00e7\u00f5es de servi\u00e7o na Igreja, mas tamb\u00e9m reconhecendo a hist\u00f3ria para reconhecer nela express\u00f5es que podem iluminar os novos caminhos.<\/p>\n<p><strong>CONTEMPLA\u00c7\u00c3O<\/strong><\/p>\n<p style=\"padding-left: 40px;\"><em>Contemplemos a imagem deste dia e tomemos um momento para <\/em><em>reconhecer nossa pr\u00f3pria vida e experi\u00eancia na Igreja e ao servi\u00e7o <\/em><em>da Amaz\u00f4nia para pedir luz nesta palavra de Deus em <\/em><em>prepara\u00e7\u00e3o para o S\u00ednodo. Escrever meus pedidos particulares e <\/em><em>permanecer neles durante este dia. Convidamos voc\u00ea a manter <\/em><em>um registro de tudo o que o Esp\u00edrito nos provoca como <\/em><em>prepara\u00e7\u00e3o interior para o S\u00ednodo AMAZ\u00d4NICO.<\/em><\/p>\n<h3><strong>Cita\u00e7\u00e3o para fechar a medita\u00e7\u00e3o:<\/strong><\/h3>\n<h5 style=\"padding-left: 40px;\"><em><strong>EVANGELII GAUDIUM No. 103<\/strong><\/em><\/h5>\n<p style=\"padding-left: 40px;\">A Igreja reconhece a indispens\u00e1vel contribui\u00e7\u00e3o da mulher na sociedade, com uma sensibilidade, uma intui\u00e7\u00e3o e certas capacidades peculiares, que habitualmente s\u00e3o mais pr\u00f3prias das mulheres que dos homens. (&#8230;) Vejo, com prazer, como muitas mulheres partilham responsabilidades pastorais juntamente com os sacerdotes, contribuem para o acompanhamento de pessoas, fam\u00edlias ou grupos e prestam novas contribui\u00e7\u00f5es para a reflex\u00e3o teol\u00f3gica. Mas ainda \u00e9 preciso ampliar os espa\u00e7os para uma presen\u00e7a feminina mais incisiva na Igreja.<\/p>\n","protected":false},"excerpt":{"rendered":"<p>40 DIAS PELO RIO<\/p>\n","protected":false},"author":7,"featured_media":210458,"comment_status":"open","ping_status":"open","sticky":false,"template":"","format":"standard","meta":[],"categories":[1528],"tags":[],"acf":[],"yoast_head":"<!-- This site is optimized with the Yoast SEO plugin v19.2 - https:\/\/yoast.com\/wordpress\/plugins\/seo\/ -->\n<title>22\u00ba Dia de Navega\u00e7\u00e3o \u2013 17 de Setembro - Not\u00edcias - Franciscanos<\/title>\n<meta name=\"robots\" content=\"index, follow, max-snippet:-1, max-image-preview:large, max-video-preview:-1\" \/>\n<link rel=\"canonical\" href=\"https:\/\/franciscanos.org.br\/noticias\/22o-dia-de-navegacao-17-de-setembro.html\" \/>\n<meta property=\"og:locale\" content=\"pt_BR\" \/>\n<meta property=\"og:type\" content=\"article\" \/>\n<meta property=\"og:title\" content=\"22\u00ba Dia de Navega\u00e7\u00e3o \u2013 17 de Setembro - Not\u00edcias - Franciscanos\" \/>\n<meta property=\"og:description\" content=\"40 DIAS PELO RIO\" \/>\n<meta property=\"og:url\" content=\"https:\/\/franciscanos.org.br\/noticias\/22o-dia-de-navegacao-17-de-setembro.html\" \/>\n<meta property=\"og:site_name\" content=\"Not\u00edcias - Franciscanos\" \/>\n<meta property=\"article:published_time\" content=\"2019-09-17T11:39:47+00:00\" \/>\n<meta property=\"article:modified_time\" content=\"2019-09-18T18:56:44+00:00\" \/>\n<meta property=\"og:image\" content=\"https:\/\/franciscanos.org.br\/noticias\/wp-content\/uploads\/2019\/09\/273.jpg\" \/>\n\t<meta property=\"og:image:width\" content=\"273\" \/>\n\t<meta property=\"og:image:height\" content=\"181\" \/>\n\t<meta property=\"og:image:type\" content=\"image\/jpeg\" \/>\n<meta name=\"author\" content=\"jovenal\" \/>\n<meta name=\"twitter:card\" content=\"summary_large_image\" \/>\n<meta name=\"twitter:label1\" content=\"Escrito por\" \/>\n\t<meta name=\"twitter:data1\" content=\"jovenal\" \/>\n\t<meta name=\"twitter:label2\" content=\"Est. tempo de leitura\" \/>\n\t<meta name=\"twitter:data2\" content=\"4 minutos\" \/>\n<script type=\"application\/ld+json\" class=\"yoast-schema-graph\">{\"@context\":\"https:\/\/schema.org\",\"@graph\":[{\"@type\":\"WebSite\",\"@id\":\"https:\/\/franciscanos.org.br\/noticias\/#website\",\"url\":\"https:\/\/franciscanos.org.br\/noticias\/\",\"name\":\"Not\u00edcias - Franciscanos\",\"description\":\"Prov\u00edncia Franciscana da Imaculada Concei\u00e7\u00e3o do Brasil - Ordem dos Frades Menores - OFM\",\"potentialAction\":[{\"@type\":\"SearchAction\",\"target\":{\"@type\":\"EntryPoint\",\"urlTemplate\":\"https:\/\/franciscanos.org.br\/noticias\/?s={search_term_string}\"},\"query-input\":\"required name=search_term_string\"}],\"inLanguage\":\"pt-BR\"},{\"@type\":\"ImageObject\",\"inLanguage\":\"pt-BR\",\"@id\":\"https:\/\/franciscanos.org.br\/noticias\/22o-dia-de-navegacao-17-de-setembro.html#primaryimage\",\"url\":\"https:\/\/franciscanos.org.br\/noticias\/wp-content\/uploads\/2019\/09\/273.jpg\",\"contentUrl\":\"https:\/\/franciscanos.org.br\/noticias\/wp-content\/uploads\/2019\/09\/273.jpg\",\"width\":273,\"height\":181},{\"@type\":\"WebPage\",\"@id\":\"https:\/\/franciscanos.org.br\/noticias\/22o-dia-de-navegacao-17-de-setembro.html#webpage\",\"url\":\"https:\/\/franciscanos.org.br\/noticias\/22o-dia-de-navegacao-17-de-setembro.html\",\"name\":\"22\u00ba Dia de Navega\u00e7\u00e3o \u2013 17 de Setembro - Not\u00edcias - Franciscanos\",\"isPartOf\":{\"@id\":\"https:\/\/franciscanos.org.br\/noticias\/#website\"},\"primaryImageOfPage\":{\"@id\":\"https:\/\/franciscanos.org.br\/noticias\/22o-dia-de-navegacao-17-de-setembro.html#primaryimage\"},\"datePublished\":\"2019-09-17T11:39:47+00:00\",\"dateModified\":\"2019-09-18T18:56:44+00:00\",\"author\":{\"@id\":\"https:\/\/franciscanos.org.br\/noticias\/#\/schema\/person\/c3a26b08313dd1772495ce300ab257cc\"},\"breadcrumb\":{\"@id\":\"https:\/\/franciscanos.org.br\/noticias\/22o-dia-de-navegacao-17-de-setembro.html#breadcrumb\"},\"inLanguage\":\"pt-BR\",\"potentialAction\":[{\"@type\":\"ReadAction\",\"target\":[\"https:\/\/franciscanos.org.br\/noticias\/22o-dia-de-navegacao-17-de-setembro.html\"]}]},{\"@type\":\"BreadcrumbList\",\"@id\":\"https:\/\/franciscanos.org.br\/noticias\/22o-dia-de-navegacao-17-de-setembro.html#breadcrumb\",\"itemListElement\":[{\"@type\":\"ListItem\",\"position\":1,\"name\":\"Home\",\"item\":\"https:\/\/franciscanos.org.br\/noticias\"},{\"@type\":\"ListItem\",\"position\":2,\"name\":\"22\u00ba Dia de Navega\u00e7\u00e3o \u2013 17 de Setembro\"}]},{\"@type\":\"Person\",\"@id\":\"https:\/\/franciscanos.org.br\/noticias\/#\/schema\/person\/c3a26b08313dd1772495ce300ab257cc\",\"name\":\"jovenal\",\"image\":{\"@type\":\"ImageObject\",\"inLanguage\":\"pt-BR\",\"@id\":\"https:\/\/franciscanos.org.br\/noticias\/#\/schema\/person\/image\/\",\"url\":\"https:\/\/secure.gravatar.com\/avatar\/e94509f531086e2eaf97e72f29ea00f9?s=96&d=mm&r=g\",\"contentUrl\":\"https:\/\/secure.gravatar.com\/avatar\/e94509f531086e2eaf97e72f29ea00f9?s=96&d=mm&r=g\",\"caption\":\"jovenal\"},\"url\":\"https:\/\/franciscanos.org.br\/noticias\/author\/jovenal\"}]}<\/script>\n<!-- \/ Yoast SEO plugin. -->","yoast_head_json":{"title":"22\u00ba Dia de Navega\u00e7\u00e3o \u2013 17 de Setembro - Not\u00edcias - Franciscanos","robots":{"index":"index","follow":"follow","max-snippet":"max-snippet:-1","max-image-preview":"max-image-preview:large","max-video-preview":"max-video-preview:-1"},"canonical":"https:\/\/franciscanos.org.br\/noticias\/22o-dia-de-navegacao-17-de-setembro.html","og_locale":"pt_BR","og_type":"article","og_title":"22\u00ba Dia de Navega\u00e7\u00e3o \u2013 17 de Setembro - Not\u00edcias - Franciscanos","og_description":"40 DIAS PELO RIO","og_url":"https:\/\/franciscanos.org.br\/noticias\/22o-dia-de-navegacao-17-de-setembro.html","og_site_name":"Not\u00edcias - Franciscanos","article_published_time":"2019-09-17T11:39:47+00:00","article_modified_time":"2019-09-18T18:56:44+00:00","og_image":[{"width":273,"height":181,"url":"https:\/\/franciscanos.org.br\/noticias\/wp-content\/uploads\/2019\/09\/273.jpg","type":"image\/jpeg"}],"author":"jovenal","twitter_card":"summary_large_image","twitter_misc":{"Escrito por":"jovenal","Est. tempo de leitura":"4 minutos"},"schema":{"@context":"https:\/\/schema.org","@graph":[{"@type":"WebSite","@id":"https:\/\/franciscanos.org.br\/noticias\/#website","url":"https:\/\/franciscanos.org.br\/noticias\/","name":"Not\u00edcias - Franciscanos","description":"Prov\u00edncia Franciscana da Imaculada Concei\u00e7\u00e3o do Brasil - Ordem dos Frades Menores - OFM","potentialAction":[{"@type":"SearchAction","target":{"@type":"EntryPoint","urlTemplate":"https:\/\/franciscanos.org.br\/noticias\/?s={search_term_string}"},"query-input":"required name=search_term_string"}],"inLanguage":"pt-BR"},{"@type":"ImageObject","inLanguage":"pt-BR","@id":"https:\/\/franciscanos.org.br\/noticias\/22o-dia-de-navegacao-17-de-setembro.html#primaryimage","url":"https:\/\/franciscanos.org.br\/noticias\/wp-content\/uploads\/2019\/09\/273.jpg","contentUrl":"https:\/\/franciscanos.org.br\/noticias\/wp-content\/uploads\/2019\/09\/273.jpg","width":273,"height":181},{"@type":"WebPage","@id":"https:\/\/franciscanos.org.br\/noticias\/22o-dia-de-navegacao-17-de-setembro.html#webpage","url":"https:\/\/franciscanos.org.br\/noticias\/22o-dia-de-navegacao-17-de-setembro.html","name":"22\u00ba Dia de Navega\u00e7\u00e3o \u2013 17 de Setembro - Not\u00edcias - Franciscanos","isPartOf":{"@id":"https:\/\/franciscanos.org.br\/noticias\/#website"},"primaryImageOfPage":{"@id":"https:\/\/franciscanos.org.br\/noticias\/22o-dia-de-navegacao-17-de-setembro.html#primaryimage"},"datePublished":"2019-09-17T11:39:47+00:00","dateModified":"2019-09-18T18:56:44+00:00","author":{"@id":"https:\/\/franciscanos.org.br\/noticias\/#\/schema\/person\/c3a26b08313dd1772495ce300ab257cc"},"breadcrumb":{"@id":"https:\/\/franciscanos.org.br\/noticias\/22o-dia-de-navegacao-17-de-setembro.html#breadcrumb"},"inLanguage":"pt-BR","potentialAction":[{"@type":"ReadAction","target":["https:\/\/franciscanos.org.br\/noticias\/22o-dia-de-navegacao-17-de-setembro.html"]}]},{"@type":"BreadcrumbList","@id":"https:\/\/franciscanos.org.br\/noticias\/22o-dia-de-navegacao-17-de-setembro.html#breadcrumb","itemListElement":[{"@type":"ListItem","position":1,"name":"Home","item":"https:\/\/franciscanos.org.br\/noticias"},{"@type":"ListItem","position":2,"name":"22\u00ba Dia de Navega\u00e7\u00e3o \u2013 17 de Setembro"}]},{"@type":"Person","@id":"https:\/\/franciscanos.org.br\/noticias\/#\/schema\/person\/c3a26b08313dd1772495ce300ab257cc","name":"jovenal","image":{"@type":"ImageObject","inLanguage":"pt-BR","@id":"https:\/\/franciscanos.org.br\/noticias\/#\/schema\/person\/image\/","url":"https:\/\/secure.gravatar.com\/avatar\/e94509f531086e2eaf97e72f29ea00f9?s=96&d=mm&r=g","contentUrl":"https:\/\/secure.gravatar.com\/avatar\/e94509f531086e2eaf97e72f29ea00f9?s=96&d=mm&r=g","caption":"jovenal"},"url":"https:\/\/franciscanos.org.br\/noticias\/author\/jovenal"}]}},"_links":{"self":[{"href":"https:\/\/franciscanos.org.br\/noticias\/wp-json\/wp\/v2\/posts\/211075"}],"collection":[{"href":"https:\/\/franciscanos.org.br\/noticias\/wp-json\/wp\/v2\/posts"}],"about":[{"href":"https:\/\/franciscanos.org.br\/noticias\/wp-json\/wp\/v2\/types\/post"}],"author":[{"embeddable":true,"href":"https:\/\/franciscanos.org.br\/noticias\/wp-json\/wp\/v2\/users\/7"}],"replies":[{"embeddable":true,"href":"https:\/\/franciscanos.org.br\/noticias\/wp-json\/wp\/v2\/comments?post=211075"}],"version-history":[{"count":0,"href":"https:\/\/franciscanos.org.br\/noticias\/wp-json\/wp\/v2\/posts\/211075\/revisions"}],"wp:featuredmedia":[{"embeddable":true,"href":"https:\/\/franciscanos.org.br\/noticias\/wp-json\/wp\/v2\/media\/210458"}],"wp:attachment":[{"href":"https:\/\/franciscanos.org.br\/noticias\/wp-json\/wp\/v2\/media?parent=211075"}],"wp:term":[{"taxonomy":"category","embeddable":true,"href":"https:\/\/franciscanos.org.br\/noticias\/wp-json\/wp\/v2\/categories?post=211075"},{"taxonomy":"post_tag","embeddable":true,"href":"https:\/\/franciscanos.org.br\/noticias\/wp-json\/wp\/v2\/tags?post=211075"}],"curies":[{"name":"wp","href":"https:\/\/api.w.org\/{rel}","templated":true}]}}