{"id":211069,"date":"2019-09-17T07:51:30","date_gmt":"2019-09-17T10:51:30","guid":{"rendered":"https:\/\/franciscanos.org.br\/noticias\/?p=211069"},"modified":"2019-09-17T10:29:27","modified_gmt":"2019-09-17T13:29:27","slug":"amazonia-como-prioridade-missionaria","status":"publish","type":"post","link":"https:\/\/franciscanos.org.br\/noticias\/amazonia-como-prioridade-missionaria.html","title":{"rendered":"Amaz\u00f4nia como prioridade mission\u00e1ria"},"content":{"rendered":"<p><img loading=\"lazy\" class=\"alignnone wp-image-211070 size-full\" src=\"https:\/\/franciscanos.org.br\/noticias\/wp-content\/uploads\/2019\/09\/domjoel_17.png\" alt=\"\" width=\"890\" height=\"622\" srcset=\"https:\/\/franciscanos.org.br\/noticias\/wp-content\/uploads\/2019\/09\/domjoel_17.png 890w, https:\/\/franciscanos.org.br\/noticias\/wp-content\/uploads\/2019\/09\/domjoel_17-450x314.png 450w, https:\/\/franciscanos.org.br\/noticias\/wp-content\/uploads\/2019\/09\/domjoel_17-768x537.png 768w, https:\/\/franciscanos.org.br\/noticias\/wp-content\/uploads\/2019\/09\/domjoel_17-150x105.png 150w, https:\/\/franciscanos.org.br\/noticias\/wp-content\/uploads\/2019\/09\/domjoel_17-474x332.png 474w\" sizes=\"(max-width: 890px) 100vw, 890px\" \/><\/p>\n<p><em>Dom Joel Portella, secret\u00e1rio geral da CNBB, sonha que a Igreja do Brasil assuma mais a Amaz\u00f4nia como prioridade para a miss\u00e3o. Ele esteve na \u00faltima semana no Semin\u00e1rio de Estudo do Documento de Trabalho do S\u00ednodo para a Amaz\u00f4nia e na ocasi\u00e3o conversou com a equipe da REPAM-Brasil sobre o S\u00ednodo, as discuss\u00f5es sobre os minist\u00e9rios e os sonhos que tem, a partir do S\u00ednodo, para a Igreja do Brasil. Confira a entrevista.<\/em><\/p>\n<p><strong>Repam &#8211; Quais as contribui\u00e7\u00f5es o S\u00ednodo para a Amaz\u00f4nia oferece para a Igreja, em especial no Brasil?<\/strong><br \/>\n<strong>Dom Joel &#8211;<\/strong> \u00c9 um S\u00ednodo muito diferente de todos os que j\u00e1 vivemos na Igreja at\u00e9 agora, embora n\u00f3s tenhamos S\u00ednodos, por exemplo, para a Am\u00e9rica, para a Europa, para a Oceania. N\u00f3s temos hoje um S\u00ednodo que tem uma marca transnacional, que pega uma regi\u00e3o que \u00e9 ecol\u00f3gica, que \u00e9 cultural, que \u00e9 humana. Eu diria que uma primeira grande contribui\u00e7\u00e3o que o S\u00ednodo da Amaz\u00f4nia fornece \u00e9 essa nova forma de compreender a realidade que nos interpela. \u00c9 uma realidade que n\u00e3o est\u00e1 circunscrita a um horizonte geogr\u00e1fico, pol\u00edtico, sociopol\u00edtico, a um pa\u00eds, n\u00e3o est\u00e1 circunscrita a uma cultura, porque s\u00e3o in\u00fameras culturas presentes, mas ela est\u00e1 desafiando o Evangelho nessa nova compreens\u00e3o de realidade em que est\u00e1. Para mim, \u00e9 a maior contribui\u00e7\u00e3o.<\/p>\n<p><strong>Repam &#8211; Como seria uma Igreja com rosto Amaz\u00f4nico?<\/strong><br \/>\n<strong>Dom Joel &#8211;<\/strong> Eu n\u00e3o conhe\u00e7o a realidade amaz\u00f4nica a esse ponto, mas eu pergunto, mais do que afirmo: n\u00e3o seria uma Igreja com rostos amaz\u00f4nicos? Porque, por exemplo, a\u00ed \u00e9 a minha \u00e1rea, nas grandes cidades voc\u00ea n\u00e3o pode falar de um rosto urbano, voc\u00ea tem que falar rostos urbanos. Mesmo comparando as duas maiores cidades, ou tr\u00eas, S\u00e3o Paulo, Rio de Janeiro e Bras\u00edlia, as tr\u00eas maiores cidades do Brasil, voc\u00ea dizer assim: \u00e9 o mesmo rosto urbano\u2026 agora convivendo em Bras\u00edlia, digo que n\u00e3o, n\u00e3o \u00e9. \u00c9 diferente S\u00e3o Paulo. \u00c9 diferente Rio. \u00c9 diferente Bras\u00edlia. Eu diria que a grande beleza do S\u00ednodo vai ser encontrar caminhos em rede, que \u00e9 a grande palavra hoje, que ajude a gente a perceber, na diversidade cultural, humana, de rela\u00e7\u00f5es com a natureza, de rela\u00e7\u00f5es com a cria\u00e7\u00e3o, encontrar caminhos para costurar tudo isso. Eu fico imaginando algu\u00e9m da periferia de Manaus e algu\u00e9m que vive em contato direto com a floresta: um \u00e9 asfalto e todas as sequelas e mazelas da cidade, o outro vive a situa\u00e7\u00e3o da floresta, do meio mais natural. Eu fico em d\u00favida, me pergunto se d\u00e1 para falar do mesmo rosto, se d\u00e1 para falar da mesma realidade, tem que encontrar um patamar comum.<\/p>\n<p><strong>Repam &#8211; Uma das quest\u00f5es que est\u00e3o sendo levantadas nas discuss\u00f5es sobre o S\u00ednodo est\u00e1 relacionada aos minist\u00e9rios, ordena\u00e7\u00e3o de homens casados e novo espa\u00e7o para as mulheres. Em rela\u00e7\u00e3o a esse assunto, o que o senhor vislumbra com o S\u00ednodo?<\/strong><br \/>\n<strong>Dom Joel<\/strong> &#8211;\u00a0 Eu diria que Igreja da Amaz\u00f4nia pode contribuir, que o S\u00ednodo pode contribuir, com o reconhecimento de que \u00e9 uma Igreja altamente ministerial, com diversos servi\u00e7os, com diversos minist\u00e9rios. N\u00e3o \u00e9 poss\u00edvel voc\u00ea pensar o momento evangelizador atual sem pensar tamb\u00e9m a quest\u00e3o da ministerialidade. Isso \u00e9 tranquilo e ningu\u00e9m discute. A Igreja no Brasil tem uma experi\u00eancia ministerial fant\u00e1stica. N\u00e3o apenas no minist\u00e9rio ordenado, mas nos diversos outros minist\u00e9rios. Por exemplo, eu me lembro muito bem disso, quando aconteceu a Confer\u00eancia de Aparecida, se n\u00e3o me falhe a mem\u00f3ria, no n\u00famero 99 ela vai agradecer a Deus uma s\u00e9rie de situa\u00e7\u00f5es, e ela agradece a Deus a presen\u00e7a dos in\u00fameros minist\u00e9rios. Eu diria que Igreja da Amaz\u00f4nia pode contribuir, que o S\u00ednodo pode contribuir, com o reconhecimento de que \u00e9 uma Igreja altamente ministerial, com diversos servi\u00e7os, com diversos minist\u00e9rios. Outras quest\u00f5es s\u00e3o muito amplas, s\u00e3o muito grandes, e a\u00ed a gente vai ter que medir muito at\u00e9 que ponto n\u00f3s temos pernas para dar esse passo.<\/p>\n<p><strong>Repam &#8211; A partir do S\u00ednodo, qual \u00e9 o sonho do senhor para a Igreja da Amaz\u00f4nia e para a Igreja do Brasil como um todo?<\/strong><br \/>\n<strong>Dom Joel &#8211;<\/strong> Que a Igreja no Brasil assumisse mais a Amaz\u00f4nia como uma prioridade mission\u00e1ria. N\u00f3s estamos quase no m\u00eas mission\u00e1rio extraordin\u00e1rio que vai ser concomitante ao S\u00ednodo, por que n\u00e3o a regi\u00e3o Amaz\u00f4nica ser aquela op\u00e7\u00e3o do Brasil em termos mission\u00e1rios? Porque, afinal de contas, na Igreja ningu\u00e9m \u00e9 estrangeiro. Ent\u00e3o, eu diria, assim, que se cada mission\u00e1rio pudesse ir \u00e0 Amaz\u00f4nia fazer a sua experi\u00eancia, quando ele volta, ele volta diferente. S\u00e3o nossos padres das nossas dioceses, quando v\u00e3o, eles voltam diferente de terem aprendido, de terem convivido outro tipo de rela\u00e7\u00e3o. Se o Brasil, missionariamente, acolhe a Amaz\u00f4nia como um todo a gente ganha muito, o Brasil inteiro ganha, h\u00e1 um interc\u00e2mbio muito grande.<\/p>\n<p><em>Fonte: www.repam.org.br<\/em><\/p>\n","protected":false},"excerpt":{"rendered":"<p>Entrevista com Dom Joel Portella<\/p>\n","protected":false},"author":3,"featured_media":211071,"comment_status":"open","ping_status":"open","sticky":false,"template":"","format":"standard","meta":[],"categories":[758],"tags":[834],"acf":[],"yoast_head":"<!-- This site is optimized with the Yoast SEO plugin v19.2 - https:\/\/yoast.com\/wordpress\/plugins\/seo\/ -->\n<title>Amaz\u00f4nia como prioridade mission\u00e1ria - Not\u00edcias - Franciscanos<\/title>\n<meta name=\"robots\" content=\"index, follow, max-snippet:-1, max-image-preview:large, max-video-preview:-1\" \/>\n<link rel=\"canonical\" href=\"https:\/\/franciscanos.org.br\/noticias\/amazonia-como-prioridade-missionaria.html\" \/>\n<meta property=\"og:locale\" content=\"pt_BR\" \/>\n<meta property=\"og:type\" content=\"article\" \/>\n<meta property=\"og:title\" content=\"Amaz\u00f4nia como prioridade mission\u00e1ria - Not\u00edcias - Franciscanos\" \/>\n<meta property=\"og:description\" content=\"Entrevista com Dom Joel Portella\" \/>\n<meta property=\"og:url\" content=\"https:\/\/franciscanos.org.br\/noticias\/amazonia-como-prioridade-missionaria.html\" \/>\n<meta property=\"og:site_name\" content=\"Not\u00edcias - Franciscanos\" \/>\n<meta property=\"article:published_time\" content=\"2019-09-17T10:51:30+00:00\" \/>\n<meta property=\"article:modified_time\" content=\"2019-09-17T13:29:27+00:00\" \/>\n<meta property=\"og:image\" content=\"https:\/\/franciscanos.org.br\/noticias\/wp-content\/uploads\/2019\/09\/domjoel_17d.png\" \/>\n\t<meta property=\"og:image:width\" content=\"273\" \/>\n\t<meta property=\"og:image:height\" content=\"181\" \/>\n\t<meta property=\"og:image:type\" content=\"image\/png\" \/>\n<meta name=\"author\" content=\"moacir\" \/>\n<meta name=\"twitter:card\" content=\"summary_large_image\" \/>\n<meta name=\"twitter:label1\" content=\"Escrito por\" \/>\n\t<meta name=\"twitter:data1\" content=\"moacir\" \/>\n\t<meta name=\"twitter:label2\" content=\"Est. tempo de leitura\" \/>\n\t<meta name=\"twitter:data2\" content=\"5 minutos\" \/>\n<script type=\"application\/ld+json\" class=\"yoast-schema-graph\">{\"@context\":\"https:\/\/schema.org\",\"@graph\":[{\"@type\":\"WebSite\",\"@id\":\"https:\/\/franciscanos.org.br\/noticias\/#website\",\"url\":\"https:\/\/franciscanos.org.br\/noticias\/\",\"name\":\"Not\u00edcias - Franciscanos\",\"description\":\"Prov\u00edncia Franciscana da Imaculada Concei\u00e7\u00e3o do Brasil - Ordem dos Frades Menores - OFM\",\"potentialAction\":[{\"@type\":\"SearchAction\",\"target\":{\"@type\":\"EntryPoint\",\"urlTemplate\":\"https:\/\/franciscanos.org.br\/noticias\/?s={search_term_string}\"},\"query-input\":\"required name=search_term_string\"}],\"inLanguage\":\"pt-BR\"},{\"@type\":\"ImageObject\",\"inLanguage\":\"pt-BR\",\"@id\":\"https:\/\/franciscanos.org.br\/noticias\/amazonia-como-prioridade-missionaria.html#primaryimage\",\"url\":\"https:\/\/franciscanos.org.br\/noticias\/wp-content\/uploads\/2019\/09\/domjoel_17d.png\",\"contentUrl\":\"https:\/\/franciscanos.org.br\/noticias\/wp-content\/uploads\/2019\/09\/domjoel_17d.png\",\"width\":273,\"height\":181},{\"@type\":\"WebPage\",\"@id\":\"https:\/\/franciscanos.org.br\/noticias\/amazonia-como-prioridade-missionaria.html#webpage\",\"url\":\"https:\/\/franciscanos.org.br\/noticias\/amazonia-como-prioridade-missionaria.html\",\"name\":\"Amaz\u00f4nia como prioridade mission\u00e1ria - Not\u00edcias - Franciscanos\",\"isPartOf\":{\"@id\":\"https:\/\/franciscanos.org.br\/noticias\/#website\"},\"primaryImageOfPage\":{\"@id\":\"https:\/\/franciscanos.org.br\/noticias\/amazonia-como-prioridade-missionaria.html#primaryimage\"},\"datePublished\":\"2019-09-17T10:51:30+00:00\",\"dateModified\":\"2019-09-17T13:29:27+00:00\",\"author\":{\"@id\":\"https:\/\/franciscanos.org.br\/noticias\/#\/schema\/person\/b5c8cba458c330ccff548b056e95a5d4\"},\"breadcrumb\":{\"@id\":\"https:\/\/franciscanos.org.br\/noticias\/amazonia-como-prioridade-missionaria.html#breadcrumb\"},\"inLanguage\":\"pt-BR\",\"potentialAction\":[{\"@type\":\"ReadAction\",\"target\":[\"https:\/\/franciscanos.org.br\/noticias\/amazonia-como-prioridade-missionaria.html\"]}]},{\"@type\":\"BreadcrumbList\",\"@id\":\"https:\/\/franciscanos.org.br\/noticias\/amazonia-como-prioridade-missionaria.html#breadcrumb\",\"itemListElement\":[{\"@type\":\"ListItem\",\"position\":1,\"name\":\"Home\",\"item\":\"https:\/\/franciscanos.org.br\/noticias\"},{\"@type\":\"ListItem\",\"position\":2,\"name\":\"Amaz\u00f4nia como prioridade mission\u00e1ria\"}]},{\"@type\":\"Person\",\"@id\":\"https:\/\/franciscanos.org.br\/noticias\/#\/schema\/person\/b5c8cba458c330ccff548b056e95a5d4\",\"name\":\"moacir\",\"image\":{\"@type\":\"ImageObject\",\"inLanguage\":\"pt-BR\",\"@id\":\"https:\/\/franciscanos.org.br\/noticias\/#\/schema\/person\/image\/\",\"url\":\"https:\/\/secure.gravatar.com\/avatar\/d08aa2ce4c8dd416d4479aa8536fcf64?s=96&d=mm&r=g\",\"contentUrl\":\"https:\/\/secure.gravatar.com\/avatar\/d08aa2ce4c8dd416d4479aa8536fcf64?s=96&d=mm&r=g\",\"caption\":\"moacir\"},\"url\":\"https:\/\/franciscanos.org.br\/noticias\/author\/moacir\"}]}<\/script>\n<!-- \/ Yoast SEO plugin. -->","yoast_head_json":{"title":"Amaz\u00f4nia como prioridade mission\u00e1ria - Not\u00edcias - Franciscanos","robots":{"index":"index","follow":"follow","max-snippet":"max-snippet:-1","max-image-preview":"max-image-preview:large","max-video-preview":"max-video-preview:-1"},"canonical":"https:\/\/franciscanos.org.br\/noticias\/amazonia-como-prioridade-missionaria.html","og_locale":"pt_BR","og_type":"article","og_title":"Amaz\u00f4nia como prioridade mission\u00e1ria - Not\u00edcias - Franciscanos","og_description":"Entrevista com Dom Joel Portella","og_url":"https:\/\/franciscanos.org.br\/noticias\/amazonia-como-prioridade-missionaria.html","og_site_name":"Not\u00edcias - Franciscanos","article_published_time":"2019-09-17T10:51:30+00:00","article_modified_time":"2019-09-17T13:29:27+00:00","og_image":[{"width":273,"height":181,"url":"https:\/\/franciscanos.org.br\/noticias\/wp-content\/uploads\/2019\/09\/domjoel_17d.png","type":"image\/png"}],"author":"moacir","twitter_card":"summary_large_image","twitter_misc":{"Escrito por":"moacir","Est. tempo de leitura":"5 minutos"},"schema":{"@context":"https:\/\/schema.org","@graph":[{"@type":"WebSite","@id":"https:\/\/franciscanos.org.br\/noticias\/#website","url":"https:\/\/franciscanos.org.br\/noticias\/","name":"Not\u00edcias - Franciscanos","description":"Prov\u00edncia Franciscana da Imaculada Concei\u00e7\u00e3o do Brasil - Ordem dos Frades Menores - OFM","potentialAction":[{"@type":"SearchAction","target":{"@type":"EntryPoint","urlTemplate":"https:\/\/franciscanos.org.br\/noticias\/?s={search_term_string}"},"query-input":"required name=search_term_string"}],"inLanguage":"pt-BR"},{"@type":"ImageObject","inLanguage":"pt-BR","@id":"https:\/\/franciscanos.org.br\/noticias\/amazonia-como-prioridade-missionaria.html#primaryimage","url":"https:\/\/franciscanos.org.br\/noticias\/wp-content\/uploads\/2019\/09\/domjoel_17d.png","contentUrl":"https:\/\/franciscanos.org.br\/noticias\/wp-content\/uploads\/2019\/09\/domjoel_17d.png","width":273,"height":181},{"@type":"WebPage","@id":"https:\/\/franciscanos.org.br\/noticias\/amazonia-como-prioridade-missionaria.html#webpage","url":"https:\/\/franciscanos.org.br\/noticias\/amazonia-como-prioridade-missionaria.html","name":"Amaz\u00f4nia como prioridade mission\u00e1ria - Not\u00edcias - Franciscanos","isPartOf":{"@id":"https:\/\/franciscanos.org.br\/noticias\/#website"},"primaryImageOfPage":{"@id":"https:\/\/franciscanos.org.br\/noticias\/amazonia-como-prioridade-missionaria.html#primaryimage"},"datePublished":"2019-09-17T10:51:30+00:00","dateModified":"2019-09-17T13:29:27+00:00","author":{"@id":"https:\/\/franciscanos.org.br\/noticias\/#\/schema\/person\/b5c8cba458c330ccff548b056e95a5d4"},"breadcrumb":{"@id":"https:\/\/franciscanos.org.br\/noticias\/amazonia-como-prioridade-missionaria.html#breadcrumb"},"inLanguage":"pt-BR","potentialAction":[{"@type":"ReadAction","target":["https:\/\/franciscanos.org.br\/noticias\/amazonia-como-prioridade-missionaria.html"]}]},{"@type":"BreadcrumbList","@id":"https:\/\/franciscanos.org.br\/noticias\/amazonia-como-prioridade-missionaria.html#breadcrumb","itemListElement":[{"@type":"ListItem","position":1,"name":"Home","item":"https:\/\/franciscanos.org.br\/noticias"},{"@type":"ListItem","position":2,"name":"Amaz\u00f4nia como prioridade mission\u00e1ria"}]},{"@type":"Person","@id":"https:\/\/franciscanos.org.br\/noticias\/#\/schema\/person\/b5c8cba458c330ccff548b056e95a5d4","name":"moacir","image":{"@type":"ImageObject","inLanguage":"pt-BR","@id":"https:\/\/franciscanos.org.br\/noticias\/#\/schema\/person\/image\/","url":"https:\/\/secure.gravatar.com\/avatar\/d08aa2ce4c8dd416d4479aa8536fcf64?s=96&d=mm&r=g","contentUrl":"https:\/\/secure.gravatar.com\/avatar\/d08aa2ce4c8dd416d4479aa8536fcf64?s=96&d=mm&r=g","caption":"moacir"},"url":"https:\/\/franciscanos.org.br\/noticias\/author\/moacir"}]}},"_links":{"self":[{"href":"https:\/\/franciscanos.org.br\/noticias\/wp-json\/wp\/v2\/posts\/211069"}],"collection":[{"href":"https:\/\/franciscanos.org.br\/noticias\/wp-json\/wp\/v2\/posts"}],"about":[{"href":"https:\/\/franciscanos.org.br\/noticias\/wp-json\/wp\/v2\/types\/post"}],"author":[{"embeddable":true,"href":"https:\/\/franciscanos.org.br\/noticias\/wp-json\/wp\/v2\/users\/3"}],"replies":[{"embeddable":true,"href":"https:\/\/franciscanos.org.br\/noticias\/wp-json\/wp\/v2\/comments?post=211069"}],"version-history":[{"count":0,"href":"https:\/\/franciscanos.org.br\/noticias\/wp-json\/wp\/v2\/posts\/211069\/revisions"}],"wp:featuredmedia":[{"embeddable":true,"href":"https:\/\/franciscanos.org.br\/noticias\/wp-json\/wp\/v2\/media\/211071"}],"wp:attachment":[{"href":"https:\/\/franciscanos.org.br\/noticias\/wp-json\/wp\/v2\/media?parent=211069"}],"wp:term":[{"taxonomy":"category","embeddable":true,"href":"https:\/\/franciscanos.org.br\/noticias\/wp-json\/wp\/v2\/categories?post=211069"},{"taxonomy":"post_tag","embeddable":true,"href":"https:\/\/franciscanos.org.br\/noticias\/wp-json\/wp\/v2\/tags?post=211069"}],"curies":[{"name":"wp","href":"https:\/\/api.w.org\/{rel}","templated":true}]}}