{"id":211063,"date":"2019-09-17T07:39:02","date_gmt":"2019-09-17T10:39:02","guid":{"rendered":"https:\/\/franciscanos.org.br\/noticias\/?p=211063"},"modified":"2020-06-05T15:47:04","modified_gmt":"2020-06-05T18:47:04","slug":"papa-a-compaixao-e-a-linguagem-de-deus-e-nos-salva-da-indiferenca","status":"publish","type":"post","link":"https:\/\/franciscanos.org.br\/noticias\/papa-a-compaixao-e-a-linguagem-de-deus-e-nos-salva-da-indiferenca.html","title":{"rendered":"Papa: A compaix\u00e3o \u00e9 a linguagem de Deus e nos salva da indiferen\u00e7a"},"content":{"rendered":"<p><img loading=\"lazy\" class=\"alignnone wp-image-211064 size-full\" src=\"https:\/\/franciscanos.org.br\/noticias\/wp-content\/uploads\/2019\/09\/marta_1709.jpg\" alt=\"\" width=\"890\" height=\"501\" srcset=\"https:\/\/franciscanos.org.br\/noticias\/wp-content\/uploads\/2019\/09\/marta_1709.jpg 890w, https:\/\/franciscanos.org.br\/noticias\/wp-content\/uploads\/2019\/09\/marta_1709-450x253.jpg 450w, https:\/\/franciscanos.org.br\/noticias\/wp-content\/uploads\/2019\/09\/marta_1709-768x432.jpg 768w, https:\/\/franciscanos.org.br\/noticias\/wp-content\/uploads\/2019\/09\/marta_1709-150x84.jpg 150w\" sizes=\"(max-width: 890px) 100vw, 890px\" \/><br \/>\n<strong>Cidade do Vaticano<\/strong> &#8211; Abrir o cora\u00e7\u00e3o \u00e0 compaix\u00e3o e n\u00e3o fechar-se na indiferen\u00e7a. Este foi o convite que o Papa Francisco fez esta manh\u00e3 (17\/09) ao celebrar a Missa na Casa Santa Marta. A compaix\u00e3o, de fato, nos leva para o caminho da verdadeira justi\u00e7a\u201d, salvando-nos assim do fechamento em n\u00f3s mesmos. Toda a reflex\u00e3o foi feita a partir do trecho do Evangelho de Lucas da liturgia de hoje (Lc 7,11-17), em que \u00e9 narrado o encontro de Jesus com a vi\u00fava de Naim, que chora a morte do seu \u00fanico filho, enquanto \u00e9 levado ao t\u00famulo.<\/p>\n<p>O evangelista diz que Jesus \u201csentiu compaix\u00e3o para com ela\u201d, como se fosse \u201cfoi v\u00edtima da compaix\u00e3o\u201d, explicou o Papa. Havia muita gente que acompanhava aquela mulher, mas Jesus viu a sua realidade: ficou sozinha hoje e at\u00e9 o final da vida, \u00e9 vi\u00fava, perdeu o \u00fanico filho. \u00c9 propriamente a compaix\u00e3o que faz compreender profundamente a realidade:<\/p>\n<p>A compaix\u00e3o faz ver as realidades como s\u00e3o; a compaix\u00e3o \u00e9 como a lente do cora\u00e7\u00e3o: nos faz entender realmente as dimens\u00f5es. E no Evangelho, Jesus sente muitas vezes compaix\u00e3o. A compaix\u00e3o tamb\u00e9m \u00e9 a linguagem de Deus. N\u00e3o come\u00e7a, na B\u00edblia, a aparecer com Jesus: foi Deus quem disse a Mois\u00e9s \u201cvi a dor do meu povo\u201d (Ex 3,7); \u00e9 a compaix\u00e3o de Deus, que envia Mois\u00e9s a salvar o povo. O nosso Deus \u00e9 um Deus de compaix\u00e3o, e a compaix\u00e3o \u00e9 \u2013 podemos dizer \u2013 a fraqueza de Deus, mas tamb\u00e9m a sua for\u00e7a. Aquilo que de melhor d\u00e1 a n\u00f3s: porque foi a compaix\u00e3o que o levou a enviar o Filho a n\u00f3s. \u00c9 uma linguagem de Deus, a compaix\u00e3o.<\/p>\n<p><strong>A compaix\u00e3o n\u00e3o \u00e9 pena<\/strong><br \/>\nA compaix\u00e3o \u201cn\u00e3o \u00e9 um sentimento de pena\u201d que se sente, por exemplo, quando vemos morrer um cachorro na rua: \u201ccoitadinho, sentimos um pouco de pena\u201d, afirmou Francisco. Mas \u00e9 \u201cenvolver-se no problema dos outros, \u00e9 arriscar a vida ali\u201d. O Senhor, de fato, arrisca a vida e vai.<\/p>\n<p>Outro exemplo feito pelo Papa Francisco vem do Evangelho da multiplica\u00e7\u00e3o dos p\u00e3es, quando Jesus diz aos disc\u00edpulos que deem de comer \u00e0 multid\u00e3o que o seguiu, enquanto eles preferiam que fosse embora. \u201cOs disc\u00edpulos eram prudentes\u201d, notou o Papa. &#8220;Eu creio que naquele momento Jesus tenha ficado bravo, no cora\u00e7\u00e3o\u201d, prosseguiu Francisco, considerando a resposta que deu: \u2018Deem voc\u00eas de comer!\u2019\u201d. O seu convite \u00e9 para cuidar das pessoas, sem pensar que depois de um dia assim poderiam ir aos vilarejos para comprar p\u00e3o. \u201cO Senhor, diz o Evangelho, sentiu compaix\u00e3o porque via aquelas pessoas como ovelhas sem pastor\u201d, recordou o Papa. De um lado, portanto, o gesto de Jesus, a compaix\u00e3o e, de outro, a atitude ego\u00edsta dos disc\u00edpulos, que \u201cbuscam uma solu\u00e7\u00e3o sem se comprometer\u201d, sem sujar as m\u00e3os, como dizendo: \u201cque se virem!&#8221;<\/p>\n<p>E se a compaix\u00e3o \u00e9 a linguagem de Deus, muitas vezes a indiferen\u00e7a \u00e9 a linguagem humana. Cuidar at\u00e9 certo ponto e n\u00e3o pensar al\u00e9m. A indiferen\u00e7a. Um dos nossos fot\u00f3grafos, do l\u2019Osservatore Romano, tirou uma foto que agora est\u00e1 na Esmolaria, que se chama \u201cIndiferen\u00e7a\u201d. J\u00e1 falei outras vezes disto. Uma noite de inverno, diante de um restaurante de luxo, uma senhora que vive na rua estende a m\u00e3o a outra senhora que sai, bem coberta, do restaurante, e esta senhora olha para o outro lado. Esta \u00e9 a indiferen\u00e7a. Vejam aquela foto: esta \u00e9 a indiferen\u00e7a. A nossa indiferen\u00e7a. Quantas vezes olhamos para o outro lado\u2026 E assim fechamos a porta para a compaix\u00e3o. Podemos fazer um exame de consci\u00eancia: eu habitualmente olho para o outro lado? Ou deixo que o Esp\u00edrito Santo me leve para o caminho da compaix\u00e3o? Que \u00e9 uma virtude de Deus\u2026<\/p>\n<p>A seguir, o Papa se disse comovido com uma palavra do Evangelho de hoje, quando Jesus diz a esta m\u00e3e: \u201cN\u00e3o chore\u201d. \u201cUma car\u00edcia de compaix\u00e3o\u201d, afirmou Francisco. Jesus toca no caix\u00e3o, ordenando ao jovem que levante. O jovem ent\u00e3o fica sentado e come\u00e7a a falar. E o Papa ressaltou propriamente o final: \u201cE Jesus o entregou \u00e0 sua m\u00e3e\u201d:<\/p>\n<p>Ele o entregou: um ato de justi\u00e7a. Esta palavra se usa na justi\u00e7a: restituir. A compaix\u00e3o nos leva para o caminho da verdadeira justi\u00e7a. \u00c9 preciso sempre devolver \u00e0queles que t\u00eam certo direito, e isso nos salva sempre do ego\u00edsmo, da indiferen\u00e7a, do fechamento em n\u00f3s mesmos. Continuemos a Eucaristia de hoje com esta palavra: \u201cO Senhor sentiu compaix\u00e3o\u201d. Que Ele tenha tamb\u00e9m compaix\u00e3o de cada um de n\u00f3s: n\u00f3s precisamos disso.<\/p>\n<hr \/>\n<p><em>Fonte: Vatican News<\/em><\/p>\n","protected":false},"excerpt":{"rendered":"<p>Missa em Santa Marta<\/p>\n","protected":false},"author":3,"featured_media":211065,"comment_status":"open","ping_status":"open","sticky":false,"template":"","format":"standard","meta":[],"categories":[1428],"tags":[829],"acf":[],"yoast_head":"<!-- This site is optimized with the Yoast SEO plugin v19.2 - https:\/\/yoast.com\/wordpress\/plugins\/seo\/ -->\n<title>Papa: A compaix\u00e3o \u00e9 a linguagem de Deus e nos salva da indiferen\u00e7a - Not\u00edcias - Franciscanos<\/title>\n<meta name=\"robots\" content=\"index, follow, max-snippet:-1, max-image-preview:large, max-video-preview:-1\" \/>\n<link rel=\"canonical\" href=\"https:\/\/franciscanos.org.br\/noticias\/papa-a-compaixao-e-a-linguagem-de-deus-e-nos-salva-da-indiferenca.html\" \/>\n<meta property=\"og:locale\" content=\"pt_BR\" \/>\n<meta property=\"og:type\" content=\"article\" \/>\n<meta property=\"og:title\" content=\"Papa: A compaix\u00e3o \u00e9 a linguagem de Deus e nos salva da indiferen\u00e7a - Not\u00edcias - Franciscanos\" \/>\n<meta property=\"og:description\" content=\"Missa em Santa Marta\" \/>\n<meta property=\"og:url\" content=\"https:\/\/franciscanos.org.br\/noticias\/papa-a-compaixao-e-a-linguagem-de-deus-e-nos-salva-da-indiferenca.html\" \/>\n<meta property=\"og:site_name\" content=\"Not\u00edcias - Franciscanos\" \/>\n<meta property=\"article:published_time\" content=\"2019-09-17T10:39:02+00:00\" \/>\n<meta property=\"article:modified_time\" content=\"2020-06-05T18:47:04+00:00\" \/>\n<meta property=\"og:image\" content=\"https:\/\/franciscanos.org.br\/noticias\/wp-content\/uploads\/2019\/09\/marta_1709d.jpg\" \/>\n\t<meta property=\"og:image:width\" content=\"273\" \/>\n\t<meta property=\"og:image:height\" content=\"181\" \/>\n\t<meta property=\"og:image:type\" content=\"image\/jpeg\" \/>\n<meta name=\"author\" content=\"moacir\" \/>\n<meta name=\"twitter:card\" content=\"summary_large_image\" \/>\n<meta name=\"twitter:label1\" content=\"Escrito por\" \/>\n\t<meta name=\"twitter:data1\" content=\"moacir\" \/>\n\t<meta name=\"twitter:label2\" content=\"Est. tempo de leitura\" \/>\n\t<meta name=\"twitter:data2\" content=\"4 minutos\" \/>\n<script type=\"application\/ld+json\" class=\"yoast-schema-graph\">{\"@context\":\"https:\/\/schema.org\",\"@graph\":[{\"@type\":\"WebSite\",\"@id\":\"https:\/\/franciscanos.org.br\/noticias\/#website\",\"url\":\"https:\/\/franciscanos.org.br\/noticias\/\",\"name\":\"Not\u00edcias - Franciscanos\",\"description\":\"Prov\u00edncia Franciscana da Imaculada Concei\u00e7\u00e3o do Brasil - Ordem dos Frades Menores - OFM\",\"potentialAction\":[{\"@type\":\"SearchAction\",\"target\":{\"@type\":\"EntryPoint\",\"urlTemplate\":\"https:\/\/franciscanos.org.br\/noticias\/?s={search_term_string}\"},\"query-input\":\"required name=search_term_string\"}],\"inLanguage\":\"pt-BR\"},{\"@type\":\"ImageObject\",\"inLanguage\":\"pt-BR\",\"@id\":\"https:\/\/franciscanos.org.br\/noticias\/papa-a-compaixao-e-a-linguagem-de-deus-e-nos-salva-da-indiferenca.html#primaryimage\",\"url\":\"https:\/\/franciscanos.org.br\/noticias\/wp-content\/uploads\/2019\/09\/marta_1709d.jpg\",\"contentUrl\":\"https:\/\/franciscanos.org.br\/noticias\/wp-content\/uploads\/2019\/09\/marta_1709d.jpg\",\"width\":273,\"height\":181},{\"@type\":\"WebPage\",\"@id\":\"https:\/\/franciscanos.org.br\/noticias\/papa-a-compaixao-e-a-linguagem-de-deus-e-nos-salva-da-indiferenca.html#webpage\",\"url\":\"https:\/\/franciscanos.org.br\/noticias\/papa-a-compaixao-e-a-linguagem-de-deus-e-nos-salva-da-indiferenca.html\",\"name\":\"Papa: A compaix\u00e3o \u00e9 a linguagem de Deus e nos salva da indiferen\u00e7a - Not\u00edcias - Franciscanos\",\"isPartOf\":{\"@id\":\"https:\/\/franciscanos.org.br\/noticias\/#website\"},\"primaryImageOfPage\":{\"@id\":\"https:\/\/franciscanos.org.br\/noticias\/papa-a-compaixao-e-a-linguagem-de-deus-e-nos-salva-da-indiferenca.html#primaryimage\"},\"datePublished\":\"2019-09-17T10:39:02+00:00\",\"dateModified\":\"2020-06-05T18:47:04+00:00\",\"author\":{\"@id\":\"https:\/\/franciscanos.org.br\/noticias\/#\/schema\/person\/b5c8cba458c330ccff548b056e95a5d4\"},\"breadcrumb\":{\"@id\":\"https:\/\/franciscanos.org.br\/noticias\/papa-a-compaixao-e-a-linguagem-de-deus-e-nos-salva-da-indiferenca.html#breadcrumb\"},\"inLanguage\":\"pt-BR\",\"potentialAction\":[{\"@type\":\"ReadAction\",\"target\":[\"https:\/\/franciscanos.org.br\/noticias\/papa-a-compaixao-e-a-linguagem-de-deus-e-nos-salva-da-indiferenca.html\"]}]},{\"@type\":\"BreadcrumbList\",\"@id\":\"https:\/\/franciscanos.org.br\/noticias\/papa-a-compaixao-e-a-linguagem-de-deus-e-nos-salva-da-indiferenca.html#breadcrumb\",\"itemListElement\":[{\"@type\":\"ListItem\",\"position\":1,\"name\":\"Home\",\"item\":\"https:\/\/franciscanos.org.br\/noticias\"},{\"@type\":\"ListItem\",\"position\":2,\"name\":\"Papa: A compaix\u00e3o \u00e9 a linguagem de Deus e nos salva da indiferen\u00e7a\"}]},{\"@type\":\"Person\",\"@id\":\"https:\/\/franciscanos.org.br\/noticias\/#\/schema\/person\/b5c8cba458c330ccff548b056e95a5d4\",\"name\":\"moacir\",\"image\":{\"@type\":\"ImageObject\",\"inLanguage\":\"pt-BR\",\"@id\":\"https:\/\/franciscanos.org.br\/noticias\/#\/schema\/person\/image\/\",\"url\":\"https:\/\/secure.gravatar.com\/avatar\/d08aa2ce4c8dd416d4479aa8536fcf64?s=96&d=mm&r=g\",\"contentUrl\":\"https:\/\/secure.gravatar.com\/avatar\/d08aa2ce4c8dd416d4479aa8536fcf64?s=96&d=mm&r=g\",\"caption\":\"moacir\"},\"url\":\"https:\/\/franciscanos.org.br\/noticias\/author\/moacir\"}]}<\/script>\n<!-- \/ Yoast SEO plugin. -->","yoast_head_json":{"title":"Papa: A compaix\u00e3o \u00e9 a linguagem de Deus e nos salva da indiferen\u00e7a - Not\u00edcias - Franciscanos","robots":{"index":"index","follow":"follow","max-snippet":"max-snippet:-1","max-image-preview":"max-image-preview:large","max-video-preview":"max-video-preview:-1"},"canonical":"https:\/\/franciscanos.org.br\/noticias\/papa-a-compaixao-e-a-linguagem-de-deus-e-nos-salva-da-indiferenca.html","og_locale":"pt_BR","og_type":"article","og_title":"Papa: A compaix\u00e3o \u00e9 a linguagem de Deus e nos salva da indiferen\u00e7a - Not\u00edcias - Franciscanos","og_description":"Missa em Santa Marta","og_url":"https:\/\/franciscanos.org.br\/noticias\/papa-a-compaixao-e-a-linguagem-de-deus-e-nos-salva-da-indiferenca.html","og_site_name":"Not\u00edcias - Franciscanos","article_published_time":"2019-09-17T10:39:02+00:00","article_modified_time":"2020-06-05T18:47:04+00:00","og_image":[{"width":273,"height":181,"url":"https:\/\/franciscanos.org.br\/noticias\/wp-content\/uploads\/2019\/09\/marta_1709d.jpg","type":"image\/jpeg"}],"author":"moacir","twitter_card":"summary_large_image","twitter_misc":{"Escrito por":"moacir","Est. tempo de leitura":"4 minutos"},"schema":{"@context":"https:\/\/schema.org","@graph":[{"@type":"WebSite","@id":"https:\/\/franciscanos.org.br\/noticias\/#website","url":"https:\/\/franciscanos.org.br\/noticias\/","name":"Not\u00edcias - Franciscanos","description":"Prov\u00edncia Franciscana da Imaculada Concei\u00e7\u00e3o do Brasil - Ordem dos Frades Menores - OFM","potentialAction":[{"@type":"SearchAction","target":{"@type":"EntryPoint","urlTemplate":"https:\/\/franciscanos.org.br\/noticias\/?s={search_term_string}"},"query-input":"required name=search_term_string"}],"inLanguage":"pt-BR"},{"@type":"ImageObject","inLanguage":"pt-BR","@id":"https:\/\/franciscanos.org.br\/noticias\/papa-a-compaixao-e-a-linguagem-de-deus-e-nos-salva-da-indiferenca.html#primaryimage","url":"https:\/\/franciscanos.org.br\/noticias\/wp-content\/uploads\/2019\/09\/marta_1709d.jpg","contentUrl":"https:\/\/franciscanos.org.br\/noticias\/wp-content\/uploads\/2019\/09\/marta_1709d.jpg","width":273,"height":181},{"@type":"WebPage","@id":"https:\/\/franciscanos.org.br\/noticias\/papa-a-compaixao-e-a-linguagem-de-deus-e-nos-salva-da-indiferenca.html#webpage","url":"https:\/\/franciscanos.org.br\/noticias\/papa-a-compaixao-e-a-linguagem-de-deus-e-nos-salva-da-indiferenca.html","name":"Papa: A compaix\u00e3o \u00e9 a linguagem de Deus e nos salva da indiferen\u00e7a - Not\u00edcias - Franciscanos","isPartOf":{"@id":"https:\/\/franciscanos.org.br\/noticias\/#website"},"primaryImageOfPage":{"@id":"https:\/\/franciscanos.org.br\/noticias\/papa-a-compaixao-e-a-linguagem-de-deus-e-nos-salva-da-indiferenca.html#primaryimage"},"datePublished":"2019-09-17T10:39:02+00:00","dateModified":"2020-06-05T18:47:04+00:00","author":{"@id":"https:\/\/franciscanos.org.br\/noticias\/#\/schema\/person\/b5c8cba458c330ccff548b056e95a5d4"},"breadcrumb":{"@id":"https:\/\/franciscanos.org.br\/noticias\/papa-a-compaixao-e-a-linguagem-de-deus-e-nos-salva-da-indiferenca.html#breadcrumb"},"inLanguage":"pt-BR","potentialAction":[{"@type":"ReadAction","target":["https:\/\/franciscanos.org.br\/noticias\/papa-a-compaixao-e-a-linguagem-de-deus-e-nos-salva-da-indiferenca.html"]}]},{"@type":"BreadcrumbList","@id":"https:\/\/franciscanos.org.br\/noticias\/papa-a-compaixao-e-a-linguagem-de-deus-e-nos-salva-da-indiferenca.html#breadcrumb","itemListElement":[{"@type":"ListItem","position":1,"name":"Home","item":"https:\/\/franciscanos.org.br\/noticias"},{"@type":"ListItem","position":2,"name":"Papa: A compaix\u00e3o \u00e9 a linguagem de Deus e nos salva da indiferen\u00e7a"}]},{"@type":"Person","@id":"https:\/\/franciscanos.org.br\/noticias\/#\/schema\/person\/b5c8cba458c330ccff548b056e95a5d4","name":"moacir","image":{"@type":"ImageObject","inLanguage":"pt-BR","@id":"https:\/\/franciscanos.org.br\/noticias\/#\/schema\/person\/image\/","url":"https:\/\/secure.gravatar.com\/avatar\/d08aa2ce4c8dd416d4479aa8536fcf64?s=96&d=mm&r=g","contentUrl":"https:\/\/secure.gravatar.com\/avatar\/d08aa2ce4c8dd416d4479aa8536fcf64?s=96&d=mm&r=g","caption":"moacir"},"url":"https:\/\/franciscanos.org.br\/noticias\/author\/moacir"}]}},"_links":{"self":[{"href":"https:\/\/franciscanos.org.br\/noticias\/wp-json\/wp\/v2\/posts\/211063"}],"collection":[{"href":"https:\/\/franciscanos.org.br\/noticias\/wp-json\/wp\/v2\/posts"}],"about":[{"href":"https:\/\/franciscanos.org.br\/noticias\/wp-json\/wp\/v2\/types\/post"}],"author":[{"embeddable":true,"href":"https:\/\/franciscanos.org.br\/noticias\/wp-json\/wp\/v2\/users\/3"}],"replies":[{"embeddable":true,"href":"https:\/\/franciscanos.org.br\/noticias\/wp-json\/wp\/v2\/comments?post=211063"}],"version-history":[{"count":1,"href":"https:\/\/franciscanos.org.br\/noticias\/wp-json\/wp\/v2\/posts\/211063\/revisions"}],"predecessor-version":[{"id":224315,"href":"https:\/\/franciscanos.org.br\/noticias\/wp-json\/wp\/v2\/posts\/211063\/revisions\/224315"}],"wp:featuredmedia":[{"embeddable":true,"href":"https:\/\/franciscanos.org.br\/noticias\/wp-json\/wp\/v2\/media\/211065"}],"wp:attachment":[{"href":"https:\/\/franciscanos.org.br\/noticias\/wp-json\/wp\/v2\/media?parent=211063"}],"wp:term":[{"taxonomy":"category","embeddable":true,"href":"https:\/\/franciscanos.org.br\/noticias\/wp-json\/wp\/v2\/categories?post=211063"},{"taxonomy":"post_tag","embeddable":true,"href":"https:\/\/franciscanos.org.br\/noticias\/wp-json\/wp\/v2\/tags?post=211063"}],"curies":[{"name":"wp","href":"https:\/\/api.w.org\/{rel}","templated":true}]}}