{"id":211058,"date":"2019-09-16T08:18:27","date_gmt":"2019-09-16T11:18:27","guid":{"rendered":"https:\/\/franciscanos.org.br\/noticias\/?p=211058"},"modified":"2019-09-18T15:56:07","modified_gmt":"2019-09-18T18:56:07","slug":"21o-dia-de-navegacao-16-de-setembro","status":"publish","type":"post","link":"https:\/\/franciscanos.org.br\/noticias\/21o-dia-de-navegacao-16-de-setembro.html","title":{"rendered":"21\u00ba Dia de Navega\u00e7\u00e3o \u2013 16 de Setembro"},"content":{"rendered":"<p><img loading=\"lazy\" src=\"https:\/\/franciscanos.org.br\/noticias\/wp-content\/uploads\/2019\/09\/cabecalho.jpg\" alt=\"\" width=\"1200\" height=\"450\" \/><\/p>\n<h3><strong><img loading=\"lazy\" class=\"size-full wp-image-211059 alignright\" src=\"https:\/\/franciscanos.org.br\/noticias\/wp-content\/uploads\/2019\/09\/Dia-21.jpg\" alt=\"\" width=\"350\" height=\"499\" srcset=\"https:\/\/franciscanos.org.br\/noticias\/wp-content\/uploads\/2019\/09\/Dia-21.jpg 350w, https:\/\/franciscanos.org.br\/noticias\/wp-content\/uploads\/2019\/09\/Dia-21-316x450.jpg 316w, https:\/\/franciscanos.org.br\/noticias\/wp-content\/uploads\/2019\/09\/Dia-21-150x214.jpg 150w\" sizes=\"(max-width: 350px) 100vw, 350px\" \/>PETI\u00c7\u00c3O PERMANENTE PARA O S\u00cdNODO<\/strong><br \/>\n<strong>AMAZ\u00d4NICO NO IN\u00cdCIO DE CADA DIA:<\/strong><\/h3>\n<p style=\"padding-left: 40px;\"><em>\u201cQue o Deus da vida e da beleza, o Esp\u00edrito Santo que nos impulsiona para mais fraternidade, unidade e dignidade, o Cristo encarnado da Boa Nova, da incultura\u00e7\u00e3o e da interculturalidade nos proporcionem serenidade, discernimento e coragem para encontrar novos caminhos para a Igreja e para uma ecologia integral neste S\u00ednodo Amaz\u00f4nico. Tudo isso para o bem e a vida de seus povos e comunidades, e para caminhar mais juntos pelo Reino\u201d.<\/em><\/p>\n<p>Medite por alguns momentos neste pedido inicial, busque a calma interior para entrar neste momento para navegar pelas \u00e1guas da Amaz\u00f4nia e a vida da Igreja a servi\u00e7o de seus povos e comunidades, e para ouvir o chamado de Deus atrav\u00e9s de sua palavra viva.<\/p>\n<p><strong>Leitura do dia (cada um e cada uma s\u00e3o convidados a aprofundar a leitura completa de acordo com suas pr\u00f3prias necessidades e crit\u00e9rios):<\/strong><\/p>\n<p>1 Tim\u00f3teo 2, 1-8 (fragmento)<\/p>\n<p>&#8220;Caro irm\u00e3o: Acima de tudo, recomendo que se fa\u00e7am preces, ora\u00e7\u00f5es, s\u00faplicas, a\u00e7\u00f5es de gra\u00e7as por todos os homens, pelos reis e por todos os que est\u00e3o constitu\u00eddos em autoridade, para que possamos viver uma vida calma e tranquila, com toda a piedade e honestidade. Isto \u00e9 bom e agrad\u00e1vel diante de Deus, nosso Salvador, o qual deseja que todos os homens se salvem e cheguem ao conhecimento da verdade.&#8221;<\/p>\n<p><strong>Reflex\u00e3o sob a perspectiva do S\u00ednodo Amaz\u00f4nico:<\/strong><\/p>\n<p>Este S\u00ednodo nos chama a prestar aten\u00e7\u00e3o especial \u00e0 situa\u00e7\u00e3o pol\u00edtica e social de nossa Amaz\u00f4nia. \u00c9 um pequeno momento pouco luminoso a esse respeito. Temos a sensa\u00e7\u00e3o de que as mais altas autoridades encarregadas do bem-estar dos cidad\u00e3os, especialmente dos mais vulner\u00e1veis, est\u00e3o cada vez mais distantes dessa tarefa priorit\u00e1ria e servem a um prop\u00f3sito de interesses de grupos econ\u00f4micos, suas pr\u00f3prias agendas privadas ou do que for preciso para manter o poder. Isso produziu uma situa\u00e7\u00e3o insustent\u00e1vel para a Amaz\u00f4nia e seus povos: desmatamento, queima recente das florestas, extra\u00e7\u00e3o sem controle, trag\u00e9dias causadas por m\u00e1 gest\u00e3o ambiental, insensibilidade ou atitude de sil\u00eancio diante do assassinato de l\u00edderes do territ\u00f3rio e, por outro lado, a atitude permissiva sobre pol\u00edticas p\u00fablicas que revertem conquistas hist\u00f3ricas em favor da extra\u00e7\u00e3o e explora\u00e7\u00e3o do territ\u00f3rio. Pe\u00e7amos hoje com for\u00e7a por esses governantes e pol\u00edticos para que seus cora\u00e7\u00f5es sejam mudados em um de carne, que sua fun\u00e7\u00e3o de autoridade seja sustentada inteiramente no servi\u00e7o e que pessoas, especialmente povos ind\u00edgenas e comunidades amaz\u00f4nicas, aspirem a uma vida tranquila, em paz, digna e com respeito a suas pr\u00f3prias identidades e tradi\u00e7\u00f5es. Caso contr\u00e1rio, \u00e9 melhor voltar para onde eles vieram.<\/p>\n<p><strong>CONTEMPLA\u00c7\u00c3O<\/strong><\/p>\n<p style=\"padding-left: 40px;\"><em>Contemplemos a imagem deste dia e tomemos um momento para reconhecer nossa pr\u00f3pria vida e experi\u00eancia na Igreja e ao servi\u00e7o da Amaz\u00f4nia para pedir luz nesta palavra de Deus em prepara\u00e7\u00e3o para o S\u00ednodo. Escrever meus pedidos particulares e permanecer neles durante este dia. Convidamos voc\u00ea a manter um registro de tudo o que o Esp\u00edrito nos provoca como prepara\u00e7\u00e3o interior para o S\u00ednodo Amaz\u00f4nico.<\/em><\/p>\n<h3><strong>Cita\u00e7\u00e3o para fechar a medita\u00e7\u00e3o:<\/strong><\/h3>\n<h5 style=\"padding-left: 40px;\"><em><strong>INSTRUMENTUM LABORIS No. 81<\/strong><\/em><\/h5>\n<p style=\"padding-left: 40px;\">Nas \u00faltimas d\u00e9cadas aumentou o investimento na explora\u00e7\u00e3o das riquezas da Amaz\u00f4nia por parte de grandes companhias. Muitas delas perseguem o lucro custe o que custar, sem se importar com o dano socioambiental que provocam. Os governos que autorizam tais pr\u00e1ticas, necessitados de capital para promover suas pol\u00edticas p\u00fablicas, nem sempre cumprem seu dever de preservar o meio ambiente e os direitos de suas popula\u00e7\u00f5es.<\/p>\n","protected":false},"excerpt":{"rendered":"<p>40 DIAS PELO RIO<\/p>\n","protected":false},"author":7,"featured_media":210458,"comment_status":"open","ping_status":"open","sticky":false,"template":"","format":"standard","meta":[],"categories":[1528],"tags":[],"acf":[],"yoast_head":"<!-- This site is optimized with the Yoast SEO plugin v19.2 - https:\/\/yoast.com\/wordpress\/plugins\/seo\/ -->\n<title>21\u00ba Dia de Navega\u00e7\u00e3o \u2013 16 de Setembro - Not\u00edcias - Franciscanos<\/title>\n<meta name=\"robots\" content=\"index, follow, max-snippet:-1, max-image-preview:large, max-video-preview:-1\" \/>\n<link rel=\"canonical\" href=\"https:\/\/franciscanos.org.br\/noticias\/21o-dia-de-navegacao-16-de-setembro.html\" \/>\n<meta property=\"og:locale\" content=\"pt_BR\" \/>\n<meta property=\"og:type\" content=\"article\" \/>\n<meta property=\"og:title\" content=\"21\u00ba Dia de Navega\u00e7\u00e3o \u2013 16 de Setembro - Not\u00edcias - Franciscanos\" \/>\n<meta property=\"og:description\" content=\"40 DIAS PELO RIO\" \/>\n<meta property=\"og:url\" content=\"https:\/\/franciscanos.org.br\/noticias\/21o-dia-de-navegacao-16-de-setembro.html\" \/>\n<meta property=\"og:site_name\" content=\"Not\u00edcias - Franciscanos\" \/>\n<meta property=\"article:published_time\" content=\"2019-09-16T11:18:27+00:00\" \/>\n<meta property=\"article:modified_time\" content=\"2019-09-18T18:56:07+00:00\" \/>\n<meta property=\"og:image\" content=\"https:\/\/franciscanos.org.br\/noticias\/wp-content\/uploads\/2019\/09\/273.jpg\" \/>\n\t<meta property=\"og:image:width\" content=\"273\" \/>\n\t<meta property=\"og:image:height\" content=\"181\" \/>\n\t<meta property=\"og:image:type\" content=\"image\/jpeg\" \/>\n<meta name=\"author\" content=\"jovenal\" \/>\n<meta name=\"twitter:card\" content=\"summary_large_image\" \/>\n<meta name=\"twitter:label1\" content=\"Escrito por\" \/>\n\t<meta name=\"twitter:data1\" content=\"jovenal\" \/>\n\t<meta name=\"twitter:label2\" content=\"Est. tempo de leitura\" \/>\n\t<meta name=\"twitter:data2\" content=\"3 minutos\" \/>\n<script type=\"application\/ld+json\" class=\"yoast-schema-graph\">{\"@context\":\"https:\/\/schema.org\",\"@graph\":[{\"@type\":\"WebSite\",\"@id\":\"https:\/\/franciscanos.org.br\/noticias\/#website\",\"url\":\"https:\/\/franciscanos.org.br\/noticias\/\",\"name\":\"Not\u00edcias - Franciscanos\",\"description\":\"Prov\u00edncia Franciscana da Imaculada Concei\u00e7\u00e3o do Brasil - Ordem dos Frades Menores - OFM\",\"potentialAction\":[{\"@type\":\"SearchAction\",\"target\":{\"@type\":\"EntryPoint\",\"urlTemplate\":\"https:\/\/franciscanos.org.br\/noticias\/?s={search_term_string}\"},\"query-input\":\"required name=search_term_string\"}],\"inLanguage\":\"pt-BR\"},{\"@type\":\"ImageObject\",\"inLanguage\":\"pt-BR\",\"@id\":\"https:\/\/franciscanos.org.br\/noticias\/21o-dia-de-navegacao-16-de-setembro.html#primaryimage\",\"url\":\"https:\/\/franciscanos.org.br\/noticias\/wp-content\/uploads\/2019\/09\/273.jpg\",\"contentUrl\":\"https:\/\/franciscanos.org.br\/noticias\/wp-content\/uploads\/2019\/09\/273.jpg\",\"width\":273,\"height\":181},{\"@type\":\"WebPage\",\"@id\":\"https:\/\/franciscanos.org.br\/noticias\/21o-dia-de-navegacao-16-de-setembro.html#webpage\",\"url\":\"https:\/\/franciscanos.org.br\/noticias\/21o-dia-de-navegacao-16-de-setembro.html\",\"name\":\"21\u00ba Dia de Navega\u00e7\u00e3o \u2013 16 de Setembro - Not\u00edcias - Franciscanos\",\"isPartOf\":{\"@id\":\"https:\/\/franciscanos.org.br\/noticias\/#website\"},\"primaryImageOfPage\":{\"@id\":\"https:\/\/franciscanos.org.br\/noticias\/21o-dia-de-navegacao-16-de-setembro.html#primaryimage\"},\"datePublished\":\"2019-09-16T11:18:27+00:00\",\"dateModified\":\"2019-09-18T18:56:07+00:00\",\"author\":{\"@id\":\"https:\/\/franciscanos.org.br\/noticias\/#\/schema\/person\/c3a26b08313dd1772495ce300ab257cc\"},\"breadcrumb\":{\"@id\":\"https:\/\/franciscanos.org.br\/noticias\/21o-dia-de-navegacao-16-de-setembro.html#breadcrumb\"},\"inLanguage\":\"pt-BR\",\"potentialAction\":[{\"@type\":\"ReadAction\",\"target\":[\"https:\/\/franciscanos.org.br\/noticias\/21o-dia-de-navegacao-16-de-setembro.html\"]}]},{\"@type\":\"BreadcrumbList\",\"@id\":\"https:\/\/franciscanos.org.br\/noticias\/21o-dia-de-navegacao-16-de-setembro.html#breadcrumb\",\"itemListElement\":[{\"@type\":\"ListItem\",\"position\":1,\"name\":\"Home\",\"item\":\"https:\/\/franciscanos.org.br\/noticias\"},{\"@type\":\"ListItem\",\"position\":2,\"name\":\"21\u00ba Dia de Navega\u00e7\u00e3o \u2013 16 de Setembro\"}]},{\"@type\":\"Person\",\"@id\":\"https:\/\/franciscanos.org.br\/noticias\/#\/schema\/person\/c3a26b08313dd1772495ce300ab257cc\",\"name\":\"jovenal\",\"image\":{\"@type\":\"ImageObject\",\"inLanguage\":\"pt-BR\",\"@id\":\"https:\/\/franciscanos.org.br\/noticias\/#\/schema\/person\/image\/\",\"url\":\"https:\/\/secure.gravatar.com\/avatar\/e94509f531086e2eaf97e72f29ea00f9?s=96&d=mm&r=g\",\"contentUrl\":\"https:\/\/secure.gravatar.com\/avatar\/e94509f531086e2eaf97e72f29ea00f9?s=96&d=mm&r=g\",\"caption\":\"jovenal\"},\"url\":\"https:\/\/franciscanos.org.br\/noticias\/author\/jovenal\"}]}<\/script>\n<!-- \/ Yoast SEO plugin. -->","yoast_head_json":{"title":"21\u00ba Dia de Navega\u00e7\u00e3o \u2013 16 de Setembro - Not\u00edcias - Franciscanos","robots":{"index":"index","follow":"follow","max-snippet":"max-snippet:-1","max-image-preview":"max-image-preview:large","max-video-preview":"max-video-preview:-1"},"canonical":"https:\/\/franciscanos.org.br\/noticias\/21o-dia-de-navegacao-16-de-setembro.html","og_locale":"pt_BR","og_type":"article","og_title":"21\u00ba Dia de Navega\u00e7\u00e3o \u2013 16 de Setembro - Not\u00edcias - Franciscanos","og_description":"40 DIAS PELO RIO","og_url":"https:\/\/franciscanos.org.br\/noticias\/21o-dia-de-navegacao-16-de-setembro.html","og_site_name":"Not\u00edcias - Franciscanos","article_published_time":"2019-09-16T11:18:27+00:00","article_modified_time":"2019-09-18T18:56:07+00:00","og_image":[{"width":273,"height":181,"url":"https:\/\/franciscanos.org.br\/noticias\/wp-content\/uploads\/2019\/09\/273.jpg","type":"image\/jpeg"}],"author":"jovenal","twitter_card":"summary_large_image","twitter_misc":{"Escrito por":"jovenal","Est. tempo de leitura":"3 minutos"},"schema":{"@context":"https:\/\/schema.org","@graph":[{"@type":"WebSite","@id":"https:\/\/franciscanos.org.br\/noticias\/#website","url":"https:\/\/franciscanos.org.br\/noticias\/","name":"Not\u00edcias - Franciscanos","description":"Prov\u00edncia Franciscana da Imaculada Concei\u00e7\u00e3o do Brasil - Ordem dos Frades Menores - OFM","potentialAction":[{"@type":"SearchAction","target":{"@type":"EntryPoint","urlTemplate":"https:\/\/franciscanos.org.br\/noticias\/?s={search_term_string}"},"query-input":"required name=search_term_string"}],"inLanguage":"pt-BR"},{"@type":"ImageObject","inLanguage":"pt-BR","@id":"https:\/\/franciscanos.org.br\/noticias\/21o-dia-de-navegacao-16-de-setembro.html#primaryimage","url":"https:\/\/franciscanos.org.br\/noticias\/wp-content\/uploads\/2019\/09\/273.jpg","contentUrl":"https:\/\/franciscanos.org.br\/noticias\/wp-content\/uploads\/2019\/09\/273.jpg","width":273,"height":181},{"@type":"WebPage","@id":"https:\/\/franciscanos.org.br\/noticias\/21o-dia-de-navegacao-16-de-setembro.html#webpage","url":"https:\/\/franciscanos.org.br\/noticias\/21o-dia-de-navegacao-16-de-setembro.html","name":"21\u00ba Dia de Navega\u00e7\u00e3o \u2013 16 de Setembro - Not\u00edcias - Franciscanos","isPartOf":{"@id":"https:\/\/franciscanos.org.br\/noticias\/#website"},"primaryImageOfPage":{"@id":"https:\/\/franciscanos.org.br\/noticias\/21o-dia-de-navegacao-16-de-setembro.html#primaryimage"},"datePublished":"2019-09-16T11:18:27+00:00","dateModified":"2019-09-18T18:56:07+00:00","author":{"@id":"https:\/\/franciscanos.org.br\/noticias\/#\/schema\/person\/c3a26b08313dd1772495ce300ab257cc"},"breadcrumb":{"@id":"https:\/\/franciscanos.org.br\/noticias\/21o-dia-de-navegacao-16-de-setembro.html#breadcrumb"},"inLanguage":"pt-BR","potentialAction":[{"@type":"ReadAction","target":["https:\/\/franciscanos.org.br\/noticias\/21o-dia-de-navegacao-16-de-setembro.html"]}]},{"@type":"BreadcrumbList","@id":"https:\/\/franciscanos.org.br\/noticias\/21o-dia-de-navegacao-16-de-setembro.html#breadcrumb","itemListElement":[{"@type":"ListItem","position":1,"name":"Home","item":"https:\/\/franciscanos.org.br\/noticias"},{"@type":"ListItem","position":2,"name":"21\u00ba Dia de Navega\u00e7\u00e3o \u2013 16 de Setembro"}]},{"@type":"Person","@id":"https:\/\/franciscanos.org.br\/noticias\/#\/schema\/person\/c3a26b08313dd1772495ce300ab257cc","name":"jovenal","image":{"@type":"ImageObject","inLanguage":"pt-BR","@id":"https:\/\/franciscanos.org.br\/noticias\/#\/schema\/person\/image\/","url":"https:\/\/secure.gravatar.com\/avatar\/e94509f531086e2eaf97e72f29ea00f9?s=96&d=mm&r=g","contentUrl":"https:\/\/secure.gravatar.com\/avatar\/e94509f531086e2eaf97e72f29ea00f9?s=96&d=mm&r=g","caption":"jovenal"},"url":"https:\/\/franciscanos.org.br\/noticias\/author\/jovenal"}]}},"_links":{"self":[{"href":"https:\/\/franciscanos.org.br\/noticias\/wp-json\/wp\/v2\/posts\/211058"}],"collection":[{"href":"https:\/\/franciscanos.org.br\/noticias\/wp-json\/wp\/v2\/posts"}],"about":[{"href":"https:\/\/franciscanos.org.br\/noticias\/wp-json\/wp\/v2\/types\/post"}],"author":[{"embeddable":true,"href":"https:\/\/franciscanos.org.br\/noticias\/wp-json\/wp\/v2\/users\/7"}],"replies":[{"embeddable":true,"href":"https:\/\/franciscanos.org.br\/noticias\/wp-json\/wp\/v2\/comments?post=211058"}],"version-history":[{"count":0,"href":"https:\/\/franciscanos.org.br\/noticias\/wp-json\/wp\/v2\/posts\/211058\/revisions"}],"wp:featuredmedia":[{"embeddable":true,"href":"https:\/\/franciscanos.org.br\/noticias\/wp-json\/wp\/v2\/media\/210458"}],"wp:attachment":[{"href":"https:\/\/franciscanos.org.br\/noticias\/wp-json\/wp\/v2\/media?parent=211058"}],"wp:term":[{"taxonomy":"category","embeddable":true,"href":"https:\/\/franciscanos.org.br\/noticias\/wp-json\/wp\/v2\/categories?post=211058"},{"taxonomy":"post_tag","embeddable":true,"href":"https:\/\/franciscanos.org.br\/noticias\/wp-json\/wp\/v2\/tags?post=211058"}],"curies":[{"name":"wp","href":"https:\/\/api.w.org\/{rel}","templated":true}]}}