{"id":210963,"date":"2019-09-15T11:12:40","date_gmt":"2019-09-15T14:12:40","guid":{"rendered":"https:\/\/franciscanos.org.br\/noticias\/?p=210963"},"modified":"2020-08-05T10:00:10","modified_gmt":"2020-08-05T13:00:10","slug":"angelus-deus-nao-se-cansa-de-nos-esperar","status":"publish","type":"post","link":"https:\/\/franciscanos.org.br\/noticias\/angelus-deus-nao-se-cansa-de-nos-esperar.html","title":{"rendered":"Papa: &#8220;Deus n\u00e3o se cansa de nos esperar&#8221;"},"content":{"rendered":"<p><img loading=\"lazy\" class=\"alignnone wp-image-210964 size-full\" src=\"https:\/\/franciscanos.org.br\/noticias\/wp-content\/uploads\/2019\/09\/angelus_150919.jpg\" alt=\"\" width=\"890\" height=\"500\" srcset=\"https:\/\/franciscanos.org.br\/noticias\/wp-content\/uploads\/2019\/09\/angelus_150919.jpg 890w, https:\/\/franciscanos.org.br\/noticias\/wp-content\/uploads\/2019\/09\/angelus_150919-450x253.jpg 450w, https:\/\/franciscanos.org.br\/noticias\/wp-content\/uploads\/2019\/09\/angelus_150919-768x431.jpg 768w, https:\/\/franciscanos.org.br\/noticias\/wp-content\/uploads\/2019\/09\/angelus_150919-150x84.jpg 150w\" sizes=\"(max-width: 890px) 100vw, 890px\" \/><\/p>\n<p><strong>Cidade do Vaticano &#8211;<\/strong> No Evangelho deste domingo (15-09), \u00e0s tr\u00eas par\u00e1bolas narradas por S\u00e3o Lucas (Lc 15,1-32), apresentam um Deus feito miseric\u00f3rdia. \u201cTr\u00eas par\u00e1bolas maravilhosas, que mostram a sua predile\u00e7\u00e3o por aqueles que se sentem distantes dele\u201d, foi o que disse o Papa Francisco em duas oportunidades em sua alocu\u00e7\u00e3o, antes de rezar o Angelus com os milhares peregrinos e turistas reunidos na Pra\u00e7a S\u00e3o Pedro. Francisco recomendou que as l\u00eassemos: \u201cFar\u00e1 bem a voc\u00eas, ser\u00e1 sa\u00fade para voc\u00eas.\u201d Mas qual a mensagem t\u00e3o especial que nos traz o Evangelho de hoje, narrado por S\u00e3o Lucas?<\/p>\n<p>O Evangelho do dia &#8211; explicou o Papa &#8211; come\u00e7a narrando a rea\u00e7\u00e3o de alguns que, escandalizados, criticavam Jesus, dizendo com desd\u00e9m: &#8220;Ele recebe os pecadores e come com eles&#8221;.<\/p>\n<p><strong>Jesus acolhe os pecadores e os convida \u00e0 sua mesa<\/strong><\/p>\n<p>Uma frase, chama a aten\u00e7\u00e3o Francisco, que \u201cacaba se revelando como um an\u00fancio maravilhoso. Jesus acolhe os pecadores e come com eles\u201d, como acontece conosco, em cada Missa, em cada Igreja. \u201cJesus est\u00e1 contente em nos acolher em sua mesa, onde se oferece por n\u00f3s. \u00c9 a frase que poder\u00edamos escrever nas portas de nossas igrejas: Aqui Jesus acolhe os pecadores e os convida \u00e0 sua mesa&#8221;. Para responder aos seus cr\u00edticos, Jesus conta tr\u00eas par\u00e1bolas, \u201ctr\u00eas par\u00e1bolas maravilhosas, que mostram a sua predile\u00e7\u00e3o por aqueles que se sentem distantes dele\u201d.<\/p>\n<p><strong>A ovelha perdida<\/strong><\/p>\n<p>Come\u00e7ando pela Par\u00e1bola da ovelha perdida, o Papa observa que \u201cuma pessoa sensata\u201d n\u00e3o deixaria as 99 no deserto para buscar aquela que se perdeu. Fazendo os c\u00e1lculos, chegaria \u00e0 conclus\u00e3o que valeria mais a pena sacrificar uma, mantendo as outras 99 a salvo. Mas Deus \u2013 frisou o Pont\u00edfice \u2013 faz o contr\u00e1rio: \u201cDeus, ao inv\u00e9s disso, n\u00e3o se resigna, a ele importa precisamente tu que ainda n\u00e3o conheces a beleza de seu amor, tu que ainda n\u00e3o acolhestes Jesus no centro de tua vida, tu que n\u00e3o consegues superar teu pecado, tu que talvez, pelas coisas ruins que aconteceram na tua vida, n\u00e3o acreditas no amor\u201d.<\/p>\n<p><strong>\u00danicos e insubstitu\u00edveis no cora\u00e7\u00e3o de Deus<\/strong><\/p>\n<p>Na segunda par\u00e1bola, cada um de n\u00f3s \u00e9 aquela pequena moeda que o Senhor n\u00e3o quer perder e a procura incessantemente: \u201cEle quer te dizer que \u00e9s precioso aos seus olhos, que \u00e9s \u00fanico. Ningu\u00e9m pode te substituir no cora\u00e7\u00e3o de Deus. Tu tens um lugar, \u00e9s tu, e ningu\u00e9m pode substituir-te. E tamb\u00e9m eu, ningu\u00e9m pode substituir-me no cora\u00e7\u00e3o de Deus\u201d.<\/p>\n<p><img loading=\"lazy\" class=\"alignnone wp-image-210966 size-full\" src=\"https:\/\/franciscanos.org.br\/noticias\/wp-content\/uploads\/2019\/09\/angelus_150919_2.jpg\" alt=\"\" width=\"890\" height=\"500\" srcset=\"https:\/\/franciscanos.org.br\/noticias\/wp-content\/uploads\/2019\/09\/angelus_150919_2.jpg 890w, https:\/\/franciscanos.org.br\/noticias\/wp-content\/uploads\/2019\/09\/angelus_150919_2-450x253.jpg 450w, https:\/\/franciscanos.org.br\/noticias\/wp-content\/uploads\/2019\/09\/angelus_150919_2-768x431.jpg 768w, https:\/\/franciscanos.org.br\/noticias\/wp-content\/uploads\/2019\/09\/angelus_150919_2-150x84.jpg 150w\" sizes=\"(max-width: 890px) 100vw, 890px\" \/><\/p>\n<p><strong>Deus n\u00e3o se cansa de nos esperar<\/strong><\/p>\n<p>Um Deus paciente, que n\u00e3o desanima, n\u00e3o se cansa e aguarda o retorno do filho pr\u00f3digo. Este \u00e9 o nosso Deus, que nos abra\u00e7a novamente, nos acaricia e nos coloca em seus ombros. Ele espera a cada dia que percebamos este seu amor: \u201cE tu dizes: Mas eu aprontei tantas, aprontei muito! N\u00e3o tenhas medo: Deus te ama, te ama como \u00e9s e sabe que somente o seu amor pode mudar a tua vida\u201d.<\/p>\n<p><strong>A rejei\u00e7\u00e3o ao amor infinito de Deus<\/strong><\/p>\n<p>Mas o Santo Padre chama a aten\u00e7\u00e3o para o fato de que \u201cesse amor infinito de Deus por n\u00f3s pecadores, que \u00e9 o cora\u00e7\u00e3o do Evangelho, pode ser rejeitado\u201d, como fez o filho mais velho da par\u00e1bola: \u201cEle n\u00e3o entende o amor naquele momento e tem em mente mais um patr\u00e3o do que um pai. \u00c9 um risco tamb\u00e9m para n\u00f3s: acreditar em um deus mais rigoroso do que misericordioso, um deus que derrota o mal com o poder antes que com o perd\u00e3o\u201d.<\/p>\n<p>Mas com Deus, n\u00e3o \u00e9 assim, reitera o Papa, que explica: \u201cDeus salva com o amor, n\u00e3o com a for\u00e7a, nos propondo, n\u00e3o impondo. Mas o filho mais velho, que n\u00e3o aceita a miseric\u00f3rdia do pai, se fecha, comete um erro pior: presume-se justo, presume-se tra\u00eddo e julga tudo com base ao seu pensamento de justi\u00e7a. Assim, fica bravo com o irm\u00e3o e censura o pai: &#8220;Tu matastes o novilho gordo agora que este teu filho voltou&#8221;. Este &#8216;teu filho&#8217;: n\u00e3o o chama \u201cmeu irm\u00e3o\u201d, mas teu filho. Sente-se filho \u00fanico\u201d.<\/p>\n<p><strong>Sem a ajuda de Deus n\u00e3o sabemos vencer o mal<\/strong><\/p>\n<p>Tamb\u00e9m n\u00f3s muitas vezes agimos como o filho mais velho, \u201cquando acreditamos ser os justos, quando pensamos que os maus s\u00e3o os outros\u201d. Mas, recordou Francisco, \u201cn\u00e3o nos acreditemos bons, porque sozinhos, sem a ajuda de Deus que \u00e9 bom, n\u00e3o sabemos vencer o mal\u201d.<\/p>\n<p>\u201cE como se faz para derrotar o mal?\u201d, perguntou: \u201cAcolhendo o perd\u00e3o de Deus e o perd\u00e3o dos irm\u00e3os. Acontece cada vez que vamos nos confessar: l\u00e1 recebemos o amor do Pai que vence o nosso pecado: n\u00e3o existe mais, Deus o esquece. Quando deus perdoa, perde a mem\u00f3ria, esquece os nossos pecados, esquece. Deus \u00e9 t\u00e3o bom conosco!\u201d<\/p>\n<p>Deus esquece, reiterou o Papa, diferentemente de n\u00f3s, que mesmo dizendo que \u201cest\u00e1 tudo certo\u201d, na primeira oportunidade nos recordamos dos ferimentos sofridos: \u201cN\u00e3o, Deus apaga o mal, nos faz novos por dentro e, assim faz renascer em n\u00f3s a alegria, n\u00e3o a tristeza, n\u00e3o a obscuridade no cora\u00e7\u00e3o, n\u00e3o a suspeita, mas a alegria\u201d.<\/p>\n<p><strong>Nenhum pecado tem a \u00faltima palavra<\/strong><\/p>\n<p>\u201cCoragem!\u201d, foi a exorta\u00e7\u00e3o do Santo Padre ao concluir. \u201cCom Deus nenhum pecado tem a \u00faltima palavra. Que Nossa Senhora, que desata os n\u00f3s da vida, nos liberte da pretens\u00e3o de acreditar que somos justos e nos fa\u00e7a sentir a necessidade de ir at\u00e9 o Senhor, que nos espera sempre para nos abra\u00e7ar, para nos perdoar.<\/p>\n<hr \/>\n<p><strong>FONTE: <a href=\"https:\/\/www.vaticannews.va\/pt\/papa\/news\/2019-09\/papa-francisco-angelus-filho-prodigo.html#play\">Vatican News<\/a><\/strong><\/p>\n","protected":false},"excerpt":{"rendered":"<p>Angelus<\/p>\n","protected":false},"author":3,"featured_media":210968,"comment_status":"open","ping_status":"open","sticky":false,"template":"","format":"standard","meta":[],"categories":[1428],"tags":[403,55],"acf":[],"yoast_head":"<!-- This site is optimized with the Yoast SEO plugin v19.2 - https:\/\/yoast.com\/wordpress\/plugins\/seo\/ -->\n<title>Papa: &quot;Deus n\u00e3o se cansa de nos esperar&quot; - Not\u00edcias - Franciscanos<\/title>\n<meta name=\"robots\" content=\"index, follow, max-snippet:-1, max-image-preview:large, max-video-preview:-1\" \/>\n<link rel=\"canonical\" href=\"https:\/\/franciscanos.org.br\/noticias\/angelus-deus-nao-se-cansa-de-nos-esperar.html\" \/>\n<meta property=\"og:locale\" content=\"pt_BR\" \/>\n<meta property=\"og:type\" content=\"article\" \/>\n<meta property=\"og:title\" content=\"Papa: &quot;Deus n\u00e3o se cansa de nos esperar&quot; - Not\u00edcias - Franciscanos\" \/>\n<meta property=\"og:description\" content=\"Angelus\" \/>\n<meta property=\"og:url\" content=\"https:\/\/franciscanos.org.br\/noticias\/angelus-deus-nao-se-cansa-de-nos-esperar.html\" \/>\n<meta property=\"og:site_name\" content=\"Not\u00edcias - Franciscanos\" \/>\n<meta property=\"article:published_time\" content=\"2019-09-15T14:12:40+00:00\" \/>\n<meta property=\"article:modified_time\" content=\"2020-08-05T13:00:10+00:00\" \/>\n<meta property=\"og:image\" content=\"https:\/\/franciscanos.org.br\/noticias\/wp-content\/uploads\/2019\/09\/angelus_150919_1.jpg\" \/>\n\t<meta property=\"og:image:width\" content=\"273\" \/>\n\t<meta property=\"og:image:height\" content=\"181\" \/>\n\t<meta property=\"og:image:type\" content=\"image\/jpeg\" \/>\n<meta name=\"author\" content=\"moacir\" \/>\n<meta name=\"twitter:card\" content=\"summary_large_image\" \/>\n<meta name=\"twitter:label1\" content=\"Escrito por\" \/>\n\t<meta name=\"twitter:data1\" content=\"moacir\" \/>\n\t<meta name=\"twitter:label2\" content=\"Est. tempo de leitura\" \/>\n\t<meta name=\"twitter:data2\" content=\"5 minutos\" \/>\n<script type=\"application\/ld+json\" class=\"yoast-schema-graph\">{\"@context\":\"https:\/\/schema.org\",\"@graph\":[{\"@type\":\"WebSite\",\"@id\":\"https:\/\/franciscanos.org.br\/noticias\/#website\",\"url\":\"https:\/\/franciscanos.org.br\/noticias\/\",\"name\":\"Not\u00edcias - Franciscanos\",\"description\":\"Prov\u00edncia Franciscana da Imaculada Concei\u00e7\u00e3o do Brasil - Ordem dos Frades Menores - OFM\",\"potentialAction\":[{\"@type\":\"SearchAction\",\"target\":{\"@type\":\"EntryPoint\",\"urlTemplate\":\"https:\/\/franciscanos.org.br\/noticias\/?s={search_term_string}\"},\"query-input\":\"required name=search_term_string\"}],\"inLanguage\":\"pt-BR\"},{\"@type\":\"ImageObject\",\"inLanguage\":\"pt-BR\",\"@id\":\"https:\/\/franciscanos.org.br\/noticias\/angelus-deus-nao-se-cansa-de-nos-esperar.html#primaryimage\",\"url\":\"https:\/\/franciscanos.org.br\/noticias\/wp-content\/uploads\/2019\/09\/angelus_150919_1.jpg\",\"contentUrl\":\"https:\/\/franciscanos.org.br\/noticias\/wp-content\/uploads\/2019\/09\/angelus_150919_1.jpg\",\"width\":273,\"height\":181},{\"@type\":\"WebPage\",\"@id\":\"https:\/\/franciscanos.org.br\/noticias\/angelus-deus-nao-se-cansa-de-nos-esperar.html#webpage\",\"url\":\"https:\/\/franciscanos.org.br\/noticias\/angelus-deus-nao-se-cansa-de-nos-esperar.html\",\"name\":\"Papa: \\\"Deus n\u00e3o se cansa de nos esperar\\\" - Not\u00edcias - Franciscanos\",\"isPartOf\":{\"@id\":\"https:\/\/franciscanos.org.br\/noticias\/#website\"},\"primaryImageOfPage\":{\"@id\":\"https:\/\/franciscanos.org.br\/noticias\/angelus-deus-nao-se-cansa-de-nos-esperar.html#primaryimage\"},\"datePublished\":\"2019-09-15T14:12:40+00:00\",\"dateModified\":\"2020-08-05T13:00:10+00:00\",\"author\":{\"@id\":\"https:\/\/franciscanos.org.br\/noticias\/#\/schema\/person\/b5c8cba458c330ccff548b056e95a5d4\"},\"breadcrumb\":{\"@id\":\"https:\/\/franciscanos.org.br\/noticias\/angelus-deus-nao-se-cansa-de-nos-esperar.html#breadcrumb\"},\"inLanguage\":\"pt-BR\",\"potentialAction\":[{\"@type\":\"ReadAction\",\"target\":[\"https:\/\/franciscanos.org.br\/noticias\/angelus-deus-nao-se-cansa-de-nos-esperar.html\"]}]},{\"@type\":\"BreadcrumbList\",\"@id\":\"https:\/\/franciscanos.org.br\/noticias\/angelus-deus-nao-se-cansa-de-nos-esperar.html#breadcrumb\",\"itemListElement\":[{\"@type\":\"ListItem\",\"position\":1,\"name\":\"Home\",\"item\":\"https:\/\/franciscanos.org.br\/noticias\"},{\"@type\":\"ListItem\",\"position\":2,\"name\":\"Papa: &#8220;Deus n\u00e3o se cansa de nos esperar&#8221;\"}]},{\"@type\":\"Person\",\"@id\":\"https:\/\/franciscanos.org.br\/noticias\/#\/schema\/person\/b5c8cba458c330ccff548b056e95a5d4\",\"name\":\"moacir\",\"image\":{\"@type\":\"ImageObject\",\"inLanguage\":\"pt-BR\",\"@id\":\"https:\/\/franciscanos.org.br\/noticias\/#\/schema\/person\/image\/\",\"url\":\"https:\/\/secure.gravatar.com\/avatar\/d08aa2ce4c8dd416d4479aa8536fcf64?s=96&d=mm&r=g\",\"contentUrl\":\"https:\/\/secure.gravatar.com\/avatar\/d08aa2ce4c8dd416d4479aa8536fcf64?s=96&d=mm&r=g\",\"caption\":\"moacir\"},\"url\":\"https:\/\/franciscanos.org.br\/noticias\/author\/moacir\"}]}<\/script>\n<!-- \/ Yoast SEO plugin. -->","yoast_head_json":{"title":"Papa: \"Deus n\u00e3o se cansa de nos esperar\" - Not\u00edcias - Franciscanos","robots":{"index":"index","follow":"follow","max-snippet":"max-snippet:-1","max-image-preview":"max-image-preview:large","max-video-preview":"max-video-preview:-1"},"canonical":"https:\/\/franciscanos.org.br\/noticias\/angelus-deus-nao-se-cansa-de-nos-esperar.html","og_locale":"pt_BR","og_type":"article","og_title":"Papa: \"Deus n\u00e3o se cansa de nos esperar\" - Not\u00edcias - Franciscanos","og_description":"Angelus","og_url":"https:\/\/franciscanos.org.br\/noticias\/angelus-deus-nao-se-cansa-de-nos-esperar.html","og_site_name":"Not\u00edcias - Franciscanos","article_published_time":"2019-09-15T14:12:40+00:00","article_modified_time":"2020-08-05T13:00:10+00:00","og_image":[{"width":273,"height":181,"url":"https:\/\/franciscanos.org.br\/noticias\/wp-content\/uploads\/2019\/09\/angelus_150919_1.jpg","type":"image\/jpeg"}],"author":"moacir","twitter_card":"summary_large_image","twitter_misc":{"Escrito por":"moacir","Est. tempo de leitura":"5 minutos"},"schema":{"@context":"https:\/\/schema.org","@graph":[{"@type":"WebSite","@id":"https:\/\/franciscanos.org.br\/noticias\/#website","url":"https:\/\/franciscanos.org.br\/noticias\/","name":"Not\u00edcias - Franciscanos","description":"Prov\u00edncia Franciscana da Imaculada Concei\u00e7\u00e3o do Brasil - Ordem dos Frades Menores - OFM","potentialAction":[{"@type":"SearchAction","target":{"@type":"EntryPoint","urlTemplate":"https:\/\/franciscanos.org.br\/noticias\/?s={search_term_string}"},"query-input":"required name=search_term_string"}],"inLanguage":"pt-BR"},{"@type":"ImageObject","inLanguage":"pt-BR","@id":"https:\/\/franciscanos.org.br\/noticias\/angelus-deus-nao-se-cansa-de-nos-esperar.html#primaryimage","url":"https:\/\/franciscanos.org.br\/noticias\/wp-content\/uploads\/2019\/09\/angelus_150919_1.jpg","contentUrl":"https:\/\/franciscanos.org.br\/noticias\/wp-content\/uploads\/2019\/09\/angelus_150919_1.jpg","width":273,"height":181},{"@type":"WebPage","@id":"https:\/\/franciscanos.org.br\/noticias\/angelus-deus-nao-se-cansa-de-nos-esperar.html#webpage","url":"https:\/\/franciscanos.org.br\/noticias\/angelus-deus-nao-se-cansa-de-nos-esperar.html","name":"Papa: \"Deus n\u00e3o se cansa de nos esperar\" - Not\u00edcias - Franciscanos","isPartOf":{"@id":"https:\/\/franciscanos.org.br\/noticias\/#website"},"primaryImageOfPage":{"@id":"https:\/\/franciscanos.org.br\/noticias\/angelus-deus-nao-se-cansa-de-nos-esperar.html#primaryimage"},"datePublished":"2019-09-15T14:12:40+00:00","dateModified":"2020-08-05T13:00:10+00:00","author":{"@id":"https:\/\/franciscanos.org.br\/noticias\/#\/schema\/person\/b5c8cba458c330ccff548b056e95a5d4"},"breadcrumb":{"@id":"https:\/\/franciscanos.org.br\/noticias\/angelus-deus-nao-se-cansa-de-nos-esperar.html#breadcrumb"},"inLanguage":"pt-BR","potentialAction":[{"@type":"ReadAction","target":["https:\/\/franciscanos.org.br\/noticias\/angelus-deus-nao-se-cansa-de-nos-esperar.html"]}]},{"@type":"BreadcrumbList","@id":"https:\/\/franciscanos.org.br\/noticias\/angelus-deus-nao-se-cansa-de-nos-esperar.html#breadcrumb","itemListElement":[{"@type":"ListItem","position":1,"name":"Home","item":"https:\/\/franciscanos.org.br\/noticias"},{"@type":"ListItem","position":2,"name":"Papa: &#8220;Deus n\u00e3o se cansa de nos esperar&#8221;"}]},{"@type":"Person","@id":"https:\/\/franciscanos.org.br\/noticias\/#\/schema\/person\/b5c8cba458c330ccff548b056e95a5d4","name":"moacir","image":{"@type":"ImageObject","inLanguage":"pt-BR","@id":"https:\/\/franciscanos.org.br\/noticias\/#\/schema\/person\/image\/","url":"https:\/\/secure.gravatar.com\/avatar\/d08aa2ce4c8dd416d4479aa8536fcf64?s=96&d=mm&r=g","contentUrl":"https:\/\/secure.gravatar.com\/avatar\/d08aa2ce4c8dd416d4479aa8536fcf64?s=96&d=mm&r=g","caption":"moacir"},"url":"https:\/\/franciscanos.org.br\/noticias\/author\/moacir"}]}},"_links":{"self":[{"href":"https:\/\/franciscanos.org.br\/noticias\/wp-json\/wp\/v2\/posts\/210963"}],"collection":[{"href":"https:\/\/franciscanos.org.br\/noticias\/wp-json\/wp\/v2\/posts"}],"about":[{"href":"https:\/\/franciscanos.org.br\/noticias\/wp-json\/wp\/v2\/types\/post"}],"author":[{"embeddable":true,"href":"https:\/\/franciscanos.org.br\/noticias\/wp-json\/wp\/v2\/users\/3"}],"replies":[{"embeddable":true,"href":"https:\/\/franciscanos.org.br\/noticias\/wp-json\/wp\/v2\/comments?post=210963"}],"version-history":[{"count":1,"href":"https:\/\/franciscanos.org.br\/noticias\/wp-json\/wp\/v2\/posts\/210963\/revisions"}],"predecessor-version":[{"id":227477,"href":"https:\/\/franciscanos.org.br\/noticias\/wp-json\/wp\/v2\/posts\/210963\/revisions\/227477"}],"wp:featuredmedia":[{"embeddable":true,"href":"https:\/\/franciscanos.org.br\/noticias\/wp-json\/wp\/v2\/media\/210968"}],"wp:attachment":[{"href":"https:\/\/franciscanos.org.br\/noticias\/wp-json\/wp\/v2\/media?parent=210963"}],"wp:term":[{"taxonomy":"category","embeddable":true,"href":"https:\/\/franciscanos.org.br\/noticias\/wp-json\/wp\/v2\/categories?post=210963"},{"taxonomy":"post_tag","embeddable":true,"href":"https:\/\/franciscanos.org.br\/noticias\/wp-json\/wp\/v2\/tags?post=210963"}],"curies":[{"name":"wp","href":"https:\/\/api.w.org\/{rel}","templated":true}]}}