{"id":210958,"date":"2019-09-13T15:57:56","date_gmt":"2019-09-13T18:57:56","guid":{"rendered":"https:\/\/franciscanos.org.br\/noticias\/?p=210958"},"modified":"2019-09-13T16:08:41","modified_gmt":"2019-09-13T19:08:41","slug":"sefras-recebe-comenda-da-ordem-do-merito-judiciario-do-trabalho","status":"publish","type":"post","link":"https:\/\/franciscanos.org.br\/noticias\/sefras-recebe-comenda-da-ordem-do-merito-judiciario-do-trabalho.html","title":{"rendered":"Sefras recebe comenda da Ordem do M\u00e9rito Judici\u00e1rio do Trabalho"},"content":{"rendered":"<p><img loading=\"lazy\" class=\"alignnone size-full wp-image-210959\" src=\"https:\/\/franciscanos.org.br\/noticias\/wp-content\/uploads\/2019\/09\/comenda_130919.jpg\" alt=\"\" width=\"890\" height=\"550\" srcset=\"https:\/\/franciscanos.org.br\/noticias\/wp-content\/uploads\/2019\/09\/comenda_130919.jpg 890w, https:\/\/franciscanos.org.br\/noticias\/wp-content\/uploads\/2019\/09\/comenda_130919-450x278.jpg 450w, https:\/\/franciscanos.org.br\/noticias\/wp-content\/uploads\/2019\/09\/comenda_130919-768x475.jpg 768w, https:\/\/franciscanos.org.br\/noticias\/wp-content\/uploads\/2019\/09\/comenda_130919-150x93.jpg 150w\" sizes=\"(max-width: 890px) 100vw, 890px\" \/><\/p>\n<p><strong>S\u00e3o Paulo (SP) &#8211;<\/strong> O Servi\u00e7o Franciscano de Solidariedade (Sefras) recebeu nesta quinta-feira (12\/09), a comenda da 10\u00aa Ordem do M\u00e9rito Judici\u00e1rio do Trabalho. Foram homenageados 56 nomes, entre personalidades e institui\u00e7\u00f5es, que se destacaram no desempenho de relevantes servi\u00e7os \u00e0 Justi\u00e7a do Trabalho ou em atividades socioculturais. O evento foi realizado no 20\u00ba andar do Ed. Sede do Tribunal, em S\u00e3o Paulo (SP), e foi conduzido pela presidente do \u00f3rg\u00e3o e gr\u00e3-mestre da Ordem, desembargadora Rilma Hemet\u00e9rio.<\/p>\n<p>A entrega das comendas da Ordem do M\u00e9rito Judici\u00e1rio do Trabalho da 2\u00aa Regi\u00e3o \u00e9 realizada a cada dois anos, e \u00e9 concedida em cinco graus: gr\u00e3-cruz (membros natos), gr\u00e3-cruz, grande-oficial, comendador e cavaleiro.<\/p>\n<p>Para Frei Jos\u00e9 Francisco de C\u00e1ssia dos Santos, a indica\u00e7\u00e3o do Sefras para o recebimento da comenda \u00e9 motivo de grande alegria. \u201cRecebemos a not\u00edcia com bastante surpresa, pois nem esper\u00e1vamos ter um reconhecimento deste porte e magnitude. Para n\u00f3s, \u00e9 um momento muito especial, que nos deixa muito entusiasmados e incentivados a continuar realizando este trabalho\u201d, afirmou o frade.<\/p>\n<p>A desembargadora Rilma Hemet\u00e9rio, durante visita ao Ch\u00e1 do Padre, destacou os benef\u00edcios que o Sefras propicia \u00e0 popula\u00e7\u00e3o.<\/p>\n<p>Al\u00e9m do Sefras, foram homenageados os ministros do Tribunal Superior do Trabalho Breno Medeiros, Luiz Jos\u00e9 Dezena e Evandro Valad\u00e3o Lopes, al\u00e9m de outros magistrados e dirigentes de diferentes tribunais do pa\u00eds. O professor e fil\u00f3sofo M\u00e1rio Sergio Cortella tamb\u00e9m foi uma das personalidades prestigiadas, juntamente com advogados e servidores.<\/p>\n<p><em>Com informa\u00e7\u00f5es do site <a href=\"https:\/\/ww2.trtsp.jus.br\/servicos\/informacoes\/noticias\/noticia\/news\/trt-2-concede-comendas-da-ordem-do-merito-judiciario\/?tx_news_pi1%5Bcontroller%5D=News&amp;tx_news_pi1%5Baction%5D=detail&amp;cHash=05e41c91472dcae58877dc052f07736d\" target=\"_blank\" rel=\"noopener noreferrer\">ww2.trtsp.jus.br<\/a><\/em><\/p>\n<hr \/>\n<p>Confira o v\u00eddeo da visita feita ao Sefras:<\/p>\n<p><iframe loading=\"lazy\" src=\"https:\/\/www.youtube.com\/embed\/faA7aMv39NE\" width=\"890\" height=\"500\" frameborder=\"0\" allowfullscreen=\"allowfullscreen\"><span data-mce-type=\"bookmark\" style=\"display: inline-block; width: 0px; overflow: hidden; line-height: 0;\" class=\"mce_SELRES_start\">\ufeff<\/span><span data-mce-type=\"bookmark\" style=\"display: inline-block; width: 0px; overflow: hidden; line-height: 0;\" class=\"mce_SELRES_start\">\ufeff<\/span><\/iframe><\/p>\n","protected":false},"excerpt":{"rendered":"<p>Servi\u00e7o Franciscano de Solidariedade<\/p>\n","protected":false},"author":1,"featured_media":210960,"comment_status":"open","ping_status":"open","sticky":false,"template":"","format":"standard","meta":[],"categories":[1],"tags":[228],"acf":[],"yoast_head":"<!-- This site is optimized with the Yoast SEO plugin v19.2 - https:\/\/yoast.com\/wordpress\/plugins\/seo\/ -->\n<title>Sefras recebe comenda da Ordem do M\u00e9rito Judici\u00e1rio do Trabalho - Not\u00edcias - Franciscanos<\/title>\n<meta name=\"robots\" content=\"index, follow, max-snippet:-1, max-image-preview:large, max-video-preview:-1\" \/>\n<link rel=\"canonical\" href=\"https:\/\/franciscanos.org.br\/noticias\/sefras-recebe-comenda-da-ordem-do-merito-judiciario-do-trabalho.html\" \/>\n<meta property=\"og:locale\" content=\"pt_BR\" \/>\n<meta property=\"og:type\" content=\"article\" \/>\n<meta property=\"og:title\" content=\"Sefras recebe comenda da Ordem do M\u00e9rito Judici\u00e1rio do Trabalho - Not\u00edcias - Franciscanos\" \/>\n<meta property=\"og:description\" content=\"Servi\u00e7o Franciscano de Solidariedade\" \/>\n<meta property=\"og:url\" content=\"https:\/\/franciscanos.org.br\/noticias\/sefras-recebe-comenda-da-ordem-do-merito-judiciario-do-trabalho.html\" \/>\n<meta property=\"og:site_name\" content=\"Not\u00edcias - Franciscanos\" \/>\n<meta property=\"article:published_time\" content=\"2019-09-13T18:57:56+00:00\" \/>\n<meta property=\"article:modified_time\" content=\"2019-09-13T19:08:41+00:00\" \/>\n<meta property=\"og:image\" content=\"https:\/\/franciscanos.org.br\/noticias\/wp-content\/uploads\/2019\/09\/comenda_130919_p.jpg\" \/>\n\t<meta property=\"og:image:width\" content=\"273\" \/>\n\t<meta property=\"og:image:height\" content=\"181\" \/>\n\t<meta property=\"og:image:type\" content=\"image\/jpeg\" \/>\n<meta name=\"author\" content=\"admin\" \/>\n<meta name=\"twitter:card\" content=\"summary_large_image\" \/>\n<meta name=\"twitter:label1\" content=\"Escrito por\" \/>\n\t<meta name=\"twitter:data1\" content=\"admin\" \/>\n\t<meta name=\"twitter:label2\" content=\"Est. tempo de leitura\" \/>\n\t<meta name=\"twitter:data2\" content=\"1 minuto\" \/>\n<script type=\"application\/ld+json\" class=\"yoast-schema-graph\">{\"@context\":\"https:\/\/schema.org\",\"@graph\":[{\"@type\":\"WebSite\",\"@id\":\"https:\/\/franciscanos.org.br\/noticias\/#website\",\"url\":\"https:\/\/franciscanos.org.br\/noticias\/\",\"name\":\"Not\u00edcias - Franciscanos\",\"description\":\"Prov\u00edncia Franciscana da Imaculada Concei\u00e7\u00e3o do Brasil - Ordem dos Frades Menores - OFM\",\"potentialAction\":[{\"@type\":\"SearchAction\",\"target\":{\"@type\":\"EntryPoint\",\"urlTemplate\":\"https:\/\/franciscanos.org.br\/noticias\/?s={search_term_string}\"},\"query-input\":\"required name=search_term_string\"}],\"inLanguage\":\"pt-BR\"},{\"@type\":\"ImageObject\",\"inLanguage\":\"pt-BR\",\"@id\":\"https:\/\/franciscanos.org.br\/noticias\/sefras-recebe-comenda-da-ordem-do-merito-judiciario-do-trabalho.html#primaryimage\",\"url\":\"https:\/\/franciscanos.org.br\/noticias\/wp-content\/uploads\/2019\/09\/comenda_130919_p.jpg\",\"contentUrl\":\"https:\/\/franciscanos.org.br\/noticias\/wp-content\/uploads\/2019\/09\/comenda_130919_p.jpg\",\"width\":273,\"height\":181},{\"@type\":\"WebPage\",\"@id\":\"https:\/\/franciscanos.org.br\/noticias\/sefras-recebe-comenda-da-ordem-do-merito-judiciario-do-trabalho.html#webpage\",\"url\":\"https:\/\/franciscanos.org.br\/noticias\/sefras-recebe-comenda-da-ordem-do-merito-judiciario-do-trabalho.html\",\"name\":\"Sefras recebe comenda da Ordem do M\u00e9rito Judici\u00e1rio do Trabalho - Not\u00edcias - Franciscanos\",\"isPartOf\":{\"@id\":\"https:\/\/franciscanos.org.br\/noticias\/#website\"},\"primaryImageOfPage\":{\"@id\":\"https:\/\/franciscanos.org.br\/noticias\/sefras-recebe-comenda-da-ordem-do-merito-judiciario-do-trabalho.html#primaryimage\"},\"datePublished\":\"2019-09-13T18:57:56+00:00\",\"dateModified\":\"2019-09-13T19:08:41+00:00\",\"author\":{\"@id\":\"https:\/\/franciscanos.org.br\/noticias\/#\/schema\/person\/b38fbf43118f02820bd932f2e4b14ad3\"},\"breadcrumb\":{\"@id\":\"https:\/\/franciscanos.org.br\/noticias\/sefras-recebe-comenda-da-ordem-do-merito-judiciario-do-trabalho.html#breadcrumb\"},\"inLanguage\":\"pt-BR\",\"potentialAction\":[{\"@type\":\"ReadAction\",\"target\":[\"https:\/\/franciscanos.org.br\/noticias\/sefras-recebe-comenda-da-ordem-do-merito-judiciario-do-trabalho.html\"]}]},{\"@type\":\"BreadcrumbList\",\"@id\":\"https:\/\/franciscanos.org.br\/noticias\/sefras-recebe-comenda-da-ordem-do-merito-judiciario-do-trabalho.html#breadcrumb\",\"itemListElement\":[{\"@type\":\"ListItem\",\"position\":1,\"name\":\"Home\",\"item\":\"https:\/\/franciscanos.org.br\/noticias\"},{\"@type\":\"ListItem\",\"position\":2,\"name\":\"Sefras recebe comenda da Ordem do M\u00e9rito Judici\u00e1rio do Trabalho\"}]},{\"@type\":\"Person\",\"@id\":\"https:\/\/franciscanos.org.br\/noticias\/#\/schema\/person\/b38fbf43118f02820bd932f2e4b14ad3\",\"name\":\"admin\",\"image\":{\"@type\":\"ImageObject\",\"inLanguage\":\"pt-BR\",\"@id\":\"https:\/\/franciscanos.org.br\/noticias\/#\/schema\/person\/image\/\",\"url\":\"https:\/\/secure.gravatar.com\/avatar\/e8495742d34d0ba6448ea1c628263b3e?s=96&d=mm&r=g\",\"contentUrl\":\"https:\/\/secure.gravatar.com\/avatar\/e8495742d34d0ba6448ea1c628263b3e?s=96&d=mm&r=g\",\"caption\":\"admin\"},\"url\":\"https:\/\/franciscanos.org.br\/noticias\/author\/admin\"}]}<\/script>\n<!-- \/ Yoast SEO plugin. -->","yoast_head_json":{"title":"Sefras recebe comenda da Ordem do M\u00e9rito Judici\u00e1rio do Trabalho - Not\u00edcias - Franciscanos","robots":{"index":"index","follow":"follow","max-snippet":"max-snippet:-1","max-image-preview":"max-image-preview:large","max-video-preview":"max-video-preview:-1"},"canonical":"https:\/\/franciscanos.org.br\/noticias\/sefras-recebe-comenda-da-ordem-do-merito-judiciario-do-trabalho.html","og_locale":"pt_BR","og_type":"article","og_title":"Sefras recebe comenda da Ordem do M\u00e9rito Judici\u00e1rio do Trabalho - Not\u00edcias - Franciscanos","og_description":"Servi\u00e7o Franciscano de Solidariedade","og_url":"https:\/\/franciscanos.org.br\/noticias\/sefras-recebe-comenda-da-ordem-do-merito-judiciario-do-trabalho.html","og_site_name":"Not\u00edcias - Franciscanos","article_published_time":"2019-09-13T18:57:56+00:00","article_modified_time":"2019-09-13T19:08:41+00:00","og_image":[{"width":273,"height":181,"url":"https:\/\/franciscanos.org.br\/noticias\/wp-content\/uploads\/2019\/09\/comenda_130919_p.jpg","type":"image\/jpeg"}],"author":"admin","twitter_card":"summary_large_image","twitter_misc":{"Escrito por":"admin","Est. tempo de leitura":"1 minuto"},"schema":{"@context":"https:\/\/schema.org","@graph":[{"@type":"WebSite","@id":"https:\/\/franciscanos.org.br\/noticias\/#website","url":"https:\/\/franciscanos.org.br\/noticias\/","name":"Not\u00edcias - Franciscanos","description":"Prov\u00edncia Franciscana da Imaculada Concei\u00e7\u00e3o do Brasil - Ordem dos Frades Menores - OFM","potentialAction":[{"@type":"SearchAction","target":{"@type":"EntryPoint","urlTemplate":"https:\/\/franciscanos.org.br\/noticias\/?s={search_term_string}"},"query-input":"required name=search_term_string"}],"inLanguage":"pt-BR"},{"@type":"ImageObject","inLanguage":"pt-BR","@id":"https:\/\/franciscanos.org.br\/noticias\/sefras-recebe-comenda-da-ordem-do-merito-judiciario-do-trabalho.html#primaryimage","url":"https:\/\/franciscanos.org.br\/noticias\/wp-content\/uploads\/2019\/09\/comenda_130919_p.jpg","contentUrl":"https:\/\/franciscanos.org.br\/noticias\/wp-content\/uploads\/2019\/09\/comenda_130919_p.jpg","width":273,"height":181},{"@type":"WebPage","@id":"https:\/\/franciscanos.org.br\/noticias\/sefras-recebe-comenda-da-ordem-do-merito-judiciario-do-trabalho.html#webpage","url":"https:\/\/franciscanos.org.br\/noticias\/sefras-recebe-comenda-da-ordem-do-merito-judiciario-do-trabalho.html","name":"Sefras recebe comenda da Ordem do M\u00e9rito Judici\u00e1rio do Trabalho - Not\u00edcias - Franciscanos","isPartOf":{"@id":"https:\/\/franciscanos.org.br\/noticias\/#website"},"primaryImageOfPage":{"@id":"https:\/\/franciscanos.org.br\/noticias\/sefras-recebe-comenda-da-ordem-do-merito-judiciario-do-trabalho.html#primaryimage"},"datePublished":"2019-09-13T18:57:56+00:00","dateModified":"2019-09-13T19:08:41+00:00","author":{"@id":"https:\/\/franciscanos.org.br\/noticias\/#\/schema\/person\/b38fbf43118f02820bd932f2e4b14ad3"},"breadcrumb":{"@id":"https:\/\/franciscanos.org.br\/noticias\/sefras-recebe-comenda-da-ordem-do-merito-judiciario-do-trabalho.html#breadcrumb"},"inLanguage":"pt-BR","potentialAction":[{"@type":"ReadAction","target":["https:\/\/franciscanos.org.br\/noticias\/sefras-recebe-comenda-da-ordem-do-merito-judiciario-do-trabalho.html"]}]},{"@type":"BreadcrumbList","@id":"https:\/\/franciscanos.org.br\/noticias\/sefras-recebe-comenda-da-ordem-do-merito-judiciario-do-trabalho.html#breadcrumb","itemListElement":[{"@type":"ListItem","position":1,"name":"Home","item":"https:\/\/franciscanos.org.br\/noticias"},{"@type":"ListItem","position":2,"name":"Sefras recebe comenda da Ordem do M\u00e9rito Judici\u00e1rio do Trabalho"}]},{"@type":"Person","@id":"https:\/\/franciscanos.org.br\/noticias\/#\/schema\/person\/b38fbf43118f02820bd932f2e4b14ad3","name":"admin","image":{"@type":"ImageObject","inLanguage":"pt-BR","@id":"https:\/\/franciscanos.org.br\/noticias\/#\/schema\/person\/image\/","url":"https:\/\/secure.gravatar.com\/avatar\/e8495742d34d0ba6448ea1c628263b3e?s=96&d=mm&r=g","contentUrl":"https:\/\/secure.gravatar.com\/avatar\/e8495742d34d0ba6448ea1c628263b3e?s=96&d=mm&r=g","caption":"admin"},"url":"https:\/\/franciscanos.org.br\/noticias\/author\/admin"}]}},"_links":{"self":[{"href":"https:\/\/franciscanos.org.br\/noticias\/wp-json\/wp\/v2\/posts\/210958"}],"collection":[{"href":"https:\/\/franciscanos.org.br\/noticias\/wp-json\/wp\/v2\/posts"}],"about":[{"href":"https:\/\/franciscanos.org.br\/noticias\/wp-json\/wp\/v2\/types\/post"}],"author":[{"embeddable":true,"href":"https:\/\/franciscanos.org.br\/noticias\/wp-json\/wp\/v2\/users\/1"}],"replies":[{"embeddable":true,"href":"https:\/\/franciscanos.org.br\/noticias\/wp-json\/wp\/v2\/comments?post=210958"}],"version-history":[{"count":0,"href":"https:\/\/franciscanos.org.br\/noticias\/wp-json\/wp\/v2\/posts\/210958\/revisions"}],"wp:featuredmedia":[{"embeddable":true,"href":"https:\/\/franciscanos.org.br\/noticias\/wp-json\/wp\/v2\/media\/210960"}],"wp:attachment":[{"href":"https:\/\/franciscanos.org.br\/noticias\/wp-json\/wp\/v2\/media?parent=210958"}],"wp:term":[{"taxonomy":"category","embeddable":true,"href":"https:\/\/franciscanos.org.br\/noticias\/wp-json\/wp\/v2\/categories?post=210958"},{"taxonomy":"post_tag","embeddable":true,"href":"https:\/\/franciscanos.org.br\/noticias\/wp-json\/wp\/v2\/tags?post=210958"}],"curies":[{"name":"wp","href":"https:\/\/api.w.org\/{rel}","templated":true}]}}