{"id":210713,"date":"2019-09-13T07:27:09","date_gmt":"2019-09-13T10:27:09","guid":{"rendered":"https:\/\/franciscanos.org.br\/noticias\/?p=210713"},"modified":"2020-06-05T15:48:07","modified_gmt":"2020-06-05T18:48:07","slug":"papa-francisco-no-japao-e-na-tailandia-em-novembro","status":"publish","type":"post","link":"https:\/\/franciscanos.org.br\/noticias\/papa-francisco-no-japao-e-na-tailandia-em-novembro.html","title":{"rendered":"Papa Francisco no Jap\u00e3o e na Tail\u00e2ndia em novembro"},"content":{"rendered":"<p><img loading=\"lazy\" class=\"alignnone size-full wp-image-210714\" src=\"https:\/\/franciscanos.org.br\/noticias\/wp-content\/uploads\/2019\/09\/viagem_1309.jpg\" alt=\"\" width=\"890\" height=\"501\" srcset=\"https:\/\/franciscanos.org.br\/noticias\/wp-content\/uploads\/2019\/09\/viagem_1309.jpg 890w, https:\/\/franciscanos.org.br\/noticias\/wp-content\/uploads\/2019\/09\/viagem_1309-450x253.jpg 450w, https:\/\/franciscanos.org.br\/noticias\/wp-content\/uploads\/2019\/09\/viagem_1309-768x432.jpg 768w, https:\/\/franciscanos.org.br\/noticias\/wp-content\/uploads\/2019\/09\/viagem_1309-150x84.jpg 150w\" sizes=\"(max-width: 890px) 100vw, 890px\" \/><\/p>\n<p>Cidade do Vaticano &#8211; A Sala de Imprensa da Santa S\u00e9 anunciou esta sexta-feira a viagem do Papa Francisco \u00e0 Tail\u00e2ndia e ao Jap\u00e3o. Trata-se de sua 32\u00aa viagem apost\u00f3lica, que se realizar\u00e1 de 19 a 26 de novembro.\u00a0A convite do Governo do Reino da Tail\u00e2ndia e dos bispos, o Pont\u00edfice visitar\u00e1 o pa\u00eds de 20 a 23 de novembro de 2019. O mesmo convite foi feito pelo governo e o episcopado do Jap\u00e3o e o Santo Padre estar\u00e1 no pa\u00eds de 23 a 26 de novembro de 2019, onde visitar\u00e1 as cidades de T\u00f3quio, Nagasaki e Hiroshima. O programa completo da viagem ser\u00e1 publicado futuramente.<\/p>\n<p><strong>Disc\u00edpulos de Cristo, disc\u00edpulos mission\u00e1rios<\/strong><br \/>\nO lema da primeira etapa \u00e9 \u201cDisc\u00edpulos de Cristo, disc\u00edpulos mission\u00e1rios\u201d, que evoca um anivers\u00e1rio importante: em 2019 recorrem os 350 anos da institui\u00e7\u00e3o do Vicariato Apost\u00f3lico de Siam, erigido em 1669. O evento tamb\u00e9m est\u00e1 contido na logo preparado para a visita: Francisco que aben\u00e7oa, enquanto abaixo est\u00e1 uma embarca\u00e7\u00e3o, s\u00edmbolo da evangeliza\u00e7\u00e3o, com tr\u00eas velas, que evocam a Trindade. A m\u00e3o de Maria estilizada conduz a embarca\u00e7\u00e3o. Por fim, uma cruz dourada exorta toda a Igreja Cat\u00f3lica a ser testemunha da Boa Nova.<\/p>\n<p><strong>Proteger a vida<\/strong><br \/>\nJ\u00e1 para o Jap\u00e3o, o lema escolhido \u00e9 \u201cProteger cada vida\u201d, uma das frases contidas na ora\u00e7\u00e3o que conclui a Enc\u00edclica <em>Laudato Si\u2019<\/em> sobre a prote\u00e7\u00e3o da casa comum.\u00a0 A exorta\u00e7\u00e3o \u00e9 para respeitar n\u00e3o somente a dignidade de cada pessoa, mas tamb\u00e9m o meio ambiente, sobretudo num pa\u00eds, como o Jap\u00e3o, que enfrenta o problema persistente da amea\u00e7a nuclear.<\/p>\n<p>Tr\u00eas chamas com cores diferentes caracterizam a logo: a vermelha recorda os m\u00e1rtires, fundamento da Igreja japonesa; a azul representa a Bem-aventurada Virgem Maria, que abra\u00e7a toda a humanidade como seus filhos; e a verde evoca seja a natureza do Jap\u00e3o, seja a miss\u00e3o de proclamar o Evangelho da esperan\u00e7a. Um c\u00edrculo vermelho, como o sol, envolve toda a vida e simboliza o amor. O Papa \u00e9 representado de maneira estilizada com a m\u00e3o que aben\u00e7oa e o \u201ct\u201d da palavra \u201cprote\u00e7\u00e3o\u201d forma a cruz.<\/p>\n<p><strong>O desejo do Papa<\/strong><br \/>\nO Pont\u00edfice havia manifestado o desejo de visitar o Jap\u00e3o um ano atr\u00e1s. No dia 12 de setembro de 2018, encontrando alguns membros da Associa\u00e7\u00e3o japonesa &#8220;Tensho Kenoh Shisetsu Kenshoukai&#8221;, disse: \u201cGostaria de anunciar a minha vontade de visitar o Jap\u00e3o no pr\u00f3ximo ano. Esperemos que se possa realizar&#8221;.<\/p>\n<hr \/>\n<p><em>Fonte: Vatican News<\/em><\/p>\n","protected":false},"excerpt":{"rendered":"<p>32\u00aa viagem apost\u00f3lica do Papa Francisco<\/p>\n","protected":false},"author":3,"featured_media":210715,"comment_status":"open","ping_status":"open","sticky":false,"template":"","format":"standard","meta":[],"categories":[1428],"tags":[1140],"acf":[],"yoast_head":"<!-- This site is optimized with the Yoast SEO plugin v19.2 - https:\/\/yoast.com\/wordpress\/plugins\/seo\/ -->\n<title>Papa Francisco no Jap\u00e3o e na Tail\u00e2ndia em novembro - Not\u00edcias - Franciscanos<\/title>\n<meta name=\"robots\" content=\"index, follow, max-snippet:-1, max-image-preview:large, max-video-preview:-1\" \/>\n<link rel=\"canonical\" href=\"https:\/\/franciscanos.org.br\/noticias\/papa-francisco-no-japao-e-na-tailandia-em-novembro.html\" \/>\n<meta property=\"og:locale\" content=\"pt_BR\" \/>\n<meta property=\"og:type\" content=\"article\" \/>\n<meta property=\"og:title\" content=\"Papa Francisco no Jap\u00e3o e na Tail\u00e2ndia em novembro - Not\u00edcias - Franciscanos\" \/>\n<meta property=\"og:description\" content=\"32\u00aa viagem apost\u00f3lica do Papa Francisco\" \/>\n<meta property=\"og:url\" content=\"https:\/\/franciscanos.org.br\/noticias\/papa-francisco-no-japao-e-na-tailandia-em-novembro.html\" \/>\n<meta property=\"og:site_name\" content=\"Not\u00edcias - Franciscanos\" \/>\n<meta property=\"article:published_time\" content=\"2019-09-13T10:27:09+00:00\" \/>\n<meta property=\"article:modified_time\" content=\"2020-06-05T18:48:07+00:00\" \/>\n<meta property=\"og:image\" content=\"https:\/\/franciscanos.org.br\/noticias\/wp-content\/uploads\/2019\/09\/papa_1309.jpg\" \/>\n\t<meta property=\"og:image:width\" content=\"273\" \/>\n\t<meta property=\"og:image:height\" content=\"181\" \/>\n\t<meta property=\"og:image:type\" content=\"image\/jpeg\" \/>\n<meta name=\"author\" content=\"moacir\" \/>\n<meta name=\"twitter:card\" content=\"summary_large_image\" \/>\n<meta name=\"twitter:label1\" content=\"Escrito por\" \/>\n\t<meta name=\"twitter:data1\" content=\"moacir\" \/>\n\t<meta name=\"twitter:label2\" content=\"Est. tempo de leitura\" \/>\n\t<meta name=\"twitter:data2\" content=\"2 minutos\" \/>\n<script type=\"application\/ld+json\" class=\"yoast-schema-graph\">{\"@context\":\"https:\/\/schema.org\",\"@graph\":[{\"@type\":\"WebSite\",\"@id\":\"https:\/\/franciscanos.org.br\/noticias\/#website\",\"url\":\"https:\/\/franciscanos.org.br\/noticias\/\",\"name\":\"Not\u00edcias - Franciscanos\",\"description\":\"Prov\u00edncia Franciscana da Imaculada Concei\u00e7\u00e3o do Brasil - Ordem dos Frades Menores - OFM\",\"potentialAction\":[{\"@type\":\"SearchAction\",\"target\":{\"@type\":\"EntryPoint\",\"urlTemplate\":\"https:\/\/franciscanos.org.br\/noticias\/?s={search_term_string}\"},\"query-input\":\"required name=search_term_string\"}],\"inLanguage\":\"pt-BR\"},{\"@type\":\"ImageObject\",\"inLanguage\":\"pt-BR\",\"@id\":\"https:\/\/franciscanos.org.br\/noticias\/papa-francisco-no-japao-e-na-tailandia-em-novembro.html#primaryimage\",\"url\":\"https:\/\/franciscanos.org.br\/noticias\/wp-content\/uploads\/2019\/09\/papa_1309.jpg\",\"contentUrl\":\"https:\/\/franciscanos.org.br\/noticias\/wp-content\/uploads\/2019\/09\/papa_1309.jpg\",\"width\":273,\"height\":181},{\"@type\":\"WebPage\",\"@id\":\"https:\/\/franciscanos.org.br\/noticias\/papa-francisco-no-japao-e-na-tailandia-em-novembro.html#webpage\",\"url\":\"https:\/\/franciscanos.org.br\/noticias\/papa-francisco-no-japao-e-na-tailandia-em-novembro.html\",\"name\":\"Papa Francisco no Jap\u00e3o e na Tail\u00e2ndia em novembro - Not\u00edcias - Franciscanos\",\"isPartOf\":{\"@id\":\"https:\/\/franciscanos.org.br\/noticias\/#website\"},\"primaryImageOfPage\":{\"@id\":\"https:\/\/franciscanos.org.br\/noticias\/papa-francisco-no-japao-e-na-tailandia-em-novembro.html#primaryimage\"},\"datePublished\":\"2019-09-13T10:27:09+00:00\",\"dateModified\":\"2020-06-05T18:48:07+00:00\",\"author\":{\"@id\":\"https:\/\/franciscanos.org.br\/noticias\/#\/schema\/person\/b5c8cba458c330ccff548b056e95a5d4\"},\"breadcrumb\":{\"@id\":\"https:\/\/franciscanos.org.br\/noticias\/papa-francisco-no-japao-e-na-tailandia-em-novembro.html#breadcrumb\"},\"inLanguage\":\"pt-BR\",\"potentialAction\":[{\"@type\":\"ReadAction\",\"target\":[\"https:\/\/franciscanos.org.br\/noticias\/papa-francisco-no-japao-e-na-tailandia-em-novembro.html\"]}]},{\"@type\":\"BreadcrumbList\",\"@id\":\"https:\/\/franciscanos.org.br\/noticias\/papa-francisco-no-japao-e-na-tailandia-em-novembro.html#breadcrumb\",\"itemListElement\":[{\"@type\":\"ListItem\",\"position\":1,\"name\":\"Home\",\"item\":\"https:\/\/franciscanos.org.br\/noticias\"},{\"@type\":\"ListItem\",\"position\":2,\"name\":\"Papa Francisco no Jap\u00e3o e na Tail\u00e2ndia em novembro\"}]},{\"@type\":\"Person\",\"@id\":\"https:\/\/franciscanos.org.br\/noticias\/#\/schema\/person\/b5c8cba458c330ccff548b056e95a5d4\",\"name\":\"moacir\",\"image\":{\"@type\":\"ImageObject\",\"inLanguage\":\"pt-BR\",\"@id\":\"https:\/\/franciscanos.org.br\/noticias\/#\/schema\/person\/image\/\",\"url\":\"https:\/\/secure.gravatar.com\/avatar\/d08aa2ce4c8dd416d4479aa8536fcf64?s=96&d=mm&r=g\",\"contentUrl\":\"https:\/\/secure.gravatar.com\/avatar\/d08aa2ce4c8dd416d4479aa8536fcf64?s=96&d=mm&r=g\",\"caption\":\"moacir\"},\"url\":\"https:\/\/franciscanos.org.br\/noticias\/author\/moacir\"}]}<\/script>\n<!-- \/ Yoast SEO plugin. -->","yoast_head_json":{"title":"Papa Francisco no Jap\u00e3o e na Tail\u00e2ndia em novembro - Not\u00edcias - Franciscanos","robots":{"index":"index","follow":"follow","max-snippet":"max-snippet:-1","max-image-preview":"max-image-preview:large","max-video-preview":"max-video-preview:-1"},"canonical":"https:\/\/franciscanos.org.br\/noticias\/papa-francisco-no-japao-e-na-tailandia-em-novembro.html","og_locale":"pt_BR","og_type":"article","og_title":"Papa Francisco no Jap\u00e3o e na Tail\u00e2ndia em novembro - Not\u00edcias - Franciscanos","og_description":"32\u00aa viagem apost\u00f3lica do Papa Francisco","og_url":"https:\/\/franciscanos.org.br\/noticias\/papa-francisco-no-japao-e-na-tailandia-em-novembro.html","og_site_name":"Not\u00edcias - Franciscanos","article_published_time":"2019-09-13T10:27:09+00:00","article_modified_time":"2020-06-05T18:48:07+00:00","og_image":[{"width":273,"height":181,"url":"https:\/\/franciscanos.org.br\/noticias\/wp-content\/uploads\/2019\/09\/papa_1309.jpg","type":"image\/jpeg"}],"author":"moacir","twitter_card":"summary_large_image","twitter_misc":{"Escrito por":"moacir","Est. tempo de leitura":"2 minutos"},"schema":{"@context":"https:\/\/schema.org","@graph":[{"@type":"WebSite","@id":"https:\/\/franciscanos.org.br\/noticias\/#website","url":"https:\/\/franciscanos.org.br\/noticias\/","name":"Not\u00edcias - Franciscanos","description":"Prov\u00edncia Franciscana da Imaculada Concei\u00e7\u00e3o do Brasil - Ordem dos Frades Menores - OFM","potentialAction":[{"@type":"SearchAction","target":{"@type":"EntryPoint","urlTemplate":"https:\/\/franciscanos.org.br\/noticias\/?s={search_term_string}"},"query-input":"required name=search_term_string"}],"inLanguage":"pt-BR"},{"@type":"ImageObject","inLanguage":"pt-BR","@id":"https:\/\/franciscanos.org.br\/noticias\/papa-francisco-no-japao-e-na-tailandia-em-novembro.html#primaryimage","url":"https:\/\/franciscanos.org.br\/noticias\/wp-content\/uploads\/2019\/09\/papa_1309.jpg","contentUrl":"https:\/\/franciscanos.org.br\/noticias\/wp-content\/uploads\/2019\/09\/papa_1309.jpg","width":273,"height":181},{"@type":"WebPage","@id":"https:\/\/franciscanos.org.br\/noticias\/papa-francisco-no-japao-e-na-tailandia-em-novembro.html#webpage","url":"https:\/\/franciscanos.org.br\/noticias\/papa-francisco-no-japao-e-na-tailandia-em-novembro.html","name":"Papa Francisco no Jap\u00e3o e na Tail\u00e2ndia em novembro - Not\u00edcias - Franciscanos","isPartOf":{"@id":"https:\/\/franciscanos.org.br\/noticias\/#website"},"primaryImageOfPage":{"@id":"https:\/\/franciscanos.org.br\/noticias\/papa-francisco-no-japao-e-na-tailandia-em-novembro.html#primaryimage"},"datePublished":"2019-09-13T10:27:09+00:00","dateModified":"2020-06-05T18:48:07+00:00","author":{"@id":"https:\/\/franciscanos.org.br\/noticias\/#\/schema\/person\/b5c8cba458c330ccff548b056e95a5d4"},"breadcrumb":{"@id":"https:\/\/franciscanos.org.br\/noticias\/papa-francisco-no-japao-e-na-tailandia-em-novembro.html#breadcrumb"},"inLanguage":"pt-BR","potentialAction":[{"@type":"ReadAction","target":["https:\/\/franciscanos.org.br\/noticias\/papa-francisco-no-japao-e-na-tailandia-em-novembro.html"]}]},{"@type":"BreadcrumbList","@id":"https:\/\/franciscanos.org.br\/noticias\/papa-francisco-no-japao-e-na-tailandia-em-novembro.html#breadcrumb","itemListElement":[{"@type":"ListItem","position":1,"name":"Home","item":"https:\/\/franciscanos.org.br\/noticias"},{"@type":"ListItem","position":2,"name":"Papa Francisco no Jap\u00e3o e na Tail\u00e2ndia em novembro"}]},{"@type":"Person","@id":"https:\/\/franciscanos.org.br\/noticias\/#\/schema\/person\/b5c8cba458c330ccff548b056e95a5d4","name":"moacir","image":{"@type":"ImageObject","inLanguage":"pt-BR","@id":"https:\/\/franciscanos.org.br\/noticias\/#\/schema\/person\/image\/","url":"https:\/\/secure.gravatar.com\/avatar\/d08aa2ce4c8dd416d4479aa8536fcf64?s=96&d=mm&r=g","contentUrl":"https:\/\/secure.gravatar.com\/avatar\/d08aa2ce4c8dd416d4479aa8536fcf64?s=96&d=mm&r=g","caption":"moacir"},"url":"https:\/\/franciscanos.org.br\/noticias\/author\/moacir"}]}},"_links":{"self":[{"href":"https:\/\/franciscanos.org.br\/noticias\/wp-json\/wp\/v2\/posts\/210713"}],"collection":[{"href":"https:\/\/franciscanos.org.br\/noticias\/wp-json\/wp\/v2\/posts"}],"about":[{"href":"https:\/\/franciscanos.org.br\/noticias\/wp-json\/wp\/v2\/types\/post"}],"author":[{"embeddable":true,"href":"https:\/\/franciscanos.org.br\/noticias\/wp-json\/wp\/v2\/users\/3"}],"replies":[{"embeddable":true,"href":"https:\/\/franciscanos.org.br\/noticias\/wp-json\/wp\/v2\/comments?post=210713"}],"version-history":[{"count":1,"href":"https:\/\/franciscanos.org.br\/noticias\/wp-json\/wp\/v2\/posts\/210713\/revisions"}],"predecessor-version":[{"id":224316,"href":"https:\/\/franciscanos.org.br\/noticias\/wp-json\/wp\/v2\/posts\/210713\/revisions\/224316"}],"wp:featuredmedia":[{"embeddable":true,"href":"https:\/\/franciscanos.org.br\/noticias\/wp-json\/wp\/v2\/media\/210715"}],"wp:attachment":[{"href":"https:\/\/franciscanos.org.br\/noticias\/wp-json\/wp\/v2\/media?parent=210713"}],"wp:term":[{"taxonomy":"category","embeddable":true,"href":"https:\/\/franciscanos.org.br\/noticias\/wp-json\/wp\/v2\/categories?post=210713"},{"taxonomy":"post_tag","embeddable":true,"href":"https:\/\/franciscanos.org.br\/noticias\/wp-json\/wp\/v2\/tags?post=210713"}],"curies":[{"name":"wp","href":"https:\/\/api.w.org\/{rel}","templated":true}]}}