{"id":210707,"date":"2019-09-13T07:11:17","date_gmt":"2019-09-13T10:11:17","guid":{"rendered":"https:\/\/franciscanos.org.br\/noticias\/?p=210707"},"modified":"2019-09-13T07:11:17","modified_gmt":"2019-09-13T10:11:17","slug":"encontro-inter-religioso-no-colegio-bom-jesus","status":"publish","type":"post","link":"https:\/\/franciscanos.org.br\/noticias\/encontro-inter-religioso-no-colegio-bom-jesus.html","title":{"rendered":"Encontro inter-religioso no Col\u00e9gio Bom Jesus"},"content":{"rendered":"<p><img loading=\"lazy\" class=\"alignnone wp-image-210708 size-full\" src=\"https:\/\/franciscanos.org.br\/noticias\/wp-content\/uploads\/2019\/09\/encontro_1309.jpg\" alt=\"\" width=\"890\" height=\"356\" srcset=\"https:\/\/franciscanos.org.br\/noticias\/wp-content\/uploads\/2019\/09\/encontro_1309.jpg 890w, https:\/\/franciscanos.org.br\/noticias\/wp-content\/uploads\/2019\/09\/encontro_1309-450x180.jpg 450w, https:\/\/franciscanos.org.br\/noticias\/wp-content\/uploads\/2019\/09\/encontro_1309-768x307.jpg 768w, https:\/\/franciscanos.org.br\/noticias\/wp-content\/uploads\/2019\/09\/encontro_1309-150x60.jpg 150w\" sizes=\"(max-width: 890px) 100vw, 890px\" \/><\/p>\n<p>Na manh\u00e3 de 12 de setembro de 2019, realizou-se na Unidade Bom Jesus S\u00e3o Vicente (Arauc\u00e1ria &#8211; PR) um Di\u00e1logo Inter-religioso em comemora\u00e7\u00e3o aos 800 anos do Encontro entre S\u00e3o Francisco de Assis e o Sult\u00e3o do Egito. O evento inter-religioso, organizado pelo Col\u00e9gio Bom Jesus, contou com a participa\u00e7\u00e3o de representantes do Islamismo (Sheikh Rodrigo Oliveira Rodrigues), do Cristianismo Cat\u00f3lico (Frei Claudino Gilz), do Cristianismo Evang\u00e9lico [Comunidade Alcance, Pastor Sandro Vila), da Umbanda (Pai de Santo Clodoaldo Pereira da Silva e sua Esposa), do Juda\u00edsmo (Rabino Pablo Berman) e do Espiritismo (Irm\u00e3 Claudia Hass). Interagiram, por meio de diversas perguntas, professores e tamb\u00e9m alunos do 9.\u00ba ano do Ensino Fundamental.<\/p>\n<p><img loading=\"lazy\" class=\"alignnone size-full wp-image-210709\" src=\"https:\/\/franciscanos.org.br\/noticias\/wp-content\/uploads\/2019\/09\/encontro_1309_1.jpg\" alt=\"\" width=\"890\" height=\"464\" srcset=\"https:\/\/franciscanos.org.br\/noticias\/wp-content\/uploads\/2019\/09\/encontro_1309_1.jpg 890w, https:\/\/franciscanos.org.br\/noticias\/wp-content\/uploads\/2019\/09\/encontro_1309_1-450x235.jpg 450w, https:\/\/franciscanos.org.br\/noticias\/wp-content\/uploads\/2019\/09\/encontro_1309_1-768x400.jpg 768w, https:\/\/franciscanos.org.br\/noticias\/wp-content\/uploads\/2019\/09\/encontro_1309_1-150x78.jpg 150w\" sizes=\"(max-width: 890px) 100vw, 890px\" \/><\/p>\n<p><strong>O Di\u00e1logo Inter-religioso teve tr\u00eas objetivos:<\/strong><br \/>\n\u2666 fazer mem\u00f3ria aos 800 anos do Encontro entre S\u00e3o Francisco de Assis e o Sult\u00e3o do Egito;<br \/>\n\u2666 ampliar os conhecimentos dos alunos e professores da Unidade Bom Jesus \u00e3o Vicente (Arauc\u00e1ria &#8211; PR) sobre o fen\u00f4meno religioso e as suas mais diversas manifesta\u00e7\u00f5es;<br \/>\n\u2666 compreender a import\u00e2ncia de se educar para o respeito \u00e1s Tradi\u00e7\u00f5es Religiosas e seus seguidores em prol de uma cultura de paz e fraternidade no mundo em que vivemos, tal como tanto nos tem recomendado o Papa Francisco desde o in\u00edcio de seu pontificado.<\/p>\n<p>O di\u00e1logo inter-religioso \u00e9 o caminho mais curto para se mobilizar as gera\u00e7\u00f5es escolares e a sociedade de hoje para uma cultura de paz e de toler\u00e2ncia. O evento promovido pela Unidade Bom Jesus S\u00e3o Vicente (Arauc\u00e1ria &#8211; PR) contribuiu muito para tal finalidade.<\/p>\n<p><img loading=\"lazy\" class=\"alignnone size-full wp-image-210710\" src=\"https:\/\/franciscanos.org.br\/noticias\/wp-content\/uploads\/2019\/09\/encontro_1309_2.jpg\" alt=\"\" width=\"890\" height=\"561\" srcset=\"https:\/\/franciscanos.org.br\/noticias\/wp-content\/uploads\/2019\/09\/encontro_1309_2.jpg 890w, https:\/\/franciscanos.org.br\/noticias\/wp-content\/uploads\/2019\/09\/encontro_1309_2-450x284.jpg 450w, https:\/\/franciscanos.org.br\/noticias\/wp-content\/uploads\/2019\/09\/encontro_1309_2-768x484.jpg 768w, https:\/\/franciscanos.org.br\/noticias\/wp-content\/uploads\/2019\/09\/encontro_1309_2-150x95.jpg 150w\" sizes=\"(max-width: 890px) 100vw, 890px\" \/><\/p>\n","protected":false},"excerpt":{"rendered":"<p>Frente de Evangeliza\u00e7\u00e3o da Educa\u00e7\u00e3o<\/p>\n","protected":false},"author":3,"featured_media":210711,"comment_status":"open","ping_status":"open","sticky":false,"template":"","format":"standard","meta":[],"categories":[1],"tags":[1231],"acf":[],"yoast_head":"<!-- This site is optimized with the Yoast SEO plugin v19.2 - https:\/\/yoast.com\/wordpress\/plugins\/seo\/ -->\n<title>Encontro inter-religioso no Col\u00e9gio Bom Jesus - Not\u00edcias - Franciscanos<\/title>\n<meta name=\"robots\" content=\"index, follow, max-snippet:-1, max-image-preview:large, max-video-preview:-1\" \/>\n<link rel=\"canonical\" href=\"https:\/\/franciscanos.org.br\/noticias\/encontro-inter-religioso-no-colegio-bom-jesus.html\" \/>\n<meta property=\"og:locale\" content=\"pt_BR\" \/>\n<meta property=\"og:type\" content=\"article\" \/>\n<meta property=\"og:title\" content=\"Encontro inter-religioso no Col\u00e9gio Bom Jesus - Not\u00edcias - Franciscanos\" \/>\n<meta property=\"og:description\" content=\"Frente de Evangeliza\u00e7\u00e3o da Educa\u00e7\u00e3o\" \/>\n<meta property=\"og:url\" content=\"https:\/\/franciscanos.org.br\/noticias\/encontro-inter-religioso-no-colegio-bom-jesus.html\" \/>\n<meta property=\"og:site_name\" content=\"Not\u00edcias - Franciscanos\" \/>\n<meta property=\"article:published_time\" content=\"2019-09-13T10:11:17+00:00\" \/>\n<meta property=\"og:image\" content=\"https:\/\/franciscanos.org.br\/noticias\/wp-content\/uploads\/2019\/09\/encontro_1309_2d.jpg\" \/>\n\t<meta property=\"og:image:width\" content=\"273\" \/>\n\t<meta property=\"og:image:height\" content=\"181\" \/>\n\t<meta property=\"og:image:type\" content=\"image\/jpeg\" \/>\n<meta name=\"author\" content=\"moacir\" \/>\n<meta name=\"twitter:card\" content=\"summary_large_image\" \/>\n<meta name=\"twitter:label1\" content=\"Escrito por\" \/>\n\t<meta name=\"twitter:data1\" content=\"moacir\" \/>\n\t<meta name=\"twitter:label2\" content=\"Est. tempo de leitura\" \/>\n\t<meta name=\"twitter:data2\" content=\"1 minuto\" \/>\n<script type=\"application\/ld+json\" class=\"yoast-schema-graph\">{\"@context\":\"https:\/\/schema.org\",\"@graph\":[{\"@type\":\"WebSite\",\"@id\":\"https:\/\/franciscanos.org.br\/noticias\/#website\",\"url\":\"https:\/\/franciscanos.org.br\/noticias\/\",\"name\":\"Not\u00edcias - Franciscanos\",\"description\":\"Prov\u00edncia Franciscana da Imaculada Concei\u00e7\u00e3o do Brasil - Ordem dos Frades Menores - OFM\",\"potentialAction\":[{\"@type\":\"SearchAction\",\"target\":{\"@type\":\"EntryPoint\",\"urlTemplate\":\"https:\/\/franciscanos.org.br\/noticias\/?s={search_term_string}\"},\"query-input\":\"required name=search_term_string\"}],\"inLanguage\":\"pt-BR\"},{\"@type\":\"ImageObject\",\"inLanguage\":\"pt-BR\",\"@id\":\"https:\/\/franciscanos.org.br\/noticias\/encontro-inter-religioso-no-colegio-bom-jesus.html#primaryimage\",\"url\":\"https:\/\/franciscanos.org.br\/noticias\/wp-content\/uploads\/2019\/09\/encontro_1309_2d.jpg\",\"contentUrl\":\"https:\/\/franciscanos.org.br\/noticias\/wp-content\/uploads\/2019\/09\/encontro_1309_2d.jpg\",\"width\":273,\"height\":181},{\"@type\":\"WebPage\",\"@id\":\"https:\/\/franciscanos.org.br\/noticias\/encontro-inter-religioso-no-colegio-bom-jesus.html#webpage\",\"url\":\"https:\/\/franciscanos.org.br\/noticias\/encontro-inter-religioso-no-colegio-bom-jesus.html\",\"name\":\"Encontro inter-religioso no Col\u00e9gio Bom Jesus - Not\u00edcias - Franciscanos\",\"isPartOf\":{\"@id\":\"https:\/\/franciscanos.org.br\/noticias\/#website\"},\"primaryImageOfPage\":{\"@id\":\"https:\/\/franciscanos.org.br\/noticias\/encontro-inter-religioso-no-colegio-bom-jesus.html#primaryimage\"},\"datePublished\":\"2019-09-13T10:11:17+00:00\",\"dateModified\":\"2019-09-13T10:11:17+00:00\",\"author\":{\"@id\":\"https:\/\/franciscanos.org.br\/noticias\/#\/schema\/person\/b5c8cba458c330ccff548b056e95a5d4\"},\"breadcrumb\":{\"@id\":\"https:\/\/franciscanos.org.br\/noticias\/encontro-inter-religioso-no-colegio-bom-jesus.html#breadcrumb\"},\"inLanguage\":\"pt-BR\",\"potentialAction\":[{\"@type\":\"ReadAction\",\"target\":[\"https:\/\/franciscanos.org.br\/noticias\/encontro-inter-religioso-no-colegio-bom-jesus.html\"]}]},{\"@type\":\"BreadcrumbList\",\"@id\":\"https:\/\/franciscanos.org.br\/noticias\/encontro-inter-religioso-no-colegio-bom-jesus.html#breadcrumb\",\"itemListElement\":[{\"@type\":\"ListItem\",\"position\":1,\"name\":\"Home\",\"item\":\"https:\/\/franciscanos.org.br\/noticias\"},{\"@type\":\"ListItem\",\"position\":2,\"name\":\"Encontro inter-religioso no Col\u00e9gio Bom Jesus\"}]},{\"@type\":\"Person\",\"@id\":\"https:\/\/franciscanos.org.br\/noticias\/#\/schema\/person\/b5c8cba458c330ccff548b056e95a5d4\",\"name\":\"moacir\",\"image\":{\"@type\":\"ImageObject\",\"inLanguage\":\"pt-BR\",\"@id\":\"https:\/\/franciscanos.org.br\/noticias\/#\/schema\/person\/image\/\",\"url\":\"https:\/\/secure.gravatar.com\/avatar\/d08aa2ce4c8dd416d4479aa8536fcf64?s=96&d=mm&r=g\",\"contentUrl\":\"https:\/\/secure.gravatar.com\/avatar\/d08aa2ce4c8dd416d4479aa8536fcf64?s=96&d=mm&r=g\",\"caption\":\"moacir\"},\"url\":\"https:\/\/franciscanos.org.br\/noticias\/author\/moacir\"}]}<\/script>\n<!-- \/ Yoast SEO plugin. -->","yoast_head_json":{"title":"Encontro inter-religioso no Col\u00e9gio Bom Jesus - Not\u00edcias - Franciscanos","robots":{"index":"index","follow":"follow","max-snippet":"max-snippet:-1","max-image-preview":"max-image-preview:large","max-video-preview":"max-video-preview:-1"},"canonical":"https:\/\/franciscanos.org.br\/noticias\/encontro-inter-religioso-no-colegio-bom-jesus.html","og_locale":"pt_BR","og_type":"article","og_title":"Encontro inter-religioso no Col\u00e9gio Bom Jesus - Not\u00edcias - Franciscanos","og_description":"Frente de Evangeliza\u00e7\u00e3o da Educa\u00e7\u00e3o","og_url":"https:\/\/franciscanos.org.br\/noticias\/encontro-inter-religioso-no-colegio-bom-jesus.html","og_site_name":"Not\u00edcias - Franciscanos","article_published_time":"2019-09-13T10:11:17+00:00","og_image":[{"width":273,"height":181,"url":"https:\/\/franciscanos.org.br\/noticias\/wp-content\/uploads\/2019\/09\/encontro_1309_2d.jpg","type":"image\/jpeg"}],"author":"moacir","twitter_card":"summary_large_image","twitter_misc":{"Escrito por":"moacir","Est. tempo de leitura":"1 minuto"},"schema":{"@context":"https:\/\/schema.org","@graph":[{"@type":"WebSite","@id":"https:\/\/franciscanos.org.br\/noticias\/#website","url":"https:\/\/franciscanos.org.br\/noticias\/","name":"Not\u00edcias - Franciscanos","description":"Prov\u00edncia Franciscana da Imaculada Concei\u00e7\u00e3o do Brasil - Ordem dos Frades Menores - OFM","potentialAction":[{"@type":"SearchAction","target":{"@type":"EntryPoint","urlTemplate":"https:\/\/franciscanos.org.br\/noticias\/?s={search_term_string}"},"query-input":"required name=search_term_string"}],"inLanguage":"pt-BR"},{"@type":"ImageObject","inLanguage":"pt-BR","@id":"https:\/\/franciscanos.org.br\/noticias\/encontro-inter-religioso-no-colegio-bom-jesus.html#primaryimage","url":"https:\/\/franciscanos.org.br\/noticias\/wp-content\/uploads\/2019\/09\/encontro_1309_2d.jpg","contentUrl":"https:\/\/franciscanos.org.br\/noticias\/wp-content\/uploads\/2019\/09\/encontro_1309_2d.jpg","width":273,"height":181},{"@type":"WebPage","@id":"https:\/\/franciscanos.org.br\/noticias\/encontro-inter-religioso-no-colegio-bom-jesus.html#webpage","url":"https:\/\/franciscanos.org.br\/noticias\/encontro-inter-religioso-no-colegio-bom-jesus.html","name":"Encontro inter-religioso no Col\u00e9gio Bom Jesus - Not\u00edcias - Franciscanos","isPartOf":{"@id":"https:\/\/franciscanos.org.br\/noticias\/#website"},"primaryImageOfPage":{"@id":"https:\/\/franciscanos.org.br\/noticias\/encontro-inter-religioso-no-colegio-bom-jesus.html#primaryimage"},"datePublished":"2019-09-13T10:11:17+00:00","dateModified":"2019-09-13T10:11:17+00:00","author":{"@id":"https:\/\/franciscanos.org.br\/noticias\/#\/schema\/person\/b5c8cba458c330ccff548b056e95a5d4"},"breadcrumb":{"@id":"https:\/\/franciscanos.org.br\/noticias\/encontro-inter-religioso-no-colegio-bom-jesus.html#breadcrumb"},"inLanguage":"pt-BR","potentialAction":[{"@type":"ReadAction","target":["https:\/\/franciscanos.org.br\/noticias\/encontro-inter-religioso-no-colegio-bom-jesus.html"]}]},{"@type":"BreadcrumbList","@id":"https:\/\/franciscanos.org.br\/noticias\/encontro-inter-religioso-no-colegio-bom-jesus.html#breadcrumb","itemListElement":[{"@type":"ListItem","position":1,"name":"Home","item":"https:\/\/franciscanos.org.br\/noticias"},{"@type":"ListItem","position":2,"name":"Encontro inter-religioso no Col\u00e9gio Bom Jesus"}]},{"@type":"Person","@id":"https:\/\/franciscanos.org.br\/noticias\/#\/schema\/person\/b5c8cba458c330ccff548b056e95a5d4","name":"moacir","image":{"@type":"ImageObject","inLanguage":"pt-BR","@id":"https:\/\/franciscanos.org.br\/noticias\/#\/schema\/person\/image\/","url":"https:\/\/secure.gravatar.com\/avatar\/d08aa2ce4c8dd416d4479aa8536fcf64?s=96&d=mm&r=g","contentUrl":"https:\/\/secure.gravatar.com\/avatar\/d08aa2ce4c8dd416d4479aa8536fcf64?s=96&d=mm&r=g","caption":"moacir"},"url":"https:\/\/franciscanos.org.br\/noticias\/author\/moacir"}]}},"_links":{"self":[{"href":"https:\/\/franciscanos.org.br\/noticias\/wp-json\/wp\/v2\/posts\/210707"}],"collection":[{"href":"https:\/\/franciscanos.org.br\/noticias\/wp-json\/wp\/v2\/posts"}],"about":[{"href":"https:\/\/franciscanos.org.br\/noticias\/wp-json\/wp\/v2\/types\/post"}],"author":[{"embeddable":true,"href":"https:\/\/franciscanos.org.br\/noticias\/wp-json\/wp\/v2\/users\/3"}],"replies":[{"embeddable":true,"href":"https:\/\/franciscanos.org.br\/noticias\/wp-json\/wp\/v2\/comments?post=210707"}],"version-history":[{"count":0,"href":"https:\/\/franciscanos.org.br\/noticias\/wp-json\/wp\/v2\/posts\/210707\/revisions"}],"wp:featuredmedia":[{"embeddable":true,"href":"https:\/\/franciscanos.org.br\/noticias\/wp-json\/wp\/v2\/media\/210711"}],"wp:attachment":[{"href":"https:\/\/franciscanos.org.br\/noticias\/wp-json\/wp\/v2\/media?parent=210707"}],"wp:term":[{"taxonomy":"category","embeddable":true,"href":"https:\/\/franciscanos.org.br\/noticias\/wp-json\/wp\/v2\/categories?post=210707"},{"taxonomy":"post_tag","embeddable":true,"href":"https:\/\/franciscanos.org.br\/noticias\/wp-json\/wp\/v2\/tags?post=210707"}],"curies":[{"name":"wp","href":"https:\/\/api.w.org\/{rel}","templated":true}]}}