{"id":210669,"date":"2019-09-12T08:21:33","date_gmt":"2019-09-12T11:21:33","guid":{"rendered":"https:\/\/franciscanos.org.br\/noticias\/?p=210669"},"modified":"2019-09-23T08:29:29","modified_gmt":"2019-09-23T11:29:29","slug":"17o-dia-de-navegacao-12-de-setembro","status":"publish","type":"post","link":"https:\/\/franciscanos.org.br\/noticias\/17o-dia-de-navegacao-12-de-setembro.html","title":{"rendered":"17\u00ba Dia de Navega\u00e7\u00e3o \u2013 12 de Setembro"},"content":{"rendered":"<p><img loading=\"lazy\" src=\"https:\/\/franciscanos.org.br\/noticias\/wp-content\/uploads\/2019\/09\/cabecalho.jpg\" alt=\"\" width=\"1200\" height=\"450\" \/><\/p>\n<h3><strong><img loading=\"lazy\" class=\"size-full wp-image-210672 alignright\" src=\"https:\/\/franciscanos.org.br\/noticias\/wp-content\/uploads\/2019\/09\/Dia-17.jpg\" alt=\"\" width=\"350\" height=\"502\" srcset=\"https:\/\/franciscanos.org.br\/noticias\/wp-content\/uploads\/2019\/09\/Dia-17.jpg 350w, https:\/\/franciscanos.org.br\/noticias\/wp-content\/uploads\/2019\/09\/Dia-17-314x450.jpg 314w, https:\/\/franciscanos.org.br\/noticias\/wp-content\/uploads\/2019\/09\/Dia-17-150x215.jpg 150w\" sizes=\"(max-width: 350px) 100vw, 350px\" \/>PETI\u00c7\u00c3O PERMANENTE PARA O S\u00cdNODO<\/strong><br \/>\n<strong>AMAZ\u00d4NICO NO IN\u00cdCIO DE CADA DIA:<\/strong><\/h3>\n<p style=\"padding-left: 40px;\"><em>\u201cQue o Deus da vida e da beleza, o Esp\u00edrito Santo que nos <\/em><em>impulsiona para mais fraternidade, unidade e dignidade, o <\/em><em>Cristo encarnado da Boa Nova, da incultura\u00e7\u00e3o e da <\/em><em>interculturalidade nos proporcionem serenidade, discernimento <\/em><em>e coragem para encontrar novos caminhos para a Igreja e para <\/em><em>uma ecologia integral neste S\u00ednodo Amaz\u00f4nico. Tudo isso para o <\/em><em>bem e a vida de seus povos e comunidades, e para caminhar mais <\/em><em>juntos pelo Reino\u201d.<\/em><\/p>\n<p>Medite por alguns momentos neste pedido inicial, busque a calma interior para entrar neste momento para navegar pelas \u00e1guas da Amaz\u00f4nia e a vida da Igreja a servi\u00e7o de seus povos e comunidades, e para ouvir o chamado de Deus atrav\u00e9s de sua palavra viva.<\/p>\n<p><strong>Leitura do dia (cada um e cada uma s\u00e3o convidados a <\/strong><strong>aprofundar a leitura completa de acordo com suas <\/strong><strong>pr\u00f3prias necessidades e crit\u00e9rios):<\/strong><\/p>\n<p style=\"padding-left: 40px;\"><em>Colosenses 3, 12-17 (fragmento)<\/em><\/p>\n<p style=\"padding-left: 40px;\"><em>&#8220;Portanto, como eleitos de Deus, santos e queridos, revesti-vos de <\/em><em>entranhada miseric\u00f3rdia, de bondade, humildade, do\u00e7ura, <\/em><em>paci\u00eancia. Suportai-vos uns aos outros e perdoai-vos <\/em><em>mutuamente, toda vez que tiverdes queixa contra outrem. Como <\/em><em>o Senhor vos perdoou, assim perdoai tamb\u00e9m v\u00f3s. Mas, acima de <\/em><em>tudo, revesti-vos da caridade, que \u00e9 o v\u00ednculo da perfei\u00e7\u00e3o. <\/em><em>Triunfe em vossos cora\u00e7\u00f5es a paz de Cristo, para a qual fostes <\/em><em>chamados a fim de formar um \u00fanico corpo.&#8221;\u00a0<\/em><\/p>\n<p><strong>Reflex\u00e3o sob a perspectiva do S\u00ednodo Amaz\u00f4nico:<\/strong><\/p>\n<p>Este S\u00ednodo da Amaz\u00f4nia nos convida a pronunciar a palavra clara e contundente, em fidelidade \u00e0 verdade ampla, e \u00e9 acima de tudo uma ocasi\u00e3o para nos deixarmos responder corajosamente ao que o pr\u00f3prio Deus nos chama a fazer: o seguimento profundo de Cristo que se torna um amor que \u00e9 colocado em palavras e a\u00e7\u00f5es que secundem nosso dizer e que produzam a transforma\u00e7\u00e3o da realidade para tecer um mundo mais justo e humano \u00e0 maneira do Reino. Convidamos a todos-as a conhecer, rezar e estudar a Constitui\u00e7\u00e3o Apost\u00f3lica &#8220;<em>Episcopalis Communio<\/em>&#8221; (EC) para entender o espa\u00e7o em que nos movemos, colaborar com o atual processo eclesial sinodal, entender sua estrutura e funcionamento. Precisamos participar dele de acordo com seus limites e potencial, sempre buscando novas rotas criativas que ajudem sua maior coer\u00eancia e senso de corpo. \u00c9 muito importante buscar o consenso ou a unanimidade moral dos Padres sinodais para que o Papa possa promover orienta\u00e7\u00f5es magisteriais com a for\u00e7a do consenso. Somos chamados a ser sujeitos que tecem o Reino como um corpo.<\/p>\n<p><strong>CONTEMPLA\u00c7\u00c3O<\/strong><\/p>\n<p style=\"padding-left: 40px;\"><em>Contemplemos a imagem deste dia e tomemos um momento para <\/em><em>reconhecer nossa pr\u00f3pria vida e experi\u00eancia na Igreja e ao servi\u00e7o <\/em><em>da Amaz\u00f4nia para pedir luz nesta palavra de Deus em <\/em><em>prepara\u00e7\u00e3o para o S\u00ednodo. Escrever meus pedidos particulares e <\/em><em>permanecer neles durante este dia. Convidamos voc\u00ea a manter <\/em><em>um registro de tudo o que o Esp\u00edrito nos provoca como <\/em><em>prepara\u00e7\u00e3o interior para o S\u00ednodo AMAZ\u00d4NICO.<\/em><\/p>\n<h3><strong>Cita\u00e7\u00e3o para fechar a medita\u00e7\u00e3o:<\/strong><\/h3>\n<h5><em><strong>Constitui\u00e7\u00e3o sobre a Igreja. Cap. 3. O episcopado. Concilio Vaticano II \u2013 CVII. No. 22<\/strong><\/em><\/h5>\n<p style=\"padding-left: 40px;\">A natureza colegial da ordem episcopal, claramente comprovada pelos Conc\u00edlios ecum\u00eanicos celebrados no decurso dos s\u00e9culos, manifesta-se j\u00e1 na disciplina primitiva, segundo a qual os Bispos de todo o orbe comunicavam entre si e com o Bispo de Roma no v\u00ednculo da UNIDADE, da CARIDADE e da PAZ; (&#8230;) Este col\u00e9gio, enquanto composto por muitos, exprime a variedade e universalidade do Povo de Deus e, enquanto reunido sob uma s\u00f3 cabe\u00e7a, revela a unidade do redil de Cristo.<\/p>\n","protected":false},"excerpt":{"rendered":"<p>40 DIAS PELO RIO <\/p>\n","protected":false},"author":7,"featured_media":210458,"comment_status":"open","ping_status":"open","sticky":false,"template":"","format":"standard","meta":[],"categories":[1528],"tags":[],"acf":[],"yoast_head":"<!-- This site is optimized with the Yoast SEO plugin v19.2 - https:\/\/yoast.com\/wordpress\/plugins\/seo\/ -->\n<title>17\u00ba Dia de Navega\u00e7\u00e3o \u2013 12 de Setembro - Not\u00edcias - Franciscanos<\/title>\n<meta name=\"robots\" content=\"index, follow, max-snippet:-1, max-image-preview:large, max-video-preview:-1\" \/>\n<link rel=\"canonical\" href=\"https:\/\/franciscanos.org.br\/noticias\/17o-dia-de-navegacao-12-de-setembro.html\" \/>\n<meta property=\"og:locale\" content=\"pt_BR\" \/>\n<meta property=\"og:type\" content=\"article\" \/>\n<meta property=\"og:title\" content=\"17\u00ba Dia de Navega\u00e7\u00e3o \u2013 12 de Setembro - Not\u00edcias - Franciscanos\" \/>\n<meta property=\"og:description\" content=\"40 DIAS PELO RIO\" \/>\n<meta property=\"og:url\" content=\"https:\/\/franciscanos.org.br\/noticias\/17o-dia-de-navegacao-12-de-setembro.html\" \/>\n<meta property=\"og:site_name\" content=\"Not\u00edcias - Franciscanos\" \/>\n<meta property=\"article:published_time\" content=\"2019-09-12T11:21:33+00:00\" \/>\n<meta property=\"article:modified_time\" content=\"2019-09-23T11:29:29+00:00\" \/>\n<meta property=\"og:image\" content=\"https:\/\/franciscanos.org.br\/noticias\/wp-content\/uploads\/2019\/09\/273.jpg\" \/>\n\t<meta property=\"og:image:width\" content=\"273\" \/>\n\t<meta property=\"og:image:height\" content=\"181\" \/>\n\t<meta property=\"og:image:type\" content=\"image\/jpeg\" \/>\n<meta name=\"author\" content=\"jovenal\" \/>\n<meta name=\"twitter:card\" content=\"summary_large_image\" \/>\n<meta name=\"twitter:label1\" content=\"Escrito por\" \/>\n\t<meta name=\"twitter:data1\" content=\"jovenal\" \/>\n\t<meta name=\"twitter:label2\" content=\"Est. tempo de leitura\" \/>\n\t<meta name=\"twitter:data2\" content=\"3 minutos\" \/>\n<script type=\"application\/ld+json\" class=\"yoast-schema-graph\">{\"@context\":\"https:\/\/schema.org\",\"@graph\":[{\"@type\":\"WebSite\",\"@id\":\"https:\/\/franciscanos.org.br\/noticias\/#website\",\"url\":\"https:\/\/franciscanos.org.br\/noticias\/\",\"name\":\"Not\u00edcias - Franciscanos\",\"description\":\"Prov\u00edncia Franciscana da Imaculada Concei\u00e7\u00e3o do Brasil - Ordem dos Frades Menores - OFM\",\"potentialAction\":[{\"@type\":\"SearchAction\",\"target\":{\"@type\":\"EntryPoint\",\"urlTemplate\":\"https:\/\/franciscanos.org.br\/noticias\/?s={search_term_string}\"},\"query-input\":\"required name=search_term_string\"}],\"inLanguage\":\"pt-BR\"},{\"@type\":\"ImageObject\",\"inLanguage\":\"pt-BR\",\"@id\":\"https:\/\/franciscanos.org.br\/noticias\/17o-dia-de-navegacao-12-de-setembro.html#primaryimage\",\"url\":\"https:\/\/franciscanos.org.br\/noticias\/wp-content\/uploads\/2019\/09\/273.jpg\",\"contentUrl\":\"https:\/\/franciscanos.org.br\/noticias\/wp-content\/uploads\/2019\/09\/273.jpg\",\"width\":273,\"height\":181},{\"@type\":\"WebPage\",\"@id\":\"https:\/\/franciscanos.org.br\/noticias\/17o-dia-de-navegacao-12-de-setembro.html#webpage\",\"url\":\"https:\/\/franciscanos.org.br\/noticias\/17o-dia-de-navegacao-12-de-setembro.html\",\"name\":\"17\u00ba Dia de Navega\u00e7\u00e3o \u2013 12 de Setembro - Not\u00edcias - Franciscanos\",\"isPartOf\":{\"@id\":\"https:\/\/franciscanos.org.br\/noticias\/#website\"},\"primaryImageOfPage\":{\"@id\":\"https:\/\/franciscanos.org.br\/noticias\/17o-dia-de-navegacao-12-de-setembro.html#primaryimage\"},\"datePublished\":\"2019-09-12T11:21:33+00:00\",\"dateModified\":\"2019-09-23T11:29:29+00:00\",\"author\":{\"@id\":\"https:\/\/franciscanos.org.br\/noticias\/#\/schema\/person\/c3a26b08313dd1772495ce300ab257cc\"},\"breadcrumb\":{\"@id\":\"https:\/\/franciscanos.org.br\/noticias\/17o-dia-de-navegacao-12-de-setembro.html#breadcrumb\"},\"inLanguage\":\"pt-BR\",\"potentialAction\":[{\"@type\":\"ReadAction\",\"target\":[\"https:\/\/franciscanos.org.br\/noticias\/17o-dia-de-navegacao-12-de-setembro.html\"]}]},{\"@type\":\"BreadcrumbList\",\"@id\":\"https:\/\/franciscanos.org.br\/noticias\/17o-dia-de-navegacao-12-de-setembro.html#breadcrumb\",\"itemListElement\":[{\"@type\":\"ListItem\",\"position\":1,\"name\":\"Home\",\"item\":\"https:\/\/franciscanos.org.br\/noticias\"},{\"@type\":\"ListItem\",\"position\":2,\"name\":\"17\u00ba Dia de Navega\u00e7\u00e3o \u2013 12 de Setembro\"}]},{\"@type\":\"Person\",\"@id\":\"https:\/\/franciscanos.org.br\/noticias\/#\/schema\/person\/c3a26b08313dd1772495ce300ab257cc\",\"name\":\"jovenal\",\"image\":{\"@type\":\"ImageObject\",\"inLanguage\":\"pt-BR\",\"@id\":\"https:\/\/franciscanos.org.br\/noticias\/#\/schema\/person\/image\/\",\"url\":\"https:\/\/secure.gravatar.com\/avatar\/e94509f531086e2eaf97e72f29ea00f9?s=96&d=mm&r=g\",\"contentUrl\":\"https:\/\/secure.gravatar.com\/avatar\/e94509f531086e2eaf97e72f29ea00f9?s=96&d=mm&r=g\",\"caption\":\"jovenal\"},\"url\":\"https:\/\/franciscanos.org.br\/noticias\/author\/jovenal\"}]}<\/script>\n<!-- \/ Yoast SEO plugin. -->","yoast_head_json":{"title":"17\u00ba Dia de Navega\u00e7\u00e3o \u2013 12 de Setembro - Not\u00edcias - Franciscanos","robots":{"index":"index","follow":"follow","max-snippet":"max-snippet:-1","max-image-preview":"max-image-preview:large","max-video-preview":"max-video-preview:-1"},"canonical":"https:\/\/franciscanos.org.br\/noticias\/17o-dia-de-navegacao-12-de-setembro.html","og_locale":"pt_BR","og_type":"article","og_title":"17\u00ba Dia de Navega\u00e7\u00e3o \u2013 12 de Setembro - Not\u00edcias - Franciscanos","og_description":"40 DIAS PELO RIO","og_url":"https:\/\/franciscanos.org.br\/noticias\/17o-dia-de-navegacao-12-de-setembro.html","og_site_name":"Not\u00edcias - Franciscanos","article_published_time":"2019-09-12T11:21:33+00:00","article_modified_time":"2019-09-23T11:29:29+00:00","og_image":[{"width":273,"height":181,"url":"https:\/\/franciscanos.org.br\/noticias\/wp-content\/uploads\/2019\/09\/273.jpg","type":"image\/jpeg"}],"author":"jovenal","twitter_card":"summary_large_image","twitter_misc":{"Escrito por":"jovenal","Est. tempo de leitura":"3 minutos"},"schema":{"@context":"https:\/\/schema.org","@graph":[{"@type":"WebSite","@id":"https:\/\/franciscanos.org.br\/noticias\/#website","url":"https:\/\/franciscanos.org.br\/noticias\/","name":"Not\u00edcias - Franciscanos","description":"Prov\u00edncia Franciscana da Imaculada Concei\u00e7\u00e3o do Brasil - Ordem dos Frades Menores - OFM","potentialAction":[{"@type":"SearchAction","target":{"@type":"EntryPoint","urlTemplate":"https:\/\/franciscanos.org.br\/noticias\/?s={search_term_string}"},"query-input":"required name=search_term_string"}],"inLanguage":"pt-BR"},{"@type":"ImageObject","inLanguage":"pt-BR","@id":"https:\/\/franciscanos.org.br\/noticias\/17o-dia-de-navegacao-12-de-setembro.html#primaryimage","url":"https:\/\/franciscanos.org.br\/noticias\/wp-content\/uploads\/2019\/09\/273.jpg","contentUrl":"https:\/\/franciscanos.org.br\/noticias\/wp-content\/uploads\/2019\/09\/273.jpg","width":273,"height":181},{"@type":"WebPage","@id":"https:\/\/franciscanos.org.br\/noticias\/17o-dia-de-navegacao-12-de-setembro.html#webpage","url":"https:\/\/franciscanos.org.br\/noticias\/17o-dia-de-navegacao-12-de-setembro.html","name":"17\u00ba Dia de Navega\u00e7\u00e3o \u2013 12 de Setembro - Not\u00edcias - Franciscanos","isPartOf":{"@id":"https:\/\/franciscanos.org.br\/noticias\/#website"},"primaryImageOfPage":{"@id":"https:\/\/franciscanos.org.br\/noticias\/17o-dia-de-navegacao-12-de-setembro.html#primaryimage"},"datePublished":"2019-09-12T11:21:33+00:00","dateModified":"2019-09-23T11:29:29+00:00","author":{"@id":"https:\/\/franciscanos.org.br\/noticias\/#\/schema\/person\/c3a26b08313dd1772495ce300ab257cc"},"breadcrumb":{"@id":"https:\/\/franciscanos.org.br\/noticias\/17o-dia-de-navegacao-12-de-setembro.html#breadcrumb"},"inLanguage":"pt-BR","potentialAction":[{"@type":"ReadAction","target":["https:\/\/franciscanos.org.br\/noticias\/17o-dia-de-navegacao-12-de-setembro.html"]}]},{"@type":"BreadcrumbList","@id":"https:\/\/franciscanos.org.br\/noticias\/17o-dia-de-navegacao-12-de-setembro.html#breadcrumb","itemListElement":[{"@type":"ListItem","position":1,"name":"Home","item":"https:\/\/franciscanos.org.br\/noticias"},{"@type":"ListItem","position":2,"name":"17\u00ba Dia de Navega\u00e7\u00e3o \u2013 12 de Setembro"}]},{"@type":"Person","@id":"https:\/\/franciscanos.org.br\/noticias\/#\/schema\/person\/c3a26b08313dd1772495ce300ab257cc","name":"jovenal","image":{"@type":"ImageObject","inLanguage":"pt-BR","@id":"https:\/\/franciscanos.org.br\/noticias\/#\/schema\/person\/image\/","url":"https:\/\/secure.gravatar.com\/avatar\/e94509f531086e2eaf97e72f29ea00f9?s=96&d=mm&r=g","contentUrl":"https:\/\/secure.gravatar.com\/avatar\/e94509f531086e2eaf97e72f29ea00f9?s=96&d=mm&r=g","caption":"jovenal"},"url":"https:\/\/franciscanos.org.br\/noticias\/author\/jovenal"}]}},"_links":{"self":[{"href":"https:\/\/franciscanos.org.br\/noticias\/wp-json\/wp\/v2\/posts\/210669"}],"collection":[{"href":"https:\/\/franciscanos.org.br\/noticias\/wp-json\/wp\/v2\/posts"}],"about":[{"href":"https:\/\/franciscanos.org.br\/noticias\/wp-json\/wp\/v2\/types\/post"}],"author":[{"embeddable":true,"href":"https:\/\/franciscanos.org.br\/noticias\/wp-json\/wp\/v2\/users\/7"}],"replies":[{"embeddable":true,"href":"https:\/\/franciscanos.org.br\/noticias\/wp-json\/wp\/v2\/comments?post=210669"}],"version-history":[{"count":0,"href":"https:\/\/franciscanos.org.br\/noticias\/wp-json\/wp\/v2\/posts\/210669\/revisions"}],"wp:featuredmedia":[{"embeddable":true,"href":"https:\/\/franciscanos.org.br\/noticias\/wp-json\/wp\/v2\/media\/210458"}],"wp:attachment":[{"href":"https:\/\/franciscanos.org.br\/noticias\/wp-json\/wp\/v2\/media?parent=210669"}],"wp:term":[{"taxonomy":"category","embeddable":true,"href":"https:\/\/franciscanos.org.br\/noticias\/wp-json\/wp\/v2\/categories?post=210669"},{"taxonomy":"post_tag","embeddable":true,"href":"https:\/\/franciscanos.org.br\/noticias\/wp-json\/wp\/v2\/tags?post=210669"}],"curies":[{"name":"wp","href":"https:\/\/api.w.org\/{rel}","templated":true}]}}