{"id":210662,"date":"2019-09-12T08:09:23","date_gmt":"2019-09-12T11:09:23","guid":{"rendered":"https:\/\/franciscanos.org.br\/noticias\/?p=210662"},"modified":"2019-09-12T08:13:10","modified_gmt":"2019-09-12T11:13:10","slug":"filme-sobre-mst-sera-exibido-na-assembleia-geral-da-onu-bolsonaro-estara-presente","status":"publish","type":"post","link":"https:\/\/franciscanos.org.br\/noticias\/filme-sobre-mst-sera-exibido-na-assembleia-geral-da-onu-bolsonaro-estara-presente.html","title":{"rendered":"Filme sobre agroecologia ser\u00e1 exibido na Assembleia Geral da ONU"},"content":{"rendered":"<p>&nbsp;<\/p>\n<p><img loading=\"lazy\" class=\"alignnone wp-image-210666 size-full\" src=\"https:\/\/franciscanos.org.br\/noticias\/wp-content\/uploads\/2019\/09\/filme_1209.jpg\" alt=\"\" width=\"890\" height=\"422\" srcset=\"https:\/\/franciscanos.org.br\/noticias\/wp-content\/uploads\/2019\/09\/filme_1209.jpg 890w, https:\/\/franciscanos.org.br\/noticias\/wp-content\/uploads\/2019\/09\/filme_1209-450x213.jpg 450w, https:\/\/franciscanos.org.br\/noticias\/wp-content\/uploads\/2019\/09\/filme_1209-768x364.jpg 768w, https:\/\/franciscanos.org.br\/noticias\/wp-content\/uploads\/2019\/09\/filme_1209-150x71.jpg 150w\" sizes=\"(max-width: 890px) 100vw, 890px\" \/><\/p>\n<p>Curta-metragem &#8220;O que \u00e9 agroecologia?&#8221;, sobre trabalho em assentamento, com mais de 50 mil visualiza\u00e7\u00f5es em 19 dias, venceu concurso das Na\u00e7\u00f5es Unidas.<\/p>\n<p>Com mais de 50 mil visualiza\u00e7\u00f5es em 19 dias de competi\u00e7\u00e3o o curta-metragem O Que \u00e9 Agroecologia, produzido por Rafael Forsetto e Kiane Assis \u2013 que mostra o trabalho de agricultores do Movimento dos Trabalhadores Rurais Sem Terra (MST) na zona rural de Lapa (PR) \u2013 venceu a categoria \u201calimenta\u00e7\u00e3o e sa\u00fade humana\u201d do Global Youth Video Challenge, das Na\u00e7\u00f5es Unidas.<\/p>\n<p>Agora, a obra ser\u00e1 exibida durante a Assembleia Geral das Na\u00e7\u00f5es Unidas, em que o presidente Jair Bolsonaro (PSL) far\u00e1 o discurso de abertura no pr\u00f3ximo dia 24, em Nova York, nos Estados Unidos.<\/p>\n<p><iframe loading=\"lazy\" src=\"https:\/\/www.youtube.com\/embed\/5svhDXrauLk\" width=\"560\" height=\"315\" frameborder=\"0\" allowfullscreen=\"allowfullscreen\"><\/iframe><\/p>\n<p>Os diretores Rafael Forsetto e Kiane Assis agradeceram aos que assistiram o filme durante a disputa final do concurso e consideraram \u201cuma vit\u00f3ria coletiva\u201d.<\/p>\n<p>\u201cAgora vamos levar a agroecologia e o Movimento dos Trabalhadores Sem Terra ao palco mundial e mostrar as alternativas sustent\u00e1veis que existem \u00e0 agricultura convencional! Agroecologia n\u00e3o \u00e9 apenas agricultura, ela \u00c9 CULTURA!\u201d, diz o texto. O filme tamb\u00e9m ter\u00e1 exibi\u00e7\u00e3o na Confer\u00eancia de Mudan\u00e7as Clim\u00e1ticas da ONU (COP 25) em dezembro no Chile.<\/p>\n<p>No assentamento Contestado, a produ\u00e7\u00e3o de alimentos sem agrot\u00f3xicos, por meio de sistemas agr\u00edcolas que utilizam todos os recursos naturais sem desmatar, ajudam a colocar comida saud\u00e1vel na mesa dos trabalhadores da regi\u00e3o sem contaminar a terra, a \u00e1gua e a sa\u00fade de quem planta e de quem come.<\/p>\n<p>A educa\u00e7\u00e3o de qualidade \u00e9 respaldada pela Escola Latino Americana de Agroecologia. Constru\u00edda junto \u00e0 Via Campesina, a institui\u00e7\u00e3o recebe estudantes da Am\u00e9rica Latina e do Caribe e colabora na difus\u00e3o de modelos de produ\u00e7\u00e3o alternativos ao agroneg\u00f3cio. Em parceria com o Instituto Federal do Paran\u00e1 (IFPR), a escola criada em 2005 j\u00e1 formou tr\u00eas turmas de tecn\u00f3logos.<\/p>\n<p>\u201cEles ser\u00e3o obrigados a prestar aten\u00e7\u00e3o ao trabalho que o MST vem fazendo, \u00e0 relev\u00e2ncia do movimento nesse \u00e2mbito da agroecologia, e ter\u00e3o que admitir que h\u00e1 alternativas \u00e0 agricultura agressiva, dependente de agrot\u00f3xico. E essa frente vem sendo liderada pelo MST, que \u00e9 t\u00e3o demonizado no governo Bolsonaro\u201d, disse ao Brasil de Fato o diretor Forsetto.<\/p>\n<hr \/>\n<p><em>A reportagem \u00e9 publicada por Brasil de Fato, 11-09-2019.<\/em><\/p>\n","protected":false},"excerpt":{"rendered":"<p>Assembleia Geral da ONU<\/p>\n","protected":false},"author":3,"featured_media":210663,"comment_status":"open","ping_status":"open","sticky":false,"template":"","format":"standard","meta":[],"categories":[1],"tags":[764,1413],"acf":[],"yoast_head":"<!-- This site is optimized with the Yoast SEO plugin v19.2 - https:\/\/yoast.com\/wordpress\/plugins\/seo\/ -->\n<title>Filme sobre agroecologia ser\u00e1 exibido na Assembleia Geral da ONU - Not\u00edcias - Franciscanos<\/title>\n<meta name=\"robots\" content=\"index, follow, max-snippet:-1, max-image-preview:large, max-video-preview:-1\" \/>\n<link rel=\"canonical\" href=\"https:\/\/franciscanos.org.br\/noticias\/filme-sobre-mst-sera-exibido-na-assembleia-geral-da-onu-bolsonaro-estara-presente.html\" \/>\n<meta property=\"og:locale\" content=\"pt_BR\" \/>\n<meta property=\"og:type\" content=\"article\" \/>\n<meta property=\"og:title\" content=\"Filme sobre agroecologia ser\u00e1 exibido na Assembleia Geral da ONU - Not\u00edcias - Franciscanos\" \/>\n<meta property=\"og:description\" content=\"Assembleia Geral da ONU\" \/>\n<meta property=\"og:url\" content=\"https:\/\/franciscanos.org.br\/noticias\/filme-sobre-mst-sera-exibido-na-assembleia-geral-da-onu-bolsonaro-estara-presente.html\" \/>\n<meta property=\"og:site_name\" content=\"Not\u00edcias - Franciscanos\" \/>\n<meta property=\"article:published_time\" content=\"2019-09-12T11:09:23+00:00\" \/>\n<meta property=\"article:modified_time\" content=\"2019-09-12T11:13:10+00:00\" \/>\n<meta property=\"og:image\" content=\"https:\/\/franciscanos.org.br\/noticias\/wp-content\/uploads\/2019\/09\/filme.jpg\" \/>\n\t<meta property=\"og:image:width\" content=\"273\" \/>\n\t<meta property=\"og:image:height\" content=\"181\" \/>\n\t<meta property=\"og:image:type\" content=\"image\/jpeg\" \/>\n<meta name=\"author\" content=\"moacir\" \/>\n<meta name=\"twitter:card\" content=\"summary_large_image\" \/>\n<meta name=\"twitter:label1\" content=\"Escrito por\" \/>\n\t<meta name=\"twitter:data1\" content=\"moacir\" \/>\n\t<meta name=\"twitter:label2\" content=\"Est. tempo de leitura\" \/>\n\t<meta name=\"twitter:data2\" content=\"2 minutos\" \/>\n<script type=\"application\/ld+json\" class=\"yoast-schema-graph\">{\"@context\":\"https:\/\/schema.org\",\"@graph\":[{\"@type\":\"WebSite\",\"@id\":\"https:\/\/franciscanos.org.br\/noticias\/#website\",\"url\":\"https:\/\/franciscanos.org.br\/noticias\/\",\"name\":\"Not\u00edcias - Franciscanos\",\"description\":\"Prov\u00edncia Franciscana da Imaculada Concei\u00e7\u00e3o do Brasil - Ordem dos Frades Menores - OFM\",\"potentialAction\":[{\"@type\":\"SearchAction\",\"target\":{\"@type\":\"EntryPoint\",\"urlTemplate\":\"https:\/\/franciscanos.org.br\/noticias\/?s={search_term_string}\"},\"query-input\":\"required name=search_term_string\"}],\"inLanguage\":\"pt-BR\"},{\"@type\":\"ImageObject\",\"inLanguage\":\"pt-BR\",\"@id\":\"https:\/\/franciscanos.org.br\/noticias\/filme-sobre-mst-sera-exibido-na-assembleia-geral-da-onu-bolsonaro-estara-presente.html#primaryimage\",\"url\":\"https:\/\/franciscanos.org.br\/noticias\/wp-content\/uploads\/2019\/09\/filme.jpg\",\"contentUrl\":\"https:\/\/franciscanos.org.br\/noticias\/wp-content\/uploads\/2019\/09\/filme.jpg\",\"width\":273,\"height\":181},{\"@type\":\"WebPage\",\"@id\":\"https:\/\/franciscanos.org.br\/noticias\/filme-sobre-mst-sera-exibido-na-assembleia-geral-da-onu-bolsonaro-estara-presente.html#webpage\",\"url\":\"https:\/\/franciscanos.org.br\/noticias\/filme-sobre-mst-sera-exibido-na-assembleia-geral-da-onu-bolsonaro-estara-presente.html\",\"name\":\"Filme sobre agroecologia ser\u00e1 exibido na Assembleia Geral da ONU - Not\u00edcias - Franciscanos\",\"isPartOf\":{\"@id\":\"https:\/\/franciscanos.org.br\/noticias\/#website\"},\"primaryImageOfPage\":{\"@id\":\"https:\/\/franciscanos.org.br\/noticias\/filme-sobre-mst-sera-exibido-na-assembleia-geral-da-onu-bolsonaro-estara-presente.html#primaryimage\"},\"datePublished\":\"2019-09-12T11:09:23+00:00\",\"dateModified\":\"2019-09-12T11:13:10+00:00\",\"author\":{\"@id\":\"https:\/\/franciscanos.org.br\/noticias\/#\/schema\/person\/b5c8cba458c330ccff548b056e95a5d4\"},\"breadcrumb\":{\"@id\":\"https:\/\/franciscanos.org.br\/noticias\/filme-sobre-mst-sera-exibido-na-assembleia-geral-da-onu-bolsonaro-estara-presente.html#breadcrumb\"},\"inLanguage\":\"pt-BR\",\"potentialAction\":[{\"@type\":\"ReadAction\",\"target\":[\"https:\/\/franciscanos.org.br\/noticias\/filme-sobre-mst-sera-exibido-na-assembleia-geral-da-onu-bolsonaro-estara-presente.html\"]}]},{\"@type\":\"BreadcrumbList\",\"@id\":\"https:\/\/franciscanos.org.br\/noticias\/filme-sobre-mst-sera-exibido-na-assembleia-geral-da-onu-bolsonaro-estara-presente.html#breadcrumb\",\"itemListElement\":[{\"@type\":\"ListItem\",\"position\":1,\"name\":\"Home\",\"item\":\"https:\/\/franciscanos.org.br\/noticias\"},{\"@type\":\"ListItem\",\"position\":2,\"name\":\"Filme sobre agroecologia ser\u00e1 exibido na Assembleia Geral da ONU\"}]},{\"@type\":\"Person\",\"@id\":\"https:\/\/franciscanos.org.br\/noticias\/#\/schema\/person\/b5c8cba458c330ccff548b056e95a5d4\",\"name\":\"moacir\",\"image\":{\"@type\":\"ImageObject\",\"inLanguage\":\"pt-BR\",\"@id\":\"https:\/\/franciscanos.org.br\/noticias\/#\/schema\/person\/image\/\",\"url\":\"https:\/\/secure.gravatar.com\/avatar\/d08aa2ce4c8dd416d4479aa8536fcf64?s=96&d=mm&r=g\",\"contentUrl\":\"https:\/\/secure.gravatar.com\/avatar\/d08aa2ce4c8dd416d4479aa8536fcf64?s=96&d=mm&r=g\",\"caption\":\"moacir\"},\"url\":\"https:\/\/franciscanos.org.br\/noticias\/author\/moacir\"}]}<\/script>\n<!-- \/ Yoast SEO plugin. -->","yoast_head_json":{"title":"Filme sobre agroecologia ser\u00e1 exibido na Assembleia Geral da ONU - Not\u00edcias - Franciscanos","robots":{"index":"index","follow":"follow","max-snippet":"max-snippet:-1","max-image-preview":"max-image-preview:large","max-video-preview":"max-video-preview:-1"},"canonical":"https:\/\/franciscanos.org.br\/noticias\/filme-sobre-mst-sera-exibido-na-assembleia-geral-da-onu-bolsonaro-estara-presente.html","og_locale":"pt_BR","og_type":"article","og_title":"Filme sobre agroecologia ser\u00e1 exibido na Assembleia Geral da ONU - Not\u00edcias - Franciscanos","og_description":"Assembleia Geral da ONU","og_url":"https:\/\/franciscanos.org.br\/noticias\/filme-sobre-mst-sera-exibido-na-assembleia-geral-da-onu-bolsonaro-estara-presente.html","og_site_name":"Not\u00edcias - Franciscanos","article_published_time":"2019-09-12T11:09:23+00:00","article_modified_time":"2019-09-12T11:13:10+00:00","og_image":[{"width":273,"height":181,"url":"https:\/\/franciscanos.org.br\/noticias\/wp-content\/uploads\/2019\/09\/filme.jpg","type":"image\/jpeg"}],"author":"moacir","twitter_card":"summary_large_image","twitter_misc":{"Escrito por":"moacir","Est. tempo de leitura":"2 minutos"},"schema":{"@context":"https:\/\/schema.org","@graph":[{"@type":"WebSite","@id":"https:\/\/franciscanos.org.br\/noticias\/#website","url":"https:\/\/franciscanos.org.br\/noticias\/","name":"Not\u00edcias - Franciscanos","description":"Prov\u00edncia Franciscana da Imaculada Concei\u00e7\u00e3o do Brasil - Ordem dos Frades Menores - OFM","potentialAction":[{"@type":"SearchAction","target":{"@type":"EntryPoint","urlTemplate":"https:\/\/franciscanos.org.br\/noticias\/?s={search_term_string}"},"query-input":"required name=search_term_string"}],"inLanguage":"pt-BR"},{"@type":"ImageObject","inLanguage":"pt-BR","@id":"https:\/\/franciscanos.org.br\/noticias\/filme-sobre-mst-sera-exibido-na-assembleia-geral-da-onu-bolsonaro-estara-presente.html#primaryimage","url":"https:\/\/franciscanos.org.br\/noticias\/wp-content\/uploads\/2019\/09\/filme.jpg","contentUrl":"https:\/\/franciscanos.org.br\/noticias\/wp-content\/uploads\/2019\/09\/filme.jpg","width":273,"height":181},{"@type":"WebPage","@id":"https:\/\/franciscanos.org.br\/noticias\/filme-sobre-mst-sera-exibido-na-assembleia-geral-da-onu-bolsonaro-estara-presente.html#webpage","url":"https:\/\/franciscanos.org.br\/noticias\/filme-sobre-mst-sera-exibido-na-assembleia-geral-da-onu-bolsonaro-estara-presente.html","name":"Filme sobre agroecologia ser\u00e1 exibido na Assembleia Geral da ONU - Not\u00edcias - Franciscanos","isPartOf":{"@id":"https:\/\/franciscanos.org.br\/noticias\/#website"},"primaryImageOfPage":{"@id":"https:\/\/franciscanos.org.br\/noticias\/filme-sobre-mst-sera-exibido-na-assembleia-geral-da-onu-bolsonaro-estara-presente.html#primaryimage"},"datePublished":"2019-09-12T11:09:23+00:00","dateModified":"2019-09-12T11:13:10+00:00","author":{"@id":"https:\/\/franciscanos.org.br\/noticias\/#\/schema\/person\/b5c8cba458c330ccff548b056e95a5d4"},"breadcrumb":{"@id":"https:\/\/franciscanos.org.br\/noticias\/filme-sobre-mst-sera-exibido-na-assembleia-geral-da-onu-bolsonaro-estara-presente.html#breadcrumb"},"inLanguage":"pt-BR","potentialAction":[{"@type":"ReadAction","target":["https:\/\/franciscanos.org.br\/noticias\/filme-sobre-mst-sera-exibido-na-assembleia-geral-da-onu-bolsonaro-estara-presente.html"]}]},{"@type":"BreadcrumbList","@id":"https:\/\/franciscanos.org.br\/noticias\/filme-sobre-mst-sera-exibido-na-assembleia-geral-da-onu-bolsonaro-estara-presente.html#breadcrumb","itemListElement":[{"@type":"ListItem","position":1,"name":"Home","item":"https:\/\/franciscanos.org.br\/noticias"},{"@type":"ListItem","position":2,"name":"Filme sobre agroecologia ser\u00e1 exibido na Assembleia Geral da ONU"}]},{"@type":"Person","@id":"https:\/\/franciscanos.org.br\/noticias\/#\/schema\/person\/b5c8cba458c330ccff548b056e95a5d4","name":"moacir","image":{"@type":"ImageObject","inLanguage":"pt-BR","@id":"https:\/\/franciscanos.org.br\/noticias\/#\/schema\/person\/image\/","url":"https:\/\/secure.gravatar.com\/avatar\/d08aa2ce4c8dd416d4479aa8536fcf64?s=96&d=mm&r=g","contentUrl":"https:\/\/secure.gravatar.com\/avatar\/d08aa2ce4c8dd416d4479aa8536fcf64?s=96&d=mm&r=g","caption":"moacir"},"url":"https:\/\/franciscanos.org.br\/noticias\/author\/moacir"}]}},"_links":{"self":[{"href":"https:\/\/franciscanos.org.br\/noticias\/wp-json\/wp\/v2\/posts\/210662"}],"collection":[{"href":"https:\/\/franciscanos.org.br\/noticias\/wp-json\/wp\/v2\/posts"}],"about":[{"href":"https:\/\/franciscanos.org.br\/noticias\/wp-json\/wp\/v2\/types\/post"}],"author":[{"embeddable":true,"href":"https:\/\/franciscanos.org.br\/noticias\/wp-json\/wp\/v2\/users\/3"}],"replies":[{"embeddable":true,"href":"https:\/\/franciscanos.org.br\/noticias\/wp-json\/wp\/v2\/comments?post=210662"}],"version-history":[{"count":0,"href":"https:\/\/franciscanos.org.br\/noticias\/wp-json\/wp\/v2\/posts\/210662\/revisions"}],"wp:featuredmedia":[{"embeddable":true,"href":"https:\/\/franciscanos.org.br\/noticias\/wp-json\/wp\/v2\/media\/210663"}],"wp:attachment":[{"href":"https:\/\/franciscanos.org.br\/noticias\/wp-json\/wp\/v2\/media?parent=210662"}],"wp:term":[{"taxonomy":"category","embeddable":true,"href":"https:\/\/franciscanos.org.br\/noticias\/wp-json\/wp\/v2\/categories?post=210662"},{"taxonomy":"post_tag","embeddable":true,"href":"https:\/\/franciscanos.org.br\/noticias\/wp-json\/wp\/v2\/tags?post=210662"}],"curies":[{"name":"wp","href":"https:\/\/api.w.org\/{rel}","templated":true}]}}