{"id":210657,"date":"2019-09-12T07:30:39","date_gmt":"2019-09-12T10:30:39","guid":{"rendered":"https:\/\/franciscanos.org.br\/noticias\/?p=210657"},"modified":"2020-06-05T15:49:07","modified_gmt":"2020-06-05T18:49:07","slug":"papa-as-raizes-de-um-carisma-nao-sao-um-museu","status":"publish","type":"post","link":"https:\/\/franciscanos.org.br\/noticias\/papa-as-raizes-de-um-carisma-nao-sao-um-museu.html","title":{"rendered":"Papa: as ra\u00edzes de um carisma n\u00e3o s\u00e3o um museu"},"content":{"rendered":"<p><img loading=\"lazy\" class=\"alignnone wp-image-210658 size-full\" src=\"https:\/\/franciscanos.org.br\/noticias\/wp-content\/uploads\/2019\/09\/papa_1209.jpg\" alt=\"\" width=\"890\" height=\"501\" srcset=\"https:\/\/franciscanos.org.br\/noticias\/wp-content\/uploads\/2019\/09\/papa_1209.jpg 890w, https:\/\/franciscanos.org.br\/noticias\/wp-content\/uploads\/2019\/09\/papa_1209-450x253.jpg 450w, https:\/\/franciscanos.org.br\/noticias\/wp-content\/uploads\/2019\/09\/papa_1209-768x432.jpg 768w, https:\/\/franciscanos.org.br\/noticias\/wp-content\/uploads\/2019\/09\/papa_1209-150x84.jpg 150w\" sizes=\"(max-width: 890px) 100vw, 890px\" \/><\/p>\n<p>No primeiro compromisso desta quinta-feira (12), na Sala Clementina, o Papa Francisco recebeu representantes da Ordem dos Agostinianos Descal\u00e7os. J\u00e1 na sexta-feira (12), ser\u00e1 a vez dos irm\u00e3os da Ordem de Santo Agostinho, \u201cirm\u00e3os, cunhados, amigos, inimigos, nunca se sabe\u201d, brincou o Pont\u00edfice. No discurso de hoje, Francisco fez men\u00e7\u00e3o aos dois encontros e aos carismas que conduzem a Igreja \u201catrav\u00e9s do testemunho do grande Pastor e Doutor de Hipona\u201d.<\/p>\n<p>Os cerca de 200 Agostinianos Descal\u00e7os que estiveram na audi\u00eancia com o Papa est\u00e3o participando do Cap\u00edtulo Geral da Ordem que termina nesta quinta-feira (12), em Roma, por ocasi\u00e3o do Ano do Carisma. Durante tr\u00eas dias, os religiosos participaram de atividades como visitas a ex-conventos na capital romana e momentos de reflex\u00e3o sobre a Ordem.<\/p>\n<p><strong>A inspira\u00e7\u00e3o do gigante do pensamento crist\u00e3o<\/strong><br \/>\nNo discurso, Francisco come\u00e7ou lembrando de Santo Agostinho (354-430), fil\u00f3sofo, escritor, bispo e te\u00f3logo crist\u00e3o africano, atrav\u00e9s do carisma da busca da santidade atrav\u00e9s da vida comunit\u00e1ria. \u201cSanto Agostinho \u00e9 uma daquelas figuras que fazem sentir o encanto de Deus\u201d, disse o Papa, que acrescentou: \u201cEle \u00e9 um gigante do pensamento crist\u00e3o, mas o Senhor lhe doou tamb\u00e9m a voca\u00e7\u00e3o e a miss\u00e3o da fraternidade. N\u00e3o se fechou no horizonte embora vasto da sua mente, mas permaneceu aberto ao povo de Deus e aos irm\u00e3os que compartilhavam com ele a vida comunit\u00e1ria\u201d.<\/p>\n<p><img loading=\"lazy\" class=\"alignnone wp-image-210659 size-full\" src=\"https:\/\/franciscanos.org.br\/noticias\/wp-content\/uploads\/2019\/09\/papa_1209_1.jpg\" alt=\"\" width=\"890\" height=\"501\" srcset=\"https:\/\/franciscanos.org.br\/noticias\/wp-content\/uploads\/2019\/09\/papa_1209_1.jpg 890w, https:\/\/franciscanos.org.br\/noticias\/wp-content\/uploads\/2019\/09\/papa_1209_1-450x253.jpg 450w, https:\/\/franciscanos.org.br\/noticias\/wp-content\/uploads\/2019\/09\/papa_1209_1-768x432.jpg 768w, https:\/\/franciscanos.org.br\/noticias\/wp-content\/uploads\/2019\/09\/papa_1209_1-150x84.jpg 150w\" sizes=\"(max-width: 890px) 100vw, 890px\" \/><\/p>\n<p><strong>Ser moderno \u00e9 valorizar as ra\u00edzes<\/strong><br \/>\nCom a longa tradi\u00e7\u00e3o religiosa iniciada por Santo Agostinho, o Papa enfatizou as pr\u00f3prias ra\u00edzes dos Agostinianos Descal\u00e7os, que devem ser sempre \u201camadas e aprofundadas\u201d, acompanhadas de humildade e caridade, atrav\u00e9s da \u201cora\u00e7\u00e3o e do discernimento comunit\u00e1rio, seiva vital\u201d da presen\u00e7a da Ordem hoje na Igreja e no mundo.<\/p>\n<p>\u201cPara ser moderno, algu\u00e9m pode acreditar que \u00e9 necess\u00e1rio se separar das ra\u00edzes. E essa \u00e9 a ru\u00edna, porque as ra\u00edzes, a tradi\u00e7\u00e3o, s\u00e3o a garantia do futuro. N\u00e3o \u00e9 um museu, \u00e9 a verdadeira tradi\u00e7\u00e3o, e as ra\u00edzes s\u00e3o a tradi\u00e7\u00e3o que te levam \u00e0 seiva para fazer crescer a \u00e1rvore, florescer, frutificar. Nunca se separar das ra\u00edzes para ser moderno! Aquilo \u00e9 um suic\u00eddio\u201d.<\/p>\n<p>O Papa ent\u00e3o abordou o carisma dos Agostinianos Descal\u00e7os, na qualidade de \u201cdescal\u00e7os\u201d, que expressa a exig\u00eancia de pobreza e de confian\u00e7a na Provid\u00eancia Divina. \u201cVejo que todos usam cal\u00e7ados\u201d, brincou Francisco aos participantes da audi\u00eancia, ao enaltecer, na verdade, a import\u00e2ncia do carisma de ter \u201ca alma descal\u00e7a\u201d.<\/p>\n<p><strong>Humildade \u00e9 a chave para abrir os cora\u00e7\u00f5es<\/strong><br \/>\nA escolha do quarto voto que caracteriza os religiosos, o da humildade, para dar \u00eanfase aos trabalhos de 2019 foi elogiada pelo Pont\u00edfice, pois \u201c\u00e9 uma chave que abre o cora\u00e7\u00e3o de Deus e os cora\u00e7\u00f5es dos homens\u201d. Al\u00e9m disso, acrescentou o Papa, \u201cabre os pr\u00f3prios cora\u00e7\u00f5es de voc\u00eas a serem fi\u00e9is ao carisma de origem, a se sentirem sempre disc\u00edpulos-mission\u00e1rios, dispon\u00edveis \u00e0s chamadas de Deus\u201d. A humildade, lembrou Francisco, \u201cn\u00e3o se pode pegar na m\u00e3o, \u00e9 ou n\u00e3o \u00e9, \u00e9 um dom\u201d.<\/p>\n<p>O Papa finalizou o discurso falando da import\u00e2ncia do Ano do Carisma dos Agostinianos Descal\u00e7os: \u201cN\u00e3o \u00e9 algo autorreferencial. N\u00e3o, n\u00e3o deve ser isso, autorreferencial de uma comunidade viva que quer caminhar com Cristo vivo. Isso \u00e9 aquilo que voc\u00eas querem: n\u00e3o \u00e9 autorreferencialidade, mas o desejo de caminhar em Cristo, Cristo vivo\u201d.<\/p>\n<hr \/>\n<p><iframe loading=\"lazy\" src=\"https:\/\/www.youtube.com\/embed\/6ibMvx1euiM\" width=\"560\" height=\"315\" frameborder=\"0\" allowfullscreen=\"allowfullscreen\"><\/iframe><\/p>\n<h3>Papa chama educadores a Roma para &#8220;\u201cReconstruir o pacto educativo global&#8221;<\/h3>\n<p>Cidade do Vaticano &#8211; O Papa Francisco tem um novo convite a fazer, desta vez dirigido aos profissionais da \u00e1rea da educa\u00e7\u00e3o: ser\u00e1 realizado no Vaticano, no dia 14 de maio de 2020, um encontro mundial sobre o tema \u00abReconstruir o pacto educativo global\u00bb. Como explica o pr\u00f3prio Pont\u00edfice numa videomensagem divulgada para lan\u00e7ar o evento, trata-se de um \u201cencontro para reavivar o compromisso em prol e com as gera\u00e7\u00f5es jovens, renovando a paix\u00e3o por uma educa\u00e7\u00e3o mais aberta e inclusiva, capaz de escuta paciente, di\u00e1logo construtivo e m\u00fatua compreens\u00e3o\u201d.<\/p>\n<p><strong>Superar fragmenta\u00e7\u00f5es<\/strong><br \/>\nPara Francisco, \u201cnunca, como agora, houve necessidade de unir esfor\u00e7os numa ampla alian\u00e7a educativa para formar pessoas maduras, capazes de superar fragmenta\u00e7\u00f5es e contrastes e reconstruir o tecido das rela\u00e7\u00f5es em ordem a uma humanidade mais fraterna\u201d. A iniciativa do Pont\u00edfice \u00e9 motivada pela mudan\u00e7a de \u00e9poca que estamos vivendo, n\u00e3o s\u00f3 cultural, mas tamb\u00e9m antropol\u00f3gica. Esta mudan\u00e7a gera novas linguagens e descarta, sem discernimento, os paradigmas recebidos da hist\u00f3ria.<\/p>\n<p>Portanto, a educa\u00e7\u00e3o \u00e9 colocada \u00e0 prova num processo que o Papa define como rapidaci\u00f3n, isto \u00e9, a r\u00e1pida acelera\u00e7\u00e3o e transforma\u00e7\u00e3o dos pontos de refer\u00eancia. A consequ\u00eancia desta acelera\u00e7\u00e3o \u00e9 a perda de consist\u00eancia da pr\u00f3pria identidade e a desintegra\u00e7\u00e3o da estrutura psicol\u00f3gica.<\/p>\n<p><strong>Aldeia da educa\u00e7\u00e3o<\/strong><br \/>\nEis ent\u00e3o a necessidade de construir uma \u00abaldeia da educa\u00e7\u00e3o\u00bb, onde, na diversidade, se partilhe o compromisso de gerar uma rede de rela\u00e7\u00f5es humanas e abertas. Para isso, antes de mais nada, o terreno deve ser bonificado das discrimina\u00e7\u00f5es com uma inje\u00e7\u00e3o de fraternidade, como defende o Papa no Documento assinado com o Grande Im\u00e3 de Al-Azhar. O convite \u00e9 para se dialogar sobre o modo como estamos construindo o futuro do planeta e sobre a necessidade de investir os talentos de todos: professores, alunos, fam\u00edlias e sociedade civil. \u201cUma alian\u00e7a entre os habitantes da terra e a \u00abcasa comum\u00bb, \u00e0 qual devemos cuidado e respeito. Uma alian\u00e7a geradora de paz, justi\u00e7a e aceita\u00e7\u00e3o entre todos os povos da fam\u00edlia humana, bem como de di\u00e1logo entre as religi\u00f5es\u201d, disse.<\/p>\n<p><strong>Tr\u00eas &#8220;coragens&#8221;<\/strong><br \/>\nPara alcan\u00e7ar esses objetivos globais, Francisco indica tr\u00eas passos, ou melhor, tr\u00eas \u201ccoragens\u201d: a coragem de colocar no centro a pessoa, a coragem de investir as melhores energias e a coragem de formar pessoas dispon\u00edveis para se colocarem ao servi\u00e7o da comunidade<\/p>\n<p>Est\u00e3o convidados os profissionais, pelos mais variados t\u00edtulos, que trabalham dentro da sala de aula ou na pesquisa e personalidades p\u00fablicas que ocupem, em n\u00edvel mundial, lugares de responsabilidade e se preocupam com o futuro das novas gera\u00e7\u00f5es. Mas n\u00e3o s\u00f3: o convite \u00e9 dirigido tamb\u00e9m aos jovens, \u201cpara que sintam plena responsabilidade de construir um mundo melhor\u201d.<\/p>\n<p><strong>Participe!<\/strong><br \/>\nO evento, que ser\u00e1 realizado na Sala Paulo VI, e ser\u00e1 precedido por uma s\u00e9rie de semin\u00e1rios tem\u00e1ticos, em v\u00e1rias institui\u00e7\u00f5es, para acompanhar a prepara\u00e7\u00e3o do encontro. &#8220;Juntos, procuremos encontrar solu\u00e7\u00f5es, iniciar sem medo processos de transforma\u00e7\u00e3o e olhar para o futuro com esperan\u00e7a. Convido a cada um para ser protagonista desta alian\u00e7a, assumindo o compromisso pessoal e comunit\u00e1rio de cultivar, juntos, o sonho dum humanismo solid\u00e1rio, que corresponda \u00e0s expetativas do homem e ao des\u00edgnio de Deus.&#8221;<\/p>\n<p>Todas as informa\u00e7\u00f5es sobre o evento e o caminho de prepara\u00e7\u00e3o est\u00e3o dispon\u00edveis na p\u00e1gina criada pela Congrega\u00e7\u00e3o para a Educa\u00e7\u00e3o Cat\u00f3lica.<\/p>\n<hr \/>\n<p><em>Fonte: Vatican News<\/em><\/p>\n","protected":false},"excerpt":{"rendered":"<p>Papa Francisco recebe representantes da Ordem dos Agostinianos Descal\u00e7os.<\/p>\n","protected":false},"author":3,"featured_media":210660,"comment_status":"open","ping_status":"open","sticky":false,"template":"","format":"standard","meta":[],"categories":[1428],"tags":[55],"acf":[],"yoast_head":"<!-- This site is optimized with the Yoast SEO plugin v19.2 - https:\/\/yoast.com\/wordpress\/plugins\/seo\/ -->\n<title>Papa: as ra\u00edzes de um carisma n\u00e3o s\u00e3o um museu - Not\u00edcias - Franciscanos<\/title>\n<meta name=\"robots\" content=\"index, follow, max-snippet:-1, max-image-preview:large, max-video-preview:-1\" \/>\n<link rel=\"canonical\" href=\"https:\/\/franciscanos.org.br\/noticias\/papa-as-raizes-de-um-carisma-nao-sao-um-museu.html\" \/>\n<meta property=\"og:locale\" content=\"pt_BR\" \/>\n<meta property=\"og:type\" content=\"article\" \/>\n<meta property=\"og:title\" content=\"Papa: as ra\u00edzes de um carisma n\u00e3o s\u00e3o um museu - Not\u00edcias - Franciscanos\" \/>\n<meta property=\"og:description\" content=\"Papa Francisco recebe representantes da Ordem dos Agostinianos Descal\u00e7os.\" \/>\n<meta property=\"og:url\" content=\"https:\/\/franciscanos.org.br\/noticias\/papa-as-raizes-de-um-carisma-nao-sao-um-museu.html\" \/>\n<meta property=\"og:site_name\" content=\"Not\u00edcias - Franciscanos\" \/>\n<meta property=\"article:published_time\" content=\"2019-09-12T10:30:39+00:00\" \/>\n<meta property=\"article:modified_time\" content=\"2020-06-05T18:49:07+00:00\" \/>\n<meta property=\"og:image\" content=\"https:\/\/franciscanos.org.br\/noticias\/wp-content\/uploads\/2019\/09\/papa_1209d.jpg\" \/>\n\t<meta property=\"og:image:width\" content=\"273\" \/>\n\t<meta property=\"og:image:height\" content=\"181\" \/>\n\t<meta property=\"og:image:type\" content=\"image\/jpeg\" \/>\n<meta name=\"author\" content=\"moacir\" \/>\n<meta name=\"twitter:card\" content=\"summary_large_image\" \/>\n<meta name=\"twitter:label1\" content=\"Escrito por\" \/>\n\t<meta name=\"twitter:data1\" content=\"moacir\" \/>\n\t<meta name=\"twitter:label2\" content=\"Est. tempo de leitura\" \/>\n\t<meta name=\"twitter:data2\" content=\"6 minutos\" \/>\n<script type=\"application\/ld+json\" class=\"yoast-schema-graph\">{\"@context\":\"https:\/\/schema.org\",\"@graph\":[{\"@type\":\"WebSite\",\"@id\":\"https:\/\/franciscanos.org.br\/noticias\/#website\",\"url\":\"https:\/\/franciscanos.org.br\/noticias\/\",\"name\":\"Not\u00edcias - Franciscanos\",\"description\":\"Prov\u00edncia Franciscana da Imaculada Concei\u00e7\u00e3o do Brasil - Ordem dos Frades Menores - OFM\",\"potentialAction\":[{\"@type\":\"SearchAction\",\"target\":{\"@type\":\"EntryPoint\",\"urlTemplate\":\"https:\/\/franciscanos.org.br\/noticias\/?s={search_term_string}\"},\"query-input\":\"required name=search_term_string\"}],\"inLanguage\":\"pt-BR\"},{\"@type\":\"ImageObject\",\"inLanguage\":\"pt-BR\",\"@id\":\"https:\/\/franciscanos.org.br\/noticias\/papa-as-raizes-de-um-carisma-nao-sao-um-museu.html#primaryimage\",\"url\":\"https:\/\/franciscanos.org.br\/noticias\/wp-content\/uploads\/2019\/09\/papa_1209d.jpg\",\"contentUrl\":\"https:\/\/franciscanos.org.br\/noticias\/wp-content\/uploads\/2019\/09\/papa_1209d.jpg\",\"width\":273,\"height\":181},{\"@type\":\"WebPage\",\"@id\":\"https:\/\/franciscanos.org.br\/noticias\/papa-as-raizes-de-um-carisma-nao-sao-um-museu.html#webpage\",\"url\":\"https:\/\/franciscanos.org.br\/noticias\/papa-as-raizes-de-um-carisma-nao-sao-um-museu.html\",\"name\":\"Papa: as ra\u00edzes de um carisma n\u00e3o s\u00e3o um museu - Not\u00edcias - Franciscanos\",\"isPartOf\":{\"@id\":\"https:\/\/franciscanos.org.br\/noticias\/#website\"},\"primaryImageOfPage\":{\"@id\":\"https:\/\/franciscanos.org.br\/noticias\/papa-as-raizes-de-um-carisma-nao-sao-um-museu.html#primaryimage\"},\"datePublished\":\"2019-09-12T10:30:39+00:00\",\"dateModified\":\"2020-06-05T18:49:07+00:00\",\"author\":{\"@id\":\"https:\/\/franciscanos.org.br\/noticias\/#\/schema\/person\/b5c8cba458c330ccff548b056e95a5d4\"},\"breadcrumb\":{\"@id\":\"https:\/\/franciscanos.org.br\/noticias\/papa-as-raizes-de-um-carisma-nao-sao-um-museu.html#breadcrumb\"},\"inLanguage\":\"pt-BR\",\"potentialAction\":[{\"@type\":\"ReadAction\",\"target\":[\"https:\/\/franciscanos.org.br\/noticias\/papa-as-raizes-de-um-carisma-nao-sao-um-museu.html\"]}]},{\"@type\":\"BreadcrumbList\",\"@id\":\"https:\/\/franciscanos.org.br\/noticias\/papa-as-raizes-de-um-carisma-nao-sao-um-museu.html#breadcrumb\",\"itemListElement\":[{\"@type\":\"ListItem\",\"position\":1,\"name\":\"Home\",\"item\":\"https:\/\/franciscanos.org.br\/noticias\"},{\"@type\":\"ListItem\",\"position\":2,\"name\":\"Papa: as ra\u00edzes de um carisma n\u00e3o s\u00e3o um museu\"}]},{\"@type\":\"Person\",\"@id\":\"https:\/\/franciscanos.org.br\/noticias\/#\/schema\/person\/b5c8cba458c330ccff548b056e95a5d4\",\"name\":\"moacir\",\"image\":{\"@type\":\"ImageObject\",\"inLanguage\":\"pt-BR\",\"@id\":\"https:\/\/franciscanos.org.br\/noticias\/#\/schema\/person\/image\/\",\"url\":\"https:\/\/secure.gravatar.com\/avatar\/d08aa2ce4c8dd416d4479aa8536fcf64?s=96&d=mm&r=g\",\"contentUrl\":\"https:\/\/secure.gravatar.com\/avatar\/d08aa2ce4c8dd416d4479aa8536fcf64?s=96&d=mm&r=g\",\"caption\":\"moacir\"},\"url\":\"https:\/\/franciscanos.org.br\/noticias\/author\/moacir\"}]}<\/script>\n<!-- \/ Yoast SEO plugin. -->","yoast_head_json":{"title":"Papa: as ra\u00edzes de um carisma n\u00e3o s\u00e3o um museu - Not\u00edcias - Franciscanos","robots":{"index":"index","follow":"follow","max-snippet":"max-snippet:-1","max-image-preview":"max-image-preview:large","max-video-preview":"max-video-preview:-1"},"canonical":"https:\/\/franciscanos.org.br\/noticias\/papa-as-raizes-de-um-carisma-nao-sao-um-museu.html","og_locale":"pt_BR","og_type":"article","og_title":"Papa: as ra\u00edzes de um carisma n\u00e3o s\u00e3o um museu - Not\u00edcias - Franciscanos","og_description":"Papa Francisco recebe representantes da Ordem dos Agostinianos Descal\u00e7os.","og_url":"https:\/\/franciscanos.org.br\/noticias\/papa-as-raizes-de-um-carisma-nao-sao-um-museu.html","og_site_name":"Not\u00edcias - Franciscanos","article_published_time":"2019-09-12T10:30:39+00:00","article_modified_time":"2020-06-05T18:49:07+00:00","og_image":[{"width":273,"height":181,"url":"https:\/\/franciscanos.org.br\/noticias\/wp-content\/uploads\/2019\/09\/papa_1209d.jpg","type":"image\/jpeg"}],"author":"moacir","twitter_card":"summary_large_image","twitter_misc":{"Escrito por":"moacir","Est. tempo de leitura":"6 minutos"},"schema":{"@context":"https:\/\/schema.org","@graph":[{"@type":"WebSite","@id":"https:\/\/franciscanos.org.br\/noticias\/#website","url":"https:\/\/franciscanos.org.br\/noticias\/","name":"Not\u00edcias - Franciscanos","description":"Prov\u00edncia Franciscana da Imaculada Concei\u00e7\u00e3o do Brasil - Ordem dos Frades Menores - OFM","potentialAction":[{"@type":"SearchAction","target":{"@type":"EntryPoint","urlTemplate":"https:\/\/franciscanos.org.br\/noticias\/?s={search_term_string}"},"query-input":"required name=search_term_string"}],"inLanguage":"pt-BR"},{"@type":"ImageObject","inLanguage":"pt-BR","@id":"https:\/\/franciscanos.org.br\/noticias\/papa-as-raizes-de-um-carisma-nao-sao-um-museu.html#primaryimage","url":"https:\/\/franciscanos.org.br\/noticias\/wp-content\/uploads\/2019\/09\/papa_1209d.jpg","contentUrl":"https:\/\/franciscanos.org.br\/noticias\/wp-content\/uploads\/2019\/09\/papa_1209d.jpg","width":273,"height":181},{"@type":"WebPage","@id":"https:\/\/franciscanos.org.br\/noticias\/papa-as-raizes-de-um-carisma-nao-sao-um-museu.html#webpage","url":"https:\/\/franciscanos.org.br\/noticias\/papa-as-raizes-de-um-carisma-nao-sao-um-museu.html","name":"Papa: as ra\u00edzes de um carisma n\u00e3o s\u00e3o um museu - Not\u00edcias - Franciscanos","isPartOf":{"@id":"https:\/\/franciscanos.org.br\/noticias\/#website"},"primaryImageOfPage":{"@id":"https:\/\/franciscanos.org.br\/noticias\/papa-as-raizes-de-um-carisma-nao-sao-um-museu.html#primaryimage"},"datePublished":"2019-09-12T10:30:39+00:00","dateModified":"2020-06-05T18:49:07+00:00","author":{"@id":"https:\/\/franciscanos.org.br\/noticias\/#\/schema\/person\/b5c8cba458c330ccff548b056e95a5d4"},"breadcrumb":{"@id":"https:\/\/franciscanos.org.br\/noticias\/papa-as-raizes-de-um-carisma-nao-sao-um-museu.html#breadcrumb"},"inLanguage":"pt-BR","potentialAction":[{"@type":"ReadAction","target":["https:\/\/franciscanos.org.br\/noticias\/papa-as-raizes-de-um-carisma-nao-sao-um-museu.html"]}]},{"@type":"BreadcrumbList","@id":"https:\/\/franciscanos.org.br\/noticias\/papa-as-raizes-de-um-carisma-nao-sao-um-museu.html#breadcrumb","itemListElement":[{"@type":"ListItem","position":1,"name":"Home","item":"https:\/\/franciscanos.org.br\/noticias"},{"@type":"ListItem","position":2,"name":"Papa: as ra\u00edzes de um carisma n\u00e3o s\u00e3o um museu"}]},{"@type":"Person","@id":"https:\/\/franciscanos.org.br\/noticias\/#\/schema\/person\/b5c8cba458c330ccff548b056e95a5d4","name":"moacir","image":{"@type":"ImageObject","inLanguage":"pt-BR","@id":"https:\/\/franciscanos.org.br\/noticias\/#\/schema\/person\/image\/","url":"https:\/\/secure.gravatar.com\/avatar\/d08aa2ce4c8dd416d4479aa8536fcf64?s=96&d=mm&r=g","contentUrl":"https:\/\/secure.gravatar.com\/avatar\/d08aa2ce4c8dd416d4479aa8536fcf64?s=96&d=mm&r=g","caption":"moacir"},"url":"https:\/\/franciscanos.org.br\/noticias\/author\/moacir"}]}},"_links":{"self":[{"href":"https:\/\/franciscanos.org.br\/noticias\/wp-json\/wp\/v2\/posts\/210657"}],"collection":[{"href":"https:\/\/franciscanos.org.br\/noticias\/wp-json\/wp\/v2\/posts"}],"about":[{"href":"https:\/\/franciscanos.org.br\/noticias\/wp-json\/wp\/v2\/types\/post"}],"author":[{"embeddable":true,"href":"https:\/\/franciscanos.org.br\/noticias\/wp-json\/wp\/v2\/users\/3"}],"replies":[{"embeddable":true,"href":"https:\/\/franciscanos.org.br\/noticias\/wp-json\/wp\/v2\/comments?post=210657"}],"version-history":[{"count":1,"href":"https:\/\/franciscanos.org.br\/noticias\/wp-json\/wp\/v2\/posts\/210657\/revisions"}],"predecessor-version":[{"id":224317,"href":"https:\/\/franciscanos.org.br\/noticias\/wp-json\/wp\/v2\/posts\/210657\/revisions\/224317"}],"wp:featuredmedia":[{"embeddable":true,"href":"https:\/\/franciscanos.org.br\/noticias\/wp-json\/wp\/v2\/media\/210660"}],"wp:attachment":[{"href":"https:\/\/franciscanos.org.br\/noticias\/wp-json\/wp\/v2\/media?parent=210657"}],"wp:term":[{"taxonomy":"category","embeddable":true,"href":"https:\/\/franciscanos.org.br\/noticias\/wp-json\/wp\/v2\/categories?post=210657"},{"taxonomy":"post_tag","embeddable":true,"href":"https:\/\/franciscanos.org.br\/noticias\/wp-json\/wp\/v2\/tags?post=210657"}],"curies":[{"name":"wp","href":"https:\/\/api.w.org\/{rel}","templated":true}]}}