{"id":210593,"date":"2019-09-11T08:55:09","date_gmt":"2019-09-11T11:55:09","guid":{"rendered":"https:\/\/franciscanos.org.br\/noticias\/?p=210593"},"modified":"2021-01-20T08:01:51","modified_gmt":"2021-01-20T11:01:51","slug":"suicidio-e-a-segunda-causa-de-morte-de-pessoas-entre-15-e-29-anos","status":"publish","type":"post","link":"https:\/\/franciscanos.org.br\/noticias\/suicidio-e-a-segunda-causa-de-morte-de-pessoas-entre-15-e-29-anos.html","title":{"rendered":"Suic\u00eddio \u00e9 a segunda causa de morte de pessoas entre 15 e 29 anos"},"content":{"rendered":"<p>&nbsp;<\/p>\n<div id=\"attachment_230451\" style=\"width: 1090px\" class=\"wp-caption alignnone\"><img aria-describedby=\"caption-attachment-230451\" loading=\"lazy\" class=\"wp-image-230451 size-full\" src=\"https:\/\/franciscanos.org.br\/noticias\/wp-content\/uploads\/2019\/09\/serie_01.png\" alt=\"\" width=\"1080\" height=\"708\" srcset=\"https:\/\/franciscanos.org.br\/noticias\/wp-content\/uploads\/2019\/09\/serie_01.png 1080w, https:\/\/franciscanos.org.br\/noticias\/wp-content\/uploads\/2019\/09\/serie_01-450x295.png 450w, https:\/\/franciscanos.org.br\/noticias\/wp-content\/uploads\/2019\/09\/serie_01-1024x671.png 1024w, https:\/\/franciscanos.org.br\/noticias\/wp-content\/uploads\/2019\/09\/serie_01-768x503.png 768w, https:\/\/franciscanos.org.br\/noticias\/wp-content\/uploads\/2019\/09\/serie_01-150x98.png 150w\" sizes=\"(max-width: 1080px) 100vw, 1080px\" \/><p id=\"caption-attachment-230451\" class=\"wp-caption-text\">\u00a0 \u00a0 \u00a0 \u00a0 \u00a0 \u00a0 \u00a0 \u00a0 \u00a0 \u00a0 \u00a0 \u00a0 \u00a0 \u00a0 \u00a0 \u00a0 \u00a0 \u00a0 \u00a0 \u00a0 \u00a0 \u00a0 \u00a0 \u00a0 \u00a0 \u00a0 \u00a0 \u00a0 \u00a0 \u00a0 \u00a0 \u00a0 \u00a0 \u00a0 \u00a0 \u00a0 \u00a0 \u00a0 \u00a0 \u00a0 \u00a0 \u00a0 \u00a0 \u00a0 \u00a0 \u00a0 \u00a0 \u00a0 \u00a0 \u00a0 \u00a0 \u00a0 \u00a0 \u00a0 \u00a0 \u00a0 \u00a0 \u00a0 \u00a0 \u00a0 \u00a0 \u00a0 \u00a0 \u00a0 \u00a0 \u00a0 \u00a0 \u00a0 \u00a0 \u00a0 \u00a0 \u00a0 \u00a0 \u00a0 \u00a0 \u00a0 \u00a0 \u00a0 <em>\u00a0 \u00a0 \u00a0 \u00a0 \u00a0Imagem ilustrativa: (fonte: Canva)<\/em><\/p><\/div>\n<p>N\u00e3o faltam not\u00edcias e casos reais que exemplifiquem os n\u00fameros divulgados pela Organiza\u00e7\u00e3o Mundial da Sa\u00fade (OMS). Hoje, o suic\u00eddio \u00e9 a segunda causa de morte entre jovens. \u00c9 a segunda causa entre as meninas \u2014 a primeira s\u00e3o as complica\u00e7\u00f5es surgidas ap\u00f3s a gravidez \u2014 e a terceira entre rapazes. A primeira s\u00e3o acidentes de tr\u00e2nsito e a segunda, a viol\u00eancia. Al\u00e9m dos n\u00fameros, \u00e9 comum sabermos de casos pr\u00f3ximos, sinalizando a gravidade da situa\u00e7\u00e3o. Entre 2006 e 2015, o \u00edndice aumentou 24% se comparado ao per\u00edodo anterior. Segundo Luc\u00eda Silva, professora adjunta do Departamento de Enfermagem Pedi\u00e1trica da Escola Paulista de Enfermagem da Universidade Federal de S\u00e3o Paulo (UNIFESP), estes dados s\u00e3o alarmantes e preocupantes.<\/p>\n<p>Na segunda parte da s\u00e9rie de entrevistas, realizada pela Prov\u00edncia Franciscana, atrav\u00e9s da Frente de Evangeliza\u00e7\u00e3o da Comunica\u00e7\u00e3o, abordamos o tema do suic\u00eddio entre crian\u00e7as e adolescentes e tamb\u00e9m a import\u00e2ncia de campanhas propositivas, como o projeto \u201cDiga sim \u00e0 vida\u201d, promovido pela Funda\u00e7\u00e3o Cultural Celinauta em Pato Branco (PR).<\/p>\n<p><strong>A influ\u00eancia das redes sociais na inf\u00e2ncia e adolesc\u00eancia<\/strong><\/p>\n<p>Uma grande preocupa\u00e7\u00e3o dos pais, respons\u00e1veis e educadores \u00e9 a influ\u00eancia das redes sociais no aumento dos n\u00fameros de suic\u00eddio entre crian\u00e7as e adolescentes. Casos recentes de jogos virtuais, como \u201cbaleia azul\u201d e \u201cmomo\u201d, despertaram a sociedade para a import\u00e2ncia do cuidado com a sa\u00fade mental de pessoas nesta faixa et\u00e1ria. Para Luc\u00eda Silva, as redes sociais podem influenciar mas n\u00e3o est\u00e3o na origem do problema. Em geral, as v\u00edtimas sofrem de algum transtorno mental que, somado aos desafios, geram v\u00edtimas fatais. \u201cO maior fator de risco para o comportamento suicida \u00e9 algum tipo de transtorno de sa\u00fade mental em crian\u00e7as e adolescentes. Uma crian\u00e7a que possivelmente est\u00e1 mais vulner\u00e1vel, que n\u00e3o v\u00ea sa\u00edda para a resolu\u00e7\u00e3o de problemas, acaba aceitando com mais facilidade este tipo de desafio. Por isso, \u00e9 importante prestar aten\u00e7\u00e3o aos sinais de risco para adoecimento mental\u201d, afirma a especialista.<\/p>\n<p>Segundo ela, uma forma de prevenir \u00e9 estar sempre atento \u00e0s mudan\u00e7as repentinas de humor e rotina na vida dos jovens. \u201cA crian\u00e7a tem um padr\u00e3o de comportamento que \u00e9 pr\u00f3prio dela e algumas altera\u00e7\u00f5es podem nos dizer que ela est\u00e1 em sofrimento mental. Por exemplo: altera\u00e7\u00f5es no sono, isolamento social, altera\u00e7\u00f5es na alimenta\u00e7\u00e3o, perda de interesse em desempenhar atividades que at\u00e9 ent\u00e3o ela gostava. Estes s\u00e3o pontos de aten\u00e7\u00e3o que devem ser considerados\u201d, aconselha Silva. Outro fator importante apontado pela profissional \u00e9 o monitoramento das atividades em redes sociais. Se poss\u00edvel, deixar computadores e <em>tablets<\/em> em locais comuns da casa, n\u00e3o deixando a crian\u00e7a ou adolescente sozinho quando estiver acessando a internet.<\/p>\n<p><strong>Uma mensagem de esperan\u00e7a<\/strong><\/p>\n<p>A iniciativa \u201cDiga sim \u00e0 vida\u201d, da Funda\u00e7\u00e3o Cultural Celinauta, tamb\u00e9m marca o m\u00eas de setembro, dedicado \u00e0s reflex\u00f5es e debates a respeito do suic\u00eddio.<\/p>\n<p>O objetivo da iniciativa \u00e9 promover a valoriza\u00e7\u00e3o da vida e apresentar \u00e0s pessoas que passam por dificuldades que sempre existe algu\u00e9m disposto a ajud\u00e1-las a superar seus problemas, por mais graves que pare\u00e7am. Al\u00e9m da veicula\u00e7\u00e3o local, os dez\u00a0<em>spots\u00a0<\/em>produzidos em s\u00e9rie, com dura\u00e7\u00e3o de 20 segundos, est\u00e3o sendo oferecidos gratuitamente para serem baixados pela internet e utilizados livremente em programa\u00e7\u00f5es de r\u00e1dio assim como em momentos formativos e encontros promovidos nas igrejas, escolas e outros lugares. A abordagem \u00e9 sempre positiva, levando \u00e0s pessoas uma mensagem de esperan\u00e7a e solidariedade.<\/p>\n<p>Segundo Frei Neuri Francisco Reinish, presidente da Funda\u00e7\u00e3o Cultural Celinauta, a motiva\u00e7\u00e3o nasceu a partir da escuta das necessidades das pessoas. \u201cAtendendo no confession\u00e1rio e, muitas vezes, nos pr\u00f3prios meios de comunica\u00e7\u00e3o, percebemos quais s\u00e3o as fragilidades das pessoas. Sabemos da audi\u00eancia do r\u00e1dio, da televis\u00e3o e das m\u00eddias sociais e como podemos influenciar positivamente as pessoas\u201d, assegura o frade.<\/p>\n<p>Ou\u00e7a abaixo a segunda parte da s\u00e9rie de entrevistas:<\/p>\n<h3>Ao todo, ser\u00e3o 7 epis\u00f3dios abordando diferentes aspectos do suic\u00eddio, disponibilizados em \u00e1udio no\u00a0<a href=\"https:\/\/soundcloud.com\/provincia-franciscana\/sets\/serie-de-entrevistas-setembro\">Soundcloud<\/a>,\u00a0<a href=\"https:\/\/open.spotify.com\/show\/3yJCUUR7jfxSfUz5QpNPmM\">Spotify<\/a>\u00a0e outros agregadores de <em>podcast<\/em>.<\/h3>\n","protected":false},"excerpt":{"rendered":"<p>S\u00e9rie de entrevistas<\/p>\n","protected":false},"author":1,"featured_media":230452,"comment_status":"open","ping_status":"open","sticky":false,"template":"","format":"standard","meta":[],"categories":[1],"tags":[1431],"acf":[],"yoast_head":"<!-- This site is optimized with the Yoast SEO plugin v19.2 - https:\/\/yoast.com\/wordpress\/plugins\/seo\/ -->\n<title>Suic\u00eddio \u00e9 a segunda causa de morte de pessoas entre 15 e 29 anos - Not\u00edcias - Franciscanos<\/title>\n<meta name=\"robots\" content=\"index, follow, max-snippet:-1, max-image-preview:large, max-video-preview:-1\" \/>\n<link rel=\"canonical\" href=\"https:\/\/franciscanos.org.br\/noticias\/suicidio-e-a-segunda-causa-de-morte-de-pessoas-entre-15-e-29-anos.html\" \/>\n<meta property=\"og:locale\" content=\"pt_BR\" \/>\n<meta property=\"og:type\" content=\"article\" \/>\n<meta property=\"og:title\" content=\"Suic\u00eddio \u00e9 a segunda causa de morte de pessoas entre 15 e 29 anos - Not\u00edcias - Franciscanos\" \/>\n<meta property=\"og:description\" content=\"S\u00e9rie de entrevistas\" \/>\n<meta property=\"og:url\" content=\"https:\/\/franciscanos.org.br\/noticias\/suicidio-e-a-segunda-causa-de-morte-de-pessoas-entre-15-e-29-anos.html\" \/>\n<meta property=\"og:site_name\" content=\"Not\u00edcias - Franciscanos\" \/>\n<meta property=\"article:published_time\" content=\"2019-09-11T11:55:09+00:00\" \/>\n<meta property=\"article:modified_time\" content=\"2021-01-20T11:01:51+00:00\" \/>\n<meta property=\"og:image\" content=\"https:\/\/franciscanos.org.br\/noticias\/wp-content\/uploads\/2019\/09\/serie_01d.png\" \/>\n\t<meta property=\"og:image:width\" content=\"800\" \/>\n\t<meta property=\"og:image:height\" content=\"600\" \/>\n\t<meta property=\"og:image:type\" content=\"image\/png\" \/>\n<meta name=\"author\" content=\"admin\" \/>\n<meta name=\"twitter:card\" content=\"summary_large_image\" \/>\n<meta name=\"twitter:label1\" content=\"Escrito por\" \/>\n\t<meta name=\"twitter:data1\" content=\"admin\" \/>\n\t<meta name=\"twitter:label2\" content=\"Est. tempo de leitura\" \/>\n\t<meta name=\"twitter:data2\" content=\"4 minutos\" \/>\n<script type=\"application\/ld+json\" class=\"yoast-schema-graph\">{\"@context\":\"https:\/\/schema.org\",\"@graph\":[{\"@type\":\"WebSite\",\"@id\":\"https:\/\/franciscanos.org.br\/noticias\/#website\",\"url\":\"https:\/\/franciscanos.org.br\/noticias\/\",\"name\":\"Not\u00edcias - Franciscanos\",\"description\":\"Prov\u00edncia Franciscana da Imaculada Concei\u00e7\u00e3o do Brasil - Ordem dos Frades Menores - OFM\",\"potentialAction\":[{\"@type\":\"SearchAction\",\"target\":{\"@type\":\"EntryPoint\",\"urlTemplate\":\"https:\/\/franciscanos.org.br\/noticias\/?s={search_term_string}\"},\"query-input\":\"required name=search_term_string\"}],\"inLanguage\":\"pt-BR\"},{\"@type\":\"ImageObject\",\"inLanguage\":\"pt-BR\",\"@id\":\"https:\/\/franciscanos.org.br\/noticias\/suicidio-e-a-segunda-causa-de-morte-de-pessoas-entre-15-e-29-anos.html#primaryimage\",\"url\":\"https:\/\/franciscanos.org.br\/noticias\/wp-content\/uploads\/2019\/09\/serie_01d.png\",\"contentUrl\":\"https:\/\/franciscanos.org.br\/noticias\/wp-content\/uploads\/2019\/09\/serie_01d.png\",\"width\":800,\"height\":600},{\"@type\":\"WebPage\",\"@id\":\"https:\/\/franciscanos.org.br\/noticias\/suicidio-e-a-segunda-causa-de-morte-de-pessoas-entre-15-e-29-anos.html#webpage\",\"url\":\"https:\/\/franciscanos.org.br\/noticias\/suicidio-e-a-segunda-causa-de-morte-de-pessoas-entre-15-e-29-anos.html\",\"name\":\"Suic\u00eddio \u00e9 a segunda causa de morte de pessoas entre 15 e 29 anos - Not\u00edcias - Franciscanos\",\"isPartOf\":{\"@id\":\"https:\/\/franciscanos.org.br\/noticias\/#website\"},\"primaryImageOfPage\":{\"@id\":\"https:\/\/franciscanos.org.br\/noticias\/suicidio-e-a-segunda-causa-de-morte-de-pessoas-entre-15-e-29-anos.html#primaryimage\"},\"datePublished\":\"2019-09-11T11:55:09+00:00\",\"dateModified\":\"2021-01-20T11:01:51+00:00\",\"author\":{\"@id\":\"https:\/\/franciscanos.org.br\/noticias\/#\/schema\/person\/b38fbf43118f02820bd932f2e4b14ad3\"},\"breadcrumb\":{\"@id\":\"https:\/\/franciscanos.org.br\/noticias\/suicidio-e-a-segunda-causa-de-morte-de-pessoas-entre-15-e-29-anos.html#breadcrumb\"},\"inLanguage\":\"pt-BR\",\"potentialAction\":[{\"@type\":\"ReadAction\",\"target\":[\"https:\/\/franciscanos.org.br\/noticias\/suicidio-e-a-segunda-causa-de-morte-de-pessoas-entre-15-e-29-anos.html\"]}]},{\"@type\":\"BreadcrumbList\",\"@id\":\"https:\/\/franciscanos.org.br\/noticias\/suicidio-e-a-segunda-causa-de-morte-de-pessoas-entre-15-e-29-anos.html#breadcrumb\",\"itemListElement\":[{\"@type\":\"ListItem\",\"position\":1,\"name\":\"Home\",\"item\":\"https:\/\/franciscanos.org.br\/noticias\"},{\"@type\":\"ListItem\",\"position\":2,\"name\":\"Suic\u00eddio \u00e9 a segunda causa de morte de pessoas entre 15 e 29 anos\"}]},{\"@type\":\"Person\",\"@id\":\"https:\/\/franciscanos.org.br\/noticias\/#\/schema\/person\/b38fbf43118f02820bd932f2e4b14ad3\",\"name\":\"admin\",\"image\":{\"@type\":\"ImageObject\",\"inLanguage\":\"pt-BR\",\"@id\":\"https:\/\/franciscanos.org.br\/noticias\/#\/schema\/person\/image\/\",\"url\":\"https:\/\/secure.gravatar.com\/avatar\/e8495742d34d0ba6448ea1c628263b3e?s=96&d=mm&r=g\",\"contentUrl\":\"https:\/\/secure.gravatar.com\/avatar\/e8495742d34d0ba6448ea1c628263b3e?s=96&d=mm&r=g\",\"caption\":\"admin\"},\"url\":\"https:\/\/franciscanos.org.br\/noticias\/author\/admin\"}]}<\/script>\n<!-- \/ Yoast SEO plugin. -->","yoast_head_json":{"title":"Suic\u00eddio \u00e9 a segunda causa de morte de pessoas entre 15 e 29 anos - Not\u00edcias - Franciscanos","robots":{"index":"index","follow":"follow","max-snippet":"max-snippet:-1","max-image-preview":"max-image-preview:large","max-video-preview":"max-video-preview:-1"},"canonical":"https:\/\/franciscanos.org.br\/noticias\/suicidio-e-a-segunda-causa-de-morte-de-pessoas-entre-15-e-29-anos.html","og_locale":"pt_BR","og_type":"article","og_title":"Suic\u00eddio \u00e9 a segunda causa de morte de pessoas entre 15 e 29 anos - Not\u00edcias - Franciscanos","og_description":"S\u00e9rie de entrevistas","og_url":"https:\/\/franciscanos.org.br\/noticias\/suicidio-e-a-segunda-causa-de-morte-de-pessoas-entre-15-e-29-anos.html","og_site_name":"Not\u00edcias - Franciscanos","article_published_time":"2019-09-11T11:55:09+00:00","article_modified_time":"2021-01-20T11:01:51+00:00","og_image":[{"width":800,"height":600,"url":"https:\/\/franciscanos.org.br\/noticias\/wp-content\/uploads\/2019\/09\/serie_01d.png","type":"image\/png"}],"author":"admin","twitter_card":"summary_large_image","twitter_misc":{"Escrito por":"admin","Est. tempo de leitura":"4 minutos"},"schema":{"@context":"https:\/\/schema.org","@graph":[{"@type":"WebSite","@id":"https:\/\/franciscanos.org.br\/noticias\/#website","url":"https:\/\/franciscanos.org.br\/noticias\/","name":"Not\u00edcias - Franciscanos","description":"Prov\u00edncia Franciscana da Imaculada Concei\u00e7\u00e3o do Brasil - Ordem dos Frades Menores - OFM","potentialAction":[{"@type":"SearchAction","target":{"@type":"EntryPoint","urlTemplate":"https:\/\/franciscanos.org.br\/noticias\/?s={search_term_string}"},"query-input":"required name=search_term_string"}],"inLanguage":"pt-BR"},{"@type":"ImageObject","inLanguage":"pt-BR","@id":"https:\/\/franciscanos.org.br\/noticias\/suicidio-e-a-segunda-causa-de-morte-de-pessoas-entre-15-e-29-anos.html#primaryimage","url":"https:\/\/franciscanos.org.br\/noticias\/wp-content\/uploads\/2019\/09\/serie_01d.png","contentUrl":"https:\/\/franciscanos.org.br\/noticias\/wp-content\/uploads\/2019\/09\/serie_01d.png","width":800,"height":600},{"@type":"WebPage","@id":"https:\/\/franciscanos.org.br\/noticias\/suicidio-e-a-segunda-causa-de-morte-de-pessoas-entre-15-e-29-anos.html#webpage","url":"https:\/\/franciscanos.org.br\/noticias\/suicidio-e-a-segunda-causa-de-morte-de-pessoas-entre-15-e-29-anos.html","name":"Suic\u00eddio \u00e9 a segunda causa de morte de pessoas entre 15 e 29 anos - Not\u00edcias - Franciscanos","isPartOf":{"@id":"https:\/\/franciscanos.org.br\/noticias\/#website"},"primaryImageOfPage":{"@id":"https:\/\/franciscanos.org.br\/noticias\/suicidio-e-a-segunda-causa-de-morte-de-pessoas-entre-15-e-29-anos.html#primaryimage"},"datePublished":"2019-09-11T11:55:09+00:00","dateModified":"2021-01-20T11:01:51+00:00","author":{"@id":"https:\/\/franciscanos.org.br\/noticias\/#\/schema\/person\/b38fbf43118f02820bd932f2e4b14ad3"},"breadcrumb":{"@id":"https:\/\/franciscanos.org.br\/noticias\/suicidio-e-a-segunda-causa-de-morte-de-pessoas-entre-15-e-29-anos.html#breadcrumb"},"inLanguage":"pt-BR","potentialAction":[{"@type":"ReadAction","target":["https:\/\/franciscanos.org.br\/noticias\/suicidio-e-a-segunda-causa-de-morte-de-pessoas-entre-15-e-29-anos.html"]}]},{"@type":"BreadcrumbList","@id":"https:\/\/franciscanos.org.br\/noticias\/suicidio-e-a-segunda-causa-de-morte-de-pessoas-entre-15-e-29-anos.html#breadcrumb","itemListElement":[{"@type":"ListItem","position":1,"name":"Home","item":"https:\/\/franciscanos.org.br\/noticias"},{"@type":"ListItem","position":2,"name":"Suic\u00eddio \u00e9 a segunda causa de morte de pessoas entre 15 e 29 anos"}]},{"@type":"Person","@id":"https:\/\/franciscanos.org.br\/noticias\/#\/schema\/person\/b38fbf43118f02820bd932f2e4b14ad3","name":"admin","image":{"@type":"ImageObject","inLanguage":"pt-BR","@id":"https:\/\/franciscanos.org.br\/noticias\/#\/schema\/person\/image\/","url":"https:\/\/secure.gravatar.com\/avatar\/e8495742d34d0ba6448ea1c628263b3e?s=96&d=mm&r=g","contentUrl":"https:\/\/secure.gravatar.com\/avatar\/e8495742d34d0ba6448ea1c628263b3e?s=96&d=mm&r=g","caption":"admin"},"url":"https:\/\/franciscanos.org.br\/noticias\/author\/admin"}]}},"_links":{"self":[{"href":"https:\/\/franciscanos.org.br\/noticias\/wp-json\/wp\/v2\/posts\/210593"}],"collection":[{"href":"https:\/\/franciscanos.org.br\/noticias\/wp-json\/wp\/v2\/posts"}],"about":[{"href":"https:\/\/franciscanos.org.br\/noticias\/wp-json\/wp\/v2\/types\/post"}],"author":[{"embeddable":true,"href":"https:\/\/franciscanos.org.br\/noticias\/wp-json\/wp\/v2\/users\/1"}],"replies":[{"embeddable":true,"href":"https:\/\/franciscanos.org.br\/noticias\/wp-json\/wp\/v2\/comments?post=210593"}],"version-history":[{"count":3,"href":"https:\/\/franciscanos.org.br\/noticias\/wp-json\/wp\/v2\/posts\/210593\/revisions"}],"predecessor-version":[{"id":230492,"href":"https:\/\/franciscanos.org.br\/noticias\/wp-json\/wp\/v2\/posts\/210593\/revisions\/230492"}],"wp:featuredmedia":[{"embeddable":true,"href":"https:\/\/franciscanos.org.br\/noticias\/wp-json\/wp\/v2\/media\/230452"}],"wp:attachment":[{"href":"https:\/\/franciscanos.org.br\/noticias\/wp-json\/wp\/v2\/media?parent=210593"}],"wp:term":[{"taxonomy":"category","embeddable":true,"href":"https:\/\/franciscanos.org.br\/noticias\/wp-json\/wp\/v2\/categories?post=210593"},{"taxonomy":"post_tag","embeddable":true,"href":"https:\/\/franciscanos.org.br\/noticias\/wp-json\/wp\/v2\/tags?post=210593"}],"curies":[{"name":"wp","href":"https:\/\/api.w.org\/{rel}","templated":true}]}}