{"id":210500,"date":"2019-09-06T01:32:00","date_gmt":"2019-09-06T04:32:00","guid":{"rendered":"https:\/\/franciscanos.org.br\/noticias\/?p=210500"},"modified":"2019-09-11T11:50:55","modified_gmt":"2019-09-11T14:50:55","slug":"11o-dia-de-navegacao-6-de-setembro","status":"publish","type":"post","link":"https:\/\/franciscanos.org.br\/noticias\/11o-dia-de-navegacao-6-de-setembro.html","title":{"rendered":"11\u00ba Dia de Navega\u00e7\u00e3o \u2013 6 de Setembro"},"content":{"rendered":"<p><img loading=\"lazy\" src=\"https:\/\/franciscanos.org.br\/noticias\/wp-content\/uploads\/2019\/09\/cabecalho.jpg\" alt=\"\" width=\"1200\" height=\"450\" \/><\/p>\n<h3><strong><img loading=\"lazy\" class=\"size-full wp-image-210508 alignright\" src=\"https:\/\/franciscanos.org.br\/noticias\/wp-content\/uploads\/2019\/09\/Dia-11-1.jpg\" alt=\"\" width=\"350\" height=\"499\" srcset=\"https:\/\/franciscanos.org.br\/noticias\/wp-content\/uploads\/2019\/09\/Dia-11-1.jpg 350w, https:\/\/franciscanos.org.br\/noticias\/wp-content\/uploads\/2019\/09\/Dia-11-1-316x450.jpg 316w, https:\/\/franciscanos.org.br\/noticias\/wp-content\/uploads\/2019\/09\/Dia-11-1-150x214.jpg 150w\" sizes=\"(max-width: 350px) 100vw, 350px\" \/>PETI\u00c7\u00c3O PERMANENTE PARA O S\u00cdNODO<\/strong><br \/>\n<strong>AMAZ\u00d4NICO NO IN\u00cdCIO DE CADA DIA:<\/strong><\/h3>\n<p style=\"padding-left: 40px;\"><em>\u201cQue o Deus da vida e da beleza, o Esp\u00edrito Santo que nos impulsiona <\/em><em>para mais fraternidade, unidade e dignidade, o Cristo <\/em><em>encarnado da Boa Nova, da incultura\u00e7\u00e3o e da interculturalidade <\/em><em>nos proporcionem serenidade, discernimento e coragem para <\/em><em>encontrar novos caminhos para a Igreja e para uma ecologia <\/em><em>integral neste S\u00ednodo Amaz\u00f4nico. Tudo isso para o bem e a vida <\/em><em>de seus povos e comunidades, e para caminhar mais juntos pelo <\/em><em>Reino\u201d.<\/em><\/p>\n<p>Medite por alguns momentos neste pedido inicial, busque a calma interior para entrar neste momento para navegar pelas \u00e1guas da Amaz\u00f4nia e a vida da Igreja a servi\u00e7o de seus povos e comunidades, e para ouvir o chamado de Deus atrav\u00e9s de sua palavra viva.<\/p>\n<p><strong>Leitura do dia (cada um e cada uma s\u00e3o convidados a <\/strong><strong>aprofundar a leitura completa de acordo com suas <\/strong><strong>pr\u00f3prias necessidades e crit\u00e9rios):<\/strong><\/p>\n<p><strong>Colossenses 1, 15-20<\/strong><\/p>\n<p>&#8220;Porque ser\u00e1 grande diante do Senhor e n\u00e3o beber\u00e1 vinho nem licor, e desde o ventre de sua m\u00e3e ser\u00e1 cheio do Esp\u00edrito Santo; ele converter\u00e1 muitos dos filhos de Israel ao Senhor, seu Deus, e ir\u00e1 adiante de Deus com o esp\u00edrito e poder de Elias para reconduzir os cora\u00e7\u00f5es dos pais aos filhos e os rebeldes \u00e0 sabedoria dos justos, para preparar ao Senhor um povo bem disposto\u201d. Zacarias perguntou ao anjo: \u201cComo terei certeza disso? Pois sou velho e minha mulher \u00e9 de idade avan\u00e7ada\u201d. O anjo respondeu-lhe: \u201cEu sou Gabriel, que assisto diante de Deus, e fui enviado para te falar e te trazer esta feliz nova. Eis que ficar\u00e1s mudo e n\u00e3o poder\u00e1s falar at\u00e9 o dia em que estas coisas acontecerem, visto que n\u00e3o deste cr\u00e9dito \u00e0s minhas palavras, que se h\u00e3o de cumprir a seu tempo\u201d.&#8221;<\/p>\n<p><strong>Reflex\u00e3o sob a perspectiva do S\u00ednodo Amaz\u00f4nico:<\/strong><\/p>\n<p>Neste S\u00ednodo Amaz\u00f4nico, estas palavras das cartas Paulinas est\u00e3o cheias de vida pela maravilha de tudo o que \u00e9 aqui expresso, de um modo que n\u00e3o \u00e9 poss\u00edvel perceb\u00ea-lo em nenhum outro lugar do planeta. A maravilha de Deus e seu mist\u00e9rio, assim como a plenitude do Cristo de ontem, hoje e amanh\u00e3, \u00e9 especialmente evidente na maravilha da biodiversidade neste ecossistema, superando todos os confins e sendo tudo em tudo e em todos. \u00c9 a presen\u00e7a do Cristo que transcende o material e vive nas profundezas das culturas ind\u00edgenas amaz\u00f4nicas, no cotidiano de suas comunidades quando vivem em plenitude e na certeza de que seu Reino chegar\u00e1 para superar todos os sinais da morte que est\u00e3o presentes aqui hoje. Neste S\u00ednodo, longe de remover a centralidade de Cristo, esta centralidade torna-se ainda mais poderosa em sua plenitude, excedendo nossas fronteiras, estruturas e entendimentos. \u00c9 o Cristo que redime tudo e que ter\u00e1 a \u00faltima palavra das m\u00e3os de todos e de todas os que se importam com a beleza de Deus na Amaz\u00f4nia e acima daqueles que a destroem. Cristo presente na diversidade de express\u00f5es espirituais que convergem para V\u00f3s e para o seu Reino.<\/p>\n<p><strong>CONTEMPLA\u00c7\u00c3O<\/strong><\/p>\n<p style=\"padding-left: 40px;\"><em>Contemplemos a imagem deste dia e tomemos um momento para <\/em><em>reconhecer nossa pr\u00f3pria vida e experi\u00eancia na Igreja e ao servi\u00e7o <\/em><em>da Amaz\u00f4nia para pedir luz nesta palavra de Deus em prepara\u00e7\u00e3o <\/em><em>para o S\u00ednodo. Escrever meus pedidos particulares e <\/em><em>permanecer neles durante este dia. Convidamos voc\u00ea a manter <\/em><em>um registro de tudo o que o Esp\u00edrito nos provoca como prepara\u00e7\u00e3o <\/em><em>interior para o S\u00ednodo Amaz\u00f4nico.<\/em><\/p>\n<h3><strong>Cita\u00e7\u00e3o para fechar a medita\u00e7\u00e3o:<\/strong><\/h3>\n<p>&nbsp;<\/p>\n<h5 style=\"padding-left: 40px;\"><em><strong>Missa pelo mundo. Teilhard de Chardin<\/strong><\/em><\/h5>\n<p style=\"padding-left: 40px;\">Cristo Glorioso, influ\u00eancia secretamente difusa no seio da Mat\u00e9ria e Centro fulgurante, onde as in\u00fameras fibras do M\u00faltiplo se entrela\u00e7am. Pot\u00eancia implac\u00e1vel como o mundo e quente como a vida. V\u00f3s, cuja testa \u00e9 de neve, os olhos de fogo, os p\u00e9s mais crepitantes do que o ouro em fus\u00e3o; v\u00f3s, cujas m\u00e3os aprisionam estrelas; v\u00f3s que sois o primeiro e os \u00faltimo, o vivente, o morto e o ressuscitado; V\u00f3s que aglutinas em vossa unidade exuberante todos os encantos e todos os prazeres, todas as for\u00e7as e todos os estados; sois v\u00f3s quem meu ser chamava com um desejo t\u00e3o imenso quanto o universo: v\u00f3s sois verdadeiramente meu Senhor e meu Deus.<\/p>\n","protected":false},"excerpt":{"rendered":"<p>40 DIAS PELO RIO AMAZONAS<\/p>\n","protected":false},"author":7,"featured_media":210458,"comment_status":"open","ping_status":"open","sticky":false,"template":"","format":"standard","meta":[],"categories":[1528],"tags":[834],"acf":[],"yoast_head":"<!-- This site is optimized with the Yoast SEO plugin v19.2 - https:\/\/yoast.com\/wordpress\/plugins\/seo\/ -->\n<title>11\u00ba Dia de Navega\u00e7\u00e3o \u2013 6 de Setembro - Not\u00edcias - Franciscanos<\/title>\n<meta name=\"robots\" content=\"index, follow, max-snippet:-1, max-image-preview:large, max-video-preview:-1\" \/>\n<link rel=\"canonical\" href=\"https:\/\/franciscanos.org.br\/noticias\/11o-dia-de-navegacao-6-de-setembro.html\" \/>\n<meta property=\"og:locale\" content=\"pt_BR\" \/>\n<meta property=\"og:type\" content=\"article\" \/>\n<meta property=\"og:title\" content=\"11\u00ba Dia de Navega\u00e7\u00e3o \u2013 6 de Setembro - Not\u00edcias - Franciscanos\" \/>\n<meta property=\"og:description\" content=\"40 DIAS PELO RIO AMAZONAS\" \/>\n<meta property=\"og:url\" content=\"https:\/\/franciscanos.org.br\/noticias\/11o-dia-de-navegacao-6-de-setembro.html\" \/>\n<meta property=\"og:site_name\" content=\"Not\u00edcias - Franciscanos\" \/>\n<meta property=\"article:published_time\" content=\"2019-09-06T04:32:00+00:00\" \/>\n<meta property=\"article:modified_time\" content=\"2019-09-11T14:50:55+00:00\" \/>\n<meta property=\"og:image\" content=\"https:\/\/franciscanos.org.br\/noticias\/wp-content\/uploads\/2019\/09\/273.jpg\" \/>\n\t<meta property=\"og:image:width\" content=\"273\" \/>\n\t<meta property=\"og:image:height\" content=\"181\" \/>\n\t<meta property=\"og:image:type\" content=\"image\/jpeg\" \/>\n<meta name=\"author\" content=\"jovenal\" \/>\n<meta name=\"twitter:card\" content=\"summary_large_image\" \/>\n<meta name=\"twitter:label1\" content=\"Escrito por\" \/>\n\t<meta name=\"twitter:data1\" content=\"jovenal\" \/>\n\t<meta name=\"twitter:label2\" content=\"Est. tempo de leitura\" \/>\n\t<meta name=\"twitter:data2\" content=\"4 minutos\" \/>\n<script type=\"application\/ld+json\" class=\"yoast-schema-graph\">{\"@context\":\"https:\/\/schema.org\",\"@graph\":[{\"@type\":\"WebSite\",\"@id\":\"https:\/\/franciscanos.org.br\/noticias\/#website\",\"url\":\"https:\/\/franciscanos.org.br\/noticias\/\",\"name\":\"Not\u00edcias - Franciscanos\",\"description\":\"Prov\u00edncia Franciscana da Imaculada Concei\u00e7\u00e3o do Brasil - Ordem dos Frades Menores - OFM\",\"potentialAction\":[{\"@type\":\"SearchAction\",\"target\":{\"@type\":\"EntryPoint\",\"urlTemplate\":\"https:\/\/franciscanos.org.br\/noticias\/?s={search_term_string}\"},\"query-input\":\"required name=search_term_string\"}],\"inLanguage\":\"pt-BR\"},{\"@type\":\"ImageObject\",\"inLanguage\":\"pt-BR\",\"@id\":\"https:\/\/franciscanos.org.br\/noticias\/11o-dia-de-navegacao-6-de-setembro.html#primaryimage\",\"url\":\"https:\/\/franciscanos.org.br\/noticias\/wp-content\/uploads\/2019\/09\/273.jpg\",\"contentUrl\":\"https:\/\/franciscanos.org.br\/noticias\/wp-content\/uploads\/2019\/09\/273.jpg\",\"width\":273,\"height\":181},{\"@type\":\"WebPage\",\"@id\":\"https:\/\/franciscanos.org.br\/noticias\/11o-dia-de-navegacao-6-de-setembro.html#webpage\",\"url\":\"https:\/\/franciscanos.org.br\/noticias\/11o-dia-de-navegacao-6-de-setembro.html\",\"name\":\"11\u00ba Dia de Navega\u00e7\u00e3o \u2013 6 de Setembro - Not\u00edcias - Franciscanos\",\"isPartOf\":{\"@id\":\"https:\/\/franciscanos.org.br\/noticias\/#website\"},\"primaryImageOfPage\":{\"@id\":\"https:\/\/franciscanos.org.br\/noticias\/11o-dia-de-navegacao-6-de-setembro.html#primaryimage\"},\"datePublished\":\"2019-09-06T04:32:00+00:00\",\"dateModified\":\"2019-09-11T14:50:55+00:00\",\"author\":{\"@id\":\"https:\/\/franciscanos.org.br\/noticias\/#\/schema\/person\/c3a26b08313dd1772495ce300ab257cc\"},\"breadcrumb\":{\"@id\":\"https:\/\/franciscanos.org.br\/noticias\/11o-dia-de-navegacao-6-de-setembro.html#breadcrumb\"},\"inLanguage\":\"pt-BR\",\"potentialAction\":[{\"@type\":\"ReadAction\",\"target\":[\"https:\/\/franciscanos.org.br\/noticias\/11o-dia-de-navegacao-6-de-setembro.html\"]}]},{\"@type\":\"BreadcrumbList\",\"@id\":\"https:\/\/franciscanos.org.br\/noticias\/11o-dia-de-navegacao-6-de-setembro.html#breadcrumb\",\"itemListElement\":[{\"@type\":\"ListItem\",\"position\":1,\"name\":\"Home\",\"item\":\"https:\/\/franciscanos.org.br\/noticias\"},{\"@type\":\"ListItem\",\"position\":2,\"name\":\"11\u00ba Dia de Navega\u00e7\u00e3o \u2013 6 de Setembro\"}]},{\"@type\":\"Person\",\"@id\":\"https:\/\/franciscanos.org.br\/noticias\/#\/schema\/person\/c3a26b08313dd1772495ce300ab257cc\",\"name\":\"jovenal\",\"image\":{\"@type\":\"ImageObject\",\"inLanguage\":\"pt-BR\",\"@id\":\"https:\/\/franciscanos.org.br\/noticias\/#\/schema\/person\/image\/\",\"url\":\"https:\/\/secure.gravatar.com\/avatar\/e94509f531086e2eaf97e72f29ea00f9?s=96&d=mm&r=g\",\"contentUrl\":\"https:\/\/secure.gravatar.com\/avatar\/e94509f531086e2eaf97e72f29ea00f9?s=96&d=mm&r=g\",\"caption\":\"jovenal\"},\"url\":\"https:\/\/franciscanos.org.br\/noticias\/author\/jovenal\"}]}<\/script>\n<!-- \/ Yoast SEO plugin. -->","yoast_head_json":{"title":"11\u00ba Dia de Navega\u00e7\u00e3o \u2013 6 de Setembro - Not\u00edcias - Franciscanos","robots":{"index":"index","follow":"follow","max-snippet":"max-snippet:-1","max-image-preview":"max-image-preview:large","max-video-preview":"max-video-preview:-1"},"canonical":"https:\/\/franciscanos.org.br\/noticias\/11o-dia-de-navegacao-6-de-setembro.html","og_locale":"pt_BR","og_type":"article","og_title":"11\u00ba Dia de Navega\u00e7\u00e3o \u2013 6 de Setembro - Not\u00edcias - Franciscanos","og_description":"40 DIAS PELO RIO AMAZONAS","og_url":"https:\/\/franciscanos.org.br\/noticias\/11o-dia-de-navegacao-6-de-setembro.html","og_site_name":"Not\u00edcias - Franciscanos","article_published_time":"2019-09-06T04:32:00+00:00","article_modified_time":"2019-09-11T14:50:55+00:00","og_image":[{"width":273,"height":181,"url":"https:\/\/franciscanos.org.br\/noticias\/wp-content\/uploads\/2019\/09\/273.jpg","type":"image\/jpeg"}],"author":"jovenal","twitter_card":"summary_large_image","twitter_misc":{"Escrito por":"jovenal","Est. tempo de leitura":"4 minutos"},"schema":{"@context":"https:\/\/schema.org","@graph":[{"@type":"WebSite","@id":"https:\/\/franciscanos.org.br\/noticias\/#website","url":"https:\/\/franciscanos.org.br\/noticias\/","name":"Not\u00edcias - Franciscanos","description":"Prov\u00edncia Franciscana da Imaculada Concei\u00e7\u00e3o do Brasil - Ordem dos Frades Menores - OFM","potentialAction":[{"@type":"SearchAction","target":{"@type":"EntryPoint","urlTemplate":"https:\/\/franciscanos.org.br\/noticias\/?s={search_term_string}"},"query-input":"required name=search_term_string"}],"inLanguage":"pt-BR"},{"@type":"ImageObject","inLanguage":"pt-BR","@id":"https:\/\/franciscanos.org.br\/noticias\/11o-dia-de-navegacao-6-de-setembro.html#primaryimage","url":"https:\/\/franciscanos.org.br\/noticias\/wp-content\/uploads\/2019\/09\/273.jpg","contentUrl":"https:\/\/franciscanos.org.br\/noticias\/wp-content\/uploads\/2019\/09\/273.jpg","width":273,"height":181},{"@type":"WebPage","@id":"https:\/\/franciscanos.org.br\/noticias\/11o-dia-de-navegacao-6-de-setembro.html#webpage","url":"https:\/\/franciscanos.org.br\/noticias\/11o-dia-de-navegacao-6-de-setembro.html","name":"11\u00ba Dia de Navega\u00e7\u00e3o \u2013 6 de Setembro - Not\u00edcias - Franciscanos","isPartOf":{"@id":"https:\/\/franciscanos.org.br\/noticias\/#website"},"primaryImageOfPage":{"@id":"https:\/\/franciscanos.org.br\/noticias\/11o-dia-de-navegacao-6-de-setembro.html#primaryimage"},"datePublished":"2019-09-06T04:32:00+00:00","dateModified":"2019-09-11T14:50:55+00:00","author":{"@id":"https:\/\/franciscanos.org.br\/noticias\/#\/schema\/person\/c3a26b08313dd1772495ce300ab257cc"},"breadcrumb":{"@id":"https:\/\/franciscanos.org.br\/noticias\/11o-dia-de-navegacao-6-de-setembro.html#breadcrumb"},"inLanguage":"pt-BR","potentialAction":[{"@type":"ReadAction","target":["https:\/\/franciscanos.org.br\/noticias\/11o-dia-de-navegacao-6-de-setembro.html"]}]},{"@type":"BreadcrumbList","@id":"https:\/\/franciscanos.org.br\/noticias\/11o-dia-de-navegacao-6-de-setembro.html#breadcrumb","itemListElement":[{"@type":"ListItem","position":1,"name":"Home","item":"https:\/\/franciscanos.org.br\/noticias"},{"@type":"ListItem","position":2,"name":"11\u00ba Dia de Navega\u00e7\u00e3o \u2013 6 de Setembro"}]},{"@type":"Person","@id":"https:\/\/franciscanos.org.br\/noticias\/#\/schema\/person\/c3a26b08313dd1772495ce300ab257cc","name":"jovenal","image":{"@type":"ImageObject","inLanguage":"pt-BR","@id":"https:\/\/franciscanos.org.br\/noticias\/#\/schema\/person\/image\/","url":"https:\/\/secure.gravatar.com\/avatar\/e94509f531086e2eaf97e72f29ea00f9?s=96&d=mm&r=g","contentUrl":"https:\/\/secure.gravatar.com\/avatar\/e94509f531086e2eaf97e72f29ea00f9?s=96&d=mm&r=g","caption":"jovenal"},"url":"https:\/\/franciscanos.org.br\/noticias\/author\/jovenal"}]}},"_links":{"self":[{"href":"https:\/\/franciscanos.org.br\/noticias\/wp-json\/wp\/v2\/posts\/210500"}],"collection":[{"href":"https:\/\/franciscanos.org.br\/noticias\/wp-json\/wp\/v2\/posts"}],"about":[{"href":"https:\/\/franciscanos.org.br\/noticias\/wp-json\/wp\/v2\/types\/post"}],"author":[{"embeddable":true,"href":"https:\/\/franciscanos.org.br\/noticias\/wp-json\/wp\/v2\/users\/7"}],"replies":[{"embeddable":true,"href":"https:\/\/franciscanos.org.br\/noticias\/wp-json\/wp\/v2\/comments?post=210500"}],"version-history":[{"count":0,"href":"https:\/\/franciscanos.org.br\/noticias\/wp-json\/wp\/v2\/posts\/210500\/revisions"}],"wp:featuredmedia":[{"embeddable":true,"href":"https:\/\/franciscanos.org.br\/noticias\/wp-json\/wp\/v2\/media\/210458"}],"wp:attachment":[{"href":"https:\/\/franciscanos.org.br\/noticias\/wp-json\/wp\/v2\/media?parent=210500"}],"wp:term":[{"taxonomy":"category","embeddable":true,"href":"https:\/\/franciscanos.org.br\/noticias\/wp-json\/wp\/v2\/categories?post=210500"},{"taxonomy":"post_tag","embeddable":true,"href":"https:\/\/franciscanos.org.br\/noticias\/wp-json\/wp\/v2\/tags?post=210500"}],"curies":[{"name":"wp","href":"https:\/\/api.w.org\/{rel}","templated":true}]}}