{"id":210491,"date":"2019-09-04T01:55:17","date_gmt":"2019-09-04T04:55:17","guid":{"rendered":"https:\/\/franciscanos.org.br\/noticias\/?p=210491"},"modified":"2019-09-11T11:54:54","modified_gmt":"2019-09-11T14:54:54","slug":"9o-dia-de-navegacao-4-de-setembro","status":"publish","type":"post","link":"https:\/\/franciscanos.org.br\/noticias\/9o-dia-de-navegacao-4-de-setembro.html","title":{"rendered":"9\u00ba Dia de Navega\u00e7\u00e3o \u2013 4 de Setembro"},"content":{"rendered":"<p><img loading=\"lazy\" src=\"https:\/\/franciscanos.org.br\/noticias\/wp-content\/uploads\/2019\/09\/cabecalho.jpg\" alt=\"\" width=\"1200\" height=\"450\" \/><\/p>\n<h3><strong><img loading=\"lazy\" class=\"size-full wp-image-210492 alignright\" src=\"https:\/\/franciscanos.org.br\/noticias\/wp-content\/uploads\/2019\/09\/Dia-9.jpg\" alt=\"\" width=\"350\" height=\"497\" srcset=\"https:\/\/franciscanos.org.br\/noticias\/wp-content\/uploads\/2019\/09\/Dia-9.jpg 350w, https:\/\/franciscanos.org.br\/noticias\/wp-content\/uploads\/2019\/09\/Dia-9-317x450.jpg 317w, https:\/\/franciscanos.org.br\/noticias\/wp-content\/uploads\/2019\/09\/Dia-9-150x213.jpg 150w\" sizes=\"(max-width: 350px) 100vw, 350px\" \/>PETI\u00c7\u00c3O PERMANENTE PARA O S\u00cdNODO <\/strong><br \/>\n<strong>AMAZ\u00d4NICO NO IN\u00cdCIO DE CADA DIA:<\/strong><\/h3>\n<p style=\"padding-left: 40px;\"><em>\u201cQue o Deus da vida e da beleza, o Esp\u00edrito Santo que nos impulsiona <\/em><em>para mais fraternidade, unidade e dignidade, o Cristo <\/em><em>encarnado da Boa Nova, da incultura\u00e7\u00e3o e da interculturalidade <\/em><em>nos proporcionem serenidade, discernimento e coragem para <\/em><em>encontrar novos caminhos para a Igreja e para uma ecologia <\/em><em>integral neste S\u00ednodo Amaz\u00f4nico. Tudo isso para o bem e a vida <\/em><em>de seus povos e comunidades, e para caminhar mais juntos pelo <\/em><em>Reino\u201d.<\/em><\/p>\n<p>Medite por alguns momentos neste pedido inicial, busque a calma interior para entrar neste momento para navegar pelas \u00e1guas da Amaz\u00f4nia e a vida da Igreja a servi\u00e7o de seus povos e comunidades, e para ouvir o chamado de Deus atrav\u00e9s de sua palavra viva.<\/p>\n<p><strong>Leitura do dia (cada um e cada uma s\u00e3o convidados a <\/strong><strong>aprofundar a leitura completa de acordo com suas <\/strong><strong>pr\u00f3prias necessidades e crit\u00e9rios):<\/strong><\/p>\n<p><strong>Lucas 4, 38-44 (fragmento)<\/strong><\/p>\n<p>&#8220;Saindo Jesus da sinagoga, entrou na casa de Sim\u00e3o. A sogra de Sim\u00e3o estava com febre alta; e pediram-lhe por ela. Inclinando-se sobre ela, ordenou ele \u00e0 febre, e a febre deixou-a. (&#8230;) Ao amanhecer, ele saiu e retirou-se para um lugar afastado. As multid\u00f5es o procuravam e foram at\u00e9 onde ele estava e queriam det\u00ea-lo, para que n\u00e3o as deixasse. Mas ele disse-lhes: \u201c\u00c9 necess\u00e1rio que eu anuncie a Boa-Nova do Reino de Deus tamb\u00e9m \u00e0s outras cidades, pois essa \u00e9 a minha miss\u00e3o\u201d. E andava pregando nas sinagogas da Galileia.&#8221;<\/p>\n<p><strong>Reflex\u00e3o sob a perspectiva do S\u00ednodo Amaz\u00f4nico:<\/strong><\/p>\n<p>Neste s\u00ednodo amaz\u00f4nico, pe\u00e7amos a capacidade de reconhecer que Jesus foi enviado com um prop\u00f3sito: levar as boa nova e compartilh\u00e1-la. As dist\u00e2ncias e a dificuldade de chegar aos lugares mais distantes da Amaz\u00f4nia tornam muito dif\u00edcil ser fiel a esse itiner\u00e1rio de Jesus para levar sua mensagem, mas \u00e9 essencial. A mensagem de Jesus e sua presen\u00e7a \u00e9 curativa, por isso a confirmamos de muitas maneiras na experi\u00eancia pastoral no meio deste territ\u00f3rio, e o pedido das comunidades crist\u00e3s na Amaz\u00f4nia \u00e9 claro: maior presen\u00e7a, maior proximidade, perman\u00eancia da mensagem de Jesus entre eles e a experi\u00eancia dos Sacramentos que, por direito, devem receber como membros leg\u00edtimos desta Igreja, e abra\u00e7ando suas pr\u00f3prias caracter\u00edsticas e tradi\u00e7\u00f5es culturais. Al\u00e9m das controv\u00e9rsias que surgem fora da realidade amaz\u00f4nica, \u00e9 necess\u00e1rio discernir sinceramente como ser fiel a esse mandato de Jesus para os membros da Igreja. Uma comunidade crist\u00e3 \u00e9 constru\u00edda na Eucaristia e em todos os sacramentos e sem acesso a eles, como pode ser uma comunidade totalmente cat\u00f3lica? Este S\u00ednodo \u00e9 uma oportunidade para pensar sobre os novos caminhos necess\u00e1rios para serem instrumentos para que a boa nova chegue e continue a chegar a essas outras cidades (\u00e0quelas outras comunidades amaz\u00f4nicas). E tamb\u00e9m \u00e9 um chamado para respeitar as comunidades que querem permanecer em suas pr\u00f3prias tradi\u00e7\u00f5es espirituais, mas que querem ser parceiras na defesa da vida.<\/p>\n<p><strong>CONTEMPLA\u00c7\u00c3O<\/strong><\/p>\n<p style=\"padding-left: 40px;\"><em>Contemplemos a imagem deste dia e tomemos um momento para <\/em><em>reconhecer nossa pr\u00f3pria vida e experi\u00eancia na Igreja e ao servi\u00e7o <\/em><em>da Amaz\u00f4nia para pedir luz nesta palavra de Deus em prepara\u00e7\u00e3o <\/em><em>para o S\u00ednodo. Escrever meus pedidos particulares e <\/em><em>permanecer neles durante este dia. Convidamos voc\u00ea a manter <\/em><em>um registro de tudo o que o Esp\u00edrito nos provoca como prepara\u00e7\u00e3o <\/em><em>interior para o S\u00ednodo AMAZ\u00d4NICO.<\/em><\/p>\n<h3><strong>Cita\u00e7\u00e3o para fechar a medita\u00e7\u00e3o:<\/strong><\/h3>\n<h5><em><strong>Constitui\u00e7\u00e3o Apost\u00f3lica EPISCOPALIS COMMUNIO No. 7<\/strong><\/em><\/h5>\n<p style=\"padding-left: 40px;\">Por \u00faltimo, \u00e0 celebra\u00e7\u00e3o da Assembleia do S\u00ednodo, deve seguir-se a fase da sua aplica\u00e7\u00e3o, com a finalidade de iniciar em todas as Igrejas particulares a recep\u00e7\u00e3o das conclus\u00f5es sinodais, acolhidas pelo Romano Pont\u00edfice segundo a modalidade que tiver julgado mais conveniente. A este respeito, \u00e9 preciso ter bem presente que \u00abas culturas s\u00e3o muito diferentes entre si e cada princ\u00edpio geral (&#8230;), se quiser ser observado e aplicado, precisa de ser inculturado\u00bb.[31]Mostra-se, assim, que o processo sinodal tem n\u00e3o apenas o ponto de partida, mas tamb\u00e9m o seu ponto de chegada no Povo de Deus.<\/p>\n","protected":false},"excerpt":{"rendered":"<p>40 DIAS PELO RIO<\/p>\n","protected":false},"author":7,"featured_media":210458,"comment_status":"open","ping_status":"open","sticky":false,"template":"","format":"standard","meta":[],"categories":[1528],"tags":[],"acf":[],"yoast_head":"<!-- This site is optimized with the Yoast SEO plugin v19.2 - https:\/\/yoast.com\/wordpress\/plugins\/seo\/ -->\n<title>9\u00ba Dia de Navega\u00e7\u00e3o \u2013 4 de Setembro - Not\u00edcias - Franciscanos<\/title>\n<meta name=\"robots\" content=\"index, follow, max-snippet:-1, max-image-preview:large, max-video-preview:-1\" \/>\n<link rel=\"canonical\" href=\"https:\/\/franciscanos.org.br\/noticias\/9o-dia-de-navegacao-4-de-setembro.html\" \/>\n<meta property=\"og:locale\" content=\"pt_BR\" \/>\n<meta property=\"og:type\" content=\"article\" \/>\n<meta property=\"og:title\" content=\"9\u00ba Dia de Navega\u00e7\u00e3o \u2013 4 de Setembro - Not\u00edcias - Franciscanos\" \/>\n<meta property=\"og:description\" content=\"40 DIAS PELO RIO\" \/>\n<meta property=\"og:url\" content=\"https:\/\/franciscanos.org.br\/noticias\/9o-dia-de-navegacao-4-de-setembro.html\" \/>\n<meta property=\"og:site_name\" content=\"Not\u00edcias - Franciscanos\" \/>\n<meta property=\"article:published_time\" content=\"2019-09-04T04:55:17+00:00\" \/>\n<meta property=\"article:modified_time\" content=\"2019-09-11T14:54:54+00:00\" \/>\n<meta property=\"og:image\" content=\"https:\/\/franciscanos.org.br\/noticias\/wp-content\/uploads\/2019\/09\/273.jpg\" \/>\n\t<meta property=\"og:image:width\" content=\"273\" \/>\n\t<meta property=\"og:image:height\" content=\"181\" \/>\n\t<meta property=\"og:image:type\" content=\"image\/jpeg\" \/>\n<meta name=\"author\" content=\"jovenal\" \/>\n<meta name=\"twitter:card\" content=\"summary_large_image\" \/>\n<meta name=\"twitter:label1\" content=\"Escrito por\" \/>\n\t<meta name=\"twitter:data1\" content=\"jovenal\" \/>\n\t<meta name=\"twitter:label2\" content=\"Est. tempo de leitura\" \/>\n\t<meta name=\"twitter:data2\" content=\"4 minutos\" \/>\n<script type=\"application\/ld+json\" class=\"yoast-schema-graph\">{\"@context\":\"https:\/\/schema.org\",\"@graph\":[{\"@type\":\"WebSite\",\"@id\":\"https:\/\/franciscanos.org.br\/noticias\/#website\",\"url\":\"https:\/\/franciscanos.org.br\/noticias\/\",\"name\":\"Not\u00edcias - Franciscanos\",\"description\":\"Prov\u00edncia Franciscana da Imaculada Concei\u00e7\u00e3o do Brasil - Ordem dos Frades Menores - OFM\",\"potentialAction\":[{\"@type\":\"SearchAction\",\"target\":{\"@type\":\"EntryPoint\",\"urlTemplate\":\"https:\/\/franciscanos.org.br\/noticias\/?s={search_term_string}\"},\"query-input\":\"required name=search_term_string\"}],\"inLanguage\":\"pt-BR\"},{\"@type\":\"ImageObject\",\"inLanguage\":\"pt-BR\",\"@id\":\"https:\/\/franciscanos.org.br\/noticias\/9o-dia-de-navegacao-4-de-setembro.html#primaryimage\",\"url\":\"https:\/\/franciscanos.org.br\/noticias\/wp-content\/uploads\/2019\/09\/273.jpg\",\"contentUrl\":\"https:\/\/franciscanos.org.br\/noticias\/wp-content\/uploads\/2019\/09\/273.jpg\",\"width\":273,\"height\":181},{\"@type\":\"WebPage\",\"@id\":\"https:\/\/franciscanos.org.br\/noticias\/9o-dia-de-navegacao-4-de-setembro.html#webpage\",\"url\":\"https:\/\/franciscanos.org.br\/noticias\/9o-dia-de-navegacao-4-de-setembro.html\",\"name\":\"9\u00ba Dia de Navega\u00e7\u00e3o \u2013 4 de Setembro - Not\u00edcias - Franciscanos\",\"isPartOf\":{\"@id\":\"https:\/\/franciscanos.org.br\/noticias\/#website\"},\"primaryImageOfPage\":{\"@id\":\"https:\/\/franciscanos.org.br\/noticias\/9o-dia-de-navegacao-4-de-setembro.html#primaryimage\"},\"datePublished\":\"2019-09-04T04:55:17+00:00\",\"dateModified\":\"2019-09-11T14:54:54+00:00\",\"author\":{\"@id\":\"https:\/\/franciscanos.org.br\/noticias\/#\/schema\/person\/c3a26b08313dd1772495ce300ab257cc\"},\"breadcrumb\":{\"@id\":\"https:\/\/franciscanos.org.br\/noticias\/9o-dia-de-navegacao-4-de-setembro.html#breadcrumb\"},\"inLanguage\":\"pt-BR\",\"potentialAction\":[{\"@type\":\"ReadAction\",\"target\":[\"https:\/\/franciscanos.org.br\/noticias\/9o-dia-de-navegacao-4-de-setembro.html\"]}]},{\"@type\":\"BreadcrumbList\",\"@id\":\"https:\/\/franciscanos.org.br\/noticias\/9o-dia-de-navegacao-4-de-setembro.html#breadcrumb\",\"itemListElement\":[{\"@type\":\"ListItem\",\"position\":1,\"name\":\"Home\",\"item\":\"https:\/\/franciscanos.org.br\/noticias\"},{\"@type\":\"ListItem\",\"position\":2,\"name\":\"9\u00ba Dia de Navega\u00e7\u00e3o \u2013 4 de Setembro\"}]},{\"@type\":\"Person\",\"@id\":\"https:\/\/franciscanos.org.br\/noticias\/#\/schema\/person\/c3a26b08313dd1772495ce300ab257cc\",\"name\":\"jovenal\",\"image\":{\"@type\":\"ImageObject\",\"inLanguage\":\"pt-BR\",\"@id\":\"https:\/\/franciscanos.org.br\/noticias\/#\/schema\/person\/image\/\",\"url\":\"https:\/\/secure.gravatar.com\/avatar\/e94509f531086e2eaf97e72f29ea00f9?s=96&d=mm&r=g\",\"contentUrl\":\"https:\/\/secure.gravatar.com\/avatar\/e94509f531086e2eaf97e72f29ea00f9?s=96&d=mm&r=g\",\"caption\":\"jovenal\"},\"url\":\"https:\/\/franciscanos.org.br\/noticias\/author\/jovenal\"}]}<\/script>\n<!-- \/ Yoast SEO plugin. -->","yoast_head_json":{"title":"9\u00ba Dia de Navega\u00e7\u00e3o \u2013 4 de Setembro - Not\u00edcias - Franciscanos","robots":{"index":"index","follow":"follow","max-snippet":"max-snippet:-1","max-image-preview":"max-image-preview:large","max-video-preview":"max-video-preview:-1"},"canonical":"https:\/\/franciscanos.org.br\/noticias\/9o-dia-de-navegacao-4-de-setembro.html","og_locale":"pt_BR","og_type":"article","og_title":"9\u00ba Dia de Navega\u00e7\u00e3o \u2013 4 de Setembro - Not\u00edcias - Franciscanos","og_description":"40 DIAS PELO RIO","og_url":"https:\/\/franciscanos.org.br\/noticias\/9o-dia-de-navegacao-4-de-setembro.html","og_site_name":"Not\u00edcias - Franciscanos","article_published_time":"2019-09-04T04:55:17+00:00","article_modified_time":"2019-09-11T14:54:54+00:00","og_image":[{"width":273,"height":181,"url":"https:\/\/franciscanos.org.br\/noticias\/wp-content\/uploads\/2019\/09\/273.jpg","type":"image\/jpeg"}],"author":"jovenal","twitter_card":"summary_large_image","twitter_misc":{"Escrito por":"jovenal","Est. tempo de leitura":"4 minutos"},"schema":{"@context":"https:\/\/schema.org","@graph":[{"@type":"WebSite","@id":"https:\/\/franciscanos.org.br\/noticias\/#website","url":"https:\/\/franciscanos.org.br\/noticias\/","name":"Not\u00edcias - Franciscanos","description":"Prov\u00edncia Franciscana da Imaculada Concei\u00e7\u00e3o do Brasil - Ordem dos Frades Menores - OFM","potentialAction":[{"@type":"SearchAction","target":{"@type":"EntryPoint","urlTemplate":"https:\/\/franciscanos.org.br\/noticias\/?s={search_term_string}"},"query-input":"required name=search_term_string"}],"inLanguage":"pt-BR"},{"@type":"ImageObject","inLanguage":"pt-BR","@id":"https:\/\/franciscanos.org.br\/noticias\/9o-dia-de-navegacao-4-de-setembro.html#primaryimage","url":"https:\/\/franciscanos.org.br\/noticias\/wp-content\/uploads\/2019\/09\/273.jpg","contentUrl":"https:\/\/franciscanos.org.br\/noticias\/wp-content\/uploads\/2019\/09\/273.jpg","width":273,"height":181},{"@type":"WebPage","@id":"https:\/\/franciscanos.org.br\/noticias\/9o-dia-de-navegacao-4-de-setembro.html#webpage","url":"https:\/\/franciscanos.org.br\/noticias\/9o-dia-de-navegacao-4-de-setembro.html","name":"9\u00ba Dia de Navega\u00e7\u00e3o \u2013 4 de Setembro - Not\u00edcias - Franciscanos","isPartOf":{"@id":"https:\/\/franciscanos.org.br\/noticias\/#website"},"primaryImageOfPage":{"@id":"https:\/\/franciscanos.org.br\/noticias\/9o-dia-de-navegacao-4-de-setembro.html#primaryimage"},"datePublished":"2019-09-04T04:55:17+00:00","dateModified":"2019-09-11T14:54:54+00:00","author":{"@id":"https:\/\/franciscanos.org.br\/noticias\/#\/schema\/person\/c3a26b08313dd1772495ce300ab257cc"},"breadcrumb":{"@id":"https:\/\/franciscanos.org.br\/noticias\/9o-dia-de-navegacao-4-de-setembro.html#breadcrumb"},"inLanguage":"pt-BR","potentialAction":[{"@type":"ReadAction","target":["https:\/\/franciscanos.org.br\/noticias\/9o-dia-de-navegacao-4-de-setembro.html"]}]},{"@type":"BreadcrumbList","@id":"https:\/\/franciscanos.org.br\/noticias\/9o-dia-de-navegacao-4-de-setembro.html#breadcrumb","itemListElement":[{"@type":"ListItem","position":1,"name":"Home","item":"https:\/\/franciscanos.org.br\/noticias"},{"@type":"ListItem","position":2,"name":"9\u00ba Dia de Navega\u00e7\u00e3o \u2013 4 de Setembro"}]},{"@type":"Person","@id":"https:\/\/franciscanos.org.br\/noticias\/#\/schema\/person\/c3a26b08313dd1772495ce300ab257cc","name":"jovenal","image":{"@type":"ImageObject","inLanguage":"pt-BR","@id":"https:\/\/franciscanos.org.br\/noticias\/#\/schema\/person\/image\/","url":"https:\/\/secure.gravatar.com\/avatar\/e94509f531086e2eaf97e72f29ea00f9?s=96&d=mm&r=g","contentUrl":"https:\/\/secure.gravatar.com\/avatar\/e94509f531086e2eaf97e72f29ea00f9?s=96&d=mm&r=g","caption":"jovenal"},"url":"https:\/\/franciscanos.org.br\/noticias\/author\/jovenal"}]}},"_links":{"self":[{"href":"https:\/\/franciscanos.org.br\/noticias\/wp-json\/wp\/v2\/posts\/210491"}],"collection":[{"href":"https:\/\/franciscanos.org.br\/noticias\/wp-json\/wp\/v2\/posts"}],"about":[{"href":"https:\/\/franciscanos.org.br\/noticias\/wp-json\/wp\/v2\/types\/post"}],"author":[{"embeddable":true,"href":"https:\/\/franciscanos.org.br\/noticias\/wp-json\/wp\/v2\/users\/7"}],"replies":[{"embeddable":true,"href":"https:\/\/franciscanos.org.br\/noticias\/wp-json\/wp\/v2\/comments?post=210491"}],"version-history":[{"count":0,"href":"https:\/\/franciscanos.org.br\/noticias\/wp-json\/wp\/v2\/posts\/210491\/revisions"}],"wp:featuredmedia":[{"embeddable":true,"href":"https:\/\/franciscanos.org.br\/noticias\/wp-json\/wp\/v2\/media\/210458"}],"wp:attachment":[{"href":"https:\/\/franciscanos.org.br\/noticias\/wp-json\/wp\/v2\/media?parent=210491"}],"wp:term":[{"taxonomy":"category","embeddable":true,"href":"https:\/\/franciscanos.org.br\/noticias\/wp-json\/wp\/v2\/categories?post=210491"},{"taxonomy":"post_tag","embeddable":true,"href":"https:\/\/franciscanos.org.br\/noticias\/wp-json\/wp\/v2\/tags?post=210491"}],"curies":[{"name":"wp","href":"https:\/\/api.w.org\/{rel}","templated":true}]}}