{"id":210487,"date":"2019-09-03T01:47:42","date_gmt":"2019-09-03T04:47:42","guid":{"rendered":"https:\/\/franciscanos.org.br\/noticias\/?p=210487"},"modified":"2019-09-11T13:37:01","modified_gmt":"2019-09-11T16:37:01","slug":"8o-dia-de-navegacao-3-de-setembro","status":"publish","type":"post","link":"https:\/\/franciscanos.org.br\/noticias\/8o-dia-de-navegacao-3-de-setembro.html","title":{"rendered":"8\u00ba Dia de Navega\u00e7\u00e3o \u2013 3 de Setembro"},"content":{"rendered":"<p><img loading=\"lazy\" src=\"https:\/\/franciscanos.org.br\/noticias\/wp-content\/uploads\/2019\/09\/cabecalho.jpg\" alt=\"\" width=\"1200\" height=\"450\" \/><\/p>\n<h3><strong><img loading=\"lazy\" class=\"size-full wp-image-210488 alignright\" src=\"https:\/\/franciscanos.org.br\/noticias\/wp-content\/uploads\/2019\/09\/Dia-8.jpg\" alt=\"\" width=\"350\" height=\"496\" srcset=\"https:\/\/franciscanos.org.br\/noticias\/wp-content\/uploads\/2019\/09\/Dia-8.jpg 350w, https:\/\/franciscanos.org.br\/noticias\/wp-content\/uploads\/2019\/09\/Dia-8-318x450.jpg 318w, https:\/\/franciscanos.org.br\/noticias\/wp-content\/uploads\/2019\/09\/Dia-8-150x213.jpg 150w\" sizes=\"(max-width: 350px) 100vw, 350px\" \/>PETI\u00c7\u00c3O PERMANENTE PARA O S\u00cdNODO <\/strong><br \/>\n<strong>AMAZ\u00d4NICO NO IN\u00cdCIO DE CADA DIA:<\/strong><\/h3>\n<p style=\"padding-left: 40px;\"><em>\u201cQue o Deus da vida e da beleza, o Esp\u00edrito Santo que nos impulsiona <\/em><em>para mais fraternidade, unidade e dignidade, o Cristo <\/em><em>encarnado da Boa Nova, da incultura\u00e7\u00e3o e da interculturalidade <\/em><em>nos proporcionem serenidade, discernimento e coragem para <\/em><em>encontrar novos caminhos para a Igreja e para uma ecologia <\/em><em>integral neste S\u00ednodo Amaz\u00f4nico. Tudo isso para o bem e a vida <\/em><em>de seus povos e comunidades, e para caminhar mais juntos pelo <\/em><em>Reino\u201d.<\/em><\/p>\n<p>Medite por alguns momentos neste pedido inicial, busque a calma interior para entrar neste momento para navegar pelas \u00e1guas da Amaz\u00f4nia e a vida da Igreja a servi\u00e7o de seus povos e comunidades, e para ouvir o chamado de Deus atrav\u00e9s de sua palavra viva.<\/p>\n<p><strong>Leitura do dia (cada um e cada uma s\u00e3o convidados a <\/strong><strong>aprofundar a leitura completa de acordo com suas <\/strong><strong>pr\u00f3prias necessidades e crit\u00e9rios):<\/strong><\/p>\n<p><strong>Salmo 26, 1. 4. 13-14<\/strong><\/p>\n<p>O Senhor \u00e9 minha luz e minha salva\u00e7\u00e3o, a quem temerei? O Senhor \u00e9 o protetor de minha vida, de quem terei medo? Uma s\u00f3 coisa pe\u00e7o ao Senhor e a pe\u00e7o incessantemente: \u00e9 habitar na casa do Senhor todos os dias de minha vida, para admirar a\u00ed a beleza do Senhor e contemplar o seu santu\u00e1rio. Sei que verei os benef\u00edcios do Senhor na terra dos vivos! Espera no Senhor e s\u00ea forte! Fortifique-se o teu cora\u00e7\u00e3o e espera no Senhor!<\/p>\n<p><strong>Reflex\u00e3o sob a perspectiva do S\u00ednodo Amaz\u00f4nico:<\/strong><\/p>\n<p>Neste S\u00ednodo Amaz\u00f4nico, queremos colocar toda nossa esperan\u00e7a e de maneira absoluta no Senhor. O caminho sinodal foi de profunda ora\u00e7\u00e3o, discernimento, genu\u00edna e estreita escuta, e as propostas refletem os desejos do Povo de Deus, acompanhados por seus pastores, presentes em quase todos os casos nas reuni\u00f5es e di\u00e1logos em meio do povo. Acreditamos que o caminho j\u00e1 mostrou em si mesmo a gra\u00e7a de Deus e da Sinodalidade na Igreja que \u00e9 uma realidade. O que j\u00e1 foi produzido na Amaz\u00f4nia \u00e9 a marca de Deus e a Igreja cresceu em f\u00e9, esperan\u00e7a e servi\u00e7o, e isso n\u00e3o pode ser detido. Vamos pedir a Deus que n\u00e3o percamos a serenidade e a bravura, confiando que ele j\u00e1 se tornou auspicioso neste caminho, aqui e agora, na terra dos vivos, e isso nos dar\u00e1 for\u00e7a para seguir em frente. Que nossa esperan\u00e7a esteja sempre no Senhor para o bem de toda a Amaz\u00f4nia e seus povos e comunidades e de toda a Igreja hoje, amanh\u00e3 e para sempre.<\/p>\n<p><strong>CONTEMPLA\u00c7\u00c3O<\/strong><\/p>\n<p style=\"padding-left: 40px;\"><em>Contemplemos a imagem deste dia e tomemos um momento para <\/em><em>reconhecer nossa pr\u00f3pria vida e experi\u00eancia na Igreja e ao servi\u00e7o <\/em><em>da Amaz\u00f4nia para pedir luz nesta palavra de Deus em prepara\u00e7\u00e3o <\/em><em>para o S\u00ednodo. Escrever meus pedidos particulares e <\/em><em>permanecer neles durante este dia. Convidamos voc\u00ea a manter <\/em><em>um registro de tudo o que o Esp\u00edrito nos provoca como prepara\u00e7\u00e3o <\/em><em>interior para o S\u00ednodo Amaz\u00f4nico.<\/em><\/p>\n<h3><strong>Cita\u00e7\u00e3o para fechar a medita\u00e7\u00e3o:<\/strong><\/h3>\n<h5 style=\"padding-left: 40px;\"><em><strong>INSTRUMENTUM LABORIS. No. 102<\/strong><\/em><\/h5>\n<p style=\"padding-left: 40px;\">O processo de convers\u00e3o ao qual a Igreja \u00e9 chamada implica desaprender, aprender e reaprender. Este caminho exige uma vis\u00e3o cr\u00edtica e autocr\u00edtica que nos permita identificar aquilo que devemos desaprender, o que prejudica a Casa Comum e seus povos. Temos necessidade de percorrer um caminho interior para reconhecer as atitudes e mentalidades que nos impedem de nos conectarmos conosco mesmos, com os outros e com a natureza; como disse o Papa Bento XVI, \u201cos desertos exteriores multiplicam-se no mundo, porque os desertos interiores se tornaram t\u00e3o amplos\u201d.<\/p>\n","protected":false},"excerpt":{"rendered":"<p>40 DIAS PELO RIO<\/p>\n","protected":false},"author":7,"featured_media":210458,"comment_status":"open","ping_status":"open","sticky":false,"template":"","format":"standard","meta":[],"categories":[1528],"tags":[834],"acf":[],"yoast_head":"<!-- This site is optimized with the Yoast SEO plugin v19.2 - https:\/\/yoast.com\/wordpress\/plugins\/seo\/ -->\n<title>8\u00ba Dia de Navega\u00e7\u00e3o \u2013 3 de Setembro - Not\u00edcias - Franciscanos<\/title>\n<meta name=\"robots\" content=\"index, follow, max-snippet:-1, max-image-preview:large, max-video-preview:-1\" \/>\n<link rel=\"canonical\" href=\"https:\/\/franciscanos.org.br\/noticias\/8o-dia-de-navegacao-3-de-setembro.html\" \/>\n<meta property=\"og:locale\" content=\"pt_BR\" \/>\n<meta property=\"og:type\" content=\"article\" \/>\n<meta property=\"og:title\" content=\"8\u00ba Dia de Navega\u00e7\u00e3o \u2013 3 de Setembro - Not\u00edcias - Franciscanos\" \/>\n<meta property=\"og:description\" content=\"40 DIAS PELO RIO\" \/>\n<meta property=\"og:url\" content=\"https:\/\/franciscanos.org.br\/noticias\/8o-dia-de-navegacao-3-de-setembro.html\" \/>\n<meta property=\"og:site_name\" content=\"Not\u00edcias - Franciscanos\" \/>\n<meta property=\"article:published_time\" content=\"2019-09-03T04:47:42+00:00\" \/>\n<meta property=\"article:modified_time\" content=\"2019-09-11T16:37:01+00:00\" \/>\n<meta property=\"og:image\" content=\"https:\/\/franciscanos.org.br\/noticias\/wp-content\/uploads\/2019\/09\/273.jpg\" \/>\n\t<meta property=\"og:image:width\" content=\"273\" \/>\n\t<meta property=\"og:image:height\" content=\"181\" \/>\n\t<meta property=\"og:image:type\" content=\"image\/jpeg\" \/>\n<meta name=\"author\" content=\"jovenal\" \/>\n<meta name=\"twitter:card\" content=\"summary_large_image\" \/>\n<meta name=\"twitter:label1\" content=\"Escrito por\" \/>\n\t<meta name=\"twitter:data1\" content=\"jovenal\" \/>\n\t<meta name=\"twitter:label2\" content=\"Est. tempo de leitura\" \/>\n\t<meta name=\"twitter:data2\" content=\"3 minutos\" \/>\n<script type=\"application\/ld+json\" class=\"yoast-schema-graph\">{\"@context\":\"https:\/\/schema.org\",\"@graph\":[{\"@type\":\"WebSite\",\"@id\":\"https:\/\/franciscanos.org.br\/noticias\/#website\",\"url\":\"https:\/\/franciscanos.org.br\/noticias\/\",\"name\":\"Not\u00edcias - Franciscanos\",\"description\":\"Prov\u00edncia Franciscana da Imaculada Concei\u00e7\u00e3o do Brasil - Ordem dos Frades Menores - OFM\",\"potentialAction\":[{\"@type\":\"SearchAction\",\"target\":{\"@type\":\"EntryPoint\",\"urlTemplate\":\"https:\/\/franciscanos.org.br\/noticias\/?s={search_term_string}\"},\"query-input\":\"required name=search_term_string\"}],\"inLanguage\":\"pt-BR\"},{\"@type\":\"ImageObject\",\"inLanguage\":\"pt-BR\",\"@id\":\"https:\/\/franciscanos.org.br\/noticias\/8o-dia-de-navegacao-3-de-setembro.html#primaryimage\",\"url\":\"https:\/\/franciscanos.org.br\/noticias\/wp-content\/uploads\/2019\/09\/273.jpg\",\"contentUrl\":\"https:\/\/franciscanos.org.br\/noticias\/wp-content\/uploads\/2019\/09\/273.jpg\",\"width\":273,\"height\":181},{\"@type\":\"WebPage\",\"@id\":\"https:\/\/franciscanos.org.br\/noticias\/8o-dia-de-navegacao-3-de-setembro.html#webpage\",\"url\":\"https:\/\/franciscanos.org.br\/noticias\/8o-dia-de-navegacao-3-de-setembro.html\",\"name\":\"8\u00ba Dia de Navega\u00e7\u00e3o \u2013 3 de Setembro - Not\u00edcias - Franciscanos\",\"isPartOf\":{\"@id\":\"https:\/\/franciscanos.org.br\/noticias\/#website\"},\"primaryImageOfPage\":{\"@id\":\"https:\/\/franciscanos.org.br\/noticias\/8o-dia-de-navegacao-3-de-setembro.html#primaryimage\"},\"datePublished\":\"2019-09-03T04:47:42+00:00\",\"dateModified\":\"2019-09-11T16:37:01+00:00\",\"author\":{\"@id\":\"https:\/\/franciscanos.org.br\/noticias\/#\/schema\/person\/c3a26b08313dd1772495ce300ab257cc\"},\"breadcrumb\":{\"@id\":\"https:\/\/franciscanos.org.br\/noticias\/8o-dia-de-navegacao-3-de-setembro.html#breadcrumb\"},\"inLanguage\":\"pt-BR\",\"potentialAction\":[{\"@type\":\"ReadAction\",\"target\":[\"https:\/\/franciscanos.org.br\/noticias\/8o-dia-de-navegacao-3-de-setembro.html\"]}]},{\"@type\":\"BreadcrumbList\",\"@id\":\"https:\/\/franciscanos.org.br\/noticias\/8o-dia-de-navegacao-3-de-setembro.html#breadcrumb\",\"itemListElement\":[{\"@type\":\"ListItem\",\"position\":1,\"name\":\"Home\",\"item\":\"https:\/\/franciscanos.org.br\/noticias\"},{\"@type\":\"ListItem\",\"position\":2,\"name\":\"8\u00ba Dia de Navega\u00e7\u00e3o \u2013 3 de Setembro\"}]},{\"@type\":\"Person\",\"@id\":\"https:\/\/franciscanos.org.br\/noticias\/#\/schema\/person\/c3a26b08313dd1772495ce300ab257cc\",\"name\":\"jovenal\",\"image\":{\"@type\":\"ImageObject\",\"inLanguage\":\"pt-BR\",\"@id\":\"https:\/\/franciscanos.org.br\/noticias\/#\/schema\/person\/image\/\",\"url\":\"https:\/\/secure.gravatar.com\/avatar\/e94509f531086e2eaf97e72f29ea00f9?s=96&d=mm&r=g\",\"contentUrl\":\"https:\/\/secure.gravatar.com\/avatar\/e94509f531086e2eaf97e72f29ea00f9?s=96&d=mm&r=g\",\"caption\":\"jovenal\"},\"url\":\"https:\/\/franciscanos.org.br\/noticias\/author\/jovenal\"}]}<\/script>\n<!-- \/ Yoast SEO plugin. -->","yoast_head_json":{"title":"8\u00ba Dia de Navega\u00e7\u00e3o \u2013 3 de Setembro - Not\u00edcias - Franciscanos","robots":{"index":"index","follow":"follow","max-snippet":"max-snippet:-1","max-image-preview":"max-image-preview:large","max-video-preview":"max-video-preview:-1"},"canonical":"https:\/\/franciscanos.org.br\/noticias\/8o-dia-de-navegacao-3-de-setembro.html","og_locale":"pt_BR","og_type":"article","og_title":"8\u00ba Dia de Navega\u00e7\u00e3o \u2013 3 de Setembro - Not\u00edcias - Franciscanos","og_description":"40 DIAS PELO RIO","og_url":"https:\/\/franciscanos.org.br\/noticias\/8o-dia-de-navegacao-3-de-setembro.html","og_site_name":"Not\u00edcias - Franciscanos","article_published_time":"2019-09-03T04:47:42+00:00","article_modified_time":"2019-09-11T16:37:01+00:00","og_image":[{"width":273,"height":181,"url":"https:\/\/franciscanos.org.br\/noticias\/wp-content\/uploads\/2019\/09\/273.jpg","type":"image\/jpeg"}],"author":"jovenal","twitter_card":"summary_large_image","twitter_misc":{"Escrito por":"jovenal","Est. tempo de leitura":"3 minutos"},"schema":{"@context":"https:\/\/schema.org","@graph":[{"@type":"WebSite","@id":"https:\/\/franciscanos.org.br\/noticias\/#website","url":"https:\/\/franciscanos.org.br\/noticias\/","name":"Not\u00edcias - Franciscanos","description":"Prov\u00edncia Franciscana da Imaculada Concei\u00e7\u00e3o do Brasil - Ordem dos Frades Menores - OFM","potentialAction":[{"@type":"SearchAction","target":{"@type":"EntryPoint","urlTemplate":"https:\/\/franciscanos.org.br\/noticias\/?s={search_term_string}"},"query-input":"required name=search_term_string"}],"inLanguage":"pt-BR"},{"@type":"ImageObject","inLanguage":"pt-BR","@id":"https:\/\/franciscanos.org.br\/noticias\/8o-dia-de-navegacao-3-de-setembro.html#primaryimage","url":"https:\/\/franciscanos.org.br\/noticias\/wp-content\/uploads\/2019\/09\/273.jpg","contentUrl":"https:\/\/franciscanos.org.br\/noticias\/wp-content\/uploads\/2019\/09\/273.jpg","width":273,"height":181},{"@type":"WebPage","@id":"https:\/\/franciscanos.org.br\/noticias\/8o-dia-de-navegacao-3-de-setembro.html#webpage","url":"https:\/\/franciscanos.org.br\/noticias\/8o-dia-de-navegacao-3-de-setembro.html","name":"8\u00ba Dia de Navega\u00e7\u00e3o \u2013 3 de Setembro - Not\u00edcias - Franciscanos","isPartOf":{"@id":"https:\/\/franciscanos.org.br\/noticias\/#website"},"primaryImageOfPage":{"@id":"https:\/\/franciscanos.org.br\/noticias\/8o-dia-de-navegacao-3-de-setembro.html#primaryimage"},"datePublished":"2019-09-03T04:47:42+00:00","dateModified":"2019-09-11T16:37:01+00:00","author":{"@id":"https:\/\/franciscanos.org.br\/noticias\/#\/schema\/person\/c3a26b08313dd1772495ce300ab257cc"},"breadcrumb":{"@id":"https:\/\/franciscanos.org.br\/noticias\/8o-dia-de-navegacao-3-de-setembro.html#breadcrumb"},"inLanguage":"pt-BR","potentialAction":[{"@type":"ReadAction","target":["https:\/\/franciscanos.org.br\/noticias\/8o-dia-de-navegacao-3-de-setembro.html"]}]},{"@type":"BreadcrumbList","@id":"https:\/\/franciscanos.org.br\/noticias\/8o-dia-de-navegacao-3-de-setembro.html#breadcrumb","itemListElement":[{"@type":"ListItem","position":1,"name":"Home","item":"https:\/\/franciscanos.org.br\/noticias"},{"@type":"ListItem","position":2,"name":"8\u00ba Dia de Navega\u00e7\u00e3o \u2013 3 de Setembro"}]},{"@type":"Person","@id":"https:\/\/franciscanos.org.br\/noticias\/#\/schema\/person\/c3a26b08313dd1772495ce300ab257cc","name":"jovenal","image":{"@type":"ImageObject","inLanguage":"pt-BR","@id":"https:\/\/franciscanos.org.br\/noticias\/#\/schema\/person\/image\/","url":"https:\/\/secure.gravatar.com\/avatar\/e94509f531086e2eaf97e72f29ea00f9?s=96&d=mm&r=g","contentUrl":"https:\/\/secure.gravatar.com\/avatar\/e94509f531086e2eaf97e72f29ea00f9?s=96&d=mm&r=g","caption":"jovenal"},"url":"https:\/\/franciscanos.org.br\/noticias\/author\/jovenal"}]}},"_links":{"self":[{"href":"https:\/\/franciscanos.org.br\/noticias\/wp-json\/wp\/v2\/posts\/210487"}],"collection":[{"href":"https:\/\/franciscanos.org.br\/noticias\/wp-json\/wp\/v2\/posts"}],"about":[{"href":"https:\/\/franciscanos.org.br\/noticias\/wp-json\/wp\/v2\/types\/post"}],"author":[{"embeddable":true,"href":"https:\/\/franciscanos.org.br\/noticias\/wp-json\/wp\/v2\/users\/7"}],"replies":[{"embeddable":true,"href":"https:\/\/franciscanos.org.br\/noticias\/wp-json\/wp\/v2\/comments?post=210487"}],"version-history":[{"count":0,"href":"https:\/\/franciscanos.org.br\/noticias\/wp-json\/wp\/v2\/posts\/210487\/revisions"}],"wp:featuredmedia":[{"embeddable":true,"href":"https:\/\/franciscanos.org.br\/noticias\/wp-json\/wp\/v2\/media\/210458"}],"wp:attachment":[{"href":"https:\/\/franciscanos.org.br\/noticias\/wp-json\/wp\/v2\/media?parent=210487"}],"wp:term":[{"taxonomy":"category","embeddable":true,"href":"https:\/\/franciscanos.org.br\/noticias\/wp-json\/wp\/v2\/categories?post=210487"},{"taxonomy":"post_tag","embeddable":true,"href":"https:\/\/franciscanos.org.br\/noticias\/wp-json\/wp\/v2\/tags?post=210487"}],"curies":[{"name":"wp","href":"https:\/\/api.w.org\/{rel}","templated":true}]}}