{"id":210484,"date":"2019-09-02T01:39:18","date_gmt":"2019-09-02T04:39:18","guid":{"rendered":"https:\/\/franciscanos.org.br\/noticias\/?p=210484"},"modified":"2019-09-23T08:29:37","modified_gmt":"2019-09-23T11:29:37","slug":"7o-dia-de-navegacao-2-de-setembro","status":"publish","type":"post","link":"https:\/\/franciscanos.org.br\/noticias\/7o-dia-de-navegacao-2-de-setembro.html","title":{"rendered":"7\u00ba Dia de Navega\u00e7\u00e3o \u2013 2 de Setembro"},"content":{"rendered":"<p><img loading=\"lazy\" src=\"https:\/\/franciscanos.org.br\/noticias\/wp-content\/uploads\/2019\/09\/cabecalho.jpg\" alt=\"\" width=\"1200\" height=\"450\" \/><\/p>\n<h3><strong><img loading=\"lazy\" class=\"size-full wp-image-210485 alignright\" src=\"https:\/\/franciscanos.org.br\/noticias\/wp-content\/uploads\/2019\/09\/Dia-7.jpg\" alt=\"\" width=\"350\" height=\"500\" srcset=\"https:\/\/franciscanos.org.br\/noticias\/wp-content\/uploads\/2019\/09\/Dia-7.jpg 350w, https:\/\/franciscanos.org.br\/noticias\/wp-content\/uploads\/2019\/09\/Dia-7-315x450.jpg 315w, https:\/\/franciscanos.org.br\/noticias\/wp-content\/uploads\/2019\/09\/Dia-7-150x214.jpg 150w\" sizes=\"(max-width: 350px) 100vw, 350px\" \/>PETI\u00c7\u00c3O PERMANENTE PARA O S\u00cdNODO <\/strong><br \/>\n<strong>AMAZ\u00d4NICO NO IN\u00cdCIO DE CADA DIA:<\/strong><\/h3>\n<p style=\"padding-left: 40px;\"><em>\u201cQue o Deus da vida e da beleza, o Esp\u00edrito Santo que nos impulsiona <\/em><em>para mais fraternidade, unidade e dignidade, o Cristo <\/em><em>encarnado da Boa Nova, da incultura\u00e7\u00e3o e da interculturalidade <\/em><em>nos proporcionem serenidade, discernimento e coragem para <\/em><em>encontrar novos caminhos para a Igreja e para uma ecologia <\/em><em>integral neste S\u00ednodo Amaz\u00f4nico. Tudo isso para o bem e a vida <\/em><em>de seus povos e comunidades, e para caminhar mais juntos pelo <\/em><em>Reino\u201d.<\/em><\/p>\n<p>Medite por alguns momentos neste pedido inicial, busque a calma interior para entrar neste momento para navegar pelas \u00e1guas da Amaz\u00f4nia e a vida da Igreja a servi\u00e7o de seus povos e comunidades, e para ouvir o chamado de Deus atrav\u00e9s de sua palavra viva.<\/p>\n<p><strong>Leitura do dia (cada um e cada uma s\u00e3o convidados a <\/strong><strong>aprofundar a leitura completa de acordo com suas <\/strong><strong>pr\u00f3prias necessidades e crit\u00e9rios):<\/strong><\/p>\n<p><strong>Lucas 4, 16-30 (fragmento)<\/strong><\/p>\n<p>&#8220;Dirigiu-se a Nazar\u00e9, onde se havia criado. Entrou na sinagoga em dia de s\u00e1bado, segundo o seu costume, e levantou-se para ler. Foi-lhe dado o livro do profeta Isa\u00edas. Desenrolando o livro, escolheu a passagem onde est\u00e1 escrito: O Esp\u00edrito do Senhor est\u00e1 sobre mim, porque me ungiu; e enviou-me para anunciar a Boa-Nova aos pobres, para sarar os contritos de cora\u00e7\u00e3o, para anunciar aos cativos a reden\u00e7\u00e3o, aos cegos a restaura\u00e7\u00e3o da vista, para p\u00f4r em liberdade os cativos, para publicar o ano da gra\u00e7a do Senhor. E, enrolando o livro, deu-o ao ministro e sentou-se; todos quantos estavam na sinagoga tinham os olhos fixos nele. Ele come\u00e7ou a dizer-lhes: \u201cHoje se cumpriu este or\u00e1culo que v\u00f3s acabais de ouvir\u201d.<\/p>\n<p><strong>Reflex\u00e3o sob a perspectiva do S\u00ednodo Amaz\u00f4nico:<\/strong><\/p>\n<p>Neste s\u00ednodo amaz\u00f4nico nos sentimos confiantes da presen\u00e7a de Jesus no meio da realidade cotidiana de seu povo e comunidades. Sua voz ecoa profundamente atrav\u00e9s de rios, florestas, montanhas, comunidades, vilas e cidades e no cora\u00e7\u00e3o de mulheres e homens simples. Sua promessa de liberdade para quem mais sofre encontra a terra f\u00e9rtil desejada no cora\u00e7\u00e3o dos povos e comunidades da Amaz\u00f4nia. Aqui est\u00e1 se cumprindo sua promessa de uma Igreja que se sente chamada a levar as boa nova da salva\u00e7\u00e3o, e a ser uma presen\u00e7a atuante e encorajadora para que isso aconte\u00e7a. Este S\u00ednodo causou desconforto em muitos poderosos, mas com a certeza da comunh\u00e3o n\u00e3o podemos esquecer que o pr\u00f3prio Jesus prometeu essa liberdade aos mais esquecidos. Esta liberta\u00e7\u00e3o \u00e9 integral ou n\u00e3o ser\u00e1 assim, porque os cegos que n\u00e3o veem o que acontece nesta Amaz\u00f4nia tamb\u00e9m s\u00e3o destinat\u00e1rios dessa promessa e ver\u00e3o novamente. Este S\u00ednodo Amaz\u00f4nico, neste Kair\u00f3s, \u00e9 reconhecido naquele ano de gra\u00e7a prometido pelo Senhor.<\/p>\n<p><strong>CONTEMPLA\u00c7\u00c3O<\/strong><\/p>\n<p style=\"padding-left: 40px;\"><em>Contemplemos a imagem deste dia e tomemos um momento para <\/em><em>reconhecer nossa pr\u00f3pria vida e experi\u00eancia na Igreja e ao servi\u00e7o <\/em><em>da Amaz\u00f4nia para pedir luz nesta palavra de Deus em prepara\u00e7\u00e3o <\/em><em>para o S\u00ednodo. Escrever meus pedidos particulares e <\/em><em>permanecer neles durante este dia. Convidamos voc\u00ea a manter <\/em><em>um registro de tudo o que o Esp\u00edrito nos provoca como prepara\u00e7\u00e3o <\/em><em>interior para o S\u00ednodo AMAZ\u00d4NICO.<\/em><\/p>\n<h3><strong>Cita\u00e7\u00e3o para fechar a medita\u00e7\u00e3o:<\/strong><\/h3>\n<h5><strong>Laudato Si, 245<\/strong><\/h5>\n<p style=\"padding-left: 40px;\">Deus, que nos chama a uma generosa entrega e a oferecer-Lhe tudo, tamb\u00e9m nos d\u00e1 as for\u00e7as e a luz de que necessitamos para prosseguir. No cora\u00e7\u00e3o deste mundo, permanece presente o Senhor da vida que tanto nos ama. N\u00e3o nos abandona, n\u00e3o nos deixa sozinhos, porque Se uniu definitivamente \u00e0 nossa terra e o seu amor sempre nos leva a encontrar novos caminhos. Que Ele seja louvado!<\/p>\n","protected":false},"excerpt":{"rendered":"<p>40 DIAS PELO RIO <\/p>\n","protected":false},"author":7,"featured_media":210458,"comment_status":"open","ping_status":"open","sticky":false,"template":"","format":"standard","meta":[],"categories":[1528],"tags":[],"acf":[],"yoast_head":"<!-- This site is optimized with the Yoast SEO plugin v19.2 - https:\/\/yoast.com\/wordpress\/plugins\/seo\/ -->\n<title>7\u00ba Dia de Navega\u00e7\u00e3o \u2013 2 de Setembro - Not\u00edcias - Franciscanos<\/title>\n<meta name=\"robots\" content=\"index, follow, max-snippet:-1, max-image-preview:large, max-video-preview:-1\" \/>\n<link rel=\"canonical\" href=\"https:\/\/franciscanos.org.br\/noticias\/7o-dia-de-navegacao-2-de-setembro.html\" \/>\n<meta property=\"og:locale\" content=\"pt_BR\" \/>\n<meta property=\"og:type\" content=\"article\" \/>\n<meta property=\"og:title\" content=\"7\u00ba Dia de Navega\u00e7\u00e3o \u2013 2 de Setembro - Not\u00edcias - Franciscanos\" \/>\n<meta property=\"og:description\" content=\"40 DIAS PELO RIO\" \/>\n<meta property=\"og:url\" content=\"https:\/\/franciscanos.org.br\/noticias\/7o-dia-de-navegacao-2-de-setembro.html\" \/>\n<meta property=\"og:site_name\" content=\"Not\u00edcias - Franciscanos\" \/>\n<meta property=\"article:published_time\" content=\"2019-09-02T04:39:18+00:00\" \/>\n<meta property=\"article:modified_time\" content=\"2019-09-23T11:29:37+00:00\" \/>\n<meta property=\"og:image\" content=\"https:\/\/franciscanos.org.br\/noticias\/wp-content\/uploads\/2019\/09\/273.jpg\" \/>\n\t<meta property=\"og:image:width\" content=\"273\" \/>\n\t<meta property=\"og:image:height\" content=\"181\" \/>\n\t<meta property=\"og:image:type\" content=\"image\/jpeg\" \/>\n<meta name=\"author\" content=\"jovenal\" \/>\n<meta name=\"twitter:card\" content=\"summary_large_image\" \/>\n<meta name=\"twitter:label1\" content=\"Escrito por\" \/>\n\t<meta name=\"twitter:data1\" content=\"jovenal\" \/>\n\t<meta name=\"twitter:label2\" content=\"Est. tempo de leitura\" \/>\n\t<meta name=\"twitter:data2\" content=\"3 minutos\" \/>\n<script type=\"application\/ld+json\" class=\"yoast-schema-graph\">{\"@context\":\"https:\/\/schema.org\",\"@graph\":[{\"@type\":\"WebSite\",\"@id\":\"https:\/\/franciscanos.org.br\/noticias\/#website\",\"url\":\"https:\/\/franciscanos.org.br\/noticias\/\",\"name\":\"Not\u00edcias - Franciscanos\",\"description\":\"Prov\u00edncia Franciscana da Imaculada Concei\u00e7\u00e3o do Brasil - Ordem dos Frades Menores - OFM\",\"potentialAction\":[{\"@type\":\"SearchAction\",\"target\":{\"@type\":\"EntryPoint\",\"urlTemplate\":\"https:\/\/franciscanos.org.br\/noticias\/?s={search_term_string}\"},\"query-input\":\"required name=search_term_string\"}],\"inLanguage\":\"pt-BR\"},{\"@type\":\"ImageObject\",\"inLanguage\":\"pt-BR\",\"@id\":\"https:\/\/franciscanos.org.br\/noticias\/7o-dia-de-navegacao-2-de-setembro.html#primaryimage\",\"url\":\"https:\/\/franciscanos.org.br\/noticias\/wp-content\/uploads\/2019\/09\/273.jpg\",\"contentUrl\":\"https:\/\/franciscanos.org.br\/noticias\/wp-content\/uploads\/2019\/09\/273.jpg\",\"width\":273,\"height\":181},{\"@type\":\"WebPage\",\"@id\":\"https:\/\/franciscanos.org.br\/noticias\/7o-dia-de-navegacao-2-de-setembro.html#webpage\",\"url\":\"https:\/\/franciscanos.org.br\/noticias\/7o-dia-de-navegacao-2-de-setembro.html\",\"name\":\"7\u00ba Dia de Navega\u00e7\u00e3o \u2013 2 de Setembro - Not\u00edcias - Franciscanos\",\"isPartOf\":{\"@id\":\"https:\/\/franciscanos.org.br\/noticias\/#website\"},\"primaryImageOfPage\":{\"@id\":\"https:\/\/franciscanos.org.br\/noticias\/7o-dia-de-navegacao-2-de-setembro.html#primaryimage\"},\"datePublished\":\"2019-09-02T04:39:18+00:00\",\"dateModified\":\"2019-09-23T11:29:37+00:00\",\"author\":{\"@id\":\"https:\/\/franciscanos.org.br\/noticias\/#\/schema\/person\/c3a26b08313dd1772495ce300ab257cc\"},\"breadcrumb\":{\"@id\":\"https:\/\/franciscanos.org.br\/noticias\/7o-dia-de-navegacao-2-de-setembro.html#breadcrumb\"},\"inLanguage\":\"pt-BR\",\"potentialAction\":[{\"@type\":\"ReadAction\",\"target\":[\"https:\/\/franciscanos.org.br\/noticias\/7o-dia-de-navegacao-2-de-setembro.html\"]}]},{\"@type\":\"BreadcrumbList\",\"@id\":\"https:\/\/franciscanos.org.br\/noticias\/7o-dia-de-navegacao-2-de-setembro.html#breadcrumb\",\"itemListElement\":[{\"@type\":\"ListItem\",\"position\":1,\"name\":\"Home\",\"item\":\"https:\/\/franciscanos.org.br\/noticias\"},{\"@type\":\"ListItem\",\"position\":2,\"name\":\"7\u00ba Dia de Navega\u00e7\u00e3o \u2013 2 de Setembro\"}]},{\"@type\":\"Person\",\"@id\":\"https:\/\/franciscanos.org.br\/noticias\/#\/schema\/person\/c3a26b08313dd1772495ce300ab257cc\",\"name\":\"jovenal\",\"image\":{\"@type\":\"ImageObject\",\"inLanguage\":\"pt-BR\",\"@id\":\"https:\/\/franciscanos.org.br\/noticias\/#\/schema\/person\/image\/\",\"url\":\"https:\/\/secure.gravatar.com\/avatar\/e94509f531086e2eaf97e72f29ea00f9?s=96&d=mm&r=g\",\"contentUrl\":\"https:\/\/secure.gravatar.com\/avatar\/e94509f531086e2eaf97e72f29ea00f9?s=96&d=mm&r=g\",\"caption\":\"jovenal\"},\"url\":\"https:\/\/franciscanos.org.br\/noticias\/author\/jovenal\"}]}<\/script>\n<!-- \/ Yoast SEO plugin. -->","yoast_head_json":{"title":"7\u00ba Dia de Navega\u00e7\u00e3o \u2013 2 de Setembro - Not\u00edcias - Franciscanos","robots":{"index":"index","follow":"follow","max-snippet":"max-snippet:-1","max-image-preview":"max-image-preview:large","max-video-preview":"max-video-preview:-1"},"canonical":"https:\/\/franciscanos.org.br\/noticias\/7o-dia-de-navegacao-2-de-setembro.html","og_locale":"pt_BR","og_type":"article","og_title":"7\u00ba Dia de Navega\u00e7\u00e3o \u2013 2 de Setembro - Not\u00edcias - Franciscanos","og_description":"40 DIAS PELO RIO","og_url":"https:\/\/franciscanos.org.br\/noticias\/7o-dia-de-navegacao-2-de-setembro.html","og_site_name":"Not\u00edcias - Franciscanos","article_published_time":"2019-09-02T04:39:18+00:00","article_modified_time":"2019-09-23T11:29:37+00:00","og_image":[{"width":273,"height":181,"url":"https:\/\/franciscanos.org.br\/noticias\/wp-content\/uploads\/2019\/09\/273.jpg","type":"image\/jpeg"}],"author":"jovenal","twitter_card":"summary_large_image","twitter_misc":{"Escrito por":"jovenal","Est. tempo de leitura":"3 minutos"},"schema":{"@context":"https:\/\/schema.org","@graph":[{"@type":"WebSite","@id":"https:\/\/franciscanos.org.br\/noticias\/#website","url":"https:\/\/franciscanos.org.br\/noticias\/","name":"Not\u00edcias - Franciscanos","description":"Prov\u00edncia Franciscana da Imaculada Concei\u00e7\u00e3o do Brasil - Ordem dos Frades Menores - OFM","potentialAction":[{"@type":"SearchAction","target":{"@type":"EntryPoint","urlTemplate":"https:\/\/franciscanos.org.br\/noticias\/?s={search_term_string}"},"query-input":"required name=search_term_string"}],"inLanguage":"pt-BR"},{"@type":"ImageObject","inLanguage":"pt-BR","@id":"https:\/\/franciscanos.org.br\/noticias\/7o-dia-de-navegacao-2-de-setembro.html#primaryimage","url":"https:\/\/franciscanos.org.br\/noticias\/wp-content\/uploads\/2019\/09\/273.jpg","contentUrl":"https:\/\/franciscanos.org.br\/noticias\/wp-content\/uploads\/2019\/09\/273.jpg","width":273,"height":181},{"@type":"WebPage","@id":"https:\/\/franciscanos.org.br\/noticias\/7o-dia-de-navegacao-2-de-setembro.html#webpage","url":"https:\/\/franciscanos.org.br\/noticias\/7o-dia-de-navegacao-2-de-setembro.html","name":"7\u00ba Dia de Navega\u00e7\u00e3o \u2013 2 de Setembro - Not\u00edcias - Franciscanos","isPartOf":{"@id":"https:\/\/franciscanos.org.br\/noticias\/#website"},"primaryImageOfPage":{"@id":"https:\/\/franciscanos.org.br\/noticias\/7o-dia-de-navegacao-2-de-setembro.html#primaryimage"},"datePublished":"2019-09-02T04:39:18+00:00","dateModified":"2019-09-23T11:29:37+00:00","author":{"@id":"https:\/\/franciscanos.org.br\/noticias\/#\/schema\/person\/c3a26b08313dd1772495ce300ab257cc"},"breadcrumb":{"@id":"https:\/\/franciscanos.org.br\/noticias\/7o-dia-de-navegacao-2-de-setembro.html#breadcrumb"},"inLanguage":"pt-BR","potentialAction":[{"@type":"ReadAction","target":["https:\/\/franciscanos.org.br\/noticias\/7o-dia-de-navegacao-2-de-setembro.html"]}]},{"@type":"BreadcrumbList","@id":"https:\/\/franciscanos.org.br\/noticias\/7o-dia-de-navegacao-2-de-setembro.html#breadcrumb","itemListElement":[{"@type":"ListItem","position":1,"name":"Home","item":"https:\/\/franciscanos.org.br\/noticias"},{"@type":"ListItem","position":2,"name":"7\u00ba Dia de Navega\u00e7\u00e3o \u2013 2 de Setembro"}]},{"@type":"Person","@id":"https:\/\/franciscanos.org.br\/noticias\/#\/schema\/person\/c3a26b08313dd1772495ce300ab257cc","name":"jovenal","image":{"@type":"ImageObject","inLanguage":"pt-BR","@id":"https:\/\/franciscanos.org.br\/noticias\/#\/schema\/person\/image\/","url":"https:\/\/secure.gravatar.com\/avatar\/e94509f531086e2eaf97e72f29ea00f9?s=96&d=mm&r=g","contentUrl":"https:\/\/secure.gravatar.com\/avatar\/e94509f531086e2eaf97e72f29ea00f9?s=96&d=mm&r=g","caption":"jovenal"},"url":"https:\/\/franciscanos.org.br\/noticias\/author\/jovenal"}]}},"_links":{"self":[{"href":"https:\/\/franciscanos.org.br\/noticias\/wp-json\/wp\/v2\/posts\/210484"}],"collection":[{"href":"https:\/\/franciscanos.org.br\/noticias\/wp-json\/wp\/v2\/posts"}],"about":[{"href":"https:\/\/franciscanos.org.br\/noticias\/wp-json\/wp\/v2\/types\/post"}],"author":[{"embeddable":true,"href":"https:\/\/franciscanos.org.br\/noticias\/wp-json\/wp\/v2\/users\/7"}],"replies":[{"embeddable":true,"href":"https:\/\/franciscanos.org.br\/noticias\/wp-json\/wp\/v2\/comments?post=210484"}],"version-history":[{"count":0,"href":"https:\/\/franciscanos.org.br\/noticias\/wp-json\/wp\/v2\/posts\/210484\/revisions"}],"wp:featuredmedia":[{"embeddable":true,"href":"https:\/\/franciscanos.org.br\/noticias\/wp-json\/wp\/v2\/media\/210458"}],"wp:attachment":[{"href":"https:\/\/franciscanos.org.br\/noticias\/wp-json\/wp\/v2\/media?parent=210484"}],"wp:term":[{"taxonomy":"category","embeddable":true,"href":"https:\/\/franciscanos.org.br\/noticias\/wp-json\/wp\/v2\/categories?post=210484"},{"taxonomy":"post_tag","embeddable":true,"href":"https:\/\/franciscanos.org.br\/noticias\/wp-json\/wp\/v2\/tags?post=210484"}],"curies":[{"name":"wp","href":"https:\/\/api.w.org\/{rel}","templated":true}]}}