{"id":210481,"date":"2019-09-01T01:27:22","date_gmt":"2019-09-01T04:27:22","guid":{"rendered":"https:\/\/franciscanos.org.br\/noticias\/?p=210481"},"modified":"2019-09-11T13:49:48","modified_gmt":"2019-09-11T16:49:48","slug":"6o-dia-de-navegacao-1o-de-setembro","status":"publish","type":"post","link":"https:\/\/franciscanos.org.br\/noticias\/6o-dia-de-navegacao-1o-de-setembro.html","title":{"rendered":"6\u00ba Dia de Navega\u00e7\u00e3o &#8211; 1\u00ba de Setembro"},"content":{"rendered":"<p><img loading=\"lazy\" src=\"https:\/\/franciscanos.org.br\/noticias\/wp-content\/uploads\/2019\/09\/cabecalho.jpg\" alt=\"\" width=\"1200\" height=\"450\" \/><\/p>\n<h3><strong><img loading=\"lazy\" class=\"size-full wp-image-210482 alignright\" src=\"https:\/\/franciscanos.org.br\/noticias\/wp-content\/uploads\/2019\/09\/Dia-6.jpg\" alt=\"\" width=\"350\" height=\"497\" srcset=\"https:\/\/franciscanos.org.br\/noticias\/wp-content\/uploads\/2019\/09\/Dia-6.jpg 350w, https:\/\/franciscanos.org.br\/noticias\/wp-content\/uploads\/2019\/09\/Dia-6-317x450.jpg 317w, https:\/\/franciscanos.org.br\/noticias\/wp-content\/uploads\/2019\/09\/Dia-6-150x213.jpg 150w\" sizes=\"(max-width: 350px) 100vw, 350px\" \/>PETI\u00c7\u00c3O PERMANENTE PARA O S\u00cdNODO <\/strong><br \/>\n<strong>AMAZ\u00d4NICO NO IN\u00cdCIO DE CADA DIA:<\/strong><\/h3>\n<p style=\"padding-left: 40px;\"><em>\u201cQue o Deus da vida e da beleza, o Esp\u00edrito Santo que nos impulsiona <\/em><em>para mais fraternidade, unidade e dignidade, o Cristo <\/em><em>encarnado da Boa Nova, da incultura\u00e7\u00e3o e da interculturalidade <\/em><em>nos proporcionem serenidade, discernimento e coragem para <\/em><em>encontrar novos caminhos para a Igreja e para uma ecologia <\/em><em>integral neste S\u00ednodo Amaz\u00f4nico. Tudo isso para o bem e a vida <\/em><em>de seus povos e comunidades, e para caminhar mais juntos pelo <\/em><em>Reino\u201d.<\/em><\/p>\n<p>Medite por alguns momentos neste pedido inicial, busque a calma interior para entrar neste momento para navegar pelas \u00e1guas da Amaz\u00f4nia e a vida da Igreja a servi\u00e7o de seus povos e comunidades, e para ouvir o chamado de Deus atrav\u00e9s de sua palavra viva.<\/p>\n<p><strong>Leitura do dia (cada um e cada uma s\u00e3o convidados a <\/strong><strong>aprofundar a leitura completa de acordo com suas <\/strong><strong>pr\u00f3prias necessidades e crit\u00e9rios):<\/strong><\/p>\n<p><strong>Lucas 14, 1. 7-14 (fragmento)<\/strong><\/p>\n<p>&#8220;Jesus entrou num s\u00e1bado em casa de um fariseu not\u00e1vel, para uma refei\u00e7\u00e3o; eles o observavam. Observando tamb\u00e9m como os convidados escolhiam os primeiros lugares, prop\u00f4s-lhes a seguinte par\u00e1bola: Quando fores convidado \u00e0s bodas, n\u00e3o te sentes no primeiro lugar, (&#8230;) Porque todo aquele que se exaltar ser\u00e1 humilhado, e todo aquele que se humilhar ser\u00e1 exaltado\u201d. Dizia igualmente ao que o tinha convidado: \u201cQuando deres alguma ceia, n\u00e3o convides os teus amigos, nem teus irm\u00e3os, nem os parentes, nem os vizinhos ricos. Porque, por sua vez, eles te convidar\u00e3o e assim te retribuir\u00e3o. Mas, quando deres uma ceia, convida os pobres, os aleijados, os coxos e os cegos. Ser\u00e1s feliz porque eles n\u00e3o t\u00eam com que te retribuir, mas tu receber\u00e1s na ressurrei\u00e7\u00e3o dos justos.&#8221;<\/p>\n<p><strong>Reflex\u00e3o sob a perspectiva do S\u00ednodo Amaz\u00f4nico:<\/strong><\/p>\n<p>Neste S\u00ednodo amaz\u00f4nico, pedimos ao Senhor que saibamos abra\u00e7ar com absoluta convic\u00e7\u00e3o os mais pequenos, os vulnerados e vulner\u00e1veis, aqueles que foram exclu\u00eddos e oprimidos, e que asseguremos que eles ocupem o lugar de prioridade na mesa Sinodal. Que as suas vozes, t\u00e3o bem reunidas no processo de escuta sinodal, e tamb\u00e9m refletidas no <em>Instrumentum Laboris<\/em>, sejam reconhecidas como presen\u00e7a viva de Deus e prevale\u00e7am no nosso discernimento. Que suas vozes n\u00e3o sejam esquecidas mais uma vez. Queremos seguir o mandato de Jesus para chamar a mesa como os mais importantes \u00e0queles que foram considerados os \u00faltimos. \u00c9 a periferia que vem para iluminar o centro.<\/p>\n<p>\u00c9 o pr\u00f3prio Jesus que nos chama a reconhecer como os primeiros os povos oprimidos, aqueles que, aos olhos do mundo, n\u00e3o valem, pela sua incapacidade de reconhecer a vida que nos oferecem como testemunho. Este S\u00ednodo \u00e9 uma oportunidade \u00fanica para homenagear essas vozes, pedindo ao Senhor para nos libertar das atitudes e julgamentos farisaicos que rejeitam a sua presen\u00e7a nos pequenos, e que colocam a norma e a estrutura acima da vida. Que saibamos discernir a vossa vontade neste banquete do S\u00ednodo, para Vos reconhecer na vida dos povos que tanto t\u00eam a nos ensinar, como nos bispos, mission\u00e1rias-os, religiosos-as, sacerdotes simples e humildes, mas que s\u00e3o sinalo cred\u00edvel de Vossa presen\u00e7a para as comunidades na Amaz\u00f4nia, porque eles amam sem limites.<\/p>\n<p><strong>CONTEMPLA\u00c7\u00c3O<\/strong><\/p>\n<p style=\"padding-left: 40px;\"><em>Contemplemos a imagem deste dia e tomemos um momento para <\/em><em>reconhecer nossa pr\u00f3pria vida e experi\u00eancia na Igreja e ao servi\u00e7o <\/em><em>da Amaz\u00f4nia para pedir luz nesta palavra de Deus em prepara\u00e7\u00e3o <\/em><em>para o S\u00ednodo. Escrever meus pedidos particulares e <\/em><em>permanecer neles durante este dia. Convidamos voc\u00ea a manter <\/em><em>um registro de tudo o que o Esp\u00edrito nos provoca como prepara\u00e7\u00e3o <\/em><em>interior para o S\u00ednodo Amaz\u00f4nico.<\/em><\/p>\n<h3><strong>Cita\u00e7\u00e3o para fechar a medita\u00e7\u00e3o:<\/strong><\/h3>\n<h5 style=\"padding-left: 40px;\"><strong><em>Evangelii Gaudium, 197<\/em><\/strong><\/h5>\n<p style=\"padding-left: 40px;\">No cora\u00e7\u00e3o de Deus, ocupam lugar preferencial os pobres, tanto que at\u00e9 Ele mesmo \u00abSe fez pobre\u00bb (2 Cor 8, 9). Todo o caminho da nossa reden\u00e7\u00e3o est\u00e1 assinalado pelos pobres. Esta salva\u00e7\u00e3o veio a n\u00f3s, atrav\u00e9s do \u00absim\u00bb duma jovem humilde, duma pequena povoa\u00e7\u00e3o perdida na periferia dum grande imp\u00e9rio. O Salvador nasceu num pres\u00e9pio, entre animais, como sucedia com os filhos dos mais pobres; foi apresentado no Templo, juntamente com dois pombinhos, a oferta de quem n\u00e3o podia permitir-se pagar um cordeiro (cf. Lc 2, 24; Lv 5, 7); cresceu num lar de simples trabalhadores, e trabalhou com suas m\u00e3os para ganhar o p\u00e3o. Quando come\u00e7ou a anunciar o Reino, seguiam-No multid\u00f5es de deserdados, pondo assim em evid\u00eancia o que Ele mesmo dissera: \u00abO Esp\u00edrito do Senhor est\u00e1 sobre Mim, porque Me ungiu para anunciar a Boa Nova aos pobres\u00bb (Lc 4, 18).<\/p>\n","protected":false},"excerpt":{"rendered":"<p>40 DIAS PELO RIO<\/p>\n","protected":false},"author":7,"featured_media":210458,"comment_status":"open","ping_status":"open","sticky":false,"template":"","format":"standard","meta":[],"categories":[1528],"tags":[],"acf":[],"yoast_head":"<!-- This site is optimized with the Yoast SEO plugin v19.2 - https:\/\/yoast.com\/wordpress\/plugins\/seo\/ -->\n<title>6\u00ba Dia de Navega\u00e7\u00e3o - 1\u00ba de Setembro - Not\u00edcias - Franciscanos<\/title>\n<meta name=\"robots\" content=\"index, follow, max-snippet:-1, max-image-preview:large, max-video-preview:-1\" \/>\n<link rel=\"canonical\" href=\"https:\/\/franciscanos.org.br\/noticias\/6o-dia-de-navegacao-1o-de-setembro.html\" \/>\n<meta property=\"og:locale\" content=\"pt_BR\" \/>\n<meta property=\"og:type\" content=\"article\" \/>\n<meta property=\"og:title\" content=\"6\u00ba Dia de Navega\u00e7\u00e3o - 1\u00ba de Setembro - Not\u00edcias - Franciscanos\" \/>\n<meta property=\"og:description\" content=\"40 DIAS PELO RIO\" \/>\n<meta property=\"og:url\" content=\"https:\/\/franciscanos.org.br\/noticias\/6o-dia-de-navegacao-1o-de-setembro.html\" \/>\n<meta property=\"og:site_name\" content=\"Not\u00edcias - Franciscanos\" \/>\n<meta property=\"article:published_time\" content=\"2019-09-01T04:27:22+00:00\" \/>\n<meta property=\"article:modified_time\" content=\"2019-09-11T16:49:48+00:00\" \/>\n<meta property=\"og:image\" content=\"https:\/\/franciscanos.org.br\/noticias\/wp-content\/uploads\/2019\/09\/273.jpg\" \/>\n\t<meta property=\"og:image:width\" content=\"273\" \/>\n\t<meta property=\"og:image:height\" content=\"181\" \/>\n\t<meta property=\"og:image:type\" content=\"image\/jpeg\" \/>\n<meta name=\"author\" content=\"jovenal\" \/>\n<meta name=\"twitter:card\" content=\"summary_large_image\" \/>\n<meta name=\"twitter:label1\" content=\"Escrito por\" \/>\n\t<meta name=\"twitter:data1\" content=\"jovenal\" \/>\n\t<meta name=\"twitter:label2\" content=\"Est. tempo de leitura\" \/>\n\t<meta name=\"twitter:data2\" content=\"4 minutos\" \/>\n<script type=\"application\/ld+json\" class=\"yoast-schema-graph\">{\"@context\":\"https:\/\/schema.org\",\"@graph\":[{\"@type\":\"WebSite\",\"@id\":\"https:\/\/franciscanos.org.br\/noticias\/#website\",\"url\":\"https:\/\/franciscanos.org.br\/noticias\/\",\"name\":\"Not\u00edcias - Franciscanos\",\"description\":\"Prov\u00edncia Franciscana da Imaculada Concei\u00e7\u00e3o do Brasil - Ordem dos Frades Menores - OFM\",\"potentialAction\":[{\"@type\":\"SearchAction\",\"target\":{\"@type\":\"EntryPoint\",\"urlTemplate\":\"https:\/\/franciscanos.org.br\/noticias\/?s={search_term_string}\"},\"query-input\":\"required name=search_term_string\"}],\"inLanguage\":\"pt-BR\"},{\"@type\":\"ImageObject\",\"inLanguage\":\"pt-BR\",\"@id\":\"https:\/\/franciscanos.org.br\/noticias\/6o-dia-de-navegacao-1o-de-setembro.html#primaryimage\",\"url\":\"https:\/\/franciscanos.org.br\/noticias\/wp-content\/uploads\/2019\/09\/273.jpg\",\"contentUrl\":\"https:\/\/franciscanos.org.br\/noticias\/wp-content\/uploads\/2019\/09\/273.jpg\",\"width\":273,\"height\":181},{\"@type\":\"WebPage\",\"@id\":\"https:\/\/franciscanos.org.br\/noticias\/6o-dia-de-navegacao-1o-de-setembro.html#webpage\",\"url\":\"https:\/\/franciscanos.org.br\/noticias\/6o-dia-de-navegacao-1o-de-setembro.html\",\"name\":\"6\u00ba Dia de Navega\u00e7\u00e3o - 1\u00ba de Setembro - Not\u00edcias - Franciscanos\",\"isPartOf\":{\"@id\":\"https:\/\/franciscanos.org.br\/noticias\/#website\"},\"primaryImageOfPage\":{\"@id\":\"https:\/\/franciscanos.org.br\/noticias\/6o-dia-de-navegacao-1o-de-setembro.html#primaryimage\"},\"datePublished\":\"2019-09-01T04:27:22+00:00\",\"dateModified\":\"2019-09-11T16:49:48+00:00\",\"author\":{\"@id\":\"https:\/\/franciscanos.org.br\/noticias\/#\/schema\/person\/c3a26b08313dd1772495ce300ab257cc\"},\"breadcrumb\":{\"@id\":\"https:\/\/franciscanos.org.br\/noticias\/6o-dia-de-navegacao-1o-de-setembro.html#breadcrumb\"},\"inLanguage\":\"pt-BR\",\"potentialAction\":[{\"@type\":\"ReadAction\",\"target\":[\"https:\/\/franciscanos.org.br\/noticias\/6o-dia-de-navegacao-1o-de-setembro.html\"]}]},{\"@type\":\"BreadcrumbList\",\"@id\":\"https:\/\/franciscanos.org.br\/noticias\/6o-dia-de-navegacao-1o-de-setembro.html#breadcrumb\",\"itemListElement\":[{\"@type\":\"ListItem\",\"position\":1,\"name\":\"Home\",\"item\":\"https:\/\/franciscanos.org.br\/noticias\"},{\"@type\":\"ListItem\",\"position\":2,\"name\":\"6\u00ba Dia de Navega\u00e7\u00e3o &#8211; 1\u00ba de Setembro\"}]},{\"@type\":\"Person\",\"@id\":\"https:\/\/franciscanos.org.br\/noticias\/#\/schema\/person\/c3a26b08313dd1772495ce300ab257cc\",\"name\":\"jovenal\",\"image\":{\"@type\":\"ImageObject\",\"inLanguage\":\"pt-BR\",\"@id\":\"https:\/\/franciscanos.org.br\/noticias\/#\/schema\/person\/image\/\",\"url\":\"https:\/\/secure.gravatar.com\/avatar\/e94509f531086e2eaf97e72f29ea00f9?s=96&d=mm&r=g\",\"contentUrl\":\"https:\/\/secure.gravatar.com\/avatar\/e94509f531086e2eaf97e72f29ea00f9?s=96&d=mm&r=g\",\"caption\":\"jovenal\"},\"url\":\"https:\/\/franciscanos.org.br\/noticias\/author\/jovenal\"}]}<\/script>\n<!-- \/ Yoast SEO plugin. -->","yoast_head_json":{"title":"6\u00ba Dia de Navega\u00e7\u00e3o - 1\u00ba de Setembro - Not\u00edcias - Franciscanos","robots":{"index":"index","follow":"follow","max-snippet":"max-snippet:-1","max-image-preview":"max-image-preview:large","max-video-preview":"max-video-preview:-1"},"canonical":"https:\/\/franciscanos.org.br\/noticias\/6o-dia-de-navegacao-1o-de-setembro.html","og_locale":"pt_BR","og_type":"article","og_title":"6\u00ba Dia de Navega\u00e7\u00e3o - 1\u00ba de Setembro - Not\u00edcias - Franciscanos","og_description":"40 DIAS PELO RIO","og_url":"https:\/\/franciscanos.org.br\/noticias\/6o-dia-de-navegacao-1o-de-setembro.html","og_site_name":"Not\u00edcias - Franciscanos","article_published_time":"2019-09-01T04:27:22+00:00","article_modified_time":"2019-09-11T16:49:48+00:00","og_image":[{"width":273,"height":181,"url":"https:\/\/franciscanos.org.br\/noticias\/wp-content\/uploads\/2019\/09\/273.jpg","type":"image\/jpeg"}],"author":"jovenal","twitter_card":"summary_large_image","twitter_misc":{"Escrito por":"jovenal","Est. tempo de leitura":"4 minutos"},"schema":{"@context":"https:\/\/schema.org","@graph":[{"@type":"WebSite","@id":"https:\/\/franciscanos.org.br\/noticias\/#website","url":"https:\/\/franciscanos.org.br\/noticias\/","name":"Not\u00edcias - Franciscanos","description":"Prov\u00edncia Franciscana da Imaculada Concei\u00e7\u00e3o do Brasil - Ordem dos Frades Menores - OFM","potentialAction":[{"@type":"SearchAction","target":{"@type":"EntryPoint","urlTemplate":"https:\/\/franciscanos.org.br\/noticias\/?s={search_term_string}"},"query-input":"required name=search_term_string"}],"inLanguage":"pt-BR"},{"@type":"ImageObject","inLanguage":"pt-BR","@id":"https:\/\/franciscanos.org.br\/noticias\/6o-dia-de-navegacao-1o-de-setembro.html#primaryimage","url":"https:\/\/franciscanos.org.br\/noticias\/wp-content\/uploads\/2019\/09\/273.jpg","contentUrl":"https:\/\/franciscanos.org.br\/noticias\/wp-content\/uploads\/2019\/09\/273.jpg","width":273,"height":181},{"@type":"WebPage","@id":"https:\/\/franciscanos.org.br\/noticias\/6o-dia-de-navegacao-1o-de-setembro.html#webpage","url":"https:\/\/franciscanos.org.br\/noticias\/6o-dia-de-navegacao-1o-de-setembro.html","name":"6\u00ba Dia de Navega\u00e7\u00e3o - 1\u00ba de Setembro - Not\u00edcias - Franciscanos","isPartOf":{"@id":"https:\/\/franciscanos.org.br\/noticias\/#website"},"primaryImageOfPage":{"@id":"https:\/\/franciscanos.org.br\/noticias\/6o-dia-de-navegacao-1o-de-setembro.html#primaryimage"},"datePublished":"2019-09-01T04:27:22+00:00","dateModified":"2019-09-11T16:49:48+00:00","author":{"@id":"https:\/\/franciscanos.org.br\/noticias\/#\/schema\/person\/c3a26b08313dd1772495ce300ab257cc"},"breadcrumb":{"@id":"https:\/\/franciscanos.org.br\/noticias\/6o-dia-de-navegacao-1o-de-setembro.html#breadcrumb"},"inLanguage":"pt-BR","potentialAction":[{"@type":"ReadAction","target":["https:\/\/franciscanos.org.br\/noticias\/6o-dia-de-navegacao-1o-de-setembro.html"]}]},{"@type":"BreadcrumbList","@id":"https:\/\/franciscanos.org.br\/noticias\/6o-dia-de-navegacao-1o-de-setembro.html#breadcrumb","itemListElement":[{"@type":"ListItem","position":1,"name":"Home","item":"https:\/\/franciscanos.org.br\/noticias"},{"@type":"ListItem","position":2,"name":"6\u00ba Dia de Navega\u00e7\u00e3o &#8211; 1\u00ba de Setembro"}]},{"@type":"Person","@id":"https:\/\/franciscanos.org.br\/noticias\/#\/schema\/person\/c3a26b08313dd1772495ce300ab257cc","name":"jovenal","image":{"@type":"ImageObject","inLanguage":"pt-BR","@id":"https:\/\/franciscanos.org.br\/noticias\/#\/schema\/person\/image\/","url":"https:\/\/secure.gravatar.com\/avatar\/e94509f531086e2eaf97e72f29ea00f9?s=96&d=mm&r=g","contentUrl":"https:\/\/secure.gravatar.com\/avatar\/e94509f531086e2eaf97e72f29ea00f9?s=96&d=mm&r=g","caption":"jovenal"},"url":"https:\/\/franciscanos.org.br\/noticias\/author\/jovenal"}]}},"_links":{"self":[{"href":"https:\/\/franciscanos.org.br\/noticias\/wp-json\/wp\/v2\/posts\/210481"}],"collection":[{"href":"https:\/\/franciscanos.org.br\/noticias\/wp-json\/wp\/v2\/posts"}],"about":[{"href":"https:\/\/franciscanos.org.br\/noticias\/wp-json\/wp\/v2\/types\/post"}],"author":[{"embeddable":true,"href":"https:\/\/franciscanos.org.br\/noticias\/wp-json\/wp\/v2\/users\/7"}],"replies":[{"embeddable":true,"href":"https:\/\/franciscanos.org.br\/noticias\/wp-json\/wp\/v2\/comments?post=210481"}],"version-history":[{"count":0,"href":"https:\/\/franciscanos.org.br\/noticias\/wp-json\/wp\/v2\/posts\/210481\/revisions"}],"wp:featuredmedia":[{"embeddable":true,"href":"https:\/\/franciscanos.org.br\/noticias\/wp-json\/wp\/v2\/media\/210458"}],"wp:attachment":[{"href":"https:\/\/franciscanos.org.br\/noticias\/wp-json\/wp\/v2\/media?parent=210481"}],"wp:term":[{"taxonomy":"category","embeddable":true,"href":"https:\/\/franciscanos.org.br\/noticias\/wp-json\/wp\/v2\/categories?post=210481"},{"taxonomy":"post_tag","embeddable":true,"href":"https:\/\/franciscanos.org.br\/noticias\/wp-json\/wp\/v2\/tags?post=210481"}],"curies":[{"name":"wp","href":"https:\/\/api.w.org\/{rel}","templated":true}]}}