{"id":210465,"date":"2019-08-30T01:47:15","date_gmt":"2019-08-30T04:47:15","guid":{"rendered":"https:\/\/franciscanos.org.br\/noticias\/?p=210465"},"modified":"2019-09-11T13:54:21","modified_gmt":"2019-09-11T16:54:21","slug":"4o-dia-de-navegacao-30-de-agosto","status":"publish","type":"post","link":"https:\/\/franciscanos.org.br\/noticias\/4o-dia-de-navegacao-30-de-agosto.html","title":{"rendered":"4\u00ba Dia de Navega\u00e7\u00e3o &#8211; 30 de Agosto"},"content":{"rendered":"<p><img loading=\"lazy\" src=\"https:\/\/franciscanos.org.br\/noticias\/wp-content\/uploads\/2019\/09\/cabecalho.jpg\" alt=\"\" width=\"1200\" height=\"450\" \/><\/p>\n<h3><strong><img loading=\"lazy\" class=\"size-full wp-image-210466 alignright\" src=\"https:\/\/franciscanos.org.br\/noticias\/wp-content\/uploads\/2019\/09\/Dia-4.jpg\" alt=\"\" width=\"350\" height=\"498\" srcset=\"https:\/\/franciscanos.org.br\/noticias\/wp-content\/uploads\/2019\/09\/Dia-4.jpg 350w, https:\/\/franciscanos.org.br\/noticias\/wp-content\/uploads\/2019\/09\/Dia-4-316x450.jpg 316w, https:\/\/franciscanos.org.br\/noticias\/wp-content\/uploads\/2019\/09\/Dia-4-150x213.jpg 150w\" sizes=\"(max-width: 350px) 100vw, 350px\" \/>PETI\u00c7\u00c3O PERMANENTE PARA O S\u00cdNODO<br \/>\nAMAZ\u00d4NICO NO IN\u00cdCIO DE CADA DIA:<\/strong><\/h3>\n<p style=\"padding-left: 40px;\"><em>\u201cQue o Deus da vida e da beleza, o Esp\u00edrito Santo que nos impulsiona <\/em><em>para mais fraternidade, unidade e dignidade, o Cristo <\/em><em>encarnado da Boa Nova, da incultura\u00e7\u00e3o e da interculturalidade <\/em><em>nos proporcionem serenidade, discernimento e coragem para <\/em><em>encontrar novos caminhos para a Igreja e para uma ecologia <\/em><em>integral neste S\u00ednodo Amaz\u00f4nico. Tudo isso para o bem e a vida <\/em><em>de seus povos e comunidades, e para caminhar mais juntos pelo <\/em><em>Reino\u201d.<\/em><\/p>\n<p>Medite por alguns momentos neste pedido inicial, busque a calma interior para entrar neste momento para navegar pelas \u00e1guas da Amaz\u00f4nia e a vida da Igreja a servi\u00e7o de seus povos e comunidades, e para ouvir o chamado de Deus atrav\u00e9s de sua palavra viva.<\/p>\n<p><strong>Leitura do dia (cada um e cada uma s\u00e3o convidados a <\/strong><strong>aprofundar a leitura completa de acordo com suas <\/strong><strong>pr\u00f3prias necessidades e crit\u00e9rios):<\/strong><\/p>\n<p><strong>Mateus 25, 1-10<\/strong><\/p>\n<p>&#8220;Naquele tempo, disse Jesus aos seus disc\u00edpulos esta par\u00e1bola: o Reino dos C\u00e9us ser\u00e1 semelhante a dez virgens, que sa\u00edram com suas l\u00e2mpadas ao encontro do esposo. Cinco dentre elas eram tolas e cinco, prudentes. Tomando suas l\u00e2mpadas, as tolas n\u00e3o levaram \u00f3leo consigo. As prudentes, todavia, levaram de reserva vasos de \u00f3leo junto com as l\u00e2mpadas. Tardando o esposo, cochilaram todas e adormeceram. No meio da noite, por\u00e9m, ouviu-se um clamor: Eis o esposo, ide-lhe ao encontro. E as virgens levantaram-se todas e prepararam suas l\u00e2mpadas. As tolas disseram \u00e0s prudentes: Dai-nos de vosso \u00f3leo, porque nossas l\u00e2mpadas se est\u00e3o apagando. As prudentes responderam: N\u00e3o temos o suficiente para n\u00f3s e para v\u00f3s; \u00e9 prefer\u00edvel irdes aos vendedores, a fim de o comprar para v\u00f3s. Ora, enquanto foram comprar, veio o esposo. As que estavam preparadas entraram com ele para a sala das bodas e foi fechada a porta\u201d.<\/p>\n<p><strong>Reflex\u00e3o sob a perspectiva do S\u00ednodo Amaz\u00f4nico:<\/strong><\/p>\n<p>Neste S\u00ednodo amaz\u00f4nico pedimos aos Padres Sinodais e a todos e a todas os que participam nesta fase final do discernimento sinodal, que levem consigo, nos seus cora\u00e7\u00f5es, as vozes de todos e de todas os que participaram no processo de escuta no territ\u00f3rio. Que as esperan\u00e7as, dores e desejos de tantas pessoas que fizeram parte deste caminho sinodal sejam como o \u00f3leo das l\u00e2mpadas que nos permitem estar atentos para que a luz da esperan\u00e7a brilhe para todas e todos na Amaz\u00f4nia. Que reconhe\u00e7amos que a vida de tantas mulheres e homens \u00e9 o que sustenta a for\u00e7a da F\u00e9 na Amaz\u00f4nia, e o projeto do Reino s\u00f3 pode vir para quem tem \u00f3leo suficiente e n\u00e3o se deixa levar pelos imobilismos por medo de mudar e perder poder, ou pelos fundamentalismos que consideram que nenhuma mudan\u00e7a \u00e9 suficiente, a menos que seja \u00e0 sua imagem e semelhan\u00e7a. Neste Kair\u00f3s \u00e9 a luz de Cristo que tem que nos sustentar, mas ser\u00e1 al\u00e9m de nossa pr\u00f3pria fragilidade e for\u00e7a. N\u00f3s n\u00e3o sabemos o dia nem a hora, mas sabemos que o reino da justi\u00e7a est\u00e1 vindo para a Amaz\u00f4nia e que est\u00e1 se aproximando, mesmo no meio da fuma\u00e7a que tenta queimar esperan\u00e7as. Temos que pedir a plena confian\u00e7a, a coragem prof\u00e9tica e o compromisso cotidiano para que a luz de Deus chegue aos lugares mais esquecidos e \u00e0queles que t\u00eam sede de f\u00e9 e justi\u00e7a neste territ\u00f3rio.<\/p>\n<p><strong>CONTEMPLA\u00c7\u00c3O<\/strong><\/p>\n<p style=\"padding-left: 40px;\"><em>Contemplemos a imagem deste dia e tomemos um momento para <\/em><em>reconhecer nossa pr\u00f3pria vida e experi\u00eancia na Igreja e ao servi\u00e7o <\/em><em>da Amaz\u00f4nia para pedir luz nesta palavra de Deus em prepara\u00e7\u00e3o <\/em><em>para o S\u00ednodo. Escrever meus pedidos particulares e <\/em><em>permanecer neles durante este dia. Convidamos voc\u00ea a manter <\/em><em>um registro de tudo o que o Esp\u00edrito nos provoca como prepara\u00e7\u00e3o <\/em><em>interior para o S\u00ednodo AMAZ\u00d4NICO.<\/em><\/p>\n<h3><strong>Cita\u00e7\u00e3o para fechar a medita\u00e7\u00e3o:<\/strong><\/h3>\n<h5 style=\"padding-left: 40px;\"><em><strong>Constitui\u00e7\u00e3o Apost\u00f3lica EPISCOPALIS COMMUNIO No. 6. Papa Francisco.<\/strong><\/em><\/h5>\n<p style=\"padding-left: 40px;\">O S\u00ednodo dos Bispos deve tornar-se cada vez mais um instrumento privilegiado de escuta do Povo de Deus: \u00abPara os Padres sinodais, pedimos, do Esp\u00edrito Santo, antes de mais nada o dom da escuta: escuta de Deus, at\u00e9 ouvir com Ele o grito do povo; escuta do povo, at\u00e9 respirar nele a vontade de Deus que nos chama.<\/p>\n","protected":false},"excerpt":{"rendered":"<p>40 DIAS PELO RIO <\/p>\n","protected":false},"author":7,"featured_media":210458,"comment_status":"open","ping_status":"open","sticky":false,"template":"","format":"standard","meta":[],"categories":[1528],"tags":[834],"acf":[],"yoast_head":"<!-- This site is optimized with the Yoast SEO plugin v19.2 - https:\/\/yoast.com\/wordpress\/plugins\/seo\/ -->\n<title>4\u00ba Dia de Navega\u00e7\u00e3o - 30 de Agosto - Not\u00edcias - Franciscanos<\/title>\n<meta name=\"robots\" content=\"index, follow, max-snippet:-1, max-image-preview:large, max-video-preview:-1\" \/>\n<link rel=\"canonical\" href=\"https:\/\/franciscanos.org.br\/noticias\/4o-dia-de-navegacao-30-de-agosto.html\" \/>\n<meta property=\"og:locale\" content=\"pt_BR\" \/>\n<meta property=\"og:type\" content=\"article\" \/>\n<meta property=\"og:title\" content=\"4\u00ba Dia de Navega\u00e7\u00e3o - 30 de Agosto - Not\u00edcias - Franciscanos\" \/>\n<meta property=\"og:description\" content=\"40 DIAS PELO RIO\" \/>\n<meta property=\"og:url\" content=\"https:\/\/franciscanos.org.br\/noticias\/4o-dia-de-navegacao-30-de-agosto.html\" \/>\n<meta property=\"og:site_name\" content=\"Not\u00edcias - Franciscanos\" \/>\n<meta property=\"article:published_time\" content=\"2019-08-30T04:47:15+00:00\" \/>\n<meta property=\"article:modified_time\" content=\"2019-09-11T16:54:21+00:00\" \/>\n<meta property=\"og:image\" content=\"https:\/\/franciscanos.org.br\/noticias\/wp-content\/uploads\/2019\/09\/273.jpg\" \/>\n\t<meta property=\"og:image:width\" content=\"273\" \/>\n\t<meta property=\"og:image:height\" content=\"181\" \/>\n\t<meta property=\"og:image:type\" content=\"image\/jpeg\" \/>\n<meta name=\"author\" content=\"jovenal\" \/>\n<meta name=\"twitter:card\" content=\"summary_large_image\" \/>\n<meta name=\"twitter:label1\" content=\"Escrito por\" \/>\n\t<meta name=\"twitter:data1\" content=\"jovenal\" \/>\n\t<meta name=\"twitter:label2\" content=\"Est. tempo de leitura\" \/>\n\t<meta name=\"twitter:data2\" content=\"4 minutos\" \/>\n<script type=\"application\/ld+json\" class=\"yoast-schema-graph\">{\"@context\":\"https:\/\/schema.org\",\"@graph\":[{\"@type\":\"WebSite\",\"@id\":\"https:\/\/franciscanos.org.br\/noticias\/#website\",\"url\":\"https:\/\/franciscanos.org.br\/noticias\/\",\"name\":\"Not\u00edcias - Franciscanos\",\"description\":\"Prov\u00edncia Franciscana da Imaculada Concei\u00e7\u00e3o do Brasil - Ordem dos Frades Menores - OFM\",\"potentialAction\":[{\"@type\":\"SearchAction\",\"target\":{\"@type\":\"EntryPoint\",\"urlTemplate\":\"https:\/\/franciscanos.org.br\/noticias\/?s={search_term_string}\"},\"query-input\":\"required name=search_term_string\"}],\"inLanguage\":\"pt-BR\"},{\"@type\":\"ImageObject\",\"inLanguage\":\"pt-BR\",\"@id\":\"https:\/\/franciscanos.org.br\/noticias\/4o-dia-de-navegacao-30-de-agosto.html#primaryimage\",\"url\":\"https:\/\/franciscanos.org.br\/noticias\/wp-content\/uploads\/2019\/09\/273.jpg\",\"contentUrl\":\"https:\/\/franciscanos.org.br\/noticias\/wp-content\/uploads\/2019\/09\/273.jpg\",\"width\":273,\"height\":181},{\"@type\":\"WebPage\",\"@id\":\"https:\/\/franciscanos.org.br\/noticias\/4o-dia-de-navegacao-30-de-agosto.html#webpage\",\"url\":\"https:\/\/franciscanos.org.br\/noticias\/4o-dia-de-navegacao-30-de-agosto.html\",\"name\":\"4\u00ba Dia de Navega\u00e7\u00e3o - 30 de Agosto - Not\u00edcias - Franciscanos\",\"isPartOf\":{\"@id\":\"https:\/\/franciscanos.org.br\/noticias\/#website\"},\"primaryImageOfPage\":{\"@id\":\"https:\/\/franciscanos.org.br\/noticias\/4o-dia-de-navegacao-30-de-agosto.html#primaryimage\"},\"datePublished\":\"2019-08-30T04:47:15+00:00\",\"dateModified\":\"2019-09-11T16:54:21+00:00\",\"author\":{\"@id\":\"https:\/\/franciscanos.org.br\/noticias\/#\/schema\/person\/c3a26b08313dd1772495ce300ab257cc\"},\"breadcrumb\":{\"@id\":\"https:\/\/franciscanos.org.br\/noticias\/4o-dia-de-navegacao-30-de-agosto.html#breadcrumb\"},\"inLanguage\":\"pt-BR\",\"potentialAction\":[{\"@type\":\"ReadAction\",\"target\":[\"https:\/\/franciscanos.org.br\/noticias\/4o-dia-de-navegacao-30-de-agosto.html\"]}]},{\"@type\":\"BreadcrumbList\",\"@id\":\"https:\/\/franciscanos.org.br\/noticias\/4o-dia-de-navegacao-30-de-agosto.html#breadcrumb\",\"itemListElement\":[{\"@type\":\"ListItem\",\"position\":1,\"name\":\"Home\",\"item\":\"https:\/\/franciscanos.org.br\/noticias\"},{\"@type\":\"ListItem\",\"position\":2,\"name\":\"4\u00ba Dia de Navega\u00e7\u00e3o &#8211; 30 de Agosto\"}]},{\"@type\":\"Person\",\"@id\":\"https:\/\/franciscanos.org.br\/noticias\/#\/schema\/person\/c3a26b08313dd1772495ce300ab257cc\",\"name\":\"jovenal\",\"image\":{\"@type\":\"ImageObject\",\"inLanguage\":\"pt-BR\",\"@id\":\"https:\/\/franciscanos.org.br\/noticias\/#\/schema\/person\/image\/\",\"url\":\"https:\/\/secure.gravatar.com\/avatar\/e94509f531086e2eaf97e72f29ea00f9?s=96&d=mm&r=g\",\"contentUrl\":\"https:\/\/secure.gravatar.com\/avatar\/e94509f531086e2eaf97e72f29ea00f9?s=96&d=mm&r=g\",\"caption\":\"jovenal\"},\"url\":\"https:\/\/franciscanos.org.br\/noticias\/author\/jovenal\"}]}<\/script>\n<!-- \/ Yoast SEO plugin. -->","yoast_head_json":{"title":"4\u00ba Dia de Navega\u00e7\u00e3o - 30 de Agosto - Not\u00edcias - Franciscanos","robots":{"index":"index","follow":"follow","max-snippet":"max-snippet:-1","max-image-preview":"max-image-preview:large","max-video-preview":"max-video-preview:-1"},"canonical":"https:\/\/franciscanos.org.br\/noticias\/4o-dia-de-navegacao-30-de-agosto.html","og_locale":"pt_BR","og_type":"article","og_title":"4\u00ba Dia de Navega\u00e7\u00e3o - 30 de Agosto - Not\u00edcias - Franciscanos","og_description":"40 DIAS PELO RIO","og_url":"https:\/\/franciscanos.org.br\/noticias\/4o-dia-de-navegacao-30-de-agosto.html","og_site_name":"Not\u00edcias - Franciscanos","article_published_time":"2019-08-30T04:47:15+00:00","article_modified_time":"2019-09-11T16:54:21+00:00","og_image":[{"width":273,"height":181,"url":"https:\/\/franciscanos.org.br\/noticias\/wp-content\/uploads\/2019\/09\/273.jpg","type":"image\/jpeg"}],"author":"jovenal","twitter_card":"summary_large_image","twitter_misc":{"Escrito por":"jovenal","Est. tempo de leitura":"4 minutos"},"schema":{"@context":"https:\/\/schema.org","@graph":[{"@type":"WebSite","@id":"https:\/\/franciscanos.org.br\/noticias\/#website","url":"https:\/\/franciscanos.org.br\/noticias\/","name":"Not\u00edcias - Franciscanos","description":"Prov\u00edncia Franciscana da Imaculada Concei\u00e7\u00e3o do Brasil - Ordem dos Frades Menores - OFM","potentialAction":[{"@type":"SearchAction","target":{"@type":"EntryPoint","urlTemplate":"https:\/\/franciscanos.org.br\/noticias\/?s={search_term_string}"},"query-input":"required name=search_term_string"}],"inLanguage":"pt-BR"},{"@type":"ImageObject","inLanguage":"pt-BR","@id":"https:\/\/franciscanos.org.br\/noticias\/4o-dia-de-navegacao-30-de-agosto.html#primaryimage","url":"https:\/\/franciscanos.org.br\/noticias\/wp-content\/uploads\/2019\/09\/273.jpg","contentUrl":"https:\/\/franciscanos.org.br\/noticias\/wp-content\/uploads\/2019\/09\/273.jpg","width":273,"height":181},{"@type":"WebPage","@id":"https:\/\/franciscanos.org.br\/noticias\/4o-dia-de-navegacao-30-de-agosto.html#webpage","url":"https:\/\/franciscanos.org.br\/noticias\/4o-dia-de-navegacao-30-de-agosto.html","name":"4\u00ba Dia de Navega\u00e7\u00e3o - 30 de Agosto - Not\u00edcias - Franciscanos","isPartOf":{"@id":"https:\/\/franciscanos.org.br\/noticias\/#website"},"primaryImageOfPage":{"@id":"https:\/\/franciscanos.org.br\/noticias\/4o-dia-de-navegacao-30-de-agosto.html#primaryimage"},"datePublished":"2019-08-30T04:47:15+00:00","dateModified":"2019-09-11T16:54:21+00:00","author":{"@id":"https:\/\/franciscanos.org.br\/noticias\/#\/schema\/person\/c3a26b08313dd1772495ce300ab257cc"},"breadcrumb":{"@id":"https:\/\/franciscanos.org.br\/noticias\/4o-dia-de-navegacao-30-de-agosto.html#breadcrumb"},"inLanguage":"pt-BR","potentialAction":[{"@type":"ReadAction","target":["https:\/\/franciscanos.org.br\/noticias\/4o-dia-de-navegacao-30-de-agosto.html"]}]},{"@type":"BreadcrumbList","@id":"https:\/\/franciscanos.org.br\/noticias\/4o-dia-de-navegacao-30-de-agosto.html#breadcrumb","itemListElement":[{"@type":"ListItem","position":1,"name":"Home","item":"https:\/\/franciscanos.org.br\/noticias"},{"@type":"ListItem","position":2,"name":"4\u00ba Dia de Navega\u00e7\u00e3o &#8211; 30 de Agosto"}]},{"@type":"Person","@id":"https:\/\/franciscanos.org.br\/noticias\/#\/schema\/person\/c3a26b08313dd1772495ce300ab257cc","name":"jovenal","image":{"@type":"ImageObject","inLanguage":"pt-BR","@id":"https:\/\/franciscanos.org.br\/noticias\/#\/schema\/person\/image\/","url":"https:\/\/secure.gravatar.com\/avatar\/e94509f531086e2eaf97e72f29ea00f9?s=96&d=mm&r=g","contentUrl":"https:\/\/secure.gravatar.com\/avatar\/e94509f531086e2eaf97e72f29ea00f9?s=96&d=mm&r=g","caption":"jovenal"},"url":"https:\/\/franciscanos.org.br\/noticias\/author\/jovenal"}]}},"_links":{"self":[{"href":"https:\/\/franciscanos.org.br\/noticias\/wp-json\/wp\/v2\/posts\/210465"}],"collection":[{"href":"https:\/\/franciscanos.org.br\/noticias\/wp-json\/wp\/v2\/posts"}],"about":[{"href":"https:\/\/franciscanos.org.br\/noticias\/wp-json\/wp\/v2\/types\/post"}],"author":[{"embeddable":true,"href":"https:\/\/franciscanos.org.br\/noticias\/wp-json\/wp\/v2\/users\/7"}],"replies":[{"embeddable":true,"href":"https:\/\/franciscanos.org.br\/noticias\/wp-json\/wp\/v2\/comments?post=210465"}],"version-history":[{"count":0,"href":"https:\/\/franciscanos.org.br\/noticias\/wp-json\/wp\/v2\/posts\/210465\/revisions"}],"wp:featuredmedia":[{"embeddable":true,"href":"https:\/\/franciscanos.org.br\/noticias\/wp-json\/wp\/v2\/media\/210458"}],"wp:attachment":[{"href":"https:\/\/franciscanos.org.br\/noticias\/wp-json\/wp\/v2\/media?parent=210465"}],"wp:term":[{"taxonomy":"category","embeddable":true,"href":"https:\/\/franciscanos.org.br\/noticias\/wp-json\/wp\/v2\/categories?post=210465"},{"taxonomy":"post_tag","embeddable":true,"href":"https:\/\/franciscanos.org.br\/noticias\/wp-json\/wp\/v2\/tags?post=210465"}],"curies":[{"name":"wp","href":"https:\/\/api.w.org\/{rel}","templated":true}]}}