{"id":210462,"date":"2019-08-29T01:43:10","date_gmt":"2019-08-29T04:43:10","guid":{"rendered":"https:\/\/franciscanos.org.br\/noticias\/?p=210462"},"modified":"2019-09-11T13:59:15","modified_gmt":"2019-09-11T16:59:15","slug":"3o-dia-de-navegacao-29-de-agosto","status":"publish","type":"post","link":"https:\/\/franciscanos.org.br\/noticias\/3o-dia-de-navegacao-29-de-agosto.html","title":{"rendered":"3\u00ba Dia de Navega\u00e7\u00e3o &#8211; 29 de Agosto"},"content":{"rendered":"<p><img loading=\"lazy\" src=\"https:\/\/franciscanos.org.br\/noticias\/wp-content\/uploads\/2019\/09\/cabecalho.jpg\" alt=\"\" width=\"1200\" height=\"450\" \/><\/p>\n<h3><strong><img loading=\"lazy\" class=\"alignright size-full wp-image-210650\" src=\"https:\/\/franciscanos.org.br\/noticias\/wp-content\/uploads\/2019\/08\/dia3.jpg\" alt=\"\" width=\"350\" height=\"500\" srcset=\"https:\/\/franciscanos.org.br\/noticias\/wp-content\/uploads\/2019\/08\/dia3.jpg 350w, https:\/\/franciscanos.org.br\/noticias\/wp-content\/uploads\/2019\/08\/dia3-315x450.jpg 315w, https:\/\/franciscanos.org.br\/noticias\/wp-content\/uploads\/2019\/08\/dia3-150x214.jpg 150w\" sizes=\"(max-width: 350px) 100vw, 350px\" \/>PETI\u00c7\u00c3O PERMANENTE PARA O S\u00cdNODO<\/strong><br \/>\n<strong>AMAZ\u00d4NICO NO IN\u00cdCIO DE CADA DIA:<\/strong><\/h3>\n<p style=\"padding-left: 40px;\"><em>\u201cQue o Deus da vida e da beleza, o Esp\u00edrito Santo que nos\u00a0<\/em><em>impulsiona para mais fraternidade, unidade e dignidade, o\u00a0<\/em><em>Cristo encarnado da Boa Nova, da incultura\u00e7\u00e3o e da interculturalidade\u00a0<\/em><em>nos proporcionem serenidade, discernimento e\u00a0<\/em><em>coragem para encontrar novos caminhos para a Igreja e para\u00a0<\/em><em>uma ecologia integral neste S\u00ednodo Amaz\u00f4nico. Tudo isso\u00a0<\/em><em>para o bem e a vida de seus povos e comunidades, e para\u00a0<\/em><em>caminhar mais juntos pelo Reino\u201d.<\/em><\/p>\n<p>Medite por alguns momentos neste pedido inicial, busque a calma interior para entrar neste momento para navegar pelas \u00e1guas da Amaz\u00f4nia e a vida da Igreja a servi\u00e7o de seus povos e comunidades, e para ouvir o chamado de Deus atrav\u00e9s de sua palavra viva.<\/p>\n<p><strong>Leitura do dia (cada um e cada uma s\u00e3o convidados a\u00a0<\/strong><strong>aprofundar a leitura completa de acordo com suas\u00a0<\/strong><strong>pr\u00f3prias necessidades e crit\u00e9rios):<\/strong><\/p>\n<p><strong>Jeremias 1, 17-19<\/strong><\/p>\n<p style=\"padding-left: 40px;\"><em>\u201cNaqueles dias, o Senhor falou comigo nestes termos: Tu, por\u00e9m,\u00a0<\/em><em>cinge-te com o teu cinto e levanta-te para dizer-lhes tudo quanto\u00a0<\/em><em>te ordenar. N\u00e3o temas a presen\u00e7a deles; sen\u00e3o, eu te aterrorizarei\u00a0<\/em><em>\u00e0 vista deles; quanto a mim, desde hoje, fa\u00e7o de ti uma fortaleza,\u00a0<\/em><em>coluna de ferro e muro de bronze, erguido) diante de toda na\u00e7\u00e3o,\u00a0<\/em><em>diante dos reis de Jud\u00e1 e seus chefes, diante de seus sacerdotes e\u00a0<\/em><em>de todo o povo da na\u00e7\u00e3o. Eles te combater\u00e3o, mas n\u00e3o conseguir\u00e3o\u00a0<\/em><em>vencer-te, porque estou contigo,<br \/>\npara livrar-te\u201d \u2013 or\u00e1culo\u00a0<\/em><em>do Senhor.\u201d\u00a0<\/em><\/p>\n<p><strong>Reflex\u00e3o sob a perspectiva do S\u00ednodo Amaz\u00f4nico:<\/strong><\/p>\n<p>Neste S\u00ednodo amaz\u00f4nico, e na profunda incerteza do momento presente devido \u00e0 crise ecol\u00f3gica e aos sinais da morte cotidiana que muitos dos povos vivem aqui neste territ\u00f3rio, n\u00f3s colocamos toda a nossa esperan\u00e7a em V\u00f3s para que o teu reino venha e destrua tudo aquilo que oprime. Escutamos as tuas palavras e reconhecemos o teu chamado que tamb\u00e9m nos vem da vida dos povos e comunidades, e l\u00e1 encontramos a coragem de saber que a for\u00e7a vem somente e unicamente de V\u00f3s. Sentimos nas poucas, mas muito ruidosas resist\u00eancias internas e externas, o convite a confiar que se esta \u00e9 a vossa obra e a vossa vontade, a\u00ed estar\u00e1s para nos acompanhar e dar-se-\u00e1 o fruto desejado: convers\u00e3o pastoral, convers\u00e3o ecol\u00f3gica e convers\u00e3o sinodal.<\/p>\n<p><strong>CONTEMPLA\u00c7\u00c3O<\/strong><\/p>\n<p style=\"padding-left: 40px;\"><em>Contemplemos a imagem deste dia e tomemos um momento para reconhecer nossa pr\u00f3pria vida e experi\u00eancia na Igreja e ao servi\u00e7o da Amaz\u00f4nia para pedir luz nesta palavra de Deus em prepara\u00e7\u00e3o para o S\u00ednodo. Escrever meus pedidos particulares e permanecer neles durante este dia. Convidamos voc\u00ea a manter um registro de tudo o que o Esp\u00edrito nos provoca como prepara\u00e7\u00e3o interior para o S\u00ednodo AMAZ\u00d4NICO.<\/em><\/p>\n<h3><strong>Cita\u00e7\u00e3o para fechar a medita\u00e7\u00e3o:<\/strong><\/h3>\n<h5 style=\"padding-left: 40px;\"><strong><em>INSTRUMENTUM LABORIS, 34<\/em><\/strong><\/h5>\n<p style=\"padding-left: 40px;\">Mediante a for\u00e7a do Esp\u00edrito Santo, e identificada com esta hist\u00f3ria de cruz e ressurrei\u00e7\u00e3o, a Igreja quer aprender, dialogar e responder com esperan\u00e7a e alegria aos sinais dos tempos junto aos povos da Amaz\u00f4nia. Esperemos que tal aprendizagem, di\u00e1logo e corresponsabilidade possam estender-se tamb\u00e9m a todos os recantos do planeta que aspiram \u00e0 plenitude integral da vida em todos os sentidos. Acreditamos que este <em>kair\u00f3s<\/em> da Amaz\u00f4nia, como tempo de Deus, convoca e provoca, e \u00e9 um tempo de gra\u00e7a e liberta\u00e7\u00e3o, de mem\u00f3ria e de convers\u00e3o, de desafios e de esperan\u00e7a.<\/p>\n","protected":false},"excerpt":{"rendered":"<p>40 DIAS PELO RIO<\/p>\n","protected":false},"author":7,"featured_media":210458,"comment_status":"open","ping_status":"open","sticky":false,"template":"","format":"standard","meta":[],"categories":[1528],"tags":[],"acf":[],"yoast_head":"<!-- This site is optimized with the Yoast SEO plugin v19.2 - https:\/\/yoast.com\/wordpress\/plugins\/seo\/ -->\n<title>3\u00ba Dia de Navega\u00e7\u00e3o - 29 de Agosto - Not\u00edcias - Franciscanos<\/title>\n<meta name=\"robots\" content=\"index, follow, max-snippet:-1, max-image-preview:large, max-video-preview:-1\" \/>\n<link rel=\"canonical\" href=\"https:\/\/franciscanos.org.br\/noticias\/3o-dia-de-navegacao-29-de-agosto.html\" \/>\n<meta property=\"og:locale\" content=\"pt_BR\" \/>\n<meta property=\"og:type\" content=\"article\" \/>\n<meta property=\"og:title\" content=\"3\u00ba Dia de Navega\u00e7\u00e3o - 29 de Agosto - Not\u00edcias - Franciscanos\" \/>\n<meta property=\"og:description\" content=\"40 DIAS PELO RIO\" \/>\n<meta property=\"og:url\" content=\"https:\/\/franciscanos.org.br\/noticias\/3o-dia-de-navegacao-29-de-agosto.html\" \/>\n<meta property=\"og:site_name\" content=\"Not\u00edcias - Franciscanos\" \/>\n<meta property=\"article:published_time\" content=\"2019-08-29T04:43:10+00:00\" \/>\n<meta property=\"article:modified_time\" content=\"2019-09-11T16:59:15+00:00\" \/>\n<meta property=\"og:image\" content=\"https:\/\/franciscanos.org.br\/noticias\/wp-content\/uploads\/2019\/09\/273.jpg\" \/>\n\t<meta property=\"og:image:width\" content=\"273\" \/>\n\t<meta property=\"og:image:height\" content=\"181\" \/>\n\t<meta property=\"og:image:type\" content=\"image\/jpeg\" \/>\n<meta name=\"author\" content=\"jovenal\" \/>\n<meta name=\"twitter:card\" content=\"summary_large_image\" \/>\n<meta name=\"twitter:label1\" content=\"Escrito por\" \/>\n\t<meta name=\"twitter:data1\" content=\"jovenal\" \/>\n\t<meta name=\"twitter:label2\" content=\"Est. tempo de leitura\" \/>\n\t<meta name=\"twitter:data2\" content=\"3 minutos\" \/>\n<script type=\"application\/ld+json\" class=\"yoast-schema-graph\">{\"@context\":\"https:\/\/schema.org\",\"@graph\":[{\"@type\":\"WebSite\",\"@id\":\"https:\/\/franciscanos.org.br\/noticias\/#website\",\"url\":\"https:\/\/franciscanos.org.br\/noticias\/\",\"name\":\"Not\u00edcias - Franciscanos\",\"description\":\"Prov\u00edncia Franciscana da Imaculada Concei\u00e7\u00e3o do Brasil - Ordem dos Frades Menores - OFM\",\"potentialAction\":[{\"@type\":\"SearchAction\",\"target\":{\"@type\":\"EntryPoint\",\"urlTemplate\":\"https:\/\/franciscanos.org.br\/noticias\/?s={search_term_string}\"},\"query-input\":\"required name=search_term_string\"}],\"inLanguage\":\"pt-BR\"},{\"@type\":\"ImageObject\",\"inLanguage\":\"pt-BR\",\"@id\":\"https:\/\/franciscanos.org.br\/noticias\/3o-dia-de-navegacao-29-de-agosto.html#primaryimage\",\"url\":\"https:\/\/franciscanos.org.br\/noticias\/wp-content\/uploads\/2019\/09\/273.jpg\",\"contentUrl\":\"https:\/\/franciscanos.org.br\/noticias\/wp-content\/uploads\/2019\/09\/273.jpg\",\"width\":273,\"height\":181},{\"@type\":\"WebPage\",\"@id\":\"https:\/\/franciscanos.org.br\/noticias\/3o-dia-de-navegacao-29-de-agosto.html#webpage\",\"url\":\"https:\/\/franciscanos.org.br\/noticias\/3o-dia-de-navegacao-29-de-agosto.html\",\"name\":\"3\u00ba Dia de Navega\u00e7\u00e3o - 29 de Agosto - Not\u00edcias - Franciscanos\",\"isPartOf\":{\"@id\":\"https:\/\/franciscanos.org.br\/noticias\/#website\"},\"primaryImageOfPage\":{\"@id\":\"https:\/\/franciscanos.org.br\/noticias\/3o-dia-de-navegacao-29-de-agosto.html#primaryimage\"},\"datePublished\":\"2019-08-29T04:43:10+00:00\",\"dateModified\":\"2019-09-11T16:59:15+00:00\",\"author\":{\"@id\":\"https:\/\/franciscanos.org.br\/noticias\/#\/schema\/person\/c3a26b08313dd1772495ce300ab257cc\"},\"breadcrumb\":{\"@id\":\"https:\/\/franciscanos.org.br\/noticias\/3o-dia-de-navegacao-29-de-agosto.html#breadcrumb\"},\"inLanguage\":\"pt-BR\",\"potentialAction\":[{\"@type\":\"ReadAction\",\"target\":[\"https:\/\/franciscanos.org.br\/noticias\/3o-dia-de-navegacao-29-de-agosto.html\"]}]},{\"@type\":\"BreadcrumbList\",\"@id\":\"https:\/\/franciscanos.org.br\/noticias\/3o-dia-de-navegacao-29-de-agosto.html#breadcrumb\",\"itemListElement\":[{\"@type\":\"ListItem\",\"position\":1,\"name\":\"Home\",\"item\":\"https:\/\/franciscanos.org.br\/noticias\"},{\"@type\":\"ListItem\",\"position\":2,\"name\":\"3\u00ba Dia de Navega\u00e7\u00e3o &#8211; 29 de Agosto\"}]},{\"@type\":\"Person\",\"@id\":\"https:\/\/franciscanos.org.br\/noticias\/#\/schema\/person\/c3a26b08313dd1772495ce300ab257cc\",\"name\":\"jovenal\",\"image\":{\"@type\":\"ImageObject\",\"inLanguage\":\"pt-BR\",\"@id\":\"https:\/\/franciscanos.org.br\/noticias\/#\/schema\/person\/image\/\",\"url\":\"https:\/\/secure.gravatar.com\/avatar\/e94509f531086e2eaf97e72f29ea00f9?s=96&d=mm&r=g\",\"contentUrl\":\"https:\/\/secure.gravatar.com\/avatar\/e94509f531086e2eaf97e72f29ea00f9?s=96&d=mm&r=g\",\"caption\":\"jovenal\"},\"url\":\"https:\/\/franciscanos.org.br\/noticias\/author\/jovenal\"}]}<\/script>\n<!-- \/ Yoast SEO plugin. -->","yoast_head_json":{"title":"3\u00ba Dia de Navega\u00e7\u00e3o - 29 de Agosto - Not\u00edcias - Franciscanos","robots":{"index":"index","follow":"follow","max-snippet":"max-snippet:-1","max-image-preview":"max-image-preview:large","max-video-preview":"max-video-preview:-1"},"canonical":"https:\/\/franciscanos.org.br\/noticias\/3o-dia-de-navegacao-29-de-agosto.html","og_locale":"pt_BR","og_type":"article","og_title":"3\u00ba Dia de Navega\u00e7\u00e3o - 29 de Agosto - Not\u00edcias - Franciscanos","og_description":"40 DIAS PELO RIO","og_url":"https:\/\/franciscanos.org.br\/noticias\/3o-dia-de-navegacao-29-de-agosto.html","og_site_name":"Not\u00edcias - Franciscanos","article_published_time":"2019-08-29T04:43:10+00:00","article_modified_time":"2019-09-11T16:59:15+00:00","og_image":[{"width":273,"height":181,"url":"https:\/\/franciscanos.org.br\/noticias\/wp-content\/uploads\/2019\/09\/273.jpg","type":"image\/jpeg"}],"author":"jovenal","twitter_card":"summary_large_image","twitter_misc":{"Escrito por":"jovenal","Est. tempo de leitura":"3 minutos"},"schema":{"@context":"https:\/\/schema.org","@graph":[{"@type":"WebSite","@id":"https:\/\/franciscanos.org.br\/noticias\/#website","url":"https:\/\/franciscanos.org.br\/noticias\/","name":"Not\u00edcias - Franciscanos","description":"Prov\u00edncia Franciscana da Imaculada Concei\u00e7\u00e3o do Brasil - Ordem dos Frades Menores - OFM","potentialAction":[{"@type":"SearchAction","target":{"@type":"EntryPoint","urlTemplate":"https:\/\/franciscanos.org.br\/noticias\/?s={search_term_string}"},"query-input":"required name=search_term_string"}],"inLanguage":"pt-BR"},{"@type":"ImageObject","inLanguage":"pt-BR","@id":"https:\/\/franciscanos.org.br\/noticias\/3o-dia-de-navegacao-29-de-agosto.html#primaryimage","url":"https:\/\/franciscanos.org.br\/noticias\/wp-content\/uploads\/2019\/09\/273.jpg","contentUrl":"https:\/\/franciscanos.org.br\/noticias\/wp-content\/uploads\/2019\/09\/273.jpg","width":273,"height":181},{"@type":"WebPage","@id":"https:\/\/franciscanos.org.br\/noticias\/3o-dia-de-navegacao-29-de-agosto.html#webpage","url":"https:\/\/franciscanos.org.br\/noticias\/3o-dia-de-navegacao-29-de-agosto.html","name":"3\u00ba Dia de Navega\u00e7\u00e3o - 29 de Agosto - Not\u00edcias - Franciscanos","isPartOf":{"@id":"https:\/\/franciscanos.org.br\/noticias\/#website"},"primaryImageOfPage":{"@id":"https:\/\/franciscanos.org.br\/noticias\/3o-dia-de-navegacao-29-de-agosto.html#primaryimage"},"datePublished":"2019-08-29T04:43:10+00:00","dateModified":"2019-09-11T16:59:15+00:00","author":{"@id":"https:\/\/franciscanos.org.br\/noticias\/#\/schema\/person\/c3a26b08313dd1772495ce300ab257cc"},"breadcrumb":{"@id":"https:\/\/franciscanos.org.br\/noticias\/3o-dia-de-navegacao-29-de-agosto.html#breadcrumb"},"inLanguage":"pt-BR","potentialAction":[{"@type":"ReadAction","target":["https:\/\/franciscanos.org.br\/noticias\/3o-dia-de-navegacao-29-de-agosto.html"]}]},{"@type":"BreadcrumbList","@id":"https:\/\/franciscanos.org.br\/noticias\/3o-dia-de-navegacao-29-de-agosto.html#breadcrumb","itemListElement":[{"@type":"ListItem","position":1,"name":"Home","item":"https:\/\/franciscanos.org.br\/noticias"},{"@type":"ListItem","position":2,"name":"3\u00ba Dia de Navega\u00e7\u00e3o &#8211; 29 de Agosto"}]},{"@type":"Person","@id":"https:\/\/franciscanos.org.br\/noticias\/#\/schema\/person\/c3a26b08313dd1772495ce300ab257cc","name":"jovenal","image":{"@type":"ImageObject","inLanguage":"pt-BR","@id":"https:\/\/franciscanos.org.br\/noticias\/#\/schema\/person\/image\/","url":"https:\/\/secure.gravatar.com\/avatar\/e94509f531086e2eaf97e72f29ea00f9?s=96&d=mm&r=g","contentUrl":"https:\/\/secure.gravatar.com\/avatar\/e94509f531086e2eaf97e72f29ea00f9?s=96&d=mm&r=g","caption":"jovenal"},"url":"https:\/\/franciscanos.org.br\/noticias\/author\/jovenal"}]}},"_links":{"self":[{"href":"https:\/\/franciscanos.org.br\/noticias\/wp-json\/wp\/v2\/posts\/210462"}],"collection":[{"href":"https:\/\/franciscanos.org.br\/noticias\/wp-json\/wp\/v2\/posts"}],"about":[{"href":"https:\/\/franciscanos.org.br\/noticias\/wp-json\/wp\/v2\/types\/post"}],"author":[{"embeddable":true,"href":"https:\/\/franciscanos.org.br\/noticias\/wp-json\/wp\/v2\/users\/7"}],"replies":[{"embeddable":true,"href":"https:\/\/franciscanos.org.br\/noticias\/wp-json\/wp\/v2\/comments?post=210462"}],"version-history":[{"count":0,"href":"https:\/\/franciscanos.org.br\/noticias\/wp-json\/wp\/v2\/posts\/210462\/revisions"}],"wp:featuredmedia":[{"embeddable":true,"href":"https:\/\/franciscanos.org.br\/noticias\/wp-json\/wp\/v2\/media\/210458"}],"wp:attachment":[{"href":"https:\/\/franciscanos.org.br\/noticias\/wp-json\/wp\/v2\/media?parent=210462"}],"wp:term":[{"taxonomy":"category","embeddable":true,"href":"https:\/\/franciscanos.org.br\/noticias\/wp-json\/wp\/v2\/categories?post=210462"},{"taxonomy":"post_tag","embeddable":true,"href":"https:\/\/franciscanos.org.br\/noticias\/wp-json\/wp\/v2\/tags?post=210462"}],"curies":[{"name":"wp","href":"https:\/\/api.w.org\/{rel}","templated":true}]}}