{"id":210456,"date":"2019-08-28T01:34:44","date_gmt":"2019-08-28T04:34:44","guid":{"rendered":"https:\/\/franciscanos.org.br\/noticias\/?p=210456"},"modified":"2019-09-11T14:02:00","modified_gmt":"2019-09-11T17:02:00","slug":"2o-dia-de-navegacao-28-de-agosto","status":"publish","type":"post","link":"https:\/\/franciscanos.org.br\/noticias\/2o-dia-de-navegacao-28-de-agosto.html","title":{"rendered":"2\u00ba Dia de Navega\u00e7\u00e3o &#8211; 28 de Agosto"},"content":{"rendered":"<p><img loading=\"lazy\" src=\"https:\/\/franciscanos.org.br\/noticias\/wp-content\/uploads\/2019\/09\/cabecalho.jpg\" alt=\"\" width=\"1200\" height=\"450\" \/><\/p>\n<h3><strong><img loading=\"lazy\" class=\"size-full wp-image-210457 alignright\" src=\"https:\/\/franciscanos.org.br\/noticias\/wp-content\/uploads\/2019\/09\/Dia-2.jpg\" alt=\"\" width=\"350\" height=\"508\" srcset=\"https:\/\/franciscanos.org.br\/noticias\/wp-content\/uploads\/2019\/09\/Dia-2.jpg 350w, https:\/\/franciscanos.org.br\/noticias\/wp-content\/uploads\/2019\/09\/Dia-2-310x450.jpg 310w, https:\/\/franciscanos.org.br\/noticias\/wp-content\/uploads\/2019\/09\/Dia-2-150x218.jpg 150w\" sizes=\"(max-width: 350px) 100vw, 350px\" \/>PETI\u00c7\u00c3O PERMANENTE PARA O S\u00cdNODO<br \/>\nAMAZ\u00d4NICO\u00a0<\/strong><strong>NO IN\u00cdCIO DE CADA DIA:<\/strong><\/h3>\n<p style=\"padding-left: 40px;\"><em>\u201cQue o Deus da vida e da beleza, o Esp\u00edrito Santo que nos impulsiona\u00a0<\/em><em>para mais fraternidade, unidade e dignidade, o Cristo\u00a0<\/em><em>encarnado da Boa Nova, da incultura\u00e7\u00e3o e da interculturalidade\u00a0<\/em><em>nos proporcionem serenidade, discernimento e coragem para\u00a0<\/em><em>encontrar novos caminhos para a Igreja e para uma ecologia\u00a0<\/em><em>integral neste S\u00ednodo Amaz\u00f4nico. Tudo isso para o bem e a vida\u00a0<\/em><em>de seus povos e comunidades, e para caminhar mais juntos pelo\u00a0<\/em><em>Reino\u201d.<\/em><\/p>\n<p>Medite por alguns momentos neste pedido inicial, busque a calma interior para entrar neste momento para navegar pelas \u00e1guas da Amaz\u00f4nia e a vida da Igreja a servi\u00e7o de seus povos e comunidades, e para ouvir o chamado de Deus atrav\u00e9s de sua palavra viva.<\/p>\n<p><strong>Leitura do dia (cada um e cada uma s\u00e3o convidados a\u00a0<\/strong><strong>aprofundar a leitura completa de acordo com suas\u00a0<\/strong><strong>pr\u00f3prias necessidades e crit\u00e9rios):<\/strong><\/p>\n<p><strong>Salmo 138<\/strong><\/p>\n<p style=\"padding-left: 40px;\"><em>\u201cPara onde irei, longe de vosso Esp\u00edrito? Para onde fugir, apartado\u00a0<\/em><em>de vosso olhar? Se subir at\u00e9 os c\u00e9us, ali estareis; se descer \u00e0\u00a0<\/em><em>regi\u00e3o dos mortos, l\u00e1 vos encontrareis tamb\u00e9m. Se tomar as asas\u00a0<\/em><em>da aurora, se me fixar nos confins do mar, \u00e9 ainda vossa m\u00e3o que\u00a0<\/em><em>l\u00e1 me levar\u00e1, e vossa destra que me sustentar\u00e1. Se eu dissesse:\u00a0<\/em><em>\u201cPelo menos as trevas me ocultar\u00e3o, e a noite, como se fora luz,\u00a0<\/em><em>me h\u00e1 de envolver\u201d. As pr\u00f3prias trevas n\u00e3o s\u00e3o escuras para v\u00f3s,\u00a0<\/em><em>a noite vos \u00e9 transparente como o dia e a escurid\u00e3o, clara como a\u00a0<\/em><em>luz.\u201d\u00a0<\/em><\/p>\n<p><strong>Reflex\u00e3o sob a perspectiva do S\u00ednodo Amaz\u00f4nico:<\/strong><\/p>\n<p>Neste S\u00ednodo Amaz\u00f4nico, reconhecemos firmemente a presen\u00e7a de Deus em meio a essa realidade e em toda a beleza da diversidade do criado. Nos contrastes deste territ\u00f3rio que representam os c\u00e9us e o abismo, somos chamados a reconhecer a luz da esperan\u00e7a no Deus vivo que est\u00e1 presente em nosso meio todos os dias. Este \u00e9 um vasto territ\u00f3rio, que expressa vida como um rio mar que funciona como uma art\u00e9ria central que expande a beleza e parece infinita. Em Ti, Deus da vida, reconhecemos a promessa do amanhecer, isto \u00e9, do novo dia que vencer\u00e1 as trevas. Tua for\u00e7a e a esperan\u00e7a de teus filhos e filhas far\u00e3o com que a luz volte a nascer no meio dessas terras que querem ser queimadas, desmatadas, exploradas e despojadas de seus habitantes e cuidadores origin\u00e1rios. Em tua promessa, Senhor, os povos e comunidades amaz\u00f4nicas esperam. Neste S\u00ednodo, como um meio, estamos confiantes de que Tu haver\u00e1s de te fazer prop\u00edcio.<\/p>\n<p><strong>CONTEMPLA\u00c7\u00c3O<\/strong><\/p>\n<p style=\"padding-left: 40px;\"><em>Contemplemos a imagem deste dia e tomemos um momento para\u00a0<\/em><em>reconhecer nossa pr\u00f3pria vida e experi\u00eancia na Igreja e ao servi\u00e7o\u00a0<\/em><em>da Amaz\u00f4nia para pedir luz nesta palavra de Deus em prepara\u00e7\u00e3o\u00a0<\/em><em>para o S\u00ednodo. Escrever meus pedidos particulares e\u00a0<\/em><em>permanecer neles durante este dia. Convidamos voc\u00ea a manter\u00a0<\/em><em>um registro de tudo o que o Esp\u00edrito nos provoca como prepara\u00e7\u00e3o\u00a0<\/em><em>interior para o S\u00ednodo Amaz\u00f4nico.<\/em><\/p>\n<h3><strong>Cita\u00e7\u00e3o para fechar a medita\u00e7\u00e3o:<\/strong><\/h3>\n<h5 style=\"padding-left: 40px;\"><em><strong>LAUDATO SI. No. 207.<\/strong><\/em><\/h5>\n<p style=\"padding-left: 40px;\">Por isso, atrevo-me a propor de novo aquele consider\u00e1vel desafio: \u00abComo nunca antes na hist\u00f3ria, o destino comum obriga-nos a procurar um novo in\u00edcio (\u2026). Que o nosso seja um tempo que se recorde pelo despertar duma nova rever\u00eancia face \u00e0 vida, pela firme resolu\u00e7\u00e3o de alcan\u00e7ar a sustentabilidade, pela intensifica\u00e7\u00e3o da luta em prol da justi\u00e7a e da paz e pela jubilosa celebra\u00e7\u00e3o da vida\u00bb (Carta da Terra).<\/p>\n","protected":false},"excerpt":{"rendered":"<p>40 DIAS PELO RIO <\/p>\n","protected":false},"author":7,"featured_media":210458,"comment_status":"open","ping_status":"open","sticky":false,"template":"","format":"standard","meta":[],"categories":[1528],"tags":[834],"acf":[],"yoast_head":"<!-- This site is optimized with the Yoast SEO plugin v19.2 - https:\/\/yoast.com\/wordpress\/plugins\/seo\/ -->\n<title>2\u00ba Dia de Navega\u00e7\u00e3o - 28 de Agosto - Not\u00edcias - Franciscanos<\/title>\n<meta name=\"robots\" content=\"index, follow, max-snippet:-1, max-image-preview:large, max-video-preview:-1\" \/>\n<link rel=\"canonical\" href=\"https:\/\/franciscanos.org.br\/noticias\/2o-dia-de-navegacao-28-de-agosto.html\" \/>\n<meta property=\"og:locale\" content=\"pt_BR\" \/>\n<meta property=\"og:type\" content=\"article\" \/>\n<meta property=\"og:title\" content=\"2\u00ba Dia de Navega\u00e7\u00e3o - 28 de Agosto - Not\u00edcias - Franciscanos\" \/>\n<meta property=\"og:description\" content=\"40 DIAS PELO RIO\" \/>\n<meta property=\"og:url\" content=\"https:\/\/franciscanos.org.br\/noticias\/2o-dia-de-navegacao-28-de-agosto.html\" \/>\n<meta property=\"og:site_name\" content=\"Not\u00edcias - Franciscanos\" \/>\n<meta property=\"article:published_time\" content=\"2019-08-28T04:34:44+00:00\" \/>\n<meta property=\"article:modified_time\" content=\"2019-09-11T17:02:00+00:00\" \/>\n<meta property=\"og:image\" content=\"https:\/\/franciscanos.org.br\/noticias\/wp-content\/uploads\/2019\/09\/273.jpg\" \/>\n\t<meta property=\"og:image:width\" content=\"273\" \/>\n\t<meta property=\"og:image:height\" content=\"181\" \/>\n\t<meta property=\"og:image:type\" content=\"image\/jpeg\" \/>\n<meta name=\"author\" content=\"jovenal\" \/>\n<meta name=\"twitter:card\" content=\"summary_large_image\" \/>\n<meta name=\"twitter:label1\" content=\"Escrito por\" \/>\n\t<meta name=\"twitter:data1\" content=\"jovenal\" \/>\n\t<meta name=\"twitter:label2\" content=\"Est. tempo de leitura\" \/>\n\t<meta name=\"twitter:data2\" content=\"3 minutos\" \/>\n<script type=\"application\/ld+json\" class=\"yoast-schema-graph\">{\"@context\":\"https:\/\/schema.org\",\"@graph\":[{\"@type\":\"WebSite\",\"@id\":\"https:\/\/franciscanos.org.br\/noticias\/#website\",\"url\":\"https:\/\/franciscanos.org.br\/noticias\/\",\"name\":\"Not\u00edcias - Franciscanos\",\"description\":\"Prov\u00edncia Franciscana da Imaculada Concei\u00e7\u00e3o do Brasil - Ordem dos Frades Menores - OFM\",\"potentialAction\":[{\"@type\":\"SearchAction\",\"target\":{\"@type\":\"EntryPoint\",\"urlTemplate\":\"https:\/\/franciscanos.org.br\/noticias\/?s={search_term_string}\"},\"query-input\":\"required name=search_term_string\"}],\"inLanguage\":\"pt-BR\"},{\"@type\":\"ImageObject\",\"inLanguage\":\"pt-BR\",\"@id\":\"https:\/\/franciscanos.org.br\/noticias\/2o-dia-de-navegacao-28-de-agosto.html#primaryimage\",\"url\":\"https:\/\/franciscanos.org.br\/noticias\/wp-content\/uploads\/2019\/09\/273.jpg\",\"contentUrl\":\"https:\/\/franciscanos.org.br\/noticias\/wp-content\/uploads\/2019\/09\/273.jpg\",\"width\":273,\"height\":181},{\"@type\":\"WebPage\",\"@id\":\"https:\/\/franciscanos.org.br\/noticias\/2o-dia-de-navegacao-28-de-agosto.html#webpage\",\"url\":\"https:\/\/franciscanos.org.br\/noticias\/2o-dia-de-navegacao-28-de-agosto.html\",\"name\":\"2\u00ba Dia de Navega\u00e7\u00e3o - 28 de Agosto - Not\u00edcias - Franciscanos\",\"isPartOf\":{\"@id\":\"https:\/\/franciscanos.org.br\/noticias\/#website\"},\"primaryImageOfPage\":{\"@id\":\"https:\/\/franciscanos.org.br\/noticias\/2o-dia-de-navegacao-28-de-agosto.html#primaryimage\"},\"datePublished\":\"2019-08-28T04:34:44+00:00\",\"dateModified\":\"2019-09-11T17:02:00+00:00\",\"author\":{\"@id\":\"https:\/\/franciscanos.org.br\/noticias\/#\/schema\/person\/c3a26b08313dd1772495ce300ab257cc\"},\"breadcrumb\":{\"@id\":\"https:\/\/franciscanos.org.br\/noticias\/2o-dia-de-navegacao-28-de-agosto.html#breadcrumb\"},\"inLanguage\":\"pt-BR\",\"potentialAction\":[{\"@type\":\"ReadAction\",\"target\":[\"https:\/\/franciscanos.org.br\/noticias\/2o-dia-de-navegacao-28-de-agosto.html\"]}]},{\"@type\":\"BreadcrumbList\",\"@id\":\"https:\/\/franciscanos.org.br\/noticias\/2o-dia-de-navegacao-28-de-agosto.html#breadcrumb\",\"itemListElement\":[{\"@type\":\"ListItem\",\"position\":1,\"name\":\"Home\",\"item\":\"https:\/\/franciscanos.org.br\/noticias\"},{\"@type\":\"ListItem\",\"position\":2,\"name\":\"2\u00ba Dia de Navega\u00e7\u00e3o &#8211; 28 de Agosto\"}]},{\"@type\":\"Person\",\"@id\":\"https:\/\/franciscanos.org.br\/noticias\/#\/schema\/person\/c3a26b08313dd1772495ce300ab257cc\",\"name\":\"jovenal\",\"image\":{\"@type\":\"ImageObject\",\"inLanguage\":\"pt-BR\",\"@id\":\"https:\/\/franciscanos.org.br\/noticias\/#\/schema\/person\/image\/\",\"url\":\"https:\/\/secure.gravatar.com\/avatar\/e94509f531086e2eaf97e72f29ea00f9?s=96&d=mm&r=g\",\"contentUrl\":\"https:\/\/secure.gravatar.com\/avatar\/e94509f531086e2eaf97e72f29ea00f9?s=96&d=mm&r=g\",\"caption\":\"jovenal\"},\"url\":\"https:\/\/franciscanos.org.br\/noticias\/author\/jovenal\"}]}<\/script>\n<!-- \/ Yoast SEO plugin. -->","yoast_head_json":{"title":"2\u00ba Dia de Navega\u00e7\u00e3o - 28 de Agosto - Not\u00edcias - Franciscanos","robots":{"index":"index","follow":"follow","max-snippet":"max-snippet:-1","max-image-preview":"max-image-preview:large","max-video-preview":"max-video-preview:-1"},"canonical":"https:\/\/franciscanos.org.br\/noticias\/2o-dia-de-navegacao-28-de-agosto.html","og_locale":"pt_BR","og_type":"article","og_title":"2\u00ba Dia de Navega\u00e7\u00e3o - 28 de Agosto - Not\u00edcias - Franciscanos","og_description":"40 DIAS PELO RIO","og_url":"https:\/\/franciscanos.org.br\/noticias\/2o-dia-de-navegacao-28-de-agosto.html","og_site_name":"Not\u00edcias - Franciscanos","article_published_time":"2019-08-28T04:34:44+00:00","article_modified_time":"2019-09-11T17:02:00+00:00","og_image":[{"width":273,"height":181,"url":"https:\/\/franciscanos.org.br\/noticias\/wp-content\/uploads\/2019\/09\/273.jpg","type":"image\/jpeg"}],"author":"jovenal","twitter_card":"summary_large_image","twitter_misc":{"Escrito por":"jovenal","Est. tempo de leitura":"3 minutos"},"schema":{"@context":"https:\/\/schema.org","@graph":[{"@type":"WebSite","@id":"https:\/\/franciscanos.org.br\/noticias\/#website","url":"https:\/\/franciscanos.org.br\/noticias\/","name":"Not\u00edcias - Franciscanos","description":"Prov\u00edncia Franciscana da Imaculada Concei\u00e7\u00e3o do Brasil - Ordem dos Frades Menores - OFM","potentialAction":[{"@type":"SearchAction","target":{"@type":"EntryPoint","urlTemplate":"https:\/\/franciscanos.org.br\/noticias\/?s={search_term_string}"},"query-input":"required name=search_term_string"}],"inLanguage":"pt-BR"},{"@type":"ImageObject","inLanguage":"pt-BR","@id":"https:\/\/franciscanos.org.br\/noticias\/2o-dia-de-navegacao-28-de-agosto.html#primaryimage","url":"https:\/\/franciscanos.org.br\/noticias\/wp-content\/uploads\/2019\/09\/273.jpg","contentUrl":"https:\/\/franciscanos.org.br\/noticias\/wp-content\/uploads\/2019\/09\/273.jpg","width":273,"height":181},{"@type":"WebPage","@id":"https:\/\/franciscanos.org.br\/noticias\/2o-dia-de-navegacao-28-de-agosto.html#webpage","url":"https:\/\/franciscanos.org.br\/noticias\/2o-dia-de-navegacao-28-de-agosto.html","name":"2\u00ba Dia de Navega\u00e7\u00e3o - 28 de Agosto - Not\u00edcias - Franciscanos","isPartOf":{"@id":"https:\/\/franciscanos.org.br\/noticias\/#website"},"primaryImageOfPage":{"@id":"https:\/\/franciscanos.org.br\/noticias\/2o-dia-de-navegacao-28-de-agosto.html#primaryimage"},"datePublished":"2019-08-28T04:34:44+00:00","dateModified":"2019-09-11T17:02:00+00:00","author":{"@id":"https:\/\/franciscanos.org.br\/noticias\/#\/schema\/person\/c3a26b08313dd1772495ce300ab257cc"},"breadcrumb":{"@id":"https:\/\/franciscanos.org.br\/noticias\/2o-dia-de-navegacao-28-de-agosto.html#breadcrumb"},"inLanguage":"pt-BR","potentialAction":[{"@type":"ReadAction","target":["https:\/\/franciscanos.org.br\/noticias\/2o-dia-de-navegacao-28-de-agosto.html"]}]},{"@type":"BreadcrumbList","@id":"https:\/\/franciscanos.org.br\/noticias\/2o-dia-de-navegacao-28-de-agosto.html#breadcrumb","itemListElement":[{"@type":"ListItem","position":1,"name":"Home","item":"https:\/\/franciscanos.org.br\/noticias"},{"@type":"ListItem","position":2,"name":"2\u00ba Dia de Navega\u00e7\u00e3o &#8211; 28 de Agosto"}]},{"@type":"Person","@id":"https:\/\/franciscanos.org.br\/noticias\/#\/schema\/person\/c3a26b08313dd1772495ce300ab257cc","name":"jovenal","image":{"@type":"ImageObject","inLanguage":"pt-BR","@id":"https:\/\/franciscanos.org.br\/noticias\/#\/schema\/person\/image\/","url":"https:\/\/secure.gravatar.com\/avatar\/e94509f531086e2eaf97e72f29ea00f9?s=96&d=mm&r=g","contentUrl":"https:\/\/secure.gravatar.com\/avatar\/e94509f531086e2eaf97e72f29ea00f9?s=96&d=mm&r=g","caption":"jovenal"},"url":"https:\/\/franciscanos.org.br\/noticias\/author\/jovenal"}]}},"_links":{"self":[{"href":"https:\/\/franciscanos.org.br\/noticias\/wp-json\/wp\/v2\/posts\/210456"}],"collection":[{"href":"https:\/\/franciscanos.org.br\/noticias\/wp-json\/wp\/v2\/posts"}],"about":[{"href":"https:\/\/franciscanos.org.br\/noticias\/wp-json\/wp\/v2\/types\/post"}],"author":[{"embeddable":true,"href":"https:\/\/franciscanos.org.br\/noticias\/wp-json\/wp\/v2\/users\/7"}],"replies":[{"embeddable":true,"href":"https:\/\/franciscanos.org.br\/noticias\/wp-json\/wp\/v2\/comments?post=210456"}],"version-history":[{"count":0,"href":"https:\/\/franciscanos.org.br\/noticias\/wp-json\/wp\/v2\/posts\/210456\/revisions"}],"wp:featuredmedia":[{"embeddable":true,"href":"https:\/\/franciscanos.org.br\/noticias\/wp-json\/wp\/v2\/media\/210458"}],"wp:attachment":[{"href":"https:\/\/franciscanos.org.br\/noticias\/wp-json\/wp\/v2\/media?parent=210456"}],"wp:term":[{"taxonomy":"category","embeddable":true,"href":"https:\/\/franciscanos.org.br\/noticias\/wp-json\/wp\/v2\/categories?post=210456"},{"taxonomy":"post_tag","embeddable":true,"href":"https:\/\/franciscanos.org.br\/noticias\/wp-json\/wp\/v2\/tags?post=210456"}],"curies":[{"name":"wp","href":"https:\/\/api.w.org\/{rel}","templated":true}]}}