{"id":210449,"date":"2019-08-27T01:28:09","date_gmt":"2019-08-27T04:28:09","guid":{"rendered":"https:\/\/franciscanos.org.br\/noticias\/?p=210449"},"modified":"2019-09-11T14:03:18","modified_gmt":"2019-09-11T17:03:18","slug":"1o-dia-de-navegacao-27-do-agosto","status":"publish","type":"post","link":"https:\/\/franciscanos.org.br\/noticias\/1o-dia-de-navegacao-27-do-agosto.html","title":{"rendered":"1\u00ba Dia de Navega\u00e7\u00e3o &#8211; 27 do Agosto"},"content":{"rendered":"<p><img loading=\"lazy\" src=\"https:\/\/franciscanos.org.br\/noticias\/wp-content\/uploads\/2019\/09\/cabecalho.jpg\" alt=\"\" width=\"1200\" height=\"450\" \/><\/p>\n<h3><strong><img loading=\"lazy\" class=\"size-full wp-image-210450 alignright\" src=\"https:\/\/franciscanos.org.br\/noticias\/wp-content\/uploads\/2019\/09\/Dia-1.jpg\" alt=\"\" width=\"350\" height=\"506\" srcset=\"https:\/\/franciscanos.org.br\/noticias\/wp-content\/uploads\/2019\/09\/Dia-1.jpg 350w, https:\/\/franciscanos.org.br\/noticias\/wp-content\/uploads\/2019\/09\/Dia-1-311x450.jpg 311w, https:\/\/franciscanos.org.br\/noticias\/wp-content\/uploads\/2019\/09\/Dia-1-150x217.jpg 150w\" sizes=\"(max-width: 350px) 100vw, 350px\" \/>PETI\u00c7\u00c3O PERMANENTE PARA O S\u00cdNODO<br \/>\nAMAZ\u00d4NICO NO IN\u00cdCIO DE CADA DIA:<\/strong><\/h3>\n<p style=\"padding-left: 40px;\"><em>\u201cQue o Deus da vida e da beleza, o Esp\u00edrito Santo que nos impulsiona\u00a0<\/em><em>para mais fraternidade, unidade e dignidade, o Cristo\u00a0<\/em><em>encarnado da Boa Nova, da incultura\u00e7\u00e3o e da interculturalidade\u00a0<\/em><em>nos proporcionem serenidade, discernimento e coragem para\u00a0<\/em><em>encontrar novos caminhos para a Igreja e para uma ecologia\u00a0<\/em><em>integral neste S\u00ednodo Amaz\u00f4nico. Tudo isso para o bem e a vida\u00a0<\/em><em>de seus povos e comunidades, e para caminhar mais juntos pelo\u00a0<\/em><em>Reino\u201d.<\/em><\/p>\n<p>Medite por alguns momentos neste pedido inicial, busque a calma interior para entrar neste momento para navegar pelas \u00e1guas da Amaz\u00f4nia e a vida da Igreja a servi\u00e7o de seus povos e comunidades, e para ouvir o chamado de Deus atrav\u00e9s de sua palavra viva.<\/p>\n<p><strong>Leitura do dia (cada um e cada uma s\u00e3o convidados a\u00a0<\/strong><strong>aprofundar a leitura completa de acordo com suas\u00a0<\/strong><strong>pr\u00f3prias necessidades e crit\u00e9rios):<\/strong><\/p>\n<p><strong>1 Tes. 2, 1-8<\/strong><\/p>\n<p>\u201cBem sabeis, irm\u00e3os, que a nossa ida a v\u00f3s n\u00e3o foi em v\u00e3o. Apesar de maltratados e ultrajados em Filipos, como sabeis, ousamos, confiados em nosso Deus, pregar-vos o Evangelho de Deus em meio de muitas lutas. A nossa prega\u00e7\u00e3o n\u00e3o prov\u00e9m de erro, nem de inten\u00e7\u00f5es fraudulentas, nem de engano. Mas, como Deus nos julgou dig\u00acnos de nos confiar o Evangelho, falamos, n\u00e3o para agradar aos homens, e sim a Deus, que sonda os nossos cora\u00e7\u00f5es. Com efeito, nunca usamos de adula\u00e7\u00e3o, como sabeis, nem fomos levados por fins interesseiros. Deus \u00e9 testemunha. N\u00e3o buscamos gl\u00f3rias humanas, nem de v\u00f3s nem de ou\u00actros. Na qualidade de ap\u00f3stolos de Cristo, poder\u00edamos apresentar-nos como pessoas de autoridade. Todavia, nos fizemos discretos no meio de v\u00f3s. Como a m\u00e3e a acariciar os seus filhinhos, assim, em nossa ternura por v\u00f3s, desej\u00e1vamos n\u00e3o s\u00f3 comunicar-vos o Evangelho de Deus, mas at\u00e9 a nossa pr\u00f3pria vida, porquanto nos sois muito queridos\u201d.<\/p>\n<p><strong>Reflex\u00e3o sob a perspectiva do S\u00ednodo Amaz\u00f4nico:<\/strong><\/p>\n<p>Neste S\u00ednodo amaz\u00f4nico, abra\u00e7amos fielmente a Boa Nova que Cristo nos confiou, apesar das situa\u00e7\u00f5es de sofrimento ou rejei\u00e7\u00e3o que isso pode trazer. Nesse caminho, sentimos a presen\u00e7a firme e amorosa de Deus que nos convida a permanecer Nele apesar de certos ataques que podem ocorrer devido \u00e0 incompreens\u00e3o dessa realidade amaz\u00f4nica concreta de onde sentimos que Deus fala, ou pelo desejo de defender interesses tempor\u00e1rios ou parciais. Neste caminho juntos, nos sentimos chamados a examinar profundamente se temos sido fi\u00e9is a Deus nas maneiras pelas quais tem se dado a escuta e em como nos aproximamos da dor e do sofrimento cotidiano daqueles que vivem l\u00e1 e cujas vidas e futuro est\u00e3o em risco. Nesta leitura, afirmamos sermos ap\u00f3stolos de Cristo com uma atitude respeitosa como a de uma m\u00e3e que cuida de seus filhos e filhas. A Igreja na Amaz\u00f4nia deve ser cada vez mais m\u00e3e e irm\u00e3, e muito mais que uma ju\u00edza. Procuremos nos rostos concretos do Cristo encarnado, muitas vezes ainda Crucificado, o chamado a confiar para entregar toda a nossa vida para que os povos e comunidades amaz\u00f4nicas tenham vida e vida em abund\u00e2ncia.<\/p>\n<p style=\"padding-left: 40px;\"><em>Contemplemos a imagem deste dia e tomemos um momento para\u00a0<\/em><em>reconhecer nossa pr\u00f3pria vida e experi\u00eancia na Igreja e ao servi\u00e7o\u00a0<\/em><em>da Amaz\u00f4nia para pedir luz nesta palavra de Deus em prepara\u00e7\u00e3o\u00a0<\/em><em>para o S\u00ednodo. Escrever meus pedidos particulares e permanecer\u00a0<\/em><em>neles durante este dia. Convidamos voc\u00ea a manter um\u00a0<\/em><em>registro de tudo o que o Esp\u00edrito nos provoca como prepara\u00e7\u00e3o\u00a0<\/em><em>interior para o S\u00ednodo Amaz\u00f4nico.<\/em><\/p>\n<h3><strong>Cita\u00e7\u00e3o para fechar a medita\u00e7\u00e3o:<\/strong><\/h3>\n<h5 style=\"padding-left: 40px;\"><em><strong>V. Uma m\u00e3e de cora\u00e7\u00e3o aberto<\/strong><\/em><\/h5>\n<p style=\"padding-left: 40px;\">46. A Igreja \u00abem sa\u00edda\u00bb \u00e9 uma Igreja com as portas abertas. Sair em dire\u00e7\u00e3o aos outros para chegar \u00e0s periferias humanas n\u00e3o significa correr pelo mundo sem dire\u00e7\u00e3o nem sentido. Muitas vezes \u00e9 melhor diminuir o ritmo, p\u00f4r de parte a ansiedade para olhar nos olhos e escutar, ou renunciar \u00e0s urg\u00eancias para acompanhar quem ficou ca\u00eddo \u00e0 beira do caminho.<\/p>\n","protected":false},"excerpt":{"rendered":"<p>40 DIAS PELO RIO <\/p>\n","protected":false},"author":7,"featured_media":210458,"comment_status":"open","ping_status":"open","sticky":false,"template":"","format":"standard","meta":[],"categories":[1528],"tags":[],"acf":[],"yoast_head":"<!-- This site is optimized with the Yoast SEO plugin v19.2 - https:\/\/yoast.com\/wordpress\/plugins\/seo\/ -->\n<title>1\u00ba Dia de Navega\u00e7\u00e3o - 27 do Agosto - Not\u00edcias - Franciscanos<\/title>\n<meta name=\"robots\" content=\"index, follow, max-snippet:-1, max-image-preview:large, max-video-preview:-1\" \/>\n<link rel=\"canonical\" href=\"https:\/\/franciscanos.org.br\/noticias\/1o-dia-de-navegacao-27-do-agosto.html\" \/>\n<meta property=\"og:locale\" content=\"pt_BR\" \/>\n<meta property=\"og:type\" content=\"article\" \/>\n<meta property=\"og:title\" content=\"1\u00ba Dia de Navega\u00e7\u00e3o - 27 do Agosto - Not\u00edcias - Franciscanos\" \/>\n<meta property=\"og:description\" content=\"40 DIAS PELO RIO\" \/>\n<meta property=\"og:url\" content=\"https:\/\/franciscanos.org.br\/noticias\/1o-dia-de-navegacao-27-do-agosto.html\" \/>\n<meta property=\"og:site_name\" content=\"Not\u00edcias - Franciscanos\" \/>\n<meta property=\"article:published_time\" content=\"2019-08-27T04:28:09+00:00\" \/>\n<meta property=\"article:modified_time\" content=\"2019-09-11T17:03:18+00:00\" \/>\n<meta property=\"og:image\" content=\"https:\/\/franciscanos.org.br\/noticias\/wp-content\/uploads\/2019\/09\/273.jpg\" \/>\n\t<meta property=\"og:image:width\" content=\"273\" \/>\n\t<meta property=\"og:image:height\" content=\"181\" \/>\n\t<meta property=\"og:image:type\" content=\"image\/jpeg\" \/>\n<meta name=\"author\" content=\"jovenal\" \/>\n<meta name=\"twitter:card\" content=\"summary_large_image\" \/>\n<meta name=\"twitter:label1\" content=\"Escrito por\" \/>\n\t<meta name=\"twitter:data1\" content=\"jovenal\" \/>\n\t<meta name=\"twitter:label2\" content=\"Est. tempo de leitura\" \/>\n\t<meta name=\"twitter:data2\" content=\"4 minutos\" \/>\n<script type=\"application\/ld+json\" class=\"yoast-schema-graph\">{\"@context\":\"https:\/\/schema.org\",\"@graph\":[{\"@type\":\"WebSite\",\"@id\":\"https:\/\/franciscanos.org.br\/noticias\/#website\",\"url\":\"https:\/\/franciscanos.org.br\/noticias\/\",\"name\":\"Not\u00edcias - Franciscanos\",\"description\":\"Prov\u00edncia Franciscana da Imaculada Concei\u00e7\u00e3o do Brasil - Ordem dos Frades Menores - OFM\",\"potentialAction\":[{\"@type\":\"SearchAction\",\"target\":{\"@type\":\"EntryPoint\",\"urlTemplate\":\"https:\/\/franciscanos.org.br\/noticias\/?s={search_term_string}\"},\"query-input\":\"required name=search_term_string\"}],\"inLanguage\":\"pt-BR\"},{\"@type\":\"ImageObject\",\"inLanguage\":\"pt-BR\",\"@id\":\"https:\/\/franciscanos.org.br\/noticias\/1o-dia-de-navegacao-27-do-agosto.html#primaryimage\",\"url\":\"https:\/\/franciscanos.org.br\/noticias\/wp-content\/uploads\/2019\/09\/273.jpg\",\"contentUrl\":\"https:\/\/franciscanos.org.br\/noticias\/wp-content\/uploads\/2019\/09\/273.jpg\",\"width\":273,\"height\":181},{\"@type\":\"WebPage\",\"@id\":\"https:\/\/franciscanos.org.br\/noticias\/1o-dia-de-navegacao-27-do-agosto.html#webpage\",\"url\":\"https:\/\/franciscanos.org.br\/noticias\/1o-dia-de-navegacao-27-do-agosto.html\",\"name\":\"1\u00ba Dia de Navega\u00e7\u00e3o - 27 do Agosto - Not\u00edcias - Franciscanos\",\"isPartOf\":{\"@id\":\"https:\/\/franciscanos.org.br\/noticias\/#website\"},\"primaryImageOfPage\":{\"@id\":\"https:\/\/franciscanos.org.br\/noticias\/1o-dia-de-navegacao-27-do-agosto.html#primaryimage\"},\"datePublished\":\"2019-08-27T04:28:09+00:00\",\"dateModified\":\"2019-09-11T17:03:18+00:00\",\"author\":{\"@id\":\"https:\/\/franciscanos.org.br\/noticias\/#\/schema\/person\/c3a26b08313dd1772495ce300ab257cc\"},\"breadcrumb\":{\"@id\":\"https:\/\/franciscanos.org.br\/noticias\/1o-dia-de-navegacao-27-do-agosto.html#breadcrumb\"},\"inLanguage\":\"pt-BR\",\"potentialAction\":[{\"@type\":\"ReadAction\",\"target\":[\"https:\/\/franciscanos.org.br\/noticias\/1o-dia-de-navegacao-27-do-agosto.html\"]}]},{\"@type\":\"BreadcrumbList\",\"@id\":\"https:\/\/franciscanos.org.br\/noticias\/1o-dia-de-navegacao-27-do-agosto.html#breadcrumb\",\"itemListElement\":[{\"@type\":\"ListItem\",\"position\":1,\"name\":\"Home\",\"item\":\"https:\/\/franciscanos.org.br\/noticias\"},{\"@type\":\"ListItem\",\"position\":2,\"name\":\"1\u00ba Dia de Navega\u00e7\u00e3o &#8211; 27 do Agosto\"}]},{\"@type\":\"Person\",\"@id\":\"https:\/\/franciscanos.org.br\/noticias\/#\/schema\/person\/c3a26b08313dd1772495ce300ab257cc\",\"name\":\"jovenal\",\"image\":{\"@type\":\"ImageObject\",\"inLanguage\":\"pt-BR\",\"@id\":\"https:\/\/franciscanos.org.br\/noticias\/#\/schema\/person\/image\/\",\"url\":\"https:\/\/secure.gravatar.com\/avatar\/e94509f531086e2eaf97e72f29ea00f9?s=96&d=mm&r=g\",\"contentUrl\":\"https:\/\/secure.gravatar.com\/avatar\/e94509f531086e2eaf97e72f29ea00f9?s=96&d=mm&r=g\",\"caption\":\"jovenal\"},\"url\":\"https:\/\/franciscanos.org.br\/noticias\/author\/jovenal\"}]}<\/script>\n<!-- \/ Yoast SEO plugin. -->","yoast_head_json":{"title":"1\u00ba Dia de Navega\u00e7\u00e3o - 27 do Agosto - Not\u00edcias - Franciscanos","robots":{"index":"index","follow":"follow","max-snippet":"max-snippet:-1","max-image-preview":"max-image-preview:large","max-video-preview":"max-video-preview:-1"},"canonical":"https:\/\/franciscanos.org.br\/noticias\/1o-dia-de-navegacao-27-do-agosto.html","og_locale":"pt_BR","og_type":"article","og_title":"1\u00ba Dia de Navega\u00e7\u00e3o - 27 do Agosto - Not\u00edcias - Franciscanos","og_description":"40 DIAS PELO RIO","og_url":"https:\/\/franciscanos.org.br\/noticias\/1o-dia-de-navegacao-27-do-agosto.html","og_site_name":"Not\u00edcias - Franciscanos","article_published_time":"2019-08-27T04:28:09+00:00","article_modified_time":"2019-09-11T17:03:18+00:00","og_image":[{"width":273,"height":181,"url":"https:\/\/franciscanos.org.br\/noticias\/wp-content\/uploads\/2019\/09\/273.jpg","type":"image\/jpeg"}],"author":"jovenal","twitter_card":"summary_large_image","twitter_misc":{"Escrito por":"jovenal","Est. tempo de leitura":"4 minutos"},"schema":{"@context":"https:\/\/schema.org","@graph":[{"@type":"WebSite","@id":"https:\/\/franciscanos.org.br\/noticias\/#website","url":"https:\/\/franciscanos.org.br\/noticias\/","name":"Not\u00edcias - Franciscanos","description":"Prov\u00edncia Franciscana da Imaculada Concei\u00e7\u00e3o do Brasil - Ordem dos Frades Menores - OFM","potentialAction":[{"@type":"SearchAction","target":{"@type":"EntryPoint","urlTemplate":"https:\/\/franciscanos.org.br\/noticias\/?s={search_term_string}"},"query-input":"required name=search_term_string"}],"inLanguage":"pt-BR"},{"@type":"ImageObject","inLanguage":"pt-BR","@id":"https:\/\/franciscanos.org.br\/noticias\/1o-dia-de-navegacao-27-do-agosto.html#primaryimage","url":"https:\/\/franciscanos.org.br\/noticias\/wp-content\/uploads\/2019\/09\/273.jpg","contentUrl":"https:\/\/franciscanos.org.br\/noticias\/wp-content\/uploads\/2019\/09\/273.jpg","width":273,"height":181},{"@type":"WebPage","@id":"https:\/\/franciscanos.org.br\/noticias\/1o-dia-de-navegacao-27-do-agosto.html#webpage","url":"https:\/\/franciscanos.org.br\/noticias\/1o-dia-de-navegacao-27-do-agosto.html","name":"1\u00ba Dia de Navega\u00e7\u00e3o - 27 do Agosto - Not\u00edcias - Franciscanos","isPartOf":{"@id":"https:\/\/franciscanos.org.br\/noticias\/#website"},"primaryImageOfPage":{"@id":"https:\/\/franciscanos.org.br\/noticias\/1o-dia-de-navegacao-27-do-agosto.html#primaryimage"},"datePublished":"2019-08-27T04:28:09+00:00","dateModified":"2019-09-11T17:03:18+00:00","author":{"@id":"https:\/\/franciscanos.org.br\/noticias\/#\/schema\/person\/c3a26b08313dd1772495ce300ab257cc"},"breadcrumb":{"@id":"https:\/\/franciscanos.org.br\/noticias\/1o-dia-de-navegacao-27-do-agosto.html#breadcrumb"},"inLanguage":"pt-BR","potentialAction":[{"@type":"ReadAction","target":["https:\/\/franciscanos.org.br\/noticias\/1o-dia-de-navegacao-27-do-agosto.html"]}]},{"@type":"BreadcrumbList","@id":"https:\/\/franciscanos.org.br\/noticias\/1o-dia-de-navegacao-27-do-agosto.html#breadcrumb","itemListElement":[{"@type":"ListItem","position":1,"name":"Home","item":"https:\/\/franciscanos.org.br\/noticias"},{"@type":"ListItem","position":2,"name":"1\u00ba Dia de Navega\u00e7\u00e3o &#8211; 27 do Agosto"}]},{"@type":"Person","@id":"https:\/\/franciscanos.org.br\/noticias\/#\/schema\/person\/c3a26b08313dd1772495ce300ab257cc","name":"jovenal","image":{"@type":"ImageObject","inLanguage":"pt-BR","@id":"https:\/\/franciscanos.org.br\/noticias\/#\/schema\/person\/image\/","url":"https:\/\/secure.gravatar.com\/avatar\/e94509f531086e2eaf97e72f29ea00f9?s=96&d=mm&r=g","contentUrl":"https:\/\/secure.gravatar.com\/avatar\/e94509f531086e2eaf97e72f29ea00f9?s=96&d=mm&r=g","caption":"jovenal"},"url":"https:\/\/franciscanos.org.br\/noticias\/author\/jovenal"}]}},"_links":{"self":[{"href":"https:\/\/franciscanos.org.br\/noticias\/wp-json\/wp\/v2\/posts\/210449"}],"collection":[{"href":"https:\/\/franciscanos.org.br\/noticias\/wp-json\/wp\/v2\/posts"}],"about":[{"href":"https:\/\/franciscanos.org.br\/noticias\/wp-json\/wp\/v2\/types\/post"}],"author":[{"embeddable":true,"href":"https:\/\/franciscanos.org.br\/noticias\/wp-json\/wp\/v2\/users\/7"}],"replies":[{"embeddable":true,"href":"https:\/\/franciscanos.org.br\/noticias\/wp-json\/wp\/v2\/comments?post=210449"}],"version-history":[{"count":0,"href":"https:\/\/franciscanos.org.br\/noticias\/wp-json\/wp\/v2\/posts\/210449\/revisions"}],"wp:featuredmedia":[{"embeddable":true,"href":"https:\/\/franciscanos.org.br\/noticias\/wp-json\/wp\/v2\/media\/210458"}],"wp:attachment":[{"href":"https:\/\/franciscanos.org.br\/noticias\/wp-json\/wp\/v2\/media?parent=210449"}],"wp:term":[{"taxonomy":"category","embeddable":true,"href":"https:\/\/franciscanos.org.br\/noticias\/wp-json\/wp\/v2\/categories?post=210449"},{"taxonomy":"post_tag","embeddable":true,"href":"https:\/\/franciscanos.org.br\/noticias\/wp-json\/wp\/v2\/tags?post=210449"}],"curies":[{"name":"wp","href":"https:\/\/api.w.org\/{rel}","templated":true}]}}