{"id":210411,"date":"2019-08-27T00:40:51","date_gmt":"2019-08-27T03:40:51","guid":{"rendered":"https:\/\/franciscanos.org.br\/noticias\/?p=210411"},"modified":"2019-09-11T14:04:12","modified_gmt":"2019-09-11T17:04:12","slug":"navegando-juntos-a-boa-nova-de-deus-a-caminho-do-sinodo-amazonico","status":"publish","type":"post","link":"https:\/\/franciscanos.org.br\/noticias\/navegando-juntos-a-boa-nova-de-deus-a-caminho-do-sinodo-amazonico.html","title":{"rendered":"Navegando juntos a Boa Nova de Deus a caminho do S\u00ednodo Amaz\u00f4nico"},"content":{"rendered":"<p><img loading=\"lazy\" src=\"https:\/\/franciscanos.org.br\/noticias\/wp-content\/uploads\/2019\/09\/cabecalho.jpg\" alt=\"\" width=\"1200\" height=\"450\" \/><\/p>\n<p><img loading=\"lazy\" class=\"size-full wp-image-210436 alignright\" src=\"https:\/\/franciscanos.org.br\/noticias\/wp-content\/uploads\/2019\/09\/introducao.jpg\" alt=\"\" width=\"350\" height=\"511\" srcset=\"https:\/\/franciscanos.org.br\/noticias\/wp-content\/uploads\/2019\/09\/introducao.jpg 350w, https:\/\/franciscanos.org.br\/noticias\/wp-content\/uploads\/2019\/09\/introducao-308x450.jpg 308w, https:\/\/franciscanos.org.br\/noticias\/wp-content\/uploads\/2019\/09\/introducao-150x219.jpg 150w\" sizes=\"(max-width: 350px) 100vw, 350px\" \/>H\u00e1 poucos dias, tive o privil\u00e9gio de ir \u00e0s profundezas do encontro com o mist\u00e9rio da vida em meus Exerc\u00edcios Espirituais. Foi um encontro profundo com este convite para seguir o projeto do Reino desse Cristo irm\u00e3o que se tornou um com e para n\u00f3s, para do conhecimento interior de sua vida, seu itiner\u00e1rio, sua paix\u00e3o e ressurrei\u00e7\u00e3o, mais ama-lo e segui-lo. Este espa\u00e7o foi um privil\u00e9gio para preparar o cora\u00e7\u00e3o neste caminho para o S\u00ednodo Amaz\u00f4nico.<\/p>\n<p>Foram meses, e anos, muito intensos de prepara\u00e7\u00e3o sinodal. M\u00faltiplas viagens, encontros, di\u00e1logos, encontros, desentendimentos, escuta de esperan\u00e7as, desejos, dores, indigna\u00e7\u00e3o, cura e, sobretudo, muitos horizontes neste belo e amea\u00e7ado territ\u00f3rio amaz\u00f4nico. Pessoalmente, me senti particularmente privilegiado pela Gra\u00e7a de descobrir Deus presente sem duvidar ou ser capaz de duvidar da luta cotidiana dos povos ind\u00edgenas e comunidades amaz\u00f4nicas, e em um n\u00famero infinito de rostos concretos de diversas mulheres e homens da Amaz\u00f4nia ou outros lugares que amam a vida e se preocupam com esse territ\u00f3rio que pudemos escutar. Foi um verdadeiro presente (e a experi\u00eancia mais extenuante que sem d\u00favida vivemos como REPAM) para poder contribuir com tantas irm\u00e3s e irm\u00e3os do territ\u00f3rio servindo de ponte para que suas vidas e vozes sejam coletadas, reconhecidas e levadas aos espa\u00e7os de prepara\u00e7\u00e3o para o S\u00ednodo do nosso servi\u00e7o como REPAM.<\/p>\n<p>O processo n\u00e3o tem sido f\u00e1cil, e \u00e9 uma tarefa sempre incompleta e muito complexa, porque as vozes mais cr\u00edticas nos confrontam desde a ignor\u00e2ncia e algumas vozes amigas e comprometidas consideram que nada \u00e9 suficiente, mas al\u00e9m disso vemos sinais in\u00e9ditos da marca destas vidas e vozes do territ\u00f3rio em todos os processos sinodais. Estou muito animado em ouvir tantas pessoas, do territ\u00f3rio e pessoas da Igreja, que leem o Instrumentum Laboris e dizem: eu sou isso, isso representa-me, e a\u00ed est\u00e1 a minha palavra, a minha esperan\u00e7a, e nisso comprometo-me.<\/p>\n<p>Neste processo, agrade\u00e7o o dom imerecido de encontrar o Papa Francisco com esse olhar claro, sereno e absolutamente confiante em Deus, pedindo que n\u00e3o percamos o foco, que n\u00e3o esquecemos a presen\u00e7a do povo em todo o processo, que n\u00e3o permitimos que o S\u00ednodo seja dilu\u00eddo , que nos lembramos que a periferia \u00e9 o centro e que cuidamos do discernimento.<\/p>\n<p>Perante isso, que \u00e9 sinal de Deus, e tamb\u00e9m diante da violenta rea\u00e7\u00e3o de alguns com gritos estridentes completamente desconectados da realidade Amaz\u00f4nica concreta e de seus povos que s\u00e3o lugar teol\u00f3gico. Vozes que mostram posi\u00e7\u00f5es absolutamente alheias ao processo de discernimento t\u00e3o amplo, orado, participado e cuidado, e que parecem refletir o medo da mudan\u00e7a e o medo de perder espa\u00e7os de poder e controle pretendendo impedir que o Esp\u00edrito sopre com sua beleza os novos caminhos necess\u00e1rios para a Igreja e os imposterg\u00e1veis para uma Ecologia Integral, dada a crise ambiental planet\u00e1ria sem precedentes. Tudo isso, os sinais de esperan\u00e7a e os de mal-entendidos, me motivaram a compartilhar isso, intitulado: <strong>40 DIAS PELO RIO: NAVEGANDO <\/strong><strong>JUNTOS A BOA NOVA DE DEUS A CAMINHO DO <\/strong><strong>S\u00cdNODO AMAZ\u00d4NICO<\/strong>.<\/p>\n<p>\u00c9 uma contribui\u00e7\u00e3o para a prepara\u00e7\u00e3o daqueles que, em espa\u00e7os eclesiais, est\u00e3o em sintonia com o S\u00ednodo amaz\u00f4nico, ou querem est\u00e1-lo. \u00c9 uma ajuda para aqueles que vivem ou n\u00e3o no territ\u00f3rio, e para aqueles que foram convocados para participar no S\u00ednodo ou no espa\u00e7o ligado de fora: &#8220;Amaz\u00f4nia, casa comum&#8221;, e tamb\u00e9m para aqueles que n\u00e3o estar\u00e3o neste esperado evento em pessoa, mas eles querem estar em comunh\u00e3o espiritual. \u00c9 um arquivo di\u00e1rio, ou carta de navega\u00e7\u00e3o, que \u00e9 muito simples e convida a reflex\u00e3o-ora\u00e7\u00e3o, que oferece uma das leituras do dia (\u00e0s vezes um fragmento) e contribui para uma simples reflex\u00e3o associada ao S\u00ednodo, convida contemplar uma imagem que ajude a conectar-se com a realidade amaz\u00f4nica e a buscar os convites pessoais e comunit\u00e1rios internos, e finaliza cada dia com uma cita\u00e7\u00e3o de algum texto-chave do ensinamento da Igreja, de alguma reflex\u00e3o do Papa Francisco, ou alguma outra fonte inspiradora.<\/p>\n<p>S\u00e3o 40 dias, j\u00e1 que esse n\u00famero reflete a busca pelo perfeito em Deus, ou seja, para nos prepararmos para que o que \u00e9 de Deus inunde nossos cora\u00e7\u00f5es e que o pr\u00f3prio do bom Esp\u00edrito prevale\u00e7a nesse discernimento sinodal. \u00c9 uma navega\u00e7\u00e3o pelos rios do interior de cada um nas \u00e1guas das boas novas em dire\u00e7\u00e3o ao S\u00ednodo Amaz\u00f4nico, um percurso que come\u00e7ar\u00e1 no dia 27 de agosto e terminar\u00e1 no dia 5 de outubro \u00e0s portas do come\u00e7o da Assembleia do S\u00ednodo. No in\u00edcio da Assembleia Sinodal, o percurso culminar\u00e1 no encontro dos afluentes das \u00e1guas internas at\u00e9 chegarem \u00e0 grande bacia e converg\u00eancia das \u00e1guas do S\u00ednodo, que come\u00e7a em 6 de outubro. Neste percurso pedimos com intensidade para que Deus se torne prop\u00edcio para que tudo seja para Sua maior gl\u00f3ria, para a vida e vida plena da Amaz\u00f4nia como um bioma e para a diversidade de seus povos e comunidades nativas (especialmente os mais vulner\u00e1veis e vulneradas), e para o bem da miss\u00e3o da Igreja neste lugar em sua voca\u00e7\u00e3o de seguir a Cristo e para a constru\u00e7\u00e3o do Reino na Amaz\u00f4nia e no mundo.<\/p>\n<p>Anelamos que seja um percurso atrav\u00e9s da palavra de Deus e nas \u00e1guas da Amaz\u00f4nia que nos permita navegar para os novos caminhos da Igreja e para uma ecologia integral. Por isso, pedimos que voc\u00eas entrem na canoa, fiquem \u00e0 vontade para encontrar o equil\u00edbrio necess\u00e1rio e entrem nessas \u00e1guas \u00e0s vezes calmas e \u00e0s vezes turbulentas para ficar atento ao que pode ser uma boa not\u00edcia.<\/p>\n<p><strong>Mauricio L\u00f3pez Oropeza<\/strong><br \/>\nSecret\u00e1rio Executivo da REPAM<\/p>\n","protected":false},"excerpt":{"rendered":"<p>40 DIAS PELO RIO <\/p>\n","protected":false},"author":7,"featured_media":210458,"comment_status":"open","ping_status":"open","sticky":false,"template":"","format":"standard","meta":[],"categories":[1528],"tags":[834],"acf":[],"yoast_head":"<!-- This site is optimized with the Yoast SEO plugin v19.2 - https:\/\/yoast.com\/wordpress\/plugins\/seo\/ -->\n<title>Navegando juntos a Boa Nova de Deus a caminho do S\u00ednodo Amaz\u00f4nico - Not\u00edcias - Franciscanos<\/title>\n<meta name=\"robots\" content=\"index, follow, max-snippet:-1, max-image-preview:large, max-video-preview:-1\" \/>\n<link rel=\"canonical\" href=\"https:\/\/franciscanos.org.br\/noticias\/navegando-juntos-a-boa-nova-de-deus-a-caminho-do-sinodo-amazonico.html\" \/>\n<meta property=\"og:locale\" content=\"pt_BR\" \/>\n<meta property=\"og:type\" content=\"article\" \/>\n<meta property=\"og:title\" content=\"Navegando juntos a Boa Nova de Deus a caminho do S\u00ednodo Amaz\u00f4nico - Not\u00edcias - Franciscanos\" \/>\n<meta property=\"og:description\" content=\"40 DIAS PELO RIO\" \/>\n<meta property=\"og:url\" content=\"https:\/\/franciscanos.org.br\/noticias\/navegando-juntos-a-boa-nova-de-deus-a-caminho-do-sinodo-amazonico.html\" \/>\n<meta property=\"og:site_name\" content=\"Not\u00edcias - Franciscanos\" \/>\n<meta property=\"article:published_time\" content=\"2019-08-27T03:40:51+00:00\" \/>\n<meta property=\"article:modified_time\" content=\"2019-09-11T17:04:12+00:00\" \/>\n<meta property=\"og:image\" content=\"https:\/\/franciscanos.org.br\/noticias\/wp-content\/uploads\/2019\/09\/273.jpg\" \/>\n\t<meta property=\"og:image:width\" content=\"273\" \/>\n\t<meta property=\"og:image:height\" content=\"181\" \/>\n\t<meta property=\"og:image:type\" content=\"image\/jpeg\" \/>\n<meta name=\"author\" content=\"jovenal\" \/>\n<meta name=\"twitter:card\" content=\"summary_large_image\" \/>\n<meta name=\"twitter:label1\" content=\"Escrito por\" \/>\n\t<meta name=\"twitter:data1\" content=\"jovenal\" \/>\n\t<meta name=\"twitter:label2\" content=\"Est. tempo de leitura\" \/>\n\t<meta name=\"twitter:data2\" content=\"5 minutos\" \/>\n<script type=\"application\/ld+json\" class=\"yoast-schema-graph\">{\"@context\":\"https:\/\/schema.org\",\"@graph\":[{\"@type\":\"WebSite\",\"@id\":\"https:\/\/franciscanos.org.br\/noticias\/#website\",\"url\":\"https:\/\/franciscanos.org.br\/noticias\/\",\"name\":\"Not\u00edcias - Franciscanos\",\"description\":\"Prov\u00edncia Franciscana da Imaculada Concei\u00e7\u00e3o do Brasil - Ordem dos Frades Menores - OFM\",\"potentialAction\":[{\"@type\":\"SearchAction\",\"target\":{\"@type\":\"EntryPoint\",\"urlTemplate\":\"https:\/\/franciscanos.org.br\/noticias\/?s={search_term_string}\"},\"query-input\":\"required name=search_term_string\"}],\"inLanguage\":\"pt-BR\"},{\"@type\":\"ImageObject\",\"inLanguage\":\"pt-BR\",\"@id\":\"https:\/\/franciscanos.org.br\/noticias\/navegando-juntos-a-boa-nova-de-deus-a-caminho-do-sinodo-amazonico.html#primaryimage\",\"url\":\"https:\/\/franciscanos.org.br\/noticias\/wp-content\/uploads\/2019\/09\/273.jpg\",\"contentUrl\":\"https:\/\/franciscanos.org.br\/noticias\/wp-content\/uploads\/2019\/09\/273.jpg\",\"width\":273,\"height\":181},{\"@type\":\"WebPage\",\"@id\":\"https:\/\/franciscanos.org.br\/noticias\/navegando-juntos-a-boa-nova-de-deus-a-caminho-do-sinodo-amazonico.html#webpage\",\"url\":\"https:\/\/franciscanos.org.br\/noticias\/navegando-juntos-a-boa-nova-de-deus-a-caminho-do-sinodo-amazonico.html\",\"name\":\"Navegando juntos a Boa Nova de Deus a caminho do S\u00ednodo Amaz\u00f4nico - Not\u00edcias - Franciscanos\",\"isPartOf\":{\"@id\":\"https:\/\/franciscanos.org.br\/noticias\/#website\"},\"primaryImageOfPage\":{\"@id\":\"https:\/\/franciscanos.org.br\/noticias\/navegando-juntos-a-boa-nova-de-deus-a-caminho-do-sinodo-amazonico.html#primaryimage\"},\"datePublished\":\"2019-08-27T03:40:51+00:00\",\"dateModified\":\"2019-09-11T17:04:12+00:00\",\"author\":{\"@id\":\"https:\/\/franciscanos.org.br\/noticias\/#\/schema\/person\/c3a26b08313dd1772495ce300ab257cc\"},\"breadcrumb\":{\"@id\":\"https:\/\/franciscanos.org.br\/noticias\/navegando-juntos-a-boa-nova-de-deus-a-caminho-do-sinodo-amazonico.html#breadcrumb\"},\"inLanguage\":\"pt-BR\",\"potentialAction\":[{\"@type\":\"ReadAction\",\"target\":[\"https:\/\/franciscanos.org.br\/noticias\/navegando-juntos-a-boa-nova-de-deus-a-caminho-do-sinodo-amazonico.html\"]}]},{\"@type\":\"BreadcrumbList\",\"@id\":\"https:\/\/franciscanos.org.br\/noticias\/navegando-juntos-a-boa-nova-de-deus-a-caminho-do-sinodo-amazonico.html#breadcrumb\",\"itemListElement\":[{\"@type\":\"ListItem\",\"position\":1,\"name\":\"Home\",\"item\":\"https:\/\/franciscanos.org.br\/noticias\"},{\"@type\":\"ListItem\",\"position\":2,\"name\":\"Navegando juntos a Boa Nova de Deus a caminho do S\u00ednodo Amaz\u00f4nico\"}]},{\"@type\":\"Person\",\"@id\":\"https:\/\/franciscanos.org.br\/noticias\/#\/schema\/person\/c3a26b08313dd1772495ce300ab257cc\",\"name\":\"jovenal\",\"image\":{\"@type\":\"ImageObject\",\"inLanguage\":\"pt-BR\",\"@id\":\"https:\/\/franciscanos.org.br\/noticias\/#\/schema\/person\/image\/\",\"url\":\"https:\/\/secure.gravatar.com\/avatar\/e94509f531086e2eaf97e72f29ea00f9?s=96&d=mm&r=g\",\"contentUrl\":\"https:\/\/secure.gravatar.com\/avatar\/e94509f531086e2eaf97e72f29ea00f9?s=96&d=mm&r=g\",\"caption\":\"jovenal\"},\"url\":\"https:\/\/franciscanos.org.br\/noticias\/author\/jovenal\"}]}<\/script>\n<!-- \/ Yoast SEO plugin. -->","yoast_head_json":{"title":"Navegando juntos a Boa Nova de Deus a caminho do S\u00ednodo Amaz\u00f4nico - Not\u00edcias - Franciscanos","robots":{"index":"index","follow":"follow","max-snippet":"max-snippet:-1","max-image-preview":"max-image-preview:large","max-video-preview":"max-video-preview:-1"},"canonical":"https:\/\/franciscanos.org.br\/noticias\/navegando-juntos-a-boa-nova-de-deus-a-caminho-do-sinodo-amazonico.html","og_locale":"pt_BR","og_type":"article","og_title":"Navegando juntos a Boa Nova de Deus a caminho do S\u00ednodo Amaz\u00f4nico - Not\u00edcias - Franciscanos","og_description":"40 DIAS PELO RIO","og_url":"https:\/\/franciscanos.org.br\/noticias\/navegando-juntos-a-boa-nova-de-deus-a-caminho-do-sinodo-amazonico.html","og_site_name":"Not\u00edcias - Franciscanos","article_published_time":"2019-08-27T03:40:51+00:00","article_modified_time":"2019-09-11T17:04:12+00:00","og_image":[{"width":273,"height":181,"url":"https:\/\/franciscanos.org.br\/noticias\/wp-content\/uploads\/2019\/09\/273.jpg","type":"image\/jpeg"}],"author":"jovenal","twitter_card":"summary_large_image","twitter_misc":{"Escrito por":"jovenal","Est. tempo de leitura":"5 minutos"},"schema":{"@context":"https:\/\/schema.org","@graph":[{"@type":"WebSite","@id":"https:\/\/franciscanos.org.br\/noticias\/#website","url":"https:\/\/franciscanos.org.br\/noticias\/","name":"Not\u00edcias - Franciscanos","description":"Prov\u00edncia Franciscana da Imaculada Concei\u00e7\u00e3o do Brasil - Ordem dos Frades Menores - OFM","potentialAction":[{"@type":"SearchAction","target":{"@type":"EntryPoint","urlTemplate":"https:\/\/franciscanos.org.br\/noticias\/?s={search_term_string}"},"query-input":"required name=search_term_string"}],"inLanguage":"pt-BR"},{"@type":"ImageObject","inLanguage":"pt-BR","@id":"https:\/\/franciscanos.org.br\/noticias\/navegando-juntos-a-boa-nova-de-deus-a-caminho-do-sinodo-amazonico.html#primaryimage","url":"https:\/\/franciscanos.org.br\/noticias\/wp-content\/uploads\/2019\/09\/273.jpg","contentUrl":"https:\/\/franciscanos.org.br\/noticias\/wp-content\/uploads\/2019\/09\/273.jpg","width":273,"height":181},{"@type":"WebPage","@id":"https:\/\/franciscanos.org.br\/noticias\/navegando-juntos-a-boa-nova-de-deus-a-caminho-do-sinodo-amazonico.html#webpage","url":"https:\/\/franciscanos.org.br\/noticias\/navegando-juntos-a-boa-nova-de-deus-a-caminho-do-sinodo-amazonico.html","name":"Navegando juntos a Boa Nova de Deus a caminho do S\u00ednodo Amaz\u00f4nico - Not\u00edcias - Franciscanos","isPartOf":{"@id":"https:\/\/franciscanos.org.br\/noticias\/#website"},"primaryImageOfPage":{"@id":"https:\/\/franciscanos.org.br\/noticias\/navegando-juntos-a-boa-nova-de-deus-a-caminho-do-sinodo-amazonico.html#primaryimage"},"datePublished":"2019-08-27T03:40:51+00:00","dateModified":"2019-09-11T17:04:12+00:00","author":{"@id":"https:\/\/franciscanos.org.br\/noticias\/#\/schema\/person\/c3a26b08313dd1772495ce300ab257cc"},"breadcrumb":{"@id":"https:\/\/franciscanos.org.br\/noticias\/navegando-juntos-a-boa-nova-de-deus-a-caminho-do-sinodo-amazonico.html#breadcrumb"},"inLanguage":"pt-BR","potentialAction":[{"@type":"ReadAction","target":["https:\/\/franciscanos.org.br\/noticias\/navegando-juntos-a-boa-nova-de-deus-a-caminho-do-sinodo-amazonico.html"]}]},{"@type":"BreadcrumbList","@id":"https:\/\/franciscanos.org.br\/noticias\/navegando-juntos-a-boa-nova-de-deus-a-caminho-do-sinodo-amazonico.html#breadcrumb","itemListElement":[{"@type":"ListItem","position":1,"name":"Home","item":"https:\/\/franciscanos.org.br\/noticias"},{"@type":"ListItem","position":2,"name":"Navegando juntos a Boa Nova de Deus a caminho do S\u00ednodo Amaz\u00f4nico"}]},{"@type":"Person","@id":"https:\/\/franciscanos.org.br\/noticias\/#\/schema\/person\/c3a26b08313dd1772495ce300ab257cc","name":"jovenal","image":{"@type":"ImageObject","inLanguage":"pt-BR","@id":"https:\/\/franciscanos.org.br\/noticias\/#\/schema\/person\/image\/","url":"https:\/\/secure.gravatar.com\/avatar\/e94509f531086e2eaf97e72f29ea00f9?s=96&d=mm&r=g","contentUrl":"https:\/\/secure.gravatar.com\/avatar\/e94509f531086e2eaf97e72f29ea00f9?s=96&d=mm&r=g","caption":"jovenal"},"url":"https:\/\/franciscanos.org.br\/noticias\/author\/jovenal"}]}},"_links":{"self":[{"href":"https:\/\/franciscanos.org.br\/noticias\/wp-json\/wp\/v2\/posts\/210411"}],"collection":[{"href":"https:\/\/franciscanos.org.br\/noticias\/wp-json\/wp\/v2\/posts"}],"about":[{"href":"https:\/\/franciscanos.org.br\/noticias\/wp-json\/wp\/v2\/types\/post"}],"author":[{"embeddable":true,"href":"https:\/\/franciscanos.org.br\/noticias\/wp-json\/wp\/v2\/users\/7"}],"replies":[{"embeddable":true,"href":"https:\/\/franciscanos.org.br\/noticias\/wp-json\/wp\/v2\/comments?post=210411"}],"version-history":[{"count":0,"href":"https:\/\/franciscanos.org.br\/noticias\/wp-json\/wp\/v2\/posts\/210411\/revisions"}],"wp:featuredmedia":[{"embeddable":true,"href":"https:\/\/franciscanos.org.br\/noticias\/wp-json\/wp\/v2\/media\/210458"}],"wp:attachment":[{"href":"https:\/\/franciscanos.org.br\/noticias\/wp-json\/wp\/v2\/media?parent=210411"}],"wp:term":[{"taxonomy":"category","embeddable":true,"href":"https:\/\/franciscanos.org.br\/noticias\/wp-json\/wp\/v2\/categories?post=210411"},{"taxonomy":"post_tag","embeddable":true,"href":"https:\/\/franciscanos.org.br\/noticias\/wp-json\/wp\/v2\/tags?post=210411"}],"curies":[{"name":"wp","href":"https:\/\/api.w.org\/{rel}","templated":true}]}}