{"id":210389,"date":"2019-09-07T18:56:55","date_gmt":"2019-09-07T21:56:55","guid":{"rendered":"https:\/\/franciscanos.org.br\/noticias\/?p=210389"},"modified":"2019-09-09T11:01:53","modified_gmt":"2019-09-09T14:01:53","slug":"na-presenca-do-altissimo-e-bom-senhor-um-belo-gesto-de-amor-sem-limites","status":"publish","type":"post","link":"https:\/\/franciscanos.org.br\/noticias\/na-presenca-do-altissimo-e-bom-senhor-um-belo-gesto-de-amor-sem-limites.html","title":{"rendered":"Na presen\u00e7a do Alt\u00edssimo e Bom Senhor: um belo gesto de amor sem limites"},"content":{"rendered":"<p><img loading=\"lazy\" class=\"alignnone size-full wp-image-210392\" src=\"https:\/\/franciscanos.org.br\/noticias\/wp-content\/uploads\/2019\/09\/profissao_0909_1.jpg\" alt=\"\" width=\"890\" height=\"500\" srcset=\"https:\/\/franciscanos.org.br\/noticias\/wp-content\/uploads\/2019\/09\/profissao_0909_1.jpg 890w, https:\/\/franciscanos.org.br\/noticias\/wp-content\/uploads\/2019\/09\/profissao_0909_1-450x253.jpg 450w, https:\/\/franciscanos.org.br\/noticias\/wp-content\/uploads\/2019\/09\/profissao_0909_1-768x431.jpg 768w, https:\/\/franciscanos.org.br\/noticias\/wp-content\/uploads\/2019\/09\/profissao_0909_1-150x84.jpg 150w\" sizes=\"(max-width: 890px) 100vw, 890px\" \/><\/p>\n<h3>Por ocasi\u00e3o de uma profiss\u00e3o religiosa<\/h3>\n<p>\u2666 Frades da Imaculada fazem profiss\u00e3o definitiva na Ordem nas m\u00e3os do Ministro Provincial Frei C\u00e9sar K\u00fclkamp. Dois s\u00e3o de Angola e tr\u00eas outros do Brasil. Membros definitivos de nossa casa que \u00e9 a Ordem, a Funda\u00e7\u00e3o e a Prov\u00edncia. Os frades todos somos possu\u00eddos de alegria e desejos de paz e perseveran\u00e7a. Jovens, bastante jovens, poder\u00e3o atingir o centen\u00e1rio quando nossos corpos ser\u00e3o transformados em luminosidade diante de Deus, mais rapidamente os que somos octogen\u00e1rios. Se Deus assim permitir. Como ser\u00e1 esse amanh\u00e3 de nosso existir? E do existir dos professandos?<\/p>\n<p>\u2666 L\u00e1 est\u00e3o eles, prostrados no ch\u00e3o, na terra m\u00e3e,<em> h\u00famus<\/em>, humildade. Sem nada. Um h\u00e1bito cobrindo-lhes o corpo, promessa de fidelidade, de ser de Deus, de fazer de suas vidas um servi\u00e7o para o advento do mundo novo que Jesus chama de Reino. Desejam viver uma vida plena, de gente, de gente de verdade, sem querer passar pela vida ao sabor da moda de cada instante. Ladainha de todos os santos, vela acesa, \u00f3culos emba\u00e7ados de emo\u00e7\u00e3o, olhares furtivos para os parentes presentes. \u201cNa presen\u00e7a do Deus&#8230;prometo\u201d.<\/p>\n<p>\u2666 Promessa&#8230; adotar agora um prop\u00f3sito que perdura no tempo. Um decis\u00e3o livre fecundada pelo orvalho de Deus. Lan\u00e7ar-se nas m\u00e3os do Senhor aceitando com alegria os desafios da vida, da hist\u00f3ria, das transforma\u00e7\u00f5es em nosso g\u00eanero de vida, na Igreja e nesse mundo t\u00e3o belo e t\u00e3o louco. Como Abra\u00e3o, o pai da f\u00e9. Caminhar para uma terra que o Senhor vai nos mostrar. Fidelidade criativa e n\u00e3o teimosa. Joan Chittister, escritora beneditina: \u201cPara entender o que a vida pretende nos ensinar, precisamos aprender a n\u00e3o fugir da vida quando as coisas ficam dif\u00edceis, quando a vida finalmente come\u00e7a a exigir alguma coisa de n\u00f3s, quando enfim come\u00e7a a nos pedir mais do que esper\u00e1vamos poder dar. Fidelidade \u00e9 o forno de olaria da vida em que submetidos ao calor e \u00e0s chamas, somos moldados em formas e apar\u00eancias jamais imaginadas\u201d.<\/p>\n<p>\u2666 Nunca como em nossos tempos se tornou importante fazer densas experi\u00eancias de Deus. Afinal ele \u00e9 o sol de nossa vida. Sil\u00eancio, viagem ao centro de n\u00f3s mesmos, ver o rosto de Deus naqueles que ele inventos como semelhan\u00e7a e imagem dele. A fornalha de amor que \u00e9 a Trindade vai tomando conta de n\u00f3s pela aproxima\u00e7\u00e3o do Ressuscitado a nos dizer: \u201cVem e segue-me!\u201d Ele nos leva para o insond\u00e1vel abismo de amor. Respondemos com Francisco: \u201c\u00c9 isso que eu quero, isso busco de todo o meu cora\u00e7\u00e3o\u201d. Conviver com Ressuscitado na leitura orante dos evangelhos, mormente no Serm\u00e3o da Montanha e das par\u00e1bolas. Vivemos juntos. Alegramo-nos juntos. Choramos juntos. Rezamos juntos. De verdade. N\u00e3o apenas morando juntos no mesmo endere\u00e7o. Frades e fraternidade, ad intra e ad extra. Respeito atencioso. Vejo muitos frades jovens carinhosos com idosos e com gente de fora que vive dramas. E miss\u00e3o num mundo ao qual Jesu Cristo precisa ser apresentado pela primeira vez. Ser\u00e1 fundamental uma pastoral humana, gostar das pessoas, lev\u00e1-las \u00e0 sua verdade, acolhimento e empatia, procurar ser Jo\u00e3o Batista, ou seja, abrir os caminhos para que o Senhor nelas opere maravilhas. Frades bons. O Amor precisa ser amado.<\/p>\n<p>\u2666 Gostaria de terminar estas poucas linhas com um pensamento de Jos\u00e9 Tolentino Mendon\u00e7a: \u201cPassamos pelas coisas sem as habitar, falamos com os outros sem os ouvir, juntamos informa\u00e7\u00e3o que nunca chegamos a aprofundar. Tudo transita num galope ruidoso, veemente e ef\u00eamero. Na verdade, a velocidade com que vivemos, impede-nos de viver. Uma alternativa ser\u00e1 resgatar nossa rela\u00e7\u00e3o com o tempo. Por tentativas, por pequenos passos. Ora, isso n\u00e3o acontece sem um abrandamento interno. Precisamente porque a press\u00e3o de decidir \u00e9 enorme, necessitamos de um lentid\u00e3o que nos proteja da precipita\u00e7\u00f5es mec\u00e2nicas, dos gestos cegamente compulsivos, das palavras repetidas e banais. Precisamente porque nos temos de desdobrar e multiplicar, necessitamos reaprender o inteiro, o intacto, o concentrado, o atento e o uno\u201d.<\/p>\n<p>\u2666 Procurem inventar o novo, um novo que n\u00e3o seja um novidadoso fugaz. Esperamos que voc\u00eas tornem bonita e santa nossa Prov\u00edncia. Voc\u00eas v\u00e3o atravessar o s\u00e9culo XXI. Coragem, ternura e paix\u00e3o.<\/p>\n<p><strong>Frei Almir Ribeiro Guimar\u00e3es, OFM<\/strong><br \/>\n<em>Confrade<\/em><\/p>\n","protected":false},"excerpt":{"rendered":"<p>Artigo de Frei Almir Guimar\u00e3es<\/p>\n","protected":false},"author":3,"featured_media":210391,"comment_status":"open","ping_status":"open","sticky":false,"template":"","format":"standard","meta":[],"categories":[1],"tags":[418],"acf":[],"yoast_head":"<!-- This site is optimized with the Yoast SEO plugin v19.2 - https:\/\/yoast.com\/wordpress\/plugins\/seo\/ -->\n<title>Na presen\u00e7a do Alt\u00edssimo e Bom Senhor: um belo gesto de amor sem limites - Not\u00edcias - Franciscanos<\/title>\n<meta name=\"robots\" content=\"index, follow, max-snippet:-1, max-image-preview:large, max-video-preview:-1\" \/>\n<link rel=\"canonical\" href=\"https:\/\/franciscanos.org.br\/noticias\/na-presenca-do-altissimo-e-bom-senhor-um-belo-gesto-de-amor-sem-limites.html\" \/>\n<meta property=\"og:locale\" content=\"pt_BR\" \/>\n<meta property=\"og:type\" content=\"article\" \/>\n<meta property=\"og:title\" content=\"Na presen\u00e7a do Alt\u00edssimo e Bom Senhor: um belo gesto de amor sem limites - Not\u00edcias - Franciscanos\" \/>\n<meta property=\"og:description\" content=\"Artigo de Frei Almir Guimar\u00e3es\" \/>\n<meta property=\"og:url\" content=\"https:\/\/franciscanos.org.br\/noticias\/na-presenca-do-altissimo-e-bom-senhor-um-belo-gesto-de-amor-sem-limites.html\" \/>\n<meta property=\"og:site_name\" content=\"Not\u00edcias - Franciscanos\" \/>\n<meta property=\"article:published_time\" content=\"2019-09-07T21:56:55+00:00\" \/>\n<meta property=\"article:modified_time\" content=\"2019-09-09T14:01:53+00:00\" \/>\n<meta property=\"og:image\" content=\"https:\/\/franciscanos.org.br\/noticias\/wp-content\/uploads\/2019\/09\/profissao_0909d.jpg\" \/>\n\t<meta property=\"og:image:width\" content=\"273\" \/>\n\t<meta property=\"og:image:height\" content=\"181\" \/>\n\t<meta property=\"og:image:type\" content=\"image\/jpeg\" \/>\n<meta name=\"author\" content=\"moacir\" \/>\n<meta name=\"twitter:card\" content=\"summary_large_image\" \/>\n<meta name=\"twitter:label1\" content=\"Escrito por\" \/>\n\t<meta name=\"twitter:data1\" content=\"moacir\" \/>\n\t<meta name=\"twitter:label2\" content=\"Est. tempo de leitura\" \/>\n\t<meta name=\"twitter:data2\" content=\"4 minutos\" \/>\n<script type=\"application\/ld+json\" class=\"yoast-schema-graph\">{\"@context\":\"https:\/\/schema.org\",\"@graph\":[{\"@type\":\"WebSite\",\"@id\":\"https:\/\/franciscanos.org.br\/noticias\/#website\",\"url\":\"https:\/\/franciscanos.org.br\/noticias\/\",\"name\":\"Not\u00edcias - Franciscanos\",\"description\":\"Prov\u00edncia Franciscana da Imaculada Concei\u00e7\u00e3o do Brasil - Ordem dos Frades Menores - OFM\",\"potentialAction\":[{\"@type\":\"SearchAction\",\"target\":{\"@type\":\"EntryPoint\",\"urlTemplate\":\"https:\/\/franciscanos.org.br\/noticias\/?s={search_term_string}\"},\"query-input\":\"required name=search_term_string\"}],\"inLanguage\":\"pt-BR\"},{\"@type\":\"ImageObject\",\"inLanguage\":\"pt-BR\",\"@id\":\"https:\/\/franciscanos.org.br\/noticias\/na-presenca-do-altissimo-e-bom-senhor-um-belo-gesto-de-amor-sem-limites.html#primaryimage\",\"url\":\"https:\/\/franciscanos.org.br\/noticias\/wp-content\/uploads\/2019\/09\/profissao_0909d.jpg\",\"contentUrl\":\"https:\/\/franciscanos.org.br\/noticias\/wp-content\/uploads\/2019\/09\/profissao_0909d.jpg\",\"width\":273,\"height\":181},{\"@type\":\"WebPage\",\"@id\":\"https:\/\/franciscanos.org.br\/noticias\/na-presenca-do-altissimo-e-bom-senhor-um-belo-gesto-de-amor-sem-limites.html#webpage\",\"url\":\"https:\/\/franciscanos.org.br\/noticias\/na-presenca-do-altissimo-e-bom-senhor-um-belo-gesto-de-amor-sem-limites.html\",\"name\":\"Na presen\u00e7a do Alt\u00edssimo e Bom Senhor: um belo gesto de amor sem limites - Not\u00edcias - Franciscanos\",\"isPartOf\":{\"@id\":\"https:\/\/franciscanos.org.br\/noticias\/#website\"},\"primaryImageOfPage\":{\"@id\":\"https:\/\/franciscanos.org.br\/noticias\/na-presenca-do-altissimo-e-bom-senhor-um-belo-gesto-de-amor-sem-limites.html#primaryimage\"},\"datePublished\":\"2019-09-07T21:56:55+00:00\",\"dateModified\":\"2019-09-09T14:01:53+00:00\",\"author\":{\"@id\":\"https:\/\/franciscanos.org.br\/noticias\/#\/schema\/person\/b5c8cba458c330ccff548b056e95a5d4\"},\"breadcrumb\":{\"@id\":\"https:\/\/franciscanos.org.br\/noticias\/na-presenca-do-altissimo-e-bom-senhor-um-belo-gesto-de-amor-sem-limites.html#breadcrumb\"},\"inLanguage\":\"pt-BR\",\"potentialAction\":[{\"@type\":\"ReadAction\",\"target\":[\"https:\/\/franciscanos.org.br\/noticias\/na-presenca-do-altissimo-e-bom-senhor-um-belo-gesto-de-amor-sem-limites.html\"]}]},{\"@type\":\"BreadcrumbList\",\"@id\":\"https:\/\/franciscanos.org.br\/noticias\/na-presenca-do-altissimo-e-bom-senhor-um-belo-gesto-de-amor-sem-limites.html#breadcrumb\",\"itemListElement\":[{\"@type\":\"ListItem\",\"position\":1,\"name\":\"Home\",\"item\":\"https:\/\/franciscanos.org.br\/noticias\"},{\"@type\":\"ListItem\",\"position\":2,\"name\":\"Na presen\u00e7a do Alt\u00edssimo e Bom Senhor: um belo gesto de amor sem limites\"}]},{\"@type\":\"Person\",\"@id\":\"https:\/\/franciscanos.org.br\/noticias\/#\/schema\/person\/b5c8cba458c330ccff548b056e95a5d4\",\"name\":\"moacir\",\"image\":{\"@type\":\"ImageObject\",\"inLanguage\":\"pt-BR\",\"@id\":\"https:\/\/franciscanos.org.br\/noticias\/#\/schema\/person\/image\/\",\"url\":\"https:\/\/secure.gravatar.com\/avatar\/d08aa2ce4c8dd416d4479aa8536fcf64?s=96&d=mm&r=g\",\"contentUrl\":\"https:\/\/secure.gravatar.com\/avatar\/d08aa2ce4c8dd416d4479aa8536fcf64?s=96&d=mm&r=g\",\"caption\":\"moacir\"},\"url\":\"https:\/\/franciscanos.org.br\/noticias\/author\/moacir\"}]}<\/script>\n<!-- \/ Yoast SEO plugin. -->","yoast_head_json":{"title":"Na presen\u00e7a do Alt\u00edssimo e Bom Senhor: um belo gesto de amor sem limites - Not\u00edcias - Franciscanos","robots":{"index":"index","follow":"follow","max-snippet":"max-snippet:-1","max-image-preview":"max-image-preview:large","max-video-preview":"max-video-preview:-1"},"canonical":"https:\/\/franciscanos.org.br\/noticias\/na-presenca-do-altissimo-e-bom-senhor-um-belo-gesto-de-amor-sem-limites.html","og_locale":"pt_BR","og_type":"article","og_title":"Na presen\u00e7a do Alt\u00edssimo e Bom Senhor: um belo gesto de amor sem limites - Not\u00edcias - Franciscanos","og_description":"Artigo de Frei Almir Guimar\u00e3es","og_url":"https:\/\/franciscanos.org.br\/noticias\/na-presenca-do-altissimo-e-bom-senhor-um-belo-gesto-de-amor-sem-limites.html","og_site_name":"Not\u00edcias - Franciscanos","article_published_time":"2019-09-07T21:56:55+00:00","article_modified_time":"2019-09-09T14:01:53+00:00","og_image":[{"width":273,"height":181,"url":"https:\/\/franciscanos.org.br\/noticias\/wp-content\/uploads\/2019\/09\/profissao_0909d.jpg","type":"image\/jpeg"}],"author":"moacir","twitter_card":"summary_large_image","twitter_misc":{"Escrito por":"moacir","Est. tempo de leitura":"4 minutos"},"schema":{"@context":"https:\/\/schema.org","@graph":[{"@type":"WebSite","@id":"https:\/\/franciscanos.org.br\/noticias\/#website","url":"https:\/\/franciscanos.org.br\/noticias\/","name":"Not\u00edcias - Franciscanos","description":"Prov\u00edncia Franciscana da Imaculada Concei\u00e7\u00e3o do Brasil - Ordem dos Frades Menores - OFM","potentialAction":[{"@type":"SearchAction","target":{"@type":"EntryPoint","urlTemplate":"https:\/\/franciscanos.org.br\/noticias\/?s={search_term_string}"},"query-input":"required name=search_term_string"}],"inLanguage":"pt-BR"},{"@type":"ImageObject","inLanguage":"pt-BR","@id":"https:\/\/franciscanos.org.br\/noticias\/na-presenca-do-altissimo-e-bom-senhor-um-belo-gesto-de-amor-sem-limites.html#primaryimage","url":"https:\/\/franciscanos.org.br\/noticias\/wp-content\/uploads\/2019\/09\/profissao_0909d.jpg","contentUrl":"https:\/\/franciscanos.org.br\/noticias\/wp-content\/uploads\/2019\/09\/profissao_0909d.jpg","width":273,"height":181},{"@type":"WebPage","@id":"https:\/\/franciscanos.org.br\/noticias\/na-presenca-do-altissimo-e-bom-senhor-um-belo-gesto-de-amor-sem-limites.html#webpage","url":"https:\/\/franciscanos.org.br\/noticias\/na-presenca-do-altissimo-e-bom-senhor-um-belo-gesto-de-amor-sem-limites.html","name":"Na presen\u00e7a do Alt\u00edssimo e Bom Senhor: um belo gesto de amor sem limites - Not\u00edcias - Franciscanos","isPartOf":{"@id":"https:\/\/franciscanos.org.br\/noticias\/#website"},"primaryImageOfPage":{"@id":"https:\/\/franciscanos.org.br\/noticias\/na-presenca-do-altissimo-e-bom-senhor-um-belo-gesto-de-amor-sem-limites.html#primaryimage"},"datePublished":"2019-09-07T21:56:55+00:00","dateModified":"2019-09-09T14:01:53+00:00","author":{"@id":"https:\/\/franciscanos.org.br\/noticias\/#\/schema\/person\/b5c8cba458c330ccff548b056e95a5d4"},"breadcrumb":{"@id":"https:\/\/franciscanos.org.br\/noticias\/na-presenca-do-altissimo-e-bom-senhor-um-belo-gesto-de-amor-sem-limites.html#breadcrumb"},"inLanguage":"pt-BR","potentialAction":[{"@type":"ReadAction","target":["https:\/\/franciscanos.org.br\/noticias\/na-presenca-do-altissimo-e-bom-senhor-um-belo-gesto-de-amor-sem-limites.html"]}]},{"@type":"BreadcrumbList","@id":"https:\/\/franciscanos.org.br\/noticias\/na-presenca-do-altissimo-e-bom-senhor-um-belo-gesto-de-amor-sem-limites.html#breadcrumb","itemListElement":[{"@type":"ListItem","position":1,"name":"Home","item":"https:\/\/franciscanos.org.br\/noticias"},{"@type":"ListItem","position":2,"name":"Na presen\u00e7a do Alt\u00edssimo e Bom Senhor: um belo gesto de amor sem limites"}]},{"@type":"Person","@id":"https:\/\/franciscanos.org.br\/noticias\/#\/schema\/person\/b5c8cba458c330ccff548b056e95a5d4","name":"moacir","image":{"@type":"ImageObject","inLanguage":"pt-BR","@id":"https:\/\/franciscanos.org.br\/noticias\/#\/schema\/person\/image\/","url":"https:\/\/secure.gravatar.com\/avatar\/d08aa2ce4c8dd416d4479aa8536fcf64?s=96&d=mm&r=g","contentUrl":"https:\/\/secure.gravatar.com\/avatar\/d08aa2ce4c8dd416d4479aa8536fcf64?s=96&d=mm&r=g","caption":"moacir"},"url":"https:\/\/franciscanos.org.br\/noticias\/author\/moacir"}]}},"_links":{"self":[{"href":"https:\/\/franciscanos.org.br\/noticias\/wp-json\/wp\/v2\/posts\/210389"}],"collection":[{"href":"https:\/\/franciscanos.org.br\/noticias\/wp-json\/wp\/v2\/posts"}],"about":[{"href":"https:\/\/franciscanos.org.br\/noticias\/wp-json\/wp\/v2\/types\/post"}],"author":[{"embeddable":true,"href":"https:\/\/franciscanos.org.br\/noticias\/wp-json\/wp\/v2\/users\/3"}],"replies":[{"embeddable":true,"href":"https:\/\/franciscanos.org.br\/noticias\/wp-json\/wp\/v2\/comments?post=210389"}],"version-history":[{"count":0,"href":"https:\/\/franciscanos.org.br\/noticias\/wp-json\/wp\/v2\/posts\/210389\/revisions"}],"wp:featuredmedia":[{"embeddable":true,"href":"https:\/\/franciscanos.org.br\/noticias\/wp-json\/wp\/v2\/media\/210391"}],"wp:attachment":[{"href":"https:\/\/franciscanos.org.br\/noticias\/wp-json\/wp\/v2\/media?parent=210389"}],"wp:term":[{"taxonomy":"category","embeddable":true,"href":"https:\/\/franciscanos.org.br\/noticias\/wp-json\/wp\/v2\/categories?post=210389"},{"taxonomy":"post_tag","embeddable":true,"href":"https:\/\/franciscanos.org.br\/noticias\/wp-json\/wp\/v2\/tags?post=210389"}],"curies":[{"name":"wp","href":"https:\/\/api.w.org\/{rel}","templated":true}]}}