{"id":210146,"date":"2019-09-06T07:18:45","date_gmt":"2019-09-06T10:18:45","guid":{"rendered":"https:\/\/franciscanos.org.br\/noticias\/?p=210146"},"modified":"2019-11-27T23:49:55","modified_gmt":"2019-11-28T02:49:55","slug":"pvf-faz-campanha-em-petropolis-para-novos-benfeitores","status":"publish","type":"post","link":"https:\/\/franciscanos.org.br\/noticias\/pvf-faz-campanha-em-petropolis-para-novos-benfeitores.html","title":{"rendered":"PVF faz campanha em Petr\u00f3polis para novos benfeitores"},"content":{"rendered":"<p><img loading=\"lazy\" class=\"alignleft wp-image-210147\" src=\"https:\/\/franciscanos.org.br\/noticias\/wp-content\/uploads\/2019\/09\/petropolis.jpg\" alt=\"\" width=\"367\" height=\"551\" srcset=\"https:\/\/franciscanos.org.br\/noticias\/wp-content\/uploads\/2019\/09\/petropolis.jpg 450w, https:\/\/franciscanos.org.br\/noticias\/wp-content\/uploads\/2019\/09\/petropolis-300x450.jpg 300w, https:\/\/franciscanos.org.br\/noticias\/wp-content\/uploads\/2019\/09\/petropolis-150x225.jpg 150w\" sizes=\"(max-width: 367px) 100vw, 367px\" \/><\/p>\n<p>O Pr\u00f3-Voca\u00e7\u00f5es e Miss\u00f5es Franciscanas (PVF) fez campanha nos \u00faltimos dias na Fraternidade da Par\u00f3quia e Convento do Sagrado Cora\u00e7\u00e3o de Jesus, na cidade de Petr\u00f3polis (RJ), onde a equipe foi carinhosamente acolhida pelos frades da Fraternidade permanente, bem como pelos frades estudantes do tempo da Teologia.<\/p>\n<p>Tem um ditado popular que diz: \u201cSe na minha casa tenho meio p\u00e3o e tu n\u00e3o tendes nada, ambos temos meio p\u00e3o\u201d. Iluminados por estas s\u00e1bias palavras, que remetem \u00e0 partilha e generosidade, a equipe dirigiu-se \u00e0 bela cidade para convidar as pessoas ao exerc\u00edcio da generosidade, com a nobre miss\u00e3o de ajudar na forma\u00e7\u00e3o dos nossos jovens seminaristas e frades estudantes, assim como na manuten\u00e7\u00e3o da nossa miss\u00e3o franciscana em Angola, no Continente Africano.<\/p>\n<p>Frei Alexandre Rohling conduziu a reflex\u00e3o e fez a motiva\u00e7\u00e3o dos fi\u00e9is para fazerem parte desta mesa da solidariedade franciscana.\u00a0Durante este momento, uma forte chuva, com raios e trov\u00f5es, caiu sobre a cidade no in\u00edcio da noite de domingo (01\/9). O resultado foi um transformador queimado, deixando sem energia aquela e outras regi\u00f5es da cidade. As \u00faltimas inscri\u00e7\u00f5es desta noite foram feitas \u00e0 luz de celular, mostrando que, mesmo na escurid\u00e3o da vida, quando h\u00e1 solidariedade, a luz de Deus pode brilhar.<\/p>\n<p>O povo rezou pelos cinco jovens frades do tempo da Teologia &#8211; Frei Canga Manuel Mazoa, Frei Santana Sebasti\u00e3o Cafunda, Frei Gabriel Dellandrea, Frei Hugo C\u00e2mara dos Santos e Frei Roger Strapazzon (<em>foto ao lado em frente \u00e0 Igreja do Sagrado<\/em>) &#8211; que, neste domingo (8\/9), \u00e0s 10 horas, v\u00e3o professar solenemente diante de Deus e dos irm\u00e3os os tr\u00eas conselhos evang\u00e9licos: obedi\u00eancia, pobreza e castidade, prometendo, com a gra\u00e7a de Deus e o auxilio dos irm\u00e3os, viver segundo a forma da Ordem dos Frades Menores.<\/p>\n<p>Frei Alexandre agradeceu aos seus confrades da Fraternidade do Sagrado pela generosa acolhida nestes dias. O pr\u00f3ximo compromisso est\u00e1 agendado para os dias 11 a 16 de setembro, em Vila Velha (ES). Na oportunidade, o PVF visitar\u00e1 o Santu\u00e1rio do Divino Esp\u00edrito Santo e realizar\u00e1 um encontro regional de benfeitores e far\u00e1 campanha para novos benfeitores.<\/p>\n<p><strong>Equipe do Pr\u00f3-Voca\u00e7\u00f5es<\/strong><\/p>\n","protected":false},"excerpt":{"rendered":"<p>Pr\u00f3-Voca\u00e7\u00f5es e Miss\u00f5es Franciscanas<\/p>\n","protected":false},"author":3,"featured_media":210148,"comment_status":"open","ping_status":"open","sticky":false,"template":"","format":"standard","meta":[],"categories":[1],"tags":[190,254],"acf":[],"yoast_head":"<!-- This site is optimized with the Yoast SEO plugin v19.2 - https:\/\/yoast.com\/wordpress\/plugins\/seo\/ -->\n<title>PVF faz campanha em Petr\u00f3polis para novos benfeitores - Not\u00edcias - Franciscanos<\/title>\n<meta name=\"robots\" content=\"index, follow, max-snippet:-1, max-image-preview:large, max-video-preview:-1\" \/>\n<link rel=\"canonical\" href=\"https:\/\/franciscanos.org.br\/noticias\/pvf-faz-campanha-em-petropolis-para-novos-benfeitores.html\" \/>\n<meta property=\"og:locale\" content=\"pt_BR\" \/>\n<meta property=\"og:type\" content=\"article\" \/>\n<meta property=\"og:title\" content=\"PVF faz campanha em Petr\u00f3polis para novos benfeitores - Not\u00edcias - Franciscanos\" \/>\n<meta property=\"og:description\" content=\"Pr\u00f3-Voca\u00e7\u00f5es e Miss\u00f5es Franciscanas\" \/>\n<meta property=\"og:url\" content=\"https:\/\/franciscanos.org.br\/noticias\/pvf-faz-campanha-em-petropolis-para-novos-benfeitores.html\" \/>\n<meta property=\"og:site_name\" content=\"Not\u00edcias - Franciscanos\" \/>\n<meta property=\"article:published_time\" content=\"2019-09-06T10:18:45+00:00\" \/>\n<meta property=\"article:modified_time\" content=\"2019-11-28T02:49:55+00:00\" \/>\n<meta property=\"og:image\" content=\"https:\/\/franciscanos.org.br\/noticias\/wp-content\/uploads\/2019\/09\/petropolis_d.jpg\" \/>\n\t<meta property=\"og:image:width\" content=\"273\" \/>\n\t<meta property=\"og:image:height\" content=\"181\" \/>\n\t<meta property=\"og:image:type\" content=\"image\/jpeg\" \/>\n<meta name=\"author\" content=\"moacir\" \/>\n<meta name=\"twitter:card\" content=\"summary_large_image\" \/>\n<meta name=\"twitter:label1\" content=\"Escrito por\" \/>\n\t<meta name=\"twitter:data1\" content=\"moacir\" \/>\n\t<meta name=\"twitter:label2\" content=\"Est. tempo de leitura\" \/>\n\t<meta name=\"twitter:data2\" content=\"2 minutos\" \/>\n<script type=\"application\/ld+json\" class=\"yoast-schema-graph\">{\"@context\":\"https:\/\/schema.org\",\"@graph\":[{\"@type\":\"WebSite\",\"@id\":\"https:\/\/franciscanos.org.br\/noticias\/#website\",\"url\":\"https:\/\/franciscanos.org.br\/noticias\/\",\"name\":\"Not\u00edcias - Franciscanos\",\"description\":\"Prov\u00edncia Franciscana da Imaculada Concei\u00e7\u00e3o do Brasil - Ordem dos Frades Menores - OFM\",\"potentialAction\":[{\"@type\":\"SearchAction\",\"target\":{\"@type\":\"EntryPoint\",\"urlTemplate\":\"https:\/\/franciscanos.org.br\/noticias\/?s={search_term_string}\"},\"query-input\":\"required name=search_term_string\"}],\"inLanguage\":\"pt-BR\"},{\"@type\":\"ImageObject\",\"inLanguage\":\"pt-BR\",\"@id\":\"https:\/\/franciscanos.org.br\/noticias\/pvf-faz-campanha-em-petropolis-para-novos-benfeitores.html#primaryimage\",\"url\":\"https:\/\/franciscanos.org.br\/noticias\/wp-content\/uploads\/2019\/09\/petropolis_d.jpg\",\"contentUrl\":\"https:\/\/franciscanos.org.br\/noticias\/wp-content\/uploads\/2019\/09\/petropolis_d.jpg\",\"width\":273,\"height\":181},{\"@type\":\"WebPage\",\"@id\":\"https:\/\/franciscanos.org.br\/noticias\/pvf-faz-campanha-em-petropolis-para-novos-benfeitores.html#webpage\",\"url\":\"https:\/\/franciscanos.org.br\/noticias\/pvf-faz-campanha-em-petropolis-para-novos-benfeitores.html\",\"name\":\"PVF faz campanha em Petr\u00f3polis para novos benfeitores - Not\u00edcias - Franciscanos\",\"isPartOf\":{\"@id\":\"https:\/\/franciscanos.org.br\/noticias\/#website\"},\"primaryImageOfPage\":{\"@id\":\"https:\/\/franciscanos.org.br\/noticias\/pvf-faz-campanha-em-petropolis-para-novos-benfeitores.html#primaryimage\"},\"datePublished\":\"2019-09-06T10:18:45+00:00\",\"dateModified\":\"2019-11-28T02:49:55+00:00\",\"author\":{\"@id\":\"https:\/\/franciscanos.org.br\/noticias\/#\/schema\/person\/b5c8cba458c330ccff548b056e95a5d4\"},\"breadcrumb\":{\"@id\":\"https:\/\/franciscanos.org.br\/noticias\/pvf-faz-campanha-em-petropolis-para-novos-benfeitores.html#breadcrumb\"},\"inLanguage\":\"pt-BR\",\"potentialAction\":[{\"@type\":\"ReadAction\",\"target\":[\"https:\/\/franciscanos.org.br\/noticias\/pvf-faz-campanha-em-petropolis-para-novos-benfeitores.html\"]}]},{\"@type\":\"BreadcrumbList\",\"@id\":\"https:\/\/franciscanos.org.br\/noticias\/pvf-faz-campanha-em-petropolis-para-novos-benfeitores.html#breadcrumb\",\"itemListElement\":[{\"@type\":\"ListItem\",\"position\":1,\"name\":\"Home\",\"item\":\"https:\/\/franciscanos.org.br\/noticias\"},{\"@type\":\"ListItem\",\"position\":2,\"name\":\"PVF faz campanha em Petr\u00f3polis para novos benfeitores\"}]},{\"@type\":\"Person\",\"@id\":\"https:\/\/franciscanos.org.br\/noticias\/#\/schema\/person\/b5c8cba458c330ccff548b056e95a5d4\",\"name\":\"moacir\",\"image\":{\"@type\":\"ImageObject\",\"inLanguage\":\"pt-BR\",\"@id\":\"https:\/\/franciscanos.org.br\/noticias\/#\/schema\/person\/image\/\",\"url\":\"https:\/\/secure.gravatar.com\/avatar\/d08aa2ce4c8dd416d4479aa8536fcf64?s=96&d=mm&r=g\",\"contentUrl\":\"https:\/\/secure.gravatar.com\/avatar\/d08aa2ce4c8dd416d4479aa8536fcf64?s=96&d=mm&r=g\",\"caption\":\"moacir\"},\"url\":\"https:\/\/franciscanos.org.br\/noticias\/author\/moacir\"}]}<\/script>\n<!-- \/ Yoast SEO plugin. -->","yoast_head_json":{"title":"PVF faz campanha em Petr\u00f3polis para novos benfeitores - Not\u00edcias - Franciscanos","robots":{"index":"index","follow":"follow","max-snippet":"max-snippet:-1","max-image-preview":"max-image-preview:large","max-video-preview":"max-video-preview:-1"},"canonical":"https:\/\/franciscanos.org.br\/noticias\/pvf-faz-campanha-em-petropolis-para-novos-benfeitores.html","og_locale":"pt_BR","og_type":"article","og_title":"PVF faz campanha em Petr\u00f3polis para novos benfeitores - Not\u00edcias - Franciscanos","og_description":"Pr\u00f3-Voca\u00e7\u00f5es e Miss\u00f5es Franciscanas","og_url":"https:\/\/franciscanos.org.br\/noticias\/pvf-faz-campanha-em-petropolis-para-novos-benfeitores.html","og_site_name":"Not\u00edcias - Franciscanos","article_published_time":"2019-09-06T10:18:45+00:00","article_modified_time":"2019-11-28T02:49:55+00:00","og_image":[{"width":273,"height":181,"url":"https:\/\/franciscanos.org.br\/noticias\/wp-content\/uploads\/2019\/09\/petropolis_d.jpg","type":"image\/jpeg"}],"author":"moacir","twitter_card":"summary_large_image","twitter_misc":{"Escrito por":"moacir","Est. tempo de leitura":"2 minutos"},"schema":{"@context":"https:\/\/schema.org","@graph":[{"@type":"WebSite","@id":"https:\/\/franciscanos.org.br\/noticias\/#website","url":"https:\/\/franciscanos.org.br\/noticias\/","name":"Not\u00edcias - Franciscanos","description":"Prov\u00edncia Franciscana da Imaculada Concei\u00e7\u00e3o do Brasil - Ordem dos Frades Menores - OFM","potentialAction":[{"@type":"SearchAction","target":{"@type":"EntryPoint","urlTemplate":"https:\/\/franciscanos.org.br\/noticias\/?s={search_term_string}"},"query-input":"required name=search_term_string"}],"inLanguage":"pt-BR"},{"@type":"ImageObject","inLanguage":"pt-BR","@id":"https:\/\/franciscanos.org.br\/noticias\/pvf-faz-campanha-em-petropolis-para-novos-benfeitores.html#primaryimage","url":"https:\/\/franciscanos.org.br\/noticias\/wp-content\/uploads\/2019\/09\/petropolis_d.jpg","contentUrl":"https:\/\/franciscanos.org.br\/noticias\/wp-content\/uploads\/2019\/09\/petropolis_d.jpg","width":273,"height":181},{"@type":"WebPage","@id":"https:\/\/franciscanos.org.br\/noticias\/pvf-faz-campanha-em-petropolis-para-novos-benfeitores.html#webpage","url":"https:\/\/franciscanos.org.br\/noticias\/pvf-faz-campanha-em-petropolis-para-novos-benfeitores.html","name":"PVF faz campanha em Petr\u00f3polis para novos benfeitores - Not\u00edcias - Franciscanos","isPartOf":{"@id":"https:\/\/franciscanos.org.br\/noticias\/#website"},"primaryImageOfPage":{"@id":"https:\/\/franciscanos.org.br\/noticias\/pvf-faz-campanha-em-petropolis-para-novos-benfeitores.html#primaryimage"},"datePublished":"2019-09-06T10:18:45+00:00","dateModified":"2019-11-28T02:49:55+00:00","author":{"@id":"https:\/\/franciscanos.org.br\/noticias\/#\/schema\/person\/b5c8cba458c330ccff548b056e95a5d4"},"breadcrumb":{"@id":"https:\/\/franciscanos.org.br\/noticias\/pvf-faz-campanha-em-petropolis-para-novos-benfeitores.html#breadcrumb"},"inLanguage":"pt-BR","potentialAction":[{"@type":"ReadAction","target":["https:\/\/franciscanos.org.br\/noticias\/pvf-faz-campanha-em-petropolis-para-novos-benfeitores.html"]}]},{"@type":"BreadcrumbList","@id":"https:\/\/franciscanos.org.br\/noticias\/pvf-faz-campanha-em-petropolis-para-novos-benfeitores.html#breadcrumb","itemListElement":[{"@type":"ListItem","position":1,"name":"Home","item":"https:\/\/franciscanos.org.br\/noticias"},{"@type":"ListItem","position":2,"name":"PVF faz campanha em Petr\u00f3polis para novos benfeitores"}]},{"@type":"Person","@id":"https:\/\/franciscanos.org.br\/noticias\/#\/schema\/person\/b5c8cba458c330ccff548b056e95a5d4","name":"moacir","image":{"@type":"ImageObject","inLanguage":"pt-BR","@id":"https:\/\/franciscanos.org.br\/noticias\/#\/schema\/person\/image\/","url":"https:\/\/secure.gravatar.com\/avatar\/d08aa2ce4c8dd416d4479aa8536fcf64?s=96&d=mm&r=g","contentUrl":"https:\/\/secure.gravatar.com\/avatar\/d08aa2ce4c8dd416d4479aa8536fcf64?s=96&d=mm&r=g","caption":"moacir"},"url":"https:\/\/franciscanos.org.br\/noticias\/author\/moacir"}]}},"_links":{"self":[{"href":"https:\/\/franciscanos.org.br\/noticias\/wp-json\/wp\/v2\/posts\/210146"}],"collection":[{"href":"https:\/\/franciscanos.org.br\/noticias\/wp-json\/wp\/v2\/posts"}],"about":[{"href":"https:\/\/franciscanos.org.br\/noticias\/wp-json\/wp\/v2\/types\/post"}],"author":[{"embeddable":true,"href":"https:\/\/franciscanos.org.br\/noticias\/wp-json\/wp\/v2\/users\/3"}],"replies":[{"embeddable":true,"href":"https:\/\/franciscanos.org.br\/noticias\/wp-json\/wp\/v2\/comments?post=210146"}],"version-history":[{"count":0,"href":"https:\/\/franciscanos.org.br\/noticias\/wp-json\/wp\/v2\/posts\/210146\/revisions"}],"wp:featuredmedia":[{"embeddable":true,"href":"https:\/\/franciscanos.org.br\/noticias\/wp-json\/wp\/v2\/media\/210148"}],"wp:attachment":[{"href":"https:\/\/franciscanos.org.br\/noticias\/wp-json\/wp\/v2\/media?parent=210146"}],"wp:term":[{"taxonomy":"category","embeddable":true,"href":"https:\/\/franciscanos.org.br\/noticias\/wp-json\/wp\/v2\/categories?post=210146"},{"taxonomy":"post_tag","embeddable":true,"href":"https:\/\/franciscanos.org.br\/noticias\/wp-json\/wp\/v2\/tags?post=210146"}],"curies":[{"name":"wp","href":"https:\/\/api.w.org\/{rel}","templated":true}]}}