{"id":210108,"date":"2019-09-04T15:57:53","date_gmt":"2019-09-04T18:57:53","guid":{"rendered":"https:\/\/franciscanos.org.br\/noticias\/?p=210108"},"modified":"2019-09-05T09:29:14","modified_gmt":"2019-09-05T12:29:14","slug":"dom-evaristo-leva-carta-sobre-a-amazonia-na-camara-dos-deputados","status":"publish","type":"post","link":"https:\/\/franciscanos.org.br\/noticias\/dom-evaristo-leva-carta-sobre-a-amazonia-na-camara-dos-deputados.html","title":{"rendered":"Dom Evaristo leva carta sobre a Amaz\u00f4nia na C\u00e2mara dos Deputados"},"content":{"rendered":"<p><img loading=\"lazy\" class=\"alignnone size-full wp-image-210117\" src=\"https:\/\/franciscanos.org.br\/noticias\/wp-content\/uploads\/2020\/09\/evaristo_040919g.jpg\" alt=\"\" width=\"890\" height=\"500\" srcset=\"https:\/\/franciscanos.org.br\/noticias\/wp-content\/uploads\/2020\/09\/evaristo_040919g.jpg 890w, https:\/\/franciscanos.org.br\/noticias\/wp-content\/uploads\/2020\/09\/evaristo_040919g-450x253.jpg 450w, https:\/\/franciscanos.org.br\/noticias\/wp-content\/uploads\/2020\/09\/evaristo_040919g-768x431.jpg 768w, https:\/\/franciscanos.org.br\/noticias\/wp-content\/uploads\/2020\/09\/evaristo_040919g-150x84.jpg 150w\" sizes=\"(max-width: 890px) 100vw, 890px\" \/><\/p>\n<p><strong>S\u00e3o Paulo (SP) &#8211;<\/strong> Nesta quarta-feira (4\/09), Dom Evaristo Spengler, bispo da Prelazia do Maraj\u00f3 e que pertence a esta Prov\u00edncia Franciscana, esteve na C\u00e2mara dos Deputados, em Bras\u00edlia (DF), para entregar a carta escrita pelos participantes do Encontro de Estudo do Instrumento de Trabalho do S\u00ednodo da Amaz\u00f4nia, que aconteceu em Bel\u00e9m (PA), entre os dias 28 a 30 de agosto. Ao lado dele, estavam diversas lideran\u00e7as ind\u00edgenas e ribeirinhas.<\/p>\n<p>Na ocasi\u00e3o, estava reunida na C\u00e2mara a Comiss\u00e3o Geral para debater a preserva\u00e7\u00e3o e prote\u00e7\u00e3o da Amaz\u00f4nia, presidida pelo deputado Alessandro Molon.<\/p>\n<p>Em sua fala, Dom Evaristo afirmou que a Igreja Cat\u00f3lica e outras igrejas crist\u00e3s est\u00e3o preocupadas com a Amaz\u00f4nia, mas que esta tens\u00e3o n\u00e3o \u00e9 motivada somente pelas \u00faltimas ocorr\u00eancias \u2013 inc\u00eandios e desmatamento registrados pelo Instituto Nacional de Pesquisas Espaciais (INPE). \u201cDesde o ano 1952, os bispos da Amaz\u00f4nia j\u00e1 se reuniam para debater os graves problemas daquela regi\u00e3o, antes mesmo que houvesse no Brasil a Confer\u00eancia Nacional dos Bispos do Brasil\u201d, ponderou o prelado.<\/p>\n<p>O franciscano recordou o 1\u00ba Encontro da Igreja na Amaz\u00f4nia, ocorrido em 1972, que resultou no hist\u00f3rico \u201cDocumento de Santar\u00e9m\u201d e o encontro de 2016, de onde surgiu a carta dirigida ao Papa Francisco solicitando a convoca\u00e7\u00e3o do S\u00ednodo para a Amaz\u00f4nia \u2013 pedido que foi prontamente aceito pelo Pont\u00edfice.<\/p>\n<p>\u201cEste S\u00ednodo tem que ser compreendido como uma continua\u00e7\u00e3o da Enc\u00edclica Laudato Si\u2019, considerando a preocupa\u00e7\u00e3o do Papa com o futuro da nossa Terra , do nosso planeta, que ele chama de Casa Comum. \u00c9 essa Casa Comum que est\u00e1 em jogo\u201d, alertou Dom Evaristo.<\/p>\n<p>Em seguida, o franciscano leu alguns trechos da carta, divulgada ao final do encontro em Bel\u00e9m.\u00a0<a href=\"https:\/\/franciscanos.org.br\/noticias\/liderancas-divulgam-carta-apos-encontro-de-estudo.html\" target=\"_blank\" rel=\"noopener noreferrer\"><strong> LEIA AQUI.<\/strong><\/a><\/p>\n<p><img loading=\"lazy\" class=\"alignnone size-full wp-image-210136\" src=\"https:\/\/franciscanos.org.br\/noticias\/wp-content\/uploads\/2019\/09\/evaristo_040919-g.jpg\" alt=\"\" width=\"890\" height=\"500\" srcset=\"https:\/\/franciscanos.org.br\/noticias\/wp-content\/uploads\/2019\/09\/evaristo_040919-g.jpg 890w, https:\/\/franciscanos.org.br\/noticias\/wp-content\/uploads\/2019\/09\/evaristo_040919-g-450x253.jpg 450w, https:\/\/franciscanos.org.br\/noticias\/wp-content\/uploads\/2019\/09\/evaristo_040919-g-768x431.jpg 768w, https:\/\/franciscanos.org.br\/noticias\/wp-content\/uploads\/2019\/09\/evaristo_040919-g-150x84.jpg 150w\" sizes=\"(max-width: 890px) 100vw, 890px\" \/><\/p>\n<p>&nbsp;<\/p>\n<p>\u201cNa an\u00e1lise dos bispos, junto com o Papa Francisco, percebe-se que a Amaz\u00f4nia est\u00e1 num contexto global de disputa. O Papa j\u00e1 havia denunciado em Puerto Maldonado, na Amaz\u00f4nia peruana, em janeiro de 2018. A Amaz\u00f4nia \u00e9 um territ\u00f3rio disputado por vis\u00f5es de mundo diferentes, por diversos modos de ver a rela\u00e7\u00e3o com o ambiente. S\u00e3o modos diferentes de tratar com a economia. De um lado, vemos os povos tradicionais, ind\u00edgenas, quilombolas, ribeirinhos que preservam o meio ambiente &#8211; e at\u00e9 o enriquecem. De outro lado, vemos o agroneg\u00f3cio, as madeireiras, as mineradoras invadindo, poluindo, destruindo o meio ambiente\u201d, relatou o bispo da Prelazia do Maraj\u00f3.<\/p>\n<p>E continuou: \u201cEsse confronto n\u00e3o se d\u00e1 s\u00f3 na Amaz\u00f4nia. Hoje este confronto de modelos est\u00e1 em todos os lugares: na cidade, no campo, no Brasil e no mundo. A Igreja se questiona: de que lado estamos neste momento? N\u00f3s estamos do lado dos fracos, assim agiu Jesus. Ele defendeu os pobres, os vulner\u00e1veis, os fracos. A Igreja se compromete com os povos ind\u00edgenas, quilombolas, ribeirinhos e todos os povos vulner\u00e1veis da nossa Amaz\u00f4nia\u201d, concluiu Dom Evaristo.<\/p>\n<p>Ao final, o presidente da Comiss\u00e3o agradeceu a presen\u00e7a do grupo e afirmou: &#8220;\u00c9 grande a nossa esperan\u00e7a com o que sair\u00e1 no S\u00ednodo da Amaz\u00f4nia&#8221;. Dom Evaristo foi convidado a comp\u00f4r a mesa em seguida.<\/p>\n","protected":false},"excerpt":{"rendered":"<p>S\u00ednodo da Amaz\u00f4nia<\/p>\n","protected":false},"author":1,"featured_media":210118,"comment_status":"open","ping_status":"open","sticky":false,"template":"","format":"standard","meta":[],"categories":[1],"tags":[1379,834],"acf":[],"yoast_head":"<!-- This site is optimized with the Yoast SEO plugin v19.2 - https:\/\/yoast.com\/wordpress\/plugins\/seo\/ -->\n<title>Dom Evaristo leva carta sobre a Amaz\u00f4nia na C\u00e2mara dos Deputados - Not\u00edcias - Franciscanos<\/title>\n<meta name=\"robots\" content=\"index, follow, max-snippet:-1, max-image-preview:large, max-video-preview:-1\" \/>\n<link rel=\"canonical\" href=\"https:\/\/franciscanos.org.br\/noticias\/dom-evaristo-leva-carta-sobre-a-amazonia-na-camara-dos-deputados.html\" \/>\n<meta property=\"og:locale\" content=\"pt_BR\" \/>\n<meta property=\"og:type\" content=\"article\" \/>\n<meta property=\"og:title\" content=\"Dom Evaristo leva carta sobre a Amaz\u00f4nia na C\u00e2mara dos Deputados - Not\u00edcias - Franciscanos\" \/>\n<meta property=\"og:description\" content=\"S\u00ednodo da Amaz\u00f4nia\" \/>\n<meta property=\"og:url\" content=\"https:\/\/franciscanos.org.br\/noticias\/dom-evaristo-leva-carta-sobre-a-amazonia-na-camara-dos-deputados.html\" \/>\n<meta property=\"og:site_name\" content=\"Not\u00edcias - Franciscanos\" \/>\n<meta property=\"article:published_time\" content=\"2019-09-04T18:57:53+00:00\" \/>\n<meta property=\"article:modified_time\" content=\"2019-09-05T12:29:14+00:00\" \/>\n<meta property=\"og:image\" content=\"https:\/\/franciscanos.org.br\/noticias\/wp-content\/uploads\/2020\/09\/evaristo_040919p.jpg\" \/>\n\t<meta property=\"og:image:width\" content=\"273\" \/>\n\t<meta property=\"og:image:height\" content=\"181\" \/>\n\t<meta property=\"og:image:type\" content=\"image\/jpeg\" \/>\n<meta name=\"author\" content=\"admin\" \/>\n<meta name=\"twitter:card\" content=\"summary_large_image\" \/>\n<meta name=\"twitter:label1\" content=\"Escrito por\" \/>\n\t<meta name=\"twitter:data1\" content=\"admin\" \/>\n\t<meta name=\"twitter:label2\" content=\"Est. tempo de leitura\" \/>\n\t<meta name=\"twitter:data2\" content=\"3 minutos\" \/>\n<script type=\"application\/ld+json\" class=\"yoast-schema-graph\">{\"@context\":\"https:\/\/schema.org\",\"@graph\":[{\"@type\":\"WebSite\",\"@id\":\"https:\/\/franciscanos.org.br\/noticias\/#website\",\"url\":\"https:\/\/franciscanos.org.br\/noticias\/\",\"name\":\"Not\u00edcias - Franciscanos\",\"description\":\"Prov\u00edncia Franciscana da Imaculada Concei\u00e7\u00e3o do Brasil - Ordem dos Frades Menores - OFM\",\"potentialAction\":[{\"@type\":\"SearchAction\",\"target\":{\"@type\":\"EntryPoint\",\"urlTemplate\":\"https:\/\/franciscanos.org.br\/noticias\/?s={search_term_string}\"},\"query-input\":\"required name=search_term_string\"}],\"inLanguage\":\"pt-BR\"},{\"@type\":\"ImageObject\",\"inLanguage\":\"pt-BR\",\"@id\":\"https:\/\/franciscanos.org.br\/noticias\/dom-evaristo-leva-carta-sobre-a-amazonia-na-camara-dos-deputados.html#primaryimage\",\"url\":\"https:\/\/franciscanos.org.br\/noticias\/wp-content\/uploads\/2020\/09\/evaristo_040919p.jpg\",\"contentUrl\":\"https:\/\/franciscanos.org.br\/noticias\/wp-content\/uploads\/2020\/09\/evaristo_040919p.jpg\",\"width\":273,\"height\":181},{\"@type\":\"WebPage\",\"@id\":\"https:\/\/franciscanos.org.br\/noticias\/dom-evaristo-leva-carta-sobre-a-amazonia-na-camara-dos-deputados.html#webpage\",\"url\":\"https:\/\/franciscanos.org.br\/noticias\/dom-evaristo-leva-carta-sobre-a-amazonia-na-camara-dos-deputados.html\",\"name\":\"Dom Evaristo leva carta sobre a Amaz\u00f4nia na C\u00e2mara dos Deputados - Not\u00edcias - Franciscanos\",\"isPartOf\":{\"@id\":\"https:\/\/franciscanos.org.br\/noticias\/#website\"},\"primaryImageOfPage\":{\"@id\":\"https:\/\/franciscanos.org.br\/noticias\/dom-evaristo-leva-carta-sobre-a-amazonia-na-camara-dos-deputados.html#primaryimage\"},\"datePublished\":\"2019-09-04T18:57:53+00:00\",\"dateModified\":\"2019-09-05T12:29:14+00:00\",\"author\":{\"@id\":\"https:\/\/franciscanos.org.br\/noticias\/#\/schema\/person\/b38fbf43118f02820bd932f2e4b14ad3\"},\"breadcrumb\":{\"@id\":\"https:\/\/franciscanos.org.br\/noticias\/dom-evaristo-leva-carta-sobre-a-amazonia-na-camara-dos-deputados.html#breadcrumb\"},\"inLanguage\":\"pt-BR\",\"potentialAction\":[{\"@type\":\"ReadAction\",\"target\":[\"https:\/\/franciscanos.org.br\/noticias\/dom-evaristo-leva-carta-sobre-a-amazonia-na-camara-dos-deputados.html\"]}]},{\"@type\":\"BreadcrumbList\",\"@id\":\"https:\/\/franciscanos.org.br\/noticias\/dom-evaristo-leva-carta-sobre-a-amazonia-na-camara-dos-deputados.html#breadcrumb\",\"itemListElement\":[{\"@type\":\"ListItem\",\"position\":1,\"name\":\"Home\",\"item\":\"https:\/\/franciscanos.org.br\/noticias\"},{\"@type\":\"ListItem\",\"position\":2,\"name\":\"Dom Evaristo leva carta sobre a Amaz\u00f4nia na C\u00e2mara dos Deputados\"}]},{\"@type\":\"Person\",\"@id\":\"https:\/\/franciscanos.org.br\/noticias\/#\/schema\/person\/b38fbf43118f02820bd932f2e4b14ad3\",\"name\":\"admin\",\"image\":{\"@type\":\"ImageObject\",\"inLanguage\":\"pt-BR\",\"@id\":\"https:\/\/franciscanos.org.br\/noticias\/#\/schema\/person\/image\/\",\"url\":\"https:\/\/secure.gravatar.com\/avatar\/e8495742d34d0ba6448ea1c628263b3e?s=96&d=mm&r=g\",\"contentUrl\":\"https:\/\/secure.gravatar.com\/avatar\/e8495742d34d0ba6448ea1c628263b3e?s=96&d=mm&r=g\",\"caption\":\"admin\"},\"url\":\"https:\/\/franciscanos.org.br\/noticias\/author\/admin\"}]}<\/script>\n<!-- \/ Yoast SEO plugin. -->","yoast_head_json":{"title":"Dom Evaristo leva carta sobre a Amaz\u00f4nia na C\u00e2mara dos Deputados - Not\u00edcias - Franciscanos","robots":{"index":"index","follow":"follow","max-snippet":"max-snippet:-1","max-image-preview":"max-image-preview:large","max-video-preview":"max-video-preview:-1"},"canonical":"https:\/\/franciscanos.org.br\/noticias\/dom-evaristo-leva-carta-sobre-a-amazonia-na-camara-dos-deputados.html","og_locale":"pt_BR","og_type":"article","og_title":"Dom Evaristo leva carta sobre a Amaz\u00f4nia na C\u00e2mara dos Deputados - Not\u00edcias - Franciscanos","og_description":"S\u00ednodo da Amaz\u00f4nia","og_url":"https:\/\/franciscanos.org.br\/noticias\/dom-evaristo-leva-carta-sobre-a-amazonia-na-camara-dos-deputados.html","og_site_name":"Not\u00edcias - Franciscanos","article_published_time":"2019-09-04T18:57:53+00:00","article_modified_time":"2019-09-05T12:29:14+00:00","og_image":[{"width":273,"height":181,"url":"https:\/\/franciscanos.org.br\/noticias\/wp-content\/uploads\/2020\/09\/evaristo_040919p.jpg","type":"image\/jpeg"}],"author":"admin","twitter_card":"summary_large_image","twitter_misc":{"Escrito por":"admin","Est. tempo de leitura":"3 minutos"},"schema":{"@context":"https:\/\/schema.org","@graph":[{"@type":"WebSite","@id":"https:\/\/franciscanos.org.br\/noticias\/#website","url":"https:\/\/franciscanos.org.br\/noticias\/","name":"Not\u00edcias - Franciscanos","description":"Prov\u00edncia Franciscana da Imaculada Concei\u00e7\u00e3o do Brasil - Ordem dos Frades Menores - OFM","potentialAction":[{"@type":"SearchAction","target":{"@type":"EntryPoint","urlTemplate":"https:\/\/franciscanos.org.br\/noticias\/?s={search_term_string}"},"query-input":"required name=search_term_string"}],"inLanguage":"pt-BR"},{"@type":"ImageObject","inLanguage":"pt-BR","@id":"https:\/\/franciscanos.org.br\/noticias\/dom-evaristo-leva-carta-sobre-a-amazonia-na-camara-dos-deputados.html#primaryimage","url":"https:\/\/franciscanos.org.br\/noticias\/wp-content\/uploads\/2020\/09\/evaristo_040919p.jpg","contentUrl":"https:\/\/franciscanos.org.br\/noticias\/wp-content\/uploads\/2020\/09\/evaristo_040919p.jpg","width":273,"height":181},{"@type":"WebPage","@id":"https:\/\/franciscanos.org.br\/noticias\/dom-evaristo-leva-carta-sobre-a-amazonia-na-camara-dos-deputados.html#webpage","url":"https:\/\/franciscanos.org.br\/noticias\/dom-evaristo-leva-carta-sobre-a-amazonia-na-camara-dos-deputados.html","name":"Dom Evaristo leva carta sobre a Amaz\u00f4nia na C\u00e2mara dos Deputados - Not\u00edcias - Franciscanos","isPartOf":{"@id":"https:\/\/franciscanos.org.br\/noticias\/#website"},"primaryImageOfPage":{"@id":"https:\/\/franciscanos.org.br\/noticias\/dom-evaristo-leva-carta-sobre-a-amazonia-na-camara-dos-deputados.html#primaryimage"},"datePublished":"2019-09-04T18:57:53+00:00","dateModified":"2019-09-05T12:29:14+00:00","author":{"@id":"https:\/\/franciscanos.org.br\/noticias\/#\/schema\/person\/b38fbf43118f02820bd932f2e4b14ad3"},"breadcrumb":{"@id":"https:\/\/franciscanos.org.br\/noticias\/dom-evaristo-leva-carta-sobre-a-amazonia-na-camara-dos-deputados.html#breadcrumb"},"inLanguage":"pt-BR","potentialAction":[{"@type":"ReadAction","target":["https:\/\/franciscanos.org.br\/noticias\/dom-evaristo-leva-carta-sobre-a-amazonia-na-camara-dos-deputados.html"]}]},{"@type":"BreadcrumbList","@id":"https:\/\/franciscanos.org.br\/noticias\/dom-evaristo-leva-carta-sobre-a-amazonia-na-camara-dos-deputados.html#breadcrumb","itemListElement":[{"@type":"ListItem","position":1,"name":"Home","item":"https:\/\/franciscanos.org.br\/noticias"},{"@type":"ListItem","position":2,"name":"Dom Evaristo leva carta sobre a Amaz\u00f4nia na C\u00e2mara dos Deputados"}]},{"@type":"Person","@id":"https:\/\/franciscanos.org.br\/noticias\/#\/schema\/person\/b38fbf43118f02820bd932f2e4b14ad3","name":"admin","image":{"@type":"ImageObject","inLanguage":"pt-BR","@id":"https:\/\/franciscanos.org.br\/noticias\/#\/schema\/person\/image\/","url":"https:\/\/secure.gravatar.com\/avatar\/e8495742d34d0ba6448ea1c628263b3e?s=96&d=mm&r=g","contentUrl":"https:\/\/secure.gravatar.com\/avatar\/e8495742d34d0ba6448ea1c628263b3e?s=96&d=mm&r=g","caption":"admin"},"url":"https:\/\/franciscanos.org.br\/noticias\/author\/admin"}]}},"_links":{"self":[{"href":"https:\/\/franciscanos.org.br\/noticias\/wp-json\/wp\/v2\/posts\/210108"}],"collection":[{"href":"https:\/\/franciscanos.org.br\/noticias\/wp-json\/wp\/v2\/posts"}],"about":[{"href":"https:\/\/franciscanos.org.br\/noticias\/wp-json\/wp\/v2\/types\/post"}],"author":[{"embeddable":true,"href":"https:\/\/franciscanos.org.br\/noticias\/wp-json\/wp\/v2\/users\/1"}],"replies":[{"embeddable":true,"href":"https:\/\/franciscanos.org.br\/noticias\/wp-json\/wp\/v2\/comments?post=210108"}],"version-history":[{"count":0,"href":"https:\/\/franciscanos.org.br\/noticias\/wp-json\/wp\/v2\/posts\/210108\/revisions"}],"wp:featuredmedia":[{"embeddable":true,"href":"https:\/\/franciscanos.org.br\/noticias\/wp-json\/wp\/v2\/media\/210118"}],"wp:attachment":[{"href":"https:\/\/franciscanos.org.br\/noticias\/wp-json\/wp\/v2\/media?parent=210108"}],"wp:term":[{"taxonomy":"category","embeddable":true,"href":"https:\/\/franciscanos.org.br\/noticias\/wp-json\/wp\/v2\/categories?post=210108"},{"taxonomy":"post_tag","embeddable":true,"href":"https:\/\/franciscanos.org.br\/noticias\/wp-json\/wp\/v2\/tags?post=210108"}],"curies":[{"name":"wp","href":"https:\/\/api.w.org\/{rel}","templated":true}]}}