{"id":210092,"date":"2019-09-04T10:40:18","date_gmt":"2019-09-04T13:40:18","guid":{"rendered":"https:\/\/franciscanos.org.br\/noticias\/?p=210092"},"modified":"2020-08-31T14:55:56","modified_gmt":"2020-08-31T17:55:56","slug":"cfmb-manifesta-preocupacao-com-a-situacao-da-amazonia","status":"publish","type":"post","link":"https:\/\/franciscanos.org.br\/noticias\/cfmb-manifesta-preocupacao-com-a-situacao-da-amazonia.html","title":{"rendered":"CFMB manifesta preocupa\u00e7\u00e3o com a situa\u00e7\u00e3o da Amaz\u00f4nia"},"content":{"rendered":"<p>&nbsp;<\/p>\n<p style=\"padding-left: 40px;\"><img loading=\"lazy\" class=\"alignnone wp-image-226515 size-full\" src=\"https:\/\/franciscanos.org.br\/noticias\/wp-content\/uploads\/2020\/06\/cfmb_1206.jpg\" alt=\"\" width=\"890\" height=\"500\" srcset=\"https:\/\/franciscanos.org.br\/noticias\/wp-content\/uploads\/2020\/06\/cfmb_1206.jpg 890w, https:\/\/franciscanos.org.br\/noticias\/wp-content\/uploads\/2020\/06\/cfmb_1206-450x253.jpg 450w, https:\/\/franciscanos.org.br\/noticias\/wp-content\/uploads\/2020\/06\/cfmb_1206-768x431.jpg 768w, https:\/\/franciscanos.org.br\/noticias\/wp-content\/uploads\/2020\/06\/cfmb_1206-150x84.jpg 150w\" sizes=\"(max-width: 890px) 100vw, 890px\" \/>A Confer\u00eancia dos Frades Menores do Brasil (CFMB), atrav\u00e9s dos servi\u00e7os de Evangeliza\u00e7\u00e3o e de Justi\u00e7a, Paz e Integridade da Cria\u00e7\u00e3o (JPIC), divulgou uma carta por ocasi\u00e3o do Dia Mundial de Ora\u00e7\u00e3o pelo cuidado da Cria\u00e7\u00e3o, celebrado em 1\u00ba de setembro.<\/p>\n<p style=\"padding-left: 40px;\">Recordando o vers\u00edculo do \u00caxodo, onde o Senhor envia Mois\u00e9s para libertar os israelitas (Ex 3, 7), os frades manifestam preocupa\u00e7\u00e3o com o aumento nos danos causados ao meio ambiente e aos povos origin\u00e1rios da Amaz\u00f4nia. &#8220;Temos acompanhado com dor e tristeza a postura do poder p\u00fablico diante deste grave problema, especialmente do que diz respeito ao menosprezo de dados cient\u00edficos que revelam a acelera\u00e7\u00e3o do desmatamento, a promo\u00e7\u00e3o de atividades econ\u00f4micas extrativistas e explorat\u00f3rias e o menosprezo em rela\u00e7\u00e3o \u00e0s entidades que lutam e trabalham pela preserva\u00e7\u00e3o deste peda\u00e7o aben\u00e7oado de nossa Casa Comum&#8221;, afirmam os frades na carta.<\/p>\n<p style=\"padding-left: 40px;\">Concluindo a mensagem, os frades asseguram que seguir\u00e3o trabalhando na supera\u00e7\u00e3o das diversas formas de morte e destrui\u00e7\u00e3o. &#8220;Mantemos firmes nosso prop\u00f3sito de trabalhar para superar o \u00f3dio, a viol\u00eancia e a injusti\u00e7a, que causam morte e destrui\u00e7\u00e3o. Com alegria e entusiasmo, reafirmamos nossa total sintonia com o Papa Francisco, que nos apresenta, em sua Carta Enc\u00edclica <em>Laudato Si<\/em>\u2019, a vis\u00e3o franciscana de ver em toda criatura a presen\u00e7a amorosa do Criador&#8221;, concluem.<\/p>\n<p style=\"padding-left: 40px;\">Leia na \u00edntegra:<\/p>\n<p><strong>\u201cEu ouvi os clamores do meu povo\u201d (Ex 3,7)<\/strong><\/p>\n<p>Paz e Bem!<\/p>\n<p>Em nome do Evangelho de Jesus Cristo, ao qual nosso Pai S\u00e3o Francisco consagrou sua vida e miss\u00e3o, n\u00f3s, Frades Menores do Brasil (OFM), vimos manifestar nossa plena preocupa\u00e7\u00e3o com os crescentes danos ambientais que t\u00eam devastado a Amaz\u00f4nia e, consequentemente, os povos origin\u00e1rios deste importante bioma. Entendemos que tal devasta\u00e7\u00e3o se deva a diversos fatores, mas temos acompanhado com dor e tristeza a postura do poder p\u00fablico diante deste grave problema, especialmente do que diz respeito ao menosprezo de dados cient\u00edficos que revelam a acelera\u00e7\u00e3o do desmatamento, a promo\u00e7\u00e3o de atividades econ\u00f4micas extrativistas e explorat\u00f3rias e o menosprezo em rela\u00e7\u00e3o \u00e0s entidades que lutam e trabalham pela preserva\u00e7\u00e3o deste peda\u00e7o aben\u00e7oado de nossa Casa Comum. Al\u00e9m dos preju\u00edzos internos, a irresponsabilidade desta postura tem colocado nosso pa\u00eds em descr\u00e9dito diante da conjuntura mundial, produzindo efeitos diplom\u00e1ticos danosos a curto, m\u00e9dio e longo prazo.<\/p>\n<p>Sabemos que tal cen\u00e1rio vem sendo constru\u00eddo a partir de a\u00e7\u00f5es que contrariam frontalmente os interesses dos mais pobres em favor do benef\u00edcio de um mercado que visa apenas a concentra\u00e7\u00e3o do lucro nas m\u00e3os de poucos poderosos. Nesta dire\u00e7\u00e3o caminham a Reforma da Previd\u00eancia, o corte de verbas na Educa\u00e7\u00e3o Superior e o desmantelamento das pol\u00edticas de promo\u00e7\u00e3o social e ambiental.<\/p>\n<p>Em 2011, mais uma vez se debru\u00e7ando sobre a quest\u00e3o do meio ambiente, a Igreja do Brasil prop\u00f4s a Campanha da Fraternidade cujo hino trazia o verso \u201cNossa M\u00e3e Terra, Senhor, geme de dor noite e dia\u201d. Esta campanha manifestava de modo prof\u00e9tico as dores e danos que vinha sofrendo a vida no planeta. Ao resgatar este apelo de um passado muito recente, desejamos lan\u00e7ar luzes que possam reavivar nossa luta em favor da preserva\u00e7\u00e3o do planeta. Portanto, em comunh\u00e3o e impulsionados pela Igreja do Brasil e do mundo, em plena prepara\u00e7\u00e3o para celebrar o S\u00ednodo da Amaz\u00f4nia, sentimo-nos animados pela certeza de que n\u00e3o estamos a s\u00f3s neste empenho.<\/p>\n<p>Recordamos tamb\u00e9m que nossa Igreja no Brasil sempre buscou cultivar uma viva profecia para a constru\u00e7\u00e3o da justi\u00e7a e da paz. Assim ocorreu durante o Regime Militar (1964-1985), quando muitos de nossos bispos corajosamente clamaram pela liberdade, pelo di\u00e1logo e pelo respeito, colocando-se ao lado dos perseguidos, o que nos inspira a permanecermos firmes no prop\u00f3sito de defesa da justi\u00e7a e do cuidado com a nossa Casa Comum.<\/p>\n<p>Desta forma, no cen\u00e1rio em que hoje vivemos, mantemos firmes nosso prop\u00f3sito de trabalhar para superar o \u00f3dio, a viol\u00eancia e a injusti\u00e7a, que causam morte e destrui\u00e7\u00e3o. Com alegria e entusiasmo, reafirmamos nossa total sintonia com o Papa Francisco, que nos apresenta, em sua Carta Enc\u00edclica <em>Laudato Si<\/em>\u2019, a vis\u00e3o franciscana de ver em toda criatura a presen\u00e7a amorosa do Criador. Fundado nesta perspectiva, o Santo Padre apresenta a proposta de uma \u201cEcologia Integral\u201d, trabalhando a convic\u00e7\u00e3o de que \u201ctudo est\u00e1 interligado\u201d, incluindo as dimens\u00f5es ambientais e sociais.<\/p>\n<p>Imersos na complexa teia tecida pelos fatos do passado e do presente, percebemos que h\u00e1 irm\u00e3os consternados e inconformados; outros, calados e confusos; e, muitos outros que, ao recordar todos esses acontecimentos, doam suas melhores for\u00e7as na busca de um novo horizonte. Com estes \u00faltimos, tamb\u00e9m estamos dispostos a arrega\u00e7ar as mangas e lutar por um mundo mais justo, solid\u00e1rio e fraterno. Por isso, pedimos as b\u00ean\u00e7\u00e3os e toda a ajuda de Deus, para carregarmos essa cruz, na certeza de que \u201cir\u00e1 chegar um novo dia\u201d, em que, com a \u201cAmaz\u00f4nia, rinc\u00e3o da alian\u00e7a, sem os males que geram a cobi\u00e7a; com o Cristo que tudo renova, haveremos de ver terra nova onde reina a justi\u00e7a!\u201d (CF 2011).<\/p>\n<p>Fraternalmente, em Cristo, Francisco e Clara.<\/p>\n<p><em><strong>S\u00e3o Paulo, 01 de setembro de 2019 \u2013 Dia Mundial de Ora\u00e7\u00e3o pelo cuidado da Cria\u00e7\u00e3o.<\/strong><\/em><\/p>\n<p><em><strong>Os frades menores da CFMB com seus Servi\u00e7os de Evangeliza\u00e7\u00e3o e de Justi\u00e7a, Paz e Integridade da Cria\u00e7\u00e3o<\/strong><\/em><\/p>\n","protected":false},"excerpt":{"rendered":"<p>Confer\u00eancia dos Frades Menores do Brasil <\/p>\n","protected":false},"author":1,"featured_media":226516,"comment_status":"open","ping_status":"open","sticky":false,"template":"","format":"standard","meta":[],"categories":[1],"tags":[240],"acf":[],"yoast_head":"<!-- This site is optimized with the Yoast SEO plugin v19.2 - https:\/\/yoast.com\/wordpress\/plugins\/seo\/ -->\n<title>CFMB manifesta preocupa\u00e7\u00e3o com a situa\u00e7\u00e3o da Amaz\u00f4nia - Not\u00edcias - Franciscanos<\/title>\n<meta name=\"robots\" content=\"index, follow, max-snippet:-1, max-image-preview:large, max-video-preview:-1\" \/>\n<link rel=\"canonical\" href=\"https:\/\/franciscanos.org.br\/noticias\/cfmb-manifesta-preocupacao-com-a-situacao-da-amazonia.html\" \/>\n<meta property=\"og:locale\" content=\"pt_BR\" \/>\n<meta property=\"og:type\" content=\"article\" \/>\n<meta property=\"og:title\" content=\"CFMB manifesta preocupa\u00e7\u00e3o com a situa\u00e7\u00e3o da Amaz\u00f4nia - Not\u00edcias - Franciscanos\" \/>\n<meta property=\"og:description\" content=\"Confer\u00eancia dos Frades Menores do Brasil\" \/>\n<meta property=\"og:url\" content=\"https:\/\/franciscanos.org.br\/noticias\/cfmb-manifesta-preocupacao-com-a-situacao-da-amazonia.html\" \/>\n<meta property=\"og:site_name\" content=\"Not\u00edcias - Franciscanos\" \/>\n<meta property=\"article:published_time\" content=\"2019-09-04T13:40:18+00:00\" \/>\n<meta property=\"article:modified_time\" content=\"2020-08-31T17:55:56+00:00\" \/>\n<meta property=\"og:image\" content=\"https:\/\/franciscanos.org.br\/noticias\/wp-content\/uploads\/2020\/06\/cfmb_12d.jpg\" \/>\n\t<meta property=\"og:image:width\" content=\"800\" \/>\n\t<meta property=\"og:image:height\" content=\"599\" \/>\n\t<meta property=\"og:image:type\" content=\"image\/jpeg\" \/>\n<meta name=\"author\" content=\"admin\" \/>\n<meta name=\"twitter:card\" content=\"summary_large_image\" \/>\n<meta name=\"twitter:label1\" content=\"Escrito por\" \/>\n\t<meta name=\"twitter:data1\" content=\"admin\" \/>\n\t<meta name=\"twitter:label2\" content=\"Est. tempo de leitura\" \/>\n\t<meta name=\"twitter:data2\" content=\"5 minutos\" \/>\n<script type=\"application\/ld+json\" class=\"yoast-schema-graph\">{\"@context\":\"https:\/\/schema.org\",\"@graph\":[{\"@type\":\"WebSite\",\"@id\":\"https:\/\/franciscanos.org.br\/noticias\/#website\",\"url\":\"https:\/\/franciscanos.org.br\/noticias\/\",\"name\":\"Not\u00edcias - Franciscanos\",\"description\":\"Prov\u00edncia Franciscana da Imaculada Concei\u00e7\u00e3o do Brasil - Ordem dos Frades Menores - OFM\",\"potentialAction\":[{\"@type\":\"SearchAction\",\"target\":{\"@type\":\"EntryPoint\",\"urlTemplate\":\"https:\/\/franciscanos.org.br\/noticias\/?s={search_term_string}\"},\"query-input\":\"required name=search_term_string\"}],\"inLanguage\":\"pt-BR\"},{\"@type\":\"ImageObject\",\"inLanguage\":\"pt-BR\",\"@id\":\"https:\/\/franciscanos.org.br\/noticias\/cfmb-manifesta-preocupacao-com-a-situacao-da-amazonia.html#primaryimage\",\"url\":\"https:\/\/franciscanos.org.br\/noticias\/wp-content\/uploads\/2020\/06\/cfmb_12d.jpg\",\"contentUrl\":\"https:\/\/franciscanos.org.br\/noticias\/wp-content\/uploads\/2020\/06\/cfmb_12d.jpg\",\"width\":800,\"height\":599},{\"@type\":\"WebPage\",\"@id\":\"https:\/\/franciscanos.org.br\/noticias\/cfmb-manifesta-preocupacao-com-a-situacao-da-amazonia.html#webpage\",\"url\":\"https:\/\/franciscanos.org.br\/noticias\/cfmb-manifesta-preocupacao-com-a-situacao-da-amazonia.html\",\"name\":\"CFMB manifesta preocupa\u00e7\u00e3o com a situa\u00e7\u00e3o da Amaz\u00f4nia - Not\u00edcias - Franciscanos\",\"isPartOf\":{\"@id\":\"https:\/\/franciscanos.org.br\/noticias\/#website\"},\"primaryImageOfPage\":{\"@id\":\"https:\/\/franciscanos.org.br\/noticias\/cfmb-manifesta-preocupacao-com-a-situacao-da-amazonia.html#primaryimage\"},\"datePublished\":\"2019-09-04T13:40:18+00:00\",\"dateModified\":\"2020-08-31T17:55:56+00:00\",\"author\":{\"@id\":\"https:\/\/franciscanos.org.br\/noticias\/#\/schema\/person\/b38fbf43118f02820bd932f2e4b14ad3\"},\"breadcrumb\":{\"@id\":\"https:\/\/franciscanos.org.br\/noticias\/cfmb-manifesta-preocupacao-com-a-situacao-da-amazonia.html#breadcrumb\"},\"inLanguage\":\"pt-BR\",\"potentialAction\":[{\"@type\":\"ReadAction\",\"target\":[\"https:\/\/franciscanos.org.br\/noticias\/cfmb-manifesta-preocupacao-com-a-situacao-da-amazonia.html\"]}]},{\"@type\":\"BreadcrumbList\",\"@id\":\"https:\/\/franciscanos.org.br\/noticias\/cfmb-manifesta-preocupacao-com-a-situacao-da-amazonia.html#breadcrumb\",\"itemListElement\":[{\"@type\":\"ListItem\",\"position\":1,\"name\":\"Home\",\"item\":\"https:\/\/franciscanos.org.br\/noticias\"},{\"@type\":\"ListItem\",\"position\":2,\"name\":\"CFMB manifesta preocupa\u00e7\u00e3o com a situa\u00e7\u00e3o da Amaz\u00f4nia\"}]},{\"@type\":\"Person\",\"@id\":\"https:\/\/franciscanos.org.br\/noticias\/#\/schema\/person\/b38fbf43118f02820bd932f2e4b14ad3\",\"name\":\"admin\",\"image\":{\"@type\":\"ImageObject\",\"inLanguage\":\"pt-BR\",\"@id\":\"https:\/\/franciscanos.org.br\/noticias\/#\/schema\/person\/image\/\",\"url\":\"https:\/\/secure.gravatar.com\/avatar\/e8495742d34d0ba6448ea1c628263b3e?s=96&d=mm&r=g\",\"contentUrl\":\"https:\/\/secure.gravatar.com\/avatar\/e8495742d34d0ba6448ea1c628263b3e?s=96&d=mm&r=g\",\"caption\":\"admin\"},\"url\":\"https:\/\/franciscanos.org.br\/noticias\/author\/admin\"}]}<\/script>\n<!-- \/ Yoast SEO plugin. -->","yoast_head_json":{"title":"CFMB manifesta preocupa\u00e7\u00e3o com a situa\u00e7\u00e3o da Amaz\u00f4nia - Not\u00edcias - Franciscanos","robots":{"index":"index","follow":"follow","max-snippet":"max-snippet:-1","max-image-preview":"max-image-preview:large","max-video-preview":"max-video-preview:-1"},"canonical":"https:\/\/franciscanos.org.br\/noticias\/cfmb-manifesta-preocupacao-com-a-situacao-da-amazonia.html","og_locale":"pt_BR","og_type":"article","og_title":"CFMB manifesta preocupa\u00e7\u00e3o com a situa\u00e7\u00e3o da Amaz\u00f4nia - Not\u00edcias - Franciscanos","og_description":"Confer\u00eancia dos Frades Menores do Brasil","og_url":"https:\/\/franciscanos.org.br\/noticias\/cfmb-manifesta-preocupacao-com-a-situacao-da-amazonia.html","og_site_name":"Not\u00edcias - Franciscanos","article_published_time":"2019-09-04T13:40:18+00:00","article_modified_time":"2020-08-31T17:55:56+00:00","og_image":[{"width":800,"height":599,"url":"https:\/\/franciscanos.org.br\/noticias\/wp-content\/uploads\/2020\/06\/cfmb_12d.jpg","type":"image\/jpeg"}],"author":"admin","twitter_card":"summary_large_image","twitter_misc":{"Escrito por":"admin","Est. tempo de leitura":"5 minutos"},"schema":{"@context":"https:\/\/schema.org","@graph":[{"@type":"WebSite","@id":"https:\/\/franciscanos.org.br\/noticias\/#website","url":"https:\/\/franciscanos.org.br\/noticias\/","name":"Not\u00edcias - Franciscanos","description":"Prov\u00edncia Franciscana da Imaculada Concei\u00e7\u00e3o do Brasil - Ordem dos Frades Menores - OFM","potentialAction":[{"@type":"SearchAction","target":{"@type":"EntryPoint","urlTemplate":"https:\/\/franciscanos.org.br\/noticias\/?s={search_term_string}"},"query-input":"required name=search_term_string"}],"inLanguage":"pt-BR"},{"@type":"ImageObject","inLanguage":"pt-BR","@id":"https:\/\/franciscanos.org.br\/noticias\/cfmb-manifesta-preocupacao-com-a-situacao-da-amazonia.html#primaryimage","url":"https:\/\/franciscanos.org.br\/noticias\/wp-content\/uploads\/2020\/06\/cfmb_12d.jpg","contentUrl":"https:\/\/franciscanos.org.br\/noticias\/wp-content\/uploads\/2020\/06\/cfmb_12d.jpg","width":800,"height":599},{"@type":"WebPage","@id":"https:\/\/franciscanos.org.br\/noticias\/cfmb-manifesta-preocupacao-com-a-situacao-da-amazonia.html#webpage","url":"https:\/\/franciscanos.org.br\/noticias\/cfmb-manifesta-preocupacao-com-a-situacao-da-amazonia.html","name":"CFMB manifesta preocupa\u00e7\u00e3o com a situa\u00e7\u00e3o da Amaz\u00f4nia - Not\u00edcias - Franciscanos","isPartOf":{"@id":"https:\/\/franciscanos.org.br\/noticias\/#website"},"primaryImageOfPage":{"@id":"https:\/\/franciscanos.org.br\/noticias\/cfmb-manifesta-preocupacao-com-a-situacao-da-amazonia.html#primaryimage"},"datePublished":"2019-09-04T13:40:18+00:00","dateModified":"2020-08-31T17:55:56+00:00","author":{"@id":"https:\/\/franciscanos.org.br\/noticias\/#\/schema\/person\/b38fbf43118f02820bd932f2e4b14ad3"},"breadcrumb":{"@id":"https:\/\/franciscanos.org.br\/noticias\/cfmb-manifesta-preocupacao-com-a-situacao-da-amazonia.html#breadcrumb"},"inLanguage":"pt-BR","potentialAction":[{"@type":"ReadAction","target":["https:\/\/franciscanos.org.br\/noticias\/cfmb-manifesta-preocupacao-com-a-situacao-da-amazonia.html"]}]},{"@type":"BreadcrumbList","@id":"https:\/\/franciscanos.org.br\/noticias\/cfmb-manifesta-preocupacao-com-a-situacao-da-amazonia.html#breadcrumb","itemListElement":[{"@type":"ListItem","position":1,"name":"Home","item":"https:\/\/franciscanos.org.br\/noticias"},{"@type":"ListItem","position":2,"name":"CFMB manifesta preocupa\u00e7\u00e3o com a situa\u00e7\u00e3o da Amaz\u00f4nia"}]},{"@type":"Person","@id":"https:\/\/franciscanos.org.br\/noticias\/#\/schema\/person\/b38fbf43118f02820bd932f2e4b14ad3","name":"admin","image":{"@type":"ImageObject","inLanguage":"pt-BR","@id":"https:\/\/franciscanos.org.br\/noticias\/#\/schema\/person\/image\/","url":"https:\/\/secure.gravatar.com\/avatar\/e8495742d34d0ba6448ea1c628263b3e?s=96&d=mm&r=g","contentUrl":"https:\/\/secure.gravatar.com\/avatar\/e8495742d34d0ba6448ea1c628263b3e?s=96&d=mm&r=g","caption":"admin"},"url":"https:\/\/franciscanos.org.br\/noticias\/author\/admin"}]}},"_links":{"self":[{"href":"https:\/\/franciscanos.org.br\/noticias\/wp-json\/wp\/v2\/posts\/210092"}],"collection":[{"href":"https:\/\/franciscanos.org.br\/noticias\/wp-json\/wp\/v2\/posts"}],"about":[{"href":"https:\/\/franciscanos.org.br\/noticias\/wp-json\/wp\/v2\/types\/post"}],"author":[{"embeddable":true,"href":"https:\/\/franciscanos.org.br\/noticias\/wp-json\/wp\/v2\/users\/1"}],"replies":[{"embeddable":true,"href":"https:\/\/franciscanos.org.br\/noticias\/wp-json\/wp\/v2\/comments?post=210092"}],"version-history":[{"count":2,"href":"https:\/\/franciscanos.org.br\/noticias\/wp-json\/wp\/v2\/posts\/210092\/revisions"}],"predecessor-version":[{"id":228075,"href":"https:\/\/franciscanos.org.br\/noticias\/wp-json\/wp\/v2\/posts\/210092\/revisions\/228075"}],"wp:featuredmedia":[{"embeddable":true,"href":"https:\/\/franciscanos.org.br\/noticias\/wp-json\/wp\/v2\/media\/226516"}],"wp:attachment":[{"href":"https:\/\/franciscanos.org.br\/noticias\/wp-json\/wp\/v2\/media?parent=210092"}],"wp:term":[{"taxonomy":"category","embeddable":true,"href":"https:\/\/franciscanos.org.br\/noticias\/wp-json\/wp\/v2\/categories?post=210092"},{"taxonomy":"post_tag","embeddable":true,"href":"https:\/\/franciscanos.org.br\/noticias\/wp-json\/wp\/v2\/tags?post=210092"}],"curies":[{"name":"wp","href":"https:\/\/api.w.org\/{rel}","templated":true}]}}