{"id":210065,"date":"2019-09-04T08:27:40","date_gmt":"2019-09-04T11:27:40","guid":{"rendered":"https:\/\/franciscanos.org.br\/noticias\/?p=210065"},"modified":"2021-01-20T08:25:51","modified_gmt":"2021-01-20T11:25:51","slug":"provincia-lanca-serie-de-entrevistas-sobre-a-prevencao-do-suicidio","status":"publish","type":"post","link":"https:\/\/franciscanos.org.br\/noticias\/provincia-lanca-serie-de-entrevistas-sobre-a-prevencao-do-suicidio.html","title":{"rendered":"Prov\u00edncia lan\u00e7a s\u00e9rie de entrevistas sobre a preven\u00e7\u00e3o do suic\u00eddio"},"content":{"rendered":"<p><img loading=\"lazy\" class=\"alignnone size-full wp-image-210066\" src=\"https:\/\/franciscanos.org.br\/noticias\/wp-content\/uploads\/2019\/09\/setembro_030919-g.jpg\" alt=\"\" width=\"890\" height=\"500\" srcset=\"https:\/\/franciscanos.org.br\/noticias\/wp-content\/uploads\/2019\/09\/setembro_030919-g.jpg 890w, https:\/\/franciscanos.org.br\/noticias\/wp-content\/uploads\/2019\/09\/setembro_030919-g-450x253.jpg 450w, https:\/\/franciscanos.org.br\/noticias\/wp-content\/uploads\/2019\/09\/setembro_030919-g-768x431.jpg 768w, https:\/\/franciscanos.org.br\/noticias\/wp-content\/uploads\/2019\/09\/setembro_030919-g-150x84.jpg 150w\" sizes=\"(max-width: 890px) 100vw, 890px\" \/><\/p>\n<p>Estamos no m\u00eas de setembro, per\u00edodo marcado no Brasil pela campanha \u201cSetembro Amarelo\u201d. Inspirado no Dia Mundial de Preven\u00e7\u00e3o ao Suic\u00eddio &#8211; criado em 2003 pela International Association for Suicide Prevention (IASP) e celebrado em 10 de setembro &#8211; o Centro de Valoriza\u00e7\u00e3o da Vida (CVV) decidiu dedicar n\u00e3o s\u00f3 um dia, mas um m\u00eas inteiro \u00e0 reflex\u00e3o do suic\u00eddio.<\/p>\n<p>Para ajudar na discuss\u00e3o do tema, a Prov\u00edncia Franciscana da Imaculada Concei\u00e7\u00e3o, atrav\u00e9s da Frente de Evangeliza\u00e7\u00e3o da Comunica\u00e7\u00e3o, lan\u00e7a nesta quarta-feira (4\/09), a s\u00e9rie de entrevistas \u201cSetembro amarelo e a preven\u00e7\u00e3o do suic\u00eddio\u201d.<\/p>\n<p>Ao todo, ser\u00e3o 7 epis\u00f3dios abordando diferentes aspectos do suic\u00eddio, disponibilizados em \u00e1udio no <em><a href=\"https:\/\/soundcloud.com\/provincia-franciscana\/sets\/serie-de-entrevistas-setembro\" target=\"_blank\" rel=\"noopener noreferrer\">Soundcloud<\/a>, <a href=\"https:\/\/open.spotify.com\/show\/3yJCUUR7jfxSfUz5QpNPmM\" target=\"_blank\" rel=\"noopener noreferrer\">Spotify<\/a><\/em> e outros agregadores de podcast.<\/p>\n<p><strong>Um tema que deve nos mobilizar<\/strong><\/p>\n<p>Segundo a professora C\u00e1ssia Bighetti, assessora da coordena\u00e7\u00e3o do Curso de Psicologia da Universidade S\u00e3o Francisco (USF), o suic\u00eddio pode ser definido como uma a\u00e7\u00e3o volunt\u00e1ria de tirar a pr\u00f3pria vida, um mecanismo que muitas vezes pode ser visto como involunt\u00e1rio. Mas para os profissionais da sa\u00fade, o suic\u00eddio \u00e9 um ato planejado e executado sob o poder da consci\u00eancia da pessoa que o fez.<\/p>\n<p>N\u00e3o h\u00e1 um \u00fanico fator que pode ser associado \u00e0 idea\u00e7\u00e3o suicida, mas alguns sinais podem ser observados. \u201cAs pesquisas mostram que a depress\u00e3o &#8211; seja ela bipolar ou unipolar &#8211; \u00e9 a grande causadora do suic\u00eddio\u201d, afirma a professora.<\/p>\n<p>Para a profissional, uma das formas de prevenir o suic\u00eddio \u00e9 falar abertamente sobre o tema nas diferentes esferas da sociedade. \u201c\u00c9 preciso levar a informa\u00e7\u00e3o para os adolescentes, os idosos, entender como eles est\u00e3o vivendo, quais s\u00e3o as suas dificuldades e falar do suic\u00eddio de forma aberta, para que a pessoa receba apoio de uma equipe, seja orientada a respeito das fases da vida, sobre a depress\u00e3o e que tenha um ambiente favor\u00e1vel \u00e0 discuss\u00e3o do suic\u00eddio de forma aberta\u201d, aconselha.<\/p>\n<p><strong>Uma quest\u00e3o de sa\u00fade p\u00fablica<\/strong><\/p>\n<p>Atualmente, a Organiza\u00e7\u00e3o Mundial da Sa\u00fade (OMS) reconhece o suic\u00eddio como uma prioridade de sa\u00fade p\u00fablica. Segundo dados da Organiza\u00e7\u00e3o, 800 mil pessoas morrem por suic\u00eddio todos os anos. No Brasil, mais de 11 mil pessoas cometem suic\u00eddio por ano.<\/p>\n<p>Para o psiquiatra dr. Rodrigo Martins Leite, coordenador dos Ambulat\u00f3rios do Instituto de Psiquiatria (Ipq) da Universidade de S\u00e3o Paulo (USP), os dados indicam a necessidade de investimento em pol\u00edticas de preven\u00e7\u00e3o e acompanhamento dos casos. \u201cEstes dados exigem a elabora\u00e7\u00e3o de uma pol\u00edtica p\u00fablica e mobiliza\u00e7\u00e3o das institui\u00e7\u00f5es para elaborar programas de preven\u00e7\u00e3o e que ofere\u00e7am assist\u00eancia a estes indiv\u00edduos que t\u00eam maior risco de suic\u00eddio ou que tenham tentado suic\u00eddio\u201d, afirma o coordenador.<\/p>\n<p>Para o profissional, os homens est\u00e3o mais propensos a cometer suic\u00eddio por n\u00e3o buscarem ajuda profissional. \u201cSabemos que 80% dos suic\u00eddios no Brasil s\u00e3o cometidos por homens. Por uma quest\u00e3o cultural, os homens t\u00eam mais resist\u00eancia para assumir sua fragilidade e procurar ajuda\u201d, explica.<\/p>\n<p>Para ele, al\u00e9m dos profissionais da \u00e1rea da sa\u00fade, outras pessoas deveriam ser capacitadas para oferecer ajuda &#8211; seja na sa\u00fade, educa\u00e7\u00e3o, transporte, vias-p\u00fablicas &#8211; atuando como agentes de preven\u00e7\u00e3o e conscientiza\u00e7\u00e3o da sociedade. \u201cPrecisamos capilarizar as informa\u00e7\u00f5es para que as pessoas sintam-se seguras para conduzir minimamente uma situa\u00e7\u00e3o de risco de suic\u00eddio e, principalmente, que estas pessoas tenham encaminhamento\u201d, alerta o especialista.<\/p>\n<h3>Ou\u00e7a no <a href=\"https:\/\/soundcloud.com\/provincia-franciscana\">Soundcloud<\/a>,\u00a0<a href=\"https:\/\/open.spotify.com\/episode\/4Lsjydt2j3wVouLeVlcoNP\" target=\"_blank\" rel=\"noopener noreferrer\">Spotify<\/a>,\u00a0<a href=\"https:\/\/www.deezer.com\/br\/show\/512502\" target=\"_blank\" rel=\"noopener noreferrer\">Deezer<\/a>\u00a0e outros agregadores de\u00a0<em>podcast<\/em>.<\/h3>\n","protected":false},"excerpt":{"rendered":"<p>Frente da Comunica\u00e7\u00e3o<\/p>\n","protected":false},"author":1,"featured_media":210067,"comment_status":"open","ping_status":"open","sticky":false,"template":"","format":"standard","meta":[],"categories":[1],"tags":[],"acf":[],"yoast_head":"<!-- This site is optimized with the Yoast SEO plugin v19.2 - https:\/\/yoast.com\/wordpress\/plugins\/seo\/ -->\n<title>Prov\u00edncia lan\u00e7a s\u00e9rie de entrevistas sobre a preven\u00e7\u00e3o do suic\u00eddio - Not\u00edcias - Franciscanos<\/title>\n<meta name=\"robots\" content=\"index, follow, max-snippet:-1, max-image-preview:large, max-video-preview:-1\" \/>\n<link rel=\"canonical\" href=\"https:\/\/franciscanos.org.br\/noticias\/provincia-lanca-serie-de-entrevistas-sobre-a-prevencao-do-suicidio.html\" \/>\n<meta property=\"og:locale\" content=\"pt_BR\" \/>\n<meta property=\"og:type\" content=\"article\" \/>\n<meta property=\"og:title\" content=\"Prov\u00edncia lan\u00e7a s\u00e9rie de entrevistas sobre a preven\u00e7\u00e3o do suic\u00eddio - Not\u00edcias - Franciscanos\" \/>\n<meta property=\"og:description\" content=\"Frente da Comunica\u00e7\u00e3o\" \/>\n<meta property=\"og:url\" content=\"https:\/\/franciscanos.org.br\/noticias\/provincia-lanca-serie-de-entrevistas-sobre-a-prevencao-do-suicidio.html\" \/>\n<meta property=\"og:site_name\" content=\"Not\u00edcias - Franciscanos\" \/>\n<meta property=\"article:published_time\" content=\"2019-09-04T11:27:40+00:00\" \/>\n<meta property=\"article:modified_time\" content=\"2021-01-20T11:25:51+00:00\" \/>\n<meta property=\"og:image\" content=\"https:\/\/franciscanos.org.br\/noticias\/wp-content\/uploads\/2019\/09\/setembro_030919-p.jpg\" \/>\n\t<meta property=\"og:image:width\" content=\"273\" \/>\n\t<meta property=\"og:image:height\" content=\"181\" \/>\n\t<meta property=\"og:image:type\" content=\"image\/jpeg\" \/>\n<meta name=\"author\" content=\"admin\" \/>\n<meta name=\"twitter:card\" content=\"summary_large_image\" \/>\n<meta name=\"twitter:label1\" content=\"Escrito por\" \/>\n\t<meta name=\"twitter:data1\" content=\"admin\" \/>\n\t<meta name=\"twitter:label2\" content=\"Est. tempo de leitura\" \/>\n\t<meta name=\"twitter:data2\" content=\"3 minutos\" \/>\n<script type=\"application\/ld+json\" class=\"yoast-schema-graph\">{\"@context\":\"https:\/\/schema.org\",\"@graph\":[{\"@type\":\"WebSite\",\"@id\":\"https:\/\/franciscanos.org.br\/noticias\/#website\",\"url\":\"https:\/\/franciscanos.org.br\/noticias\/\",\"name\":\"Not\u00edcias - Franciscanos\",\"description\":\"Prov\u00edncia Franciscana da Imaculada Concei\u00e7\u00e3o do Brasil - Ordem dos Frades Menores - OFM\",\"potentialAction\":[{\"@type\":\"SearchAction\",\"target\":{\"@type\":\"EntryPoint\",\"urlTemplate\":\"https:\/\/franciscanos.org.br\/noticias\/?s={search_term_string}\"},\"query-input\":\"required name=search_term_string\"}],\"inLanguage\":\"pt-BR\"},{\"@type\":\"ImageObject\",\"inLanguage\":\"pt-BR\",\"@id\":\"https:\/\/franciscanos.org.br\/noticias\/provincia-lanca-serie-de-entrevistas-sobre-a-prevencao-do-suicidio.html#primaryimage\",\"url\":\"https:\/\/franciscanos.org.br\/noticias\/wp-content\/uploads\/2019\/09\/setembro_030919-p.jpg\",\"contentUrl\":\"https:\/\/franciscanos.org.br\/noticias\/wp-content\/uploads\/2019\/09\/setembro_030919-p.jpg\",\"width\":273,\"height\":181},{\"@type\":\"WebPage\",\"@id\":\"https:\/\/franciscanos.org.br\/noticias\/provincia-lanca-serie-de-entrevistas-sobre-a-prevencao-do-suicidio.html#webpage\",\"url\":\"https:\/\/franciscanos.org.br\/noticias\/provincia-lanca-serie-de-entrevistas-sobre-a-prevencao-do-suicidio.html\",\"name\":\"Prov\u00edncia lan\u00e7a s\u00e9rie de entrevistas sobre a preven\u00e7\u00e3o do suic\u00eddio - Not\u00edcias - Franciscanos\",\"isPartOf\":{\"@id\":\"https:\/\/franciscanos.org.br\/noticias\/#website\"},\"primaryImageOfPage\":{\"@id\":\"https:\/\/franciscanos.org.br\/noticias\/provincia-lanca-serie-de-entrevistas-sobre-a-prevencao-do-suicidio.html#primaryimage\"},\"datePublished\":\"2019-09-04T11:27:40+00:00\",\"dateModified\":\"2021-01-20T11:25:51+00:00\",\"author\":{\"@id\":\"https:\/\/franciscanos.org.br\/noticias\/#\/schema\/person\/b38fbf43118f02820bd932f2e4b14ad3\"},\"breadcrumb\":{\"@id\":\"https:\/\/franciscanos.org.br\/noticias\/provincia-lanca-serie-de-entrevistas-sobre-a-prevencao-do-suicidio.html#breadcrumb\"},\"inLanguage\":\"pt-BR\",\"potentialAction\":[{\"@type\":\"ReadAction\",\"target\":[\"https:\/\/franciscanos.org.br\/noticias\/provincia-lanca-serie-de-entrevistas-sobre-a-prevencao-do-suicidio.html\"]}]},{\"@type\":\"BreadcrumbList\",\"@id\":\"https:\/\/franciscanos.org.br\/noticias\/provincia-lanca-serie-de-entrevistas-sobre-a-prevencao-do-suicidio.html#breadcrumb\",\"itemListElement\":[{\"@type\":\"ListItem\",\"position\":1,\"name\":\"Home\",\"item\":\"https:\/\/franciscanos.org.br\/noticias\"},{\"@type\":\"ListItem\",\"position\":2,\"name\":\"Prov\u00edncia lan\u00e7a s\u00e9rie de entrevistas sobre a preven\u00e7\u00e3o do suic\u00eddio\"}]},{\"@type\":\"Person\",\"@id\":\"https:\/\/franciscanos.org.br\/noticias\/#\/schema\/person\/b38fbf43118f02820bd932f2e4b14ad3\",\"name\":\"admin\",\"image\":{\"@type\":\"ImageObject\",\"inLanguage\":\"pt-BR\",\"@id\":\"https:\/\/franciscanos.org.br\/noticias\/#\/schema\/person\/image\/\",\"url\":\"https:\/\/secure.gravatar.com\/avatar\/e8495742d34d0ba6448ea1c628263b3e?s=96&d=mm&r=g\",\"contentUrl\":\"https:\/\/secure.gravatar.com\/avatar\/e8495742d34d0ba6448ea1c628263b3e?s=96&d=mm&r=g\",\"caption\":\"admin\"},\"url\":\"https:\/\/franciscanos.org.br\/noticias\/author\/admin\"}]}<\/script>\n<!-- \/ Yoast SEO plugin. -->","yoast_head_json":{"title":"Prov\u00edncia lan\u00e7a s\u00e9rie de entrevistas sobre a preven\u00e7\u00e3o do suic\u00eddio - Not\u00edcias - Franciscanos","robots":{"index":"index","follow":"follow","max-snippet":"max-snippet:-1","max-image-preview":"max-image-preview:large","max-video-preview":"max-video-preview:-1"},"canonical":"https:\/\/franciscanos.org.br\/noticias\/provincia-lanca-serie-de-entrevistas-sobre-a-prevencao-do-suicidio.html","og_locale":"pt_BR","og_type":"article","og_title":"Prov\u00edncia lan\u00e7a s\u00e9rie de entrevistas sobre a preven\u00e7\u00e3o do suic\u00eddio - Not\u00edcias - Franciscanos","og_description":"Frente da Comunica\u00e7\u00e3o","og_url":"https:\/\/franciscanos.org.br\/noticias\/provincia-lanca-serie-de-entrevistas-sobre-a-prevencao-do-suicidio.html","og_site_name":"Not\u00edcias - Franciscanos","article_published_time":"2019-09-04T11:27:40+00:00","article_modified_time":"2021-01-20T11:25:51+00:00","og_image":[{"width":273,"height":181,"url":"https:\/\/franciscanos.org.br\/noticias\/wp-content\/uploads\/2019\/09\/setembro_030919-p.jpg","type":"image\/jpeg"}],"author":"admin","twitter_card":"summary_large_image","twitter_misc":{"Escrito por":"admin","Est. tempo de leitura":"3 minutos"},"schema":{"@context":"https:\/\/schema.org","@graph":[{"@type":"WebSite","@id":"https:\/\/franciscanos.org.br\/noticias\/#website","url":"https:\/\/franciscanos.org.br\/noticias\/","name":"Not\u00edcias - Franciscanos","description":"Prov\u00edncia Franciscana da Imaculada Concei\u00e7\u00e3o do Brasil - Ordem dos Frades Menores - OFM","potentialAction":[{"@type":"SearchAction","target":{"@type":"EntryPoint","urlTemplate":"https:\/\/franciscanos.org.br\/noticias\/?s={search_term_string}"},"query-input":"required name=search_term_string"}],"inLanguage":"pt-BR"},{"@type":"ImageObject","inLanguage":"pt-BR","@id":"https:\/\/franciscanos.org.br\/noticias\/provincia-lanca-serie-de-entrevistas-sobre-a-prevencao-do-suicidio.html#primaryimage","url":"https:\/\/franciscanos.org.br\/noticias\/wp-content\/uploads\/2019\/09\/setembro_030919-p.jpg","contentUrl":"https:\/\/franciscanos.org.br\/noticias\/wp-content\/uploads\/2019\/09\/setembro_030919-p.jpg","width":273,"height":181},{"@type":"WebPage","@id":"https:\/\/franciscanos.org.br\/noticias\/provincia-lanca-serie-de-entrevistas-sobre-a-prevencao-do-suicidio.html#webpage","url":"https:\/\/franciscanos.org.br\/noticias\/provincia-lanca-serie-de-entrevistas-sobre-a-prevencao-do-suicidio.html","name":"Prov\u00edncia lan\u00e7a s\u00e9rie de entrevistas sobre a preven\u00e7\u00e3o do suic\u00eddio - Not\u00edcias - Franciscanos","isPartOf":{"@id":"https:\/\/franciscanos.org.br\/noticias\/#website"},"primaryImageOfPage":{"@id":"https:\/\/franciscanos.org.br\/noticias\/provincia-lanca-serie-de-entrevistas-sobre-a-prevencao-do-suicidio.html#primaryimage"},"datePublished":"2019-09-04T11:27:40+00:00","dateModified":"2021-01-20T11:25:51+00:00","author":{"@id":"https:\/\/franciscanos.org.br\/noticias\/#\/schema\/person\/b38fbf43118f02820bd932f2e4b14ad3"},"breadcrumb":{"@id":"https:\/\/franciscanos.org.br\/noticias\/provincia-lanca-serie-de-entrevistas-sobre-a-prevencao-do-suicidio.html#breadcrumb"},"inLanguage":"pt-BR","potentialAction":[{"@type":"ReadAction","target":["https:\/\/franciscanos.org.br\/noticias\/provincia-lanca-serie-de-entrevistas-sobre-a-prevencao-do-suicidio.html"]}]},{"@type":"BreadcrumbList","@id":"https:\/\/franciscanos.org.br\/noticias\/provincia-lanca-serie-de-entrevistas-sobre-a-prevencao-do-suicidio.html#breadcrumb","itemListElement":[{"@type":"ListItem","position":1,"name":"Home","item":"https:\/\/franciscanos.org.br\/noticias"},{"@type":"ListItem","position":2,"name":"Prov\u00edncia lan\u00e7a s\u00e9rie de entrevistas sobre a preven\u00e7\u00e3o do suic\u00eddio"}]},{"@type":"Person","@id":"https:\/\/franciscanos.org.br\/noticias\/#\/schema\/person\/b38fbf43118f02820bd932f2e4b14ad3","name":"admin","image":{"@type":"ImageObject","inLanguage":"pt-BR","@id":"https:\/\/franciscanos.org.br\/noticias\/#\/schema\/person\/image\/","url":"https:\/\/secure.gravatar.com\/avatar\/e8495742d34d0ba6448ea1c628263b3e?s=96&d=mm&r=g","contentUrl":"https:\/\/secure.gravatar.com\/avatar\/e8495742d34d0ba6448ea1c628263b3e?s=96&d=mm&r=g","caption":"admin"},"url":"https:\/\/franciscanos.org.br\/noticias\/author\/admin"}]}},"_links":{"self":[{"href":"https:\/\/franciscanos.org.br\/noticias\/wp-json\/wp\/v2\/posts\/210065"}],"collection":[{"href":"https:\/\/franciscanos.org.br\/noticias\/wp-json\/wp\/v2\/posts"}],"about":[{"href":"https:\/\/franciscanos.org.br\/noticias\/wp-json\/wp\/v2\/types\/post"}],"author":[{"embeddable":true,"href":"https:\/\/franciscanos.org.br\/noticias\/wp-json\/wp\/v2\/users\/1"}],"replies":[{"embeddable":true,"href":"https:\/\/franciscanos.org.br\/noticias\/wp-json\/wp\/v2\/comments?post=210065"}],"version-history":[{"count":3,"href":"https:\/\/franciscanos.org.br\/noticias\/wp-json\/wp\/v2\/posts\/210065\/revisions"}],"predecessor-version":[{"id":230494,"href":"https:\/\/franciscanos.org.br\/noticias\/wp-json\/wp\/v2\/posts\/210065\/revisions\/230494"}],"wp:featuredmedia":[{"embeddable":true,"href":"https:\/\/franciscanos.org.br\/noticias\/wp-json\/wp\/v2\/media\/210067"}],"wp:attachment":[{"href":"https:\/\/franciscanos.org.br\/noticias\/wp-json\/wp\/v2\/media?parent=210065"}],"wp:term":[{"taxonomy":"category","embeddable":true,"href":"https:\/\/franciscanos.org.br\/noticias\/wp-json\/wp\/v2\/categories?post=210065"},{"taxonomy":"post_tag","embeddable":true,"href":"https:\/\/franciscanos.org.br\/noticias\/wp-json\/wp\/v2\/tags?post=210065"}],"curies":[{"name":"wp","href":"https:\/\/api.w.org\/{rel}","templated":true}]}}