{"id":210011,"date":"2019-10-03T08:00:33","date_gmt":"2019-10-03T11:00:33","guid":{"rendered":"https:\/\/franciscanos.org.br\/noticias\/?p=210011"},"modified":"2019-10-03T13:14:18","modified_gmt":"2019-10-03T16:14:18","slug":"repam-lanca-itinerario-de-reflexao-e-oracao-para-o-sinodo","status":"publish","type":"post","link":"https:\/\/franciscanos.org.br\/noticias\/repam-lanca-itinerario-de-reflexao-e-oracao-para-o-sinodo.html","title":{"rendered":"40 dias pelo rio: itiner\u00e1rio de reflex\u00e3o e ora\u00e7\u00e3o para o S\u00ednodo"},"content":{"rendered":"<p><img loading=\"lazy\" class=\"alignnone size-full wp-image-210358\" src=\"https:\/\/franciscanos.org.br\/noticias\/wp-content\/uploads\/2019\/09\/repam_090919g.jpg\" alt=\"\" width=\"890\" height=\"500\" srcset=\"https:\/\/franciscanos.org.br\/noticias\/wp-content\/uploads\/2019\/09\/repam_090919g.jpg 890w, https:\/\/franciscanos.org.br\/noticias\/wp-content\/uploads\/2019\/09\/repam_090919g-450x253.jpg 450w, https:\/\/franciscanos.org.br\/noticias\/wp-content\/uploads\/2019\/09\/repam_090919g-768x431.jpg 768w, https:\/\/franciscanos.org.br\/noticias\/wp-content\/uploads\/2019\/09\/repam_090919g-150x84.jpg 150w\" sizes=\"(max-width: 890px) 100vw, 890px\" \/><\/p>\n<p>A Rede Eclesial Pan-Amaz\u00f4nica (REPAM), em prepara\u00e7\u00e3o para o S\u00ednodo da Amaz\u00f4nia, divulga o material 40 dias pelo rio: navegando juntos a Boa Nova de Deus a caminho do S\u00ednodo Amaz\u00f4nico.<\/p>\n<p>A proposta \u00e9 ser uma contribui\u00e7\u00e3o para a prepara\u00e7\u00e3o daqueles que, em espa\u00e7os eclesiais, est\u00e3o em sintonia com o S\u00ednodo amaz\u00f4nico, ou querem estar.<\/p>\n<p>Idealizado e constru\u00eddo pelo secret\u00e1rio executivo da REPAM, Maur\u00edcio Lopez, os roteiros de reflex\u00e3o e ora\u00e7\u00e3o ser\u00e3o disponibilizados a cada dia, favorecendo a aproxima\u00e7\u00e3o de todas as pessoas com as tem\u00e1ticas e o caminho sinodal. \u201c\u00c9 uma ajuda para aqueles que vivem ou n\u00e3o no territ\u00f3rio, e para aqueles que foram convocados para participar no S\u00ednodo ou no espa\u00e7o ligado de fora: \u201cAmaz\u00f4nia, casa comum\u201d, e tamb\u00e9m para aqueles que n\u00e3o estar\u00e3o neste esperado evento em pessoa, mas eles querem estar em comunh\u00e3o espiritual\u201d, afirma Maur\u00edcio.<\/p>\n<p>De acordo com o secret\u00e1rio da REPAM, o material \u00e9 uma esp\u00e9cie de di\u00e1rio ou carta de navega\u00e7\u00e3o em que convida \u00e0 reflex\u00e3o-ora\u00e7\u00e3o. \u201cOferece uma das leituras do dia (\u00e0s vezes um fragmento) e contribui para uma simples reflex\u00e3o associada ao S\u00ednodo, convida contemplar uma imagem que ajude a conectar-se com a realidade amaz\u00f4nica e a buscar os convites pessoais e comunit\u00e1rios internos, e analisa cada dia com uma cita\u00e7\u00e3o de algum texto-chave do ensinamento da Igreja, de alguma reflex\u00e3o do Papa Francisco, ou alguma outra fonte inspiradora\u201d, explica o autor.<\/p>\n<p>Os 40 dias pelo rio ser\u00e3o disponibilizados todos os dias no site da REPAM. No site da Prov\u00edncia Franciscana, o material ser\u00e1 disponibilizado diariamente na se\u00e7\u00e3o <a href=\"https:\/\/franciscanos.org.br\/banca\/\" target=\"_blank\" rel=\"noopener noreferrer\">BANCA<\/a> &gt; Santa S\u00e9<\/p>\n<p>Confira os subs\u00eddios j\u00e1 lan\u00e7ados:<\/p>\n<h2><span style=\"color: #008000;\"><strong><a style=\"color: #008000;\" href=\"https:\/\/franciscanos.org.br\/noticias\/navegando-juntos-a-boa-nova-de-deus-a-caminho-do-sinodo-amazonico.html\" target=\"_blank\" rel=\"noopener noreferrer\">Introdu\u00e7\u00e3o<\/a><\/strong><\/span><\/h2>\n<h2><span style=\"color: #008000;\"><strong><a style=\"color: #008000;\" href=\"https:\/\/franciscanos.org.br\/noticias\/1o-dia-de-navegacao-27-do-agosto.html\" target=\"_blank\" rel=\"noopener noreferrer\">1\u00ba dia<\/a> | <a style=\"color: #008000;\" href=\"https:\/\/franciscanos.org.br\/noticias\/2o-dia-de-navegacao-28-de-agosto.html\" target=\"_blank\" rel=\"noopener noreferrer\">2\u00ba dia<\/a> | <a style=\"color: #008000;\" href=\"https:\/\/franciscanos.org.br\/noticias\/3o-dia-de-navegacao-29-de-agosto.html\" target=\"_blank\" rel=\"noopener noreferrer\">3\u00ba dia<\/a> | <a style=\"color: #008000;\" href=\"https:\/\/franciscanos.org.br\/noticias\/4o-dia-de-navegacao-30-de-agosto.html\" target=\"_blank\" rel=\"noopener noreferrer\">4\u00ba dia<\/a> | <a style=\"color: #008000;\" href=\"https:\/\/franciscanos.org.br\/noticias\/5o-dia-de-navegacao-31-de-agosto.html\" target=\"_blank\" rel=\"noopener noreferrer\">5\u00ba dia<\/a> | <a style=\"color: #008000;\" href=\"https:\/\/franciscanos.org.br\/noticias\/6o-dia-de-navegacao-1o-de-setembro.html\" target=\"_blank\" rel=\"noopener noreferrer\">6\u00ba dia<\/a> |<a style=\"color: #008000;\" href=\"https:\/\/franciscanos.org.br\/noticias\/7o-dia-de-navegacao-2-de-setembro.html\" target=\"_blank\" rel=\"noopener noreferrer\"> 7\u00ba dia<\/a> | <a style=\"color: #008000;\" href=\"https:\/\/franciscanos.org.br\/noticias\/8o-dia-de-navegacao-3-de-setembro.html\" target=\"_blank\" rel=\"noopener noreferrer\">8\u00ba dia<\/a> | <a style=\"color: #008000;\" href=\"https:\/\/franciscanos.org.br\/noticias\/9o-dia-de-navegacao-4-de-setembro.html\" target=\"_blank\" rel=\"noopener noreferrer\">9\u00ba dia |<\/a><a style=\"color: #008000;\" href=\"https:\/\/franciscanos.org.br\/noticias\/10o-dia-de-navegacao-5-de-setembro.html\" target=\"_blank\" rel=\"noopener noreferrer\">10\u00ba dia<\/a><\/strong><\/span><\/h2>\n<h2><span style=\"color: #008000;\"><strong><a style=\"color: #008000;\" href=\"https:\/\/franciscanos.org.br\/noticias\/11o-dia-de-navegacao-6-de-setembro.html\" target=\"_blank\" rel=\"noopener noreferrer\">11\u00ba dia | <\/a><a style=\"color: #008000;\" href=\"https:\/\/franciscanos.org.br\/noticias\/12o-dia-de-navegacao-7-de-setembro.html\" target=\"_blank\" rel=\"noopener noreferrer\">12\u00ba dia<\/a> |\u00a0<a style=\"color: #008000;\" href=\"https:\/\/franciscanos.org.br\/noticias\/13o-dia-de-navegacao-8-de-setembro.html\" target=\"_blank\" rel=\"noopener noreferrer\">13\u00ba dia<\/a> | <a style=\"color: #008000;\" href=\"https:\/\/franciscanos.org.br\/noticias\/14o-dia-de-navegacao-9-de-setembro.html\" target=\"_blank\" rel=\"noopener noreferrer\">14\u00ba dia<\/a> | <a style=\"color: #008000;\" href=\"https:\/\/franciscanos.org.br\/noticias\/15o-dia-de-navegacao-10-de-setembro.html\">15\u00ba dia<\/a> | <\/strong><a style=\"color: #008000;\" href=\"https:\/\/franciscanos.org.br\/noticias\/16o-dia-de-navegacao-11-de-setembro.html\" target=\"_blank\" rel=\"noopener noreferrer\">16\u00ba dia<\/a><strong> | <a href=\"https:\/\/franciscanos.org.br\/noticias\/17o-dia-de-navegacao-12-de-setembro.html\" target=\"_blank\" rel=\"noopener noreferrer\"><span style=\"color: #008000;\">17\u00ba dia<\/span><\/a> | <a href=\"https:\/\/franciscanos.org.br\/noticias\/18o-dia-de-navegacao-13-de-setembro.html\" target=\"_blank\" rel=\"noopener noreferrer\"><span style=\"color: #008000;\">18\u00ba dia<\/span><\/a> |<span style=\"color: #008000;\"> <a style=\"color: #008000;\" href=\"https:\/\/franciscanos.org.br\/noticias\/19o-dia-de-navegacao-14-de-setembro.html\" target=\"_blank\" rel=\"noopener noreferrer\">19\u00ba dia<\/a>\u00a0<\/span><\/strong><\/span><\/h2>\n<h2><span style=\"color: #008000;\"><strong><span style=\"color: #008000;\"><a style=\"color: #008000;\" href=\"https:\/\/franciscanos.org.br\/noticias\/20o-dia-de-navegacao-15-de-setembro.html\" target=\"_blank\" rel=\"noopener noreferrer\">20\u00ba dia<\/a> |\u00a0<\/span><\/strong><\/span><span style=\"color: #008000;\"><strong><span style=\"color: #008000;\"><a style=\"color: #008000;\" href=\"https:\/\/franciscanos.org.br\/noticias\/21o-dia-de-navegacao-16-de-setembro.html\" target=\"_blank\" rel=\"noopener noreferrer\">21\u00ba dia<\/a> | <a style=\"color: #008000;\" href=\"https:\/\/franciscanos.org.br\/noticias\/22o-dia-de-navegacao-17-de-setembro.html\" target=\"_blank\" rel=\"noopener noreferrer\">22\u00ba dia<\/a> | <a style=\"color: #008000;\" href=\"https:\/\/franciscanos.org.br\/noticias\/23o-dia-de-navegacao-18-de-setembro.html\" target=\"_blank\" rel=\"noopener noreferrer\">23\u00ba dia<\/a> | <a style=\"color: #008000;\" href=\"https:\/\/franciscanos.org.br\/noticias\/24o-dia-de-navegacao-19-de-setembro.html\" target=\"_blank\" rel=\"noopener noreferrer\">24\u00ba dia<\/a> | <a style=\"color: #008000;\" href=\"https:\/\/franciscanos.org.br\/noticias\/25o-dia-de-navegacao-20-de-setembro.html\" target=\"_blank\" rel=\"noopener noreferrer\">25\u00ba dia<\/a> | <a style=\"color: #008000;\" href=\"https:\/\/franciscanos.org.br\/noticias\/26o-dia-de-navegacao-21-de-setembro.html\" target=\"_blank\" rel=\"noopener noreferrer\">26\u00ba dia<\/a> | <a style=\"color: #008000;\" href=\"https:\/\/franciscanos.org.br\/noticias\/27o-dia-de-navegacao-22-de-setembro.html\" target=\"_blank\" rel=\"noopener noreferrer\">27\u00ba dia<\/a> | <a href=\"https:\/\/franciscanos.org.br\/noticias\/28o-dia-de-navegacao-23-de-setembro.html\" target=\"_blank\" rel=\"noopener noreferrer\"><span style=\"color: #008000;\">28\u00ba dia<\/span><\/a><\/span><\/strong><\/span><span style=\"color: #008000;\"><strong>\u00a0<\/strong><\/span><\/h2>\n<h2><span style=\"color: #008000;\"><a href=\"https:\/\/franciscanos.org.br\/noticias\/29o-dia-de-navegacao-24-de-setembro.html\" target=\"_blank\" rel=\"noopener noreferrer\"><span style=\"color: #008000;\">29 dia<\/span><\/a><strong> | <a style=\"color: #008000;\" href=\"https:\/\/franciscanos.org.br\/noticias\/30o-dia-de-navegacao-25-de-setembro.html\" target=\"_blank\" rel=\"noopener noreferrer\">30\u00ba dia<\/a> | <a style=\"color: #008000;\" href=\"https:\/\/franciscanos.org.br\/noticias\/31o-dia-de-navegacao-26-de-setembro.html\" target=\"_blank\" rel=\"noopener noreferrer\">31\u00ba dia<\/a> | <a style=\"color: #008000;\" href=\"https:\/\/franciscanos.org.br\/noticias\/32o-dia-de-navegacao-27-de-setembro.html\" target=\"_blank\" rel=\"noopener noreferrer\">32\u00ba dia<\/a> | <a style=\"color: #008000;\" href=\"https:\/\/franciscanos.org.br\/noticias\/33o-dia-de-navegacao-28-de-setembro.html\" target=\"_blank\" rel=\"noopener noreferrer\">33\u00ba dia<\/a> | <a style=\"color: #008000;\" href=\"https:\/\/franciscanos.org.br\/noticias\/34o-dia-de-navegacao-29-de-setembro.html\" target=\"_blank\" rel=\"noopener noreferrer\">34\u00ba dia<\/a> |<span style=\"color: #008000;\"> <a style=\"color: #008000;\" href=\"https:\/\/franciscanos.org.br\/noticias\/35o-dia-de-navegacao-30-de-setembro.html\" target=\"_blank\" rel=\"noopener noreferrer\">35\u00ba dia<\/a> | <a style=\"color: #008000;\" href=\"https:\/\/franciscanos.org.br\/noticias\/36o-dia-de-navegacao-1o-de-outubro.html\" target=\"_blank\" rel=\"noopener noreferrer\">36\u00ba dia<\/a> | <a style=\"color: #008000;\" href=\"https:\/\/franciscanos.org.br\/noticias\/37o-dia-de-navegacao-2-de-outubro.html\" target=\"_blank\" rel=\"noopener noreferrer\">37\u00ba dia<\/a><\/span><\/strong><\/span><\/h2>\n<h2><span style=\"color: #008000;\"><a style=\"color: #008000;\" href=\"https:\/\/franciscanos.org.br\/noticias\/38o-dia-de-navegacao-3-de-outubro.html\" target=\"_blank\" rel=\"noopener noreferrer\">38\u00ba dia<\/a> | <a style=\"color: #008000;\" href=\"https:\/\/franciscanos.org.br\/noticias\/39o-dia-de-navegacao-4-de-outubro.html\" target=\"_blank\" rel=\"noopener noreferrer\">39\u00ba dia<\/a> | <a style=\"color: #008000;\" href=\"https:\/\/franciscanos.org.br\/noticias\/40o-dia-de-navegacao-5-de-outubro.html\" target=\"_blank\" rel=\"noopener noreferrer\">40\u00ba dia<\/a><\/span><\/h2>\n<p>&nbsp;<\/p>\n<h2><\/h2>\n","protected":false},"excerpt":{"rendered":"<p>S\u00ednodo da Amaz\u00f4nia<\/p>\n","protected":false},"author":1,"featured_media":210360,"comment_status":"open","ping_status":"open","sticky":false,"template":"","format":"standard","meta":[],"categories":[1],"tags":[834],"acf":[],"yoast_head":"<!-- This site is optimized with the Yoast SEO plugin v19.2 - https:\/\/yoast.com\/wordpress\/plugins\/seo\/ -->\n<title>40 dias pelo rio: itiner\u00e1rio de reflex\u00e3o e ora\u00e7\u00e3o para o S\u00ednodo - Not\u00edcias - Franciscanos<\/title>\n<meta name=\"robots\" content=\"index, follow, max-snippet:-1, max-image-preview:large, max-video-preview:-1\" \/>\n<link rel=\"canonical\" href=\"https:\/\/franciscanos.org.br\/noticias\/repam-lanca-itinerario-de-reflexao-e-oracao-para-o-sinodo.html\" \/>\n<meta property=\"og:locale\" content=\"pt_BR\" \/>\n<meta property=\"og:type\" content=\"article\" \/>\n<meta property=\"og:title\" content=\"40 dias pelo rio: itiner\u00e1rio de reflex\u00e3o e ora\u00e7\u00e3o para o S\u00ednodo - Not\u00edcias - Franciscanos\" \/>\n<meta property=\"og:description\" content=\"S\u00ednodo da Amaz\u00f4nia\" \/>\n<meta property=\"og:url\" content=\"https:\/\/franciscanos.org.br\/noticias\/repam-lanca-itinerario-de-reflexao-e-oracao-para-o-sinodo.html\" \/>\n<meta property=\"og:site_name\" content=\"Not\u00edcias - Franciscanos\" \/>\n<meta property=\"article:published_time\" content=\"2019-10-03T11:00:33+00:00\" \/>\n<meta property=\"article:modified_time\" content=\"2019-10-03T16:14:18+00:00\" \/>\n<meta property=\"og:image\" content=\"https:\/\/franciscanos.org.br\/noticias\/wp-content\/uploads\/2019\/09\/repam_090919p.jpg\" \/>\n\t<meta property=\"og:image:width\" content=\"273\" \/>\n\t<meta property=\"og:image:height\" content=\"181\" \/>\n\t<meta property=\"og:image:type\" content=\"image\/jpeg\" \/>\n<meta name=\"author\" content=\"admin\" \/>\n<meta name=\"twitter:card\" content=\"summary_large_image\" \/>\n<meta name=\"twitter:label1\" content=\"Escrito por\" \/>\n\t<meta name=\"twitter:data1\" content=\"admin\" \/>\n\t<meta name=\"twitter:label2\" content=\"Est. tempo de leitura\" \/>\n\t<meta name=\"twitter:data2\" content=\"2 minutos\" \/>\n<script type=\"application\/ld+json\" class=\"yoast-schema-graph\">{\"@context\":\"https:\/\/schema.org\",\"@graph\":[{\"@type\":\"WebSite\",\"@id\":\"https:\/\/franciscanos.org.br\/noticias\/#website\",\"url\":\"https:\/\/franciscanos.org.br\/noticias\/\",\"name\":\"Not\u00edcias - Franciscanos\",\"description\":\"Prov\u00edncia Franciscana da Imaculada Concei\u00e7\u00e3o do Brasil - Ordem dos Frades Menores - OFM\",\"potentialAction\":[{\"@type\":\"SearchAction\",\"target\":{\"@type\":\"EntryPoint\",\"urlTemplate\":\"https:\/\/franciscanos.org.br\/noticias\/?s={search_term_string}\"},\"query-input\":\"required name=search_term_string\"}],\"inLanguage\":\"pt-BR\"},{\"@type\":\"ImageObject\",\"inLanguage\":\"pt-BR\",\"@id\":\"https:\/\/franciscanos.org.br\/noticias\/repam-lanca-itinerario-de-reflexao-e-oracao-para-o-sinodo.html#primaryimage\",\"url\":\"https:\/\/franciscanos.org.br\/noticias\/wp-content\/uploads\/2019\/09\/repam_090919p.jpg\",\"contentUrl\":\"https:\/\/franciscanos.org.br\/noticias\/wp-content\/uploads\/2019\/09\/repam_090919p.jpg\",\"width\":273,\"height\":181},{\"@type\":\"WebPage\",\"@id\":\"https:\/\/franciscanos.org.br\/noticias\/repam-lanca-itinerario-de-reflexao-e-oracao-para-o-sinodo.html#webpage\",\"url\":\"https:\/\/franciscanos.org.br\/noticias\/repam-lanca-itinerario-de-reflexao-e-oracao-para-o-sinodo.html\",\"name\":\"40 dias pelo rio: itiner\u00e1rio de reflex\u00e3o e ora\u00e7\u00e3o para o S\u00ednodo - Not\u00edcias - Franciscanos\",\"isPartOf\":{\"@id\":\"https:\/\/franciscanos.org.br\/noticias\/#website\"},\"primaryImageOfPage\":{\"@id\":\"https:\/\/franciscanos.org.br\/noticias\/repam-lanca-itinerario-de-reflexao-e-oracao-para-o-sinodo.html#primaryimage\"},\"datePublished\":\"2019-10-03T11:00:33+00:00\",\"dateModified\":\"2019-10-03T16:14:18+00:00\",\"author\":{\"@id\":\"https:\/\/franciscanos.org.br\/noticias\/#\/schema\/person\/b38fbf43118f02820bd932f2e4b14ad3\"},\"breadcrumb\":{\"@id\":\"https:\/\/franciscanos.org.br\/noticias\/repam-lanca-itinerario-de-reflexao-e-oracao-para-o-sinodo.html#breadcrumb\"},\"inLanguage\":\"pt-BR\",\"potentialAction\":[{\"@type\":\"ReadAction\",\"target\":[\"https:\/\/franciscanos.org.br\/noticias\/repam-lanca-itinerario-de-reflexao-e-oracao-para-o-sinodo.html\"]}]},{\"@type\":\"BreadcrumbList\",\"@id\":\"https:\/\/franciscanos.org.br\/noticias\/repam-lanca-itinerario-de-reflexao-e-oracao-para-o-sinodo.html#breadcrumb\",\"itemListElement\":[{\"@type\":\"ListItem\",\"position\":1,\"name\":\"Home\",\"item\":\"https:\/\/franciscanos.org.br\/noticias\"},{\"@type\":\"ListItem\",\"position\":2,\"name\":\"40 dias pelo rio: itiner\u00e1rio de reflex\u00e3o e ora\u00e7\u00e3o para o S\u00ednodo\"}]},{\"@type\":\"Person\",\"@id\":\"https:\/\/franciscanos.org.br\/noticias\/#\/schema\/person\/b38fbf43118f02820bd932f2e4b14ad3\",\"name\":\"admin\",\"image\":{\"@type\":\"ImageObject\",\"inLanguage\":\"pt-BR\",\"@id\":\"https:\/\/franciscanos.org.br\/noticias\/#\/schema\/person\/image\/\",\"url\":\"https:\/\/secure.gravatar.com\/avatar\/e8495742d34d0ba6448ea1c628263b3e?s=96&d=mm&r=g\",\"contentUrl\":\"https:\/\/secure.gravatar.com\/avatar\/e8495742d34d0ba6448ea1c628263b3e?s=96&d=mm&r=g\",\"caption\":\"admin\"},\"url\":\"https:\/\/franciscanos.org.br\/noticias\/author\/admin\"}]}<\/script>\n<!-- \/ Yoast SEO plugin. -->","yoast_head_json":{"title":"40 dias pelo rio: itiner\u00e1rio de reflex\u00e3o e ora\u00e7\u00e3o para o S\u00ednodo - Not\u00edcias - Franciscanos","robots":{"index":"index","follow":"follow","max-snippet":"max-snippet:-1","max-image-preview":"max-image-preview:large","max-video-preview":"max-video-preview:-1"},"canonical":"https:\/\/franciscanos.org.br\/noticias\/repam-lanca-itinerario-de-reflexao-e-oracao-para-o-sinodo.html","og_locale":"pt_BR","og_type":"article","og_title":"40 dias pelo rio: itiner\u00e1rio de reflex\u00e3o e ora\u00e7\u00e3o para o S\u00ednodo - Not\u00edcias - Franciscanos","og_description":"S\u00ednodo da Amaz\u00f4nia","og_url":"https:\/\/franciscanos.org.br\/noticias\/repam-lanca-itinerario-de-reflexao-e-oracao-para-o-sinodo.html","og_site_name":"Not\u00edcias - Franciscanos","article_published_time":"2019-10-03T11:00:33+00:00","article_modified_time":"2019-10-03T16:14:18+00:00","og_image":[{"width":273,"height":181,"url":"https:\/\/franciscanos.org.br\/noticias\/wp-content\/uploads\/2019\/09\/repam_090919p.jpg","type":"image\/jpeg"}],"author":"admin","twitter_card":"summary_large_image","twitter_misc":{"Escrito por":"admin","Est. tempo de leitura":"2 minutos"},"schema":{"@context":"https:\/\/schema.org","@graph":[{"@type":"WebSite","@id":"https:\/\/franciscanos.org.br\/noticias\/#website","url":"https:\/\/franciscanos.org.br\/noticias\/","name":"Not\u00edcias - Franciscanos","description":"Prov\u00edncia Franciscana da Imaculada Concei\u00e7\u00e3o do Brasil - Ordem dos Frades Menores - OFM","potentialAction":[{"@type":"SearchAction","target":{"@type":"EntryPoint","urlTemplate":"https:\/\/franciscanos.org.br\/noticias\/?s={search_term_string}"},"query-input":"required name=search_term_string"}],"inLanguage":"pt-BR"},{"@type":"ImageObject","inLanguage":"pt-BR","@id":"https:\/\/franciscanos.org.br\/noticias\/repam-lanca-itinerario-de-reflexao-e-oracao-para-o-sinodo.html#primaryimage","url":"https:\/\/franciscanos.org.br\/noticias\/wp-content\/uploads\/2019\/09\/repam_090919p.jpg","contentUrl":"https:\/\/franciscanos.org.br\/noticias\/wp-content\/uploads\/2019\/09\/repam_090919p.jpg","width":273,"height":181},{"@type":"WebPage","@id":"https:\/\/franciscanos.org.br\/noticias\/repam-lanca-itinerario-de-reflexao-e-oracao-para-o-sinodo.html#webpage","url":"https:\/\/franciscanos.org.br\/noticias\/repam-lanca-itinerario-de-reflexao-e-oracao-para-o-sinodo.html","name":"40 dias pelo rio: itiner\u00e1rio de reflex\u00e3o e ora\u00e7\u00e3o para o S\u00ednodo - Not\u00edcias - Franciscanos","isPartOf":{"@id":"https:\/\/franciscanos.org.br\/noticias\/#website"},"primaryImageOfPage":{"@id":"https:\/\/franciscanos.org.br\/noticias\/repam-lanca-itinerario-de-reflexao-e-oracao-para-o-sinodo.html#primaryimage"},"datePublished":"2019-10-03T11:00:33+00:00","dateModified":"2019-10-03T16:14:18+00:00","author":{"@id":"https:\/\/franciscanos.org.br\/noticias\/#\/schema\/person\/b38fbf43118f02820bd932f2e4b14ad3"},"breadcrumb":{"@id":"https:\/\/franciscanos.org.br\/noticias\/repam-lanca-itinerario-de-reflexao-e-oracao-para-o-sinodo.html#breadcrumb"},"inLanguage":"pt-BR","potentialAction":[{"@type":"ReadAction","target":["https:\/\/franciscanos.org.br\/noticias\/repam-lanca-itinerario-de-reflexao-e-oracao-para-o-sinodo.html"]}]},{"@type":"BreadcrumbList","@id":"https:\/\/franciscanos.org.br\/noticias\/repam-lanca-itinerario-de-reflexao-e-oracao-para-o-sinodo.html#breadcrumb","itemListElement":[{"@type":"ListItem","position":1,"name":"Home","item":"https:\/\/franciscanos.org.br\/noticias"},{"@type":"ListItem","position":2,"name":"40 dias pelo rio: itiner\u00e1rio de reflex\u00e3o e ora\u00e7\u00e3o para o S\u00ednodo"}]},{"@type":"Person","@id":"https:\/\/franciscanos.org.br\/noticias\/#\/schema\/person\/b38fbf43118f02820bd932f2e4b14ad3","name":"admin","image":{"@type":"ImageObject","inLanguage":"pt-BR","@id":"https:\/\/franciscanos.org.br\/noticias\/#\/schema\/person\/image\/","url":"https:\/\/secure.gravatar.com\/avatar\/e8495742d34d0ba6448ea1c628263b3e?s=96&d=mm&r=g","contentUrl":"https:\/\/secure.gravatar.com\/avatar\/e8495742d34d0ba6448ea1c628263b3e?s=96&d=mm&r=g","caption":"admin"},"url":"https:\/\/franciscanos.org.br\/noticias\/author\/admin"}]}},"_links":{"self":[{"href":"https:\/\/franciscanos.org.br\/noticias\/wp-json\/wp\/v2\/posts\/210011"}],"collection":[{"href":"https:\/\/franciscanos.org.br\/noticias\/wp-json\/wp\/v2\/posts"}],"about":[{"href":"https:\/\/franciscanos.org.br\/noticias\/wp-json\/wp\/v2\/types\/post"}],"author":[{"embeddable":true,"href":"https:\/\/franciscanos.org.br\/noticias\/wp-json\/wp\/v2\/users\/1"}],"replies":[{"embeddable":true,"href":"https:\/\/franciscanos.org.br\/noticias\/wp-json\/wp\/v2\/comments?post=210011"}],"version-history":[{"count":0,"href":"https:\/\/franciscanos.org.br\/noticias\/wp-json\/wp\/v2\/posts\/210011\/revisions"}],"wp:featuredmedia":[{"embeddable":true,"href":"https:\/\/franciscanos.org.br\/noticias\/wp-json\/wp\/v2\/media\/210360"}],"wp:attachment":[{"href":"https:\/\/franciscanos.org.br\/noticias\/wp-json\/wp\/v2\/media?parent=210011"}],"wp:term":[{"taxonomy":"category","embeddable":true,"href":"https:\/\/franciscanos.org.br\/noticias\/wp-json\/wp\/v2\/categories?post=210011"},{"taxonomy":"post_tag","embeddable":true,"href":"https:\/\/franciscanos.org.br\/noticias\/wp-json\/wp\/v2\/tags?post=210011"}],"curies":[{"name":"wp","href":"https:\/\/api.w.org\/{rel}","templated":true}]}}