{"id":209970,"date":"2019-09-01T10:45:36","date_gmt":"2019-09-01T13:45:36","guid":{"rendered":"https:\/\/franciscanos.org.br\/noticias\/?p=209970"},"modified":"2019-09-04T09:54:12","modified_gmt":"2019-09-04T12:54:12","slug":"liderancas-divulgam-carta-apos-encontro-de-estudo","status":"publish","type":"post","link":"https:\/\/franciscanos.org.br\/noticias\/liderancas-divulgam-carta-apos-encontro-de-estudo.html","title":{"rendered":"Lideran\u00e7as divulgam carta ap\u00f3s encontro de estudo"},"content":{"rendered":"<p><img loading=\"lazy\" class=\"alignnone size-full wp-image-209971\" src=\"https:\/\/franciscanos.org.br\/noticias\/wp-content\/uploads\/2019\/09\/repam_020919-g.jpg\" alt=\"\" width=\"890\" height=\"380\" srcset=\"https:\/\/franciscanos.org.br\/noticias\/wp-content\/uploads\/2019\/09\/repam_020919-g.jpg 890w, https:\/\/franciscanos.org.br\/noticias\/wp-content\/uploads\/2019\/09\/repam_020919-g-450x192.jpg 450w, https:\/\/franciscanos.org.br\/noticias\/wp-content\/uploads\/2019\/09\/repam_020919-g-768x328.jpg 768w, https:\/\/franciscanos.org.br\/noticias\/wp-content\/uploads\/2019\/09\/repam_020919-g-150x64.jpg 150w\" sizes=\"(max-width: 890px) 100vw, 890px\" \/><\/p>\n<p style=\"padding-left: 40px;\">Ap\u00f3s o Encontro de Estudo do Instrumento de Trabalho do S\u00ednodo da Amaz\u00f4nia, realizado de 28 a 30 de agosto no Centro de Espiritualidade Monte Tabor, na Arquidiocese de Bel\u00e9m, os 120 participantes &#8211; entre bispos, sacerdotes, religiosos, religiosas, leigos e leigas\u00a0 &#8211; divulgaram uma mensagem onde manifestam preocupa\u00e7\u00e3o com a atual situa\u00e7\u00e3o na regi\u00e3o Amaz\u00f4nica e exigem que sejam tomadas medidas a fim de impedir a viol\u00eancia contra a natureza. &#8220;Lamentamos imensamente que hoje, em vez de serem apoiadas e incentivadas, nossas lideran\u00e7as s\u00e3o criminalizadas como inimigos da P\u00e1tria. Junto com o Papa Francisco, defendemos de modo intransigente a Amaz\u00f4nia e exigimos medidas urgentes dos Governos frente \u00e0 agress\u00e3o violenta e irracional \u00e0 natureza, \u00e0 destrui\u00e7\u00e3o inescrupulosa da floresta que mata a flora e a fauna milenares com inc\u00eandios criminosamente provocados&#8221;, afirmam os participantes.<\/p>\n<p>Confira a mensagem na \u00edntegra:<\/p>\n<h4><em>\u201cCristo aponta para a Amaz\u00f4nia\u201d<\/em><br \/>\n<em>S\u00e3o Paulo VI<\/em><\/h4>\n<p>Reunidos em Bel\u00e9m do Par\u00e1, com o objetivo de estudar o Instrumento de Trabalho do S\u00ednodo da Amaz\u00f4nia, n\u00f3s, bispos, padres, religiosas e religiosos, leigas e leigos das Igrejas amaz\u00f4nicas, como tamb\u00e9m irm\u00e3s e irm\u00e3os que compartilham a caminhada ecum\u00eanica, queremos manifestar nossas preocupa\u00e7\u00f5es com a \u201cCasa Comum\u201d e uma miss\u00e3o evangelizadora encarnada, samaritana e ecol\u00f3gica.<\/p>\n<p>Desde 1952, os bispos da Amaz\u00f4nia se re\u00fanem periodicamente para se posicionar sobre a miss\u00e3o da Igreja na realidade peculiar da Amaz\u00f4nia. \u201cCristo aponta para a Amaz\u00f4nia\u201d \u00e9 a express\u00e3o prof\u00e9tica e program\u00e1tica do Papa S\u00e3o Paulo VI que em 1972 repercutiu no Encontro de Santar\u00e9m. A nossa Igreja assumiu, ent\u00e3o, o compromisso de se \u201cencarnar, na simplicidade\u201d, na realidade dos povos e de empenhar-se para que por meio da a\u00e7\u00e3o evangelizadora se tornasse cada vez mais n\u00edtido o rosto de uma Igreja amaz\u00f4nica, comprometida com a realidade dos povos e da terra. No encontro de 1990, em Bel\u00e9m-Icoaraci, os bispos da Amaz\u00f4nia foram os primeiros a advertir o mundo para um iminente desastre ecol\u00f3gico com \u201cconsequ\u00eancias catastr\u00f3ficas para todo o ecossistema (que) ultrapassam, sem d\u00favida, as fronteiras do Brasil e do Continente\u201d (Documento \u201cEm defesa da Vida na Amaz\u00f4nia\u201d).<\/p>\n<p>Novamente reunidos em Icoaraci\/PA em 2016, os bispos da Amaz\u00f4nia dirigiram uma carta ao Papa Francisco pedindo um S\u00ednodo para a Amaz\u00f4nia. Acolhendo o desejo da Igreja nos nove pa\u00edses amaz\u00f4nicos, o Papa convocou em 15 de outubro de 2017 a \u201cAssembleia Especial do S\u00ednodo dos Bispos para a Pan-Amaz\u00f4nia\u201d, com o tema \u201cAmaz\u00f4nia: novos caminhos para a Igreja e para uma ecologia integral\u201d.<\/p>\n<p>A Igreja Cat\u00f3lica desde o s\u00e9culo XVII est\u00e1 presente na Amaz\u00f4nia preocupando-se com a evangeliza\u00e7\u00e3o e a promo\u00e7\u00e3o humana ao mesmo tempo. Quantas escolas, hospitais, oficinas, obras sociais se constru\u00edram e foram mantidas durante s\u00e9culos em todos os rinc\u00f5es da Amaz\u00f4nia. Vilas e cidades se edificaram a partir das \u201cmiss\u00f5es\u201d da nossa Igreja. Quanto sangue, suor e l\u00e1grimas foram derramados na defesa dos direitos humanos e da dignidade, especialmente dos mais pobres e exclu\u00eddos da sociedade, dos povos origin\u00e1rios e do meio ambiente t\u00e3o amea\u00e7ados.<\/p>\n<p>Lamentamos imensamente que hoje, em vez de serem apoiadas e incentivadas, nossas lideran\u00e7as s\u00e3o criminalizadas como inimigos da P\u00e1tria. Junto com o Papa Francisco, defendemos de modo intransigente a Amaz\u00f4nia e exigimos medidas urgentes dos Governos frente \u00e0 agress\u00e3o violenta e irracional \u00e0 natureza, \u00e0 destrui\u00e7\u00e3o inescrupulosa da floresta que mata a flora e a fauna milenares com inc\u00eandios criminosamente provocados.<\/p>\n<p>Ficamos angustiados e denunciamos o envenenamento de rios e lagos, a polui\u00e7\u00e3o do ar pela fuma\u00e7a que causa perigosa intoxica\u00e7\u00e3o, especialmente das crian\u00e7as, a pesca predat\u00f3ria, a invas\u00e3o de terras ind\u00edgenas por mineradoras, garimpos e madeireiras, o com\u00e9rcio ilegal de produtos da biodiversidade.<\/p>\n<p>A viol\u00eancia, que ultimamente cresceu de maneira assustadora, nos causa horrores e exige tamb\u00e9m o engajamento da nossa Igreja para que a paz e o respeito, a fraternidade e o amor prevale\u00e7am.<\/p>\n<p>Defendemos vigorosamente a Amaz\u00f4nia, que abrange quase 60% do nosso Brasil. A soberania brasileira sobre essa parte da Amaz\u00f4nia \u00e9 para n\u00f3s inquestion\u00e1vel. Entendemos, no entanto, e apoiamos a preocupa\u00e7\u00e3o do mundo inteiro a respeito deste macro-bioma que desempenha uma important\u00edssima fun\u00e7\u00e3o reguladora do clima planet\u00e1rio. Todas as na\u00e7\u00f5es s\u00e3o chamadas a colaborar com os pa\u00edses amaz\u00f4nicos e com as organiza\u00e7\u00f5es locais que se empenham na preserva\u00e7\u00e3o da Amaz\u00f4nia, porque desta macrorregi\u00e3o depende a sobreviv\u00eancia dos povos e do ecossistema em outras partes do Brasil e do continente.<\/p>\n<p>O S\u00ednodo, convocado pelo Papa Francisco, chega num momento crucial de nossa hist\u00f3ria. Queremos identificar novos caminhos para a evangeliza\u00e7\u00e3o dos povos que habitam a Amaz\u00f4nia. Ao mesmo tempo, a Igreja se compromete com a defesa desse ch\u00e3o sagrado que Deus criou em sua generosidade e que devemos zelar e cultivar para as presentes e futuras gera\u00e7\u00f5es.<\/p>\n<p>Cabe um agradecimento especial \u00e0 Rede Eclesial Pan-Amaz\u00f4nica\/REPAM por todo o esfor\u00e7o dedicado no importante processo de ESCUTA das comunidades e no envolvimento dos diversos segmentos do Povo de Deus, especialmente mulheres e com forte participa\u00e7\u00e3o das juventudes e dos povos origin\u00e1rios.<\/p>\n<p>Pedimos que rezem por n\u00f3s, irm\u00e3s e irm\u00e3os, para que a caminhada sinodal reflita \u201cas alegrias e as esperan\u00e7as, as tristezas e as ang\u00fastias dos homens e das mulheres de hoje, sobretudo dos pobres e de todos aqueles que sofrem\u201d (GS 1).<\/p>\n<p>Que Maria de Nazar\u00e9, express\u00e3o da face materna de Deus no meio de nosso povo, por sua intercess\u00e3o, acompanhe os passos da Igreja de seu Filho nas terras e \u00e1guas amaz\u00f4nicas para que ela seja sinal e presen\u00e7a do Reino de Deus. Que ajude, com sua miss\u00e3o evangelizadora e humanizadora, a dignificar cada vez mais a vida em nossa regi\u00e3o.<\/p>\n<p><strong><a href=\"http:\/\/repam.org.br\/wp-content\/uploads\/2019\/08\/Carta-Encontro-de-Bel%C3%A9m.pdf\" target=\"_blank\" rel=\"noopener noreferrer\">BAIXE A CARTA EM PDF<\/a><\/strong><\/p>\n","protected":false},"excerpt":{"rendered":"<p>S\u00ednodo da Amaz\u00f4nia<\/p>\n","protected":false},"author":1,"featured_media":210090,"comment_status":"open","ping_status":"open","sticky":false,"template":"","format":"standard","meta":[],"categories":[1],"tags":[834],"acf":[],"yoast_head":"<!-- This site is optimized with the Yoast SEO plugin v19.2 - https:\/\/yoast.com\/wordpress\/plugins\/seo\/ -->\n<title>Lideran\u00e7as divulgam carta ap\u00f3s encontro de estudo - Not\u00edcias - Franciscanos<\/title>\n<meta name=\"robots\" content=\"index, follow, max-snippet:-1, max-image-preview:large, max-video-preview:-1\" \/>\n<link rel=\"canonical\" href=\"https:\/\/franciscanos.org.br\/noticias\/liderancas-divulgam-carta-apos-encontro-de-estudo.html\" \/>\n<meta property=\"og:locale\" content=\"pt_BR\" \/>\n<meta property=\"og:type\" content=\"article\" \/>\n<meta property=\"og:title\" content=\"Lideran\u00e7as divulgam carta ap\u00f3s encontro de estudo - Not\u00edcias - Franciscanos\" \/>\n<meta property=\"og:description\" content=\"S\u00ednodo da Amaz\u00f4nia\" \/>\n<meta property=\"og:url\" content=\"https:\/\/franciscanos.org.br\/noticias\/liderancas-divulgam-carta-apos-encontro-de-estudo.html\" \/>\n<meta property=\"og:site_name\" content=\"Not\u00edcias - Franciscanos\" \/>\n<meta property=\"article:published_time\" content=\"2019-09-01T13:45:36+00:00\" \/>\n<meta property=\"article:modified_time\" content=\"2019-09-04T12:54:12+00:00\" \/>\n<meta property=\"og:image\" content=\"https:\/\/franciscanos.org.br\/noticias\/wp-content\/uploads\/2019\/09\/repam_020919-g-2.jpg\" \/>\n\t<meta property=\"og:image:width\" content=\"273\" \/>\n\t<meta property=\"og:image:height\" content=\"181\" \/>\n\t<meta property=\"og:image:type\" content=\"image\/jpeg\" \/>\n<meta name=\"author\" content=\"admin\" \/>\n<meta name=\"twitter:card\" content=\"summary_large_image\" \/>\n<meta name=\"twitter:label1\" content=\"Escrito por\" \/>\n\t<meta name=\"twitter:data1\" content=\"admin\" \/>\n\t<meta name=\"twitter:label2\" content=\"Est. tempo de leitura\" \/>\n\t<meta name=\"twitter:data2\" content=\"5 minutos\" \/>\n<script type=\"application\/ld+json\" class=\"yoast-schema-graph\">{\"@context\":\"https:\/\/schema.org\",\"@graph\":[{\"@type\":\"WebSite\",\"@id\":\"https:\/\/franciscanos.org.br\/noticias\/#website\",\"url\":\"https:\/\/franciscanos.org.br\/noticias\/\",\"name\":\"Not\u00edcias - Franciscanos\",\"description\":\"Prov\u00edncia Franciscana da Imaculada Concei\u00e7\u00e3o do Brasil - Ordem dos Frades Menores - OFM\",\"potentialAction\":[{\"@type\":\"SearchAction\",\"target\":{\"@type\":\"EntryPoint\",\"urlTemplate\":\"https:\/\/franciscanos.org.br\/noticias\/?s={search_term_string}\"},\"query-input\":\"required name=search_term_string\"}],\"inLanguage\":\"pt-BR\"},{\"@type\":\"ImageObject\",\"inLanguage\":\"pt-BR\",\"@id\":\"https:\/\/franciscanos.org.br\/noticias\/liderancas-divulgam-carta-apos-encontro-de-estudo.html#primaryimage\",\"url\":\"https:\/\/franciscanos.org.br\/noticias\/wp-content\/uploads\/2019\/09\/repam_020919-g-2.jpg\",\"contentUrl\":\"https:\/\/franciscanos.org.br\/noticias\/wp-content\/uploads\/2019\/09\/repam_020919-g-2.jpg\",\"width\":273,\"height\":181},{\"@type\":\"WebPage\",\"@id\":\"https:\/\/franciscanos.org.br\/noticias\/liderancas-divulgam-carta-apos-encontro-de-estudo.html#webpage\",\"url\":\"https:\/\/franciscanos.org.br\/noticias\/liderancas-divulgam-carta-apos-encontro-de-estudo.html\",\"name\":\"Lideran\u00e7as divulgam carta ap\u00f3s encontro de estudo - Not\u00edcias - Franciscanos\",\"isPartOf\":{\"@id\":\"https:\/\/franciscanos.org.br\/noticias\/#website\"},\"primaryImageOfPage\":{\"@id\":\"https:\/\/franciscanos.org.br\/noticias\/liderancas-divulgam-carta-apos-encontro-de-estudo.html#primaryimage\"},\"datePublished\":\"2019-09-01T13:45:36+00:00\",\"dateModified\":\"2019-09-04T12:54:12+00:00\",\"author\":{\"@id\":\"https:\/\/franciscanos.org.br\/noticias\/#\/schema\/person\/b38fbf43118f02820bd932f2e4b14ad3\"},\"breadcrumb\":{\"@id\":\"https:\/\/franciscanos.org.br\/noticias\/liderancas-divulgam-carta-apos-encontro-de-estudo.html#breadcrumb\"},\"inLanguage\":\"pt-BR\",\"potentialAction\":[{\"@type\":\"ReadAction\",\"target\":[\"https:\/\/franciscanos.org.br\/noticias\/liderancas-divulgam-carta-apos-encontro-de-estudo.html\"]}]},{\"@type\":\"BreadcrumbList\",\"@id\":\"https:\/\/franciscanos.org.br\/noticias\/liderancas-divulgam-carta-apos-encontro-de-estudo.html#breadcrumb\",\"itemListElement\":[{\"@type\":\"ListItem\",\"position\":1,\"name\":\"Home\",\"item\":\"https:\/\/franciscanos.org.br\/noticias\"},{\"@type\":\"ListItem\",\"position\":2,\"name\":\"Lideran\u00e7as divulgam carta ap\u00f3s encontro de estudo\"}]},{\"@type\":\"Person\",\"@id\":\"https:\/\/franciscanos.org.br\/noticias\/#\/schema\/person\/b38fbf43118f02820bd932f2e4b14ad3\",\"name\":\"admin\",\"image\":{\"@type\":\"ImageObject\",\"inLanguage\":\"pt-BR\",\"@id\":\"https:\/\/franciscanos.org.br\/noticias\/#\/schema\/person\/image\/\",\"url\":\"https:\/\/secure.gravatar.com\/avatar\/e8495742d34d0ba6448ea1c628263b3e?s=96&d=mm&r=g\",\"contentUrl\":\"https:\/\/secure.gravatar.com\/avatar\/e8495742d34d0ba6448ea1c628263b3e?s=96&d=mm&r=g\",\"caption\":\"admin\"},\"url\":\"https:\/\/franciscanos.org.br\/noticias\/author\/admin\"}]}<\/script>\n<!-- \/ Yoast SEO plugin. -->","yoast_head_json":{"title":"Lideran\u00e7as divulgam carta ap\u00f3s encontro de estudo - Not\u00edcias - Franciscanos","robots":{"index":"index","follow":"follow","max-snippet":"max-snippet:-1","max-image-preview":"max-image-preview:large","max-video-preview":"max-video-preview:-1"},"canonical":"https:\/\/franciscanos.org.br\/noticias\/liderancas-divulgam-carta-apos-encontro-de-estudo.html","og_locale":"pt_BR","og_type":"article","og_title":"Lideran\u00e7as divulgam carta ap\u00f3s encontro de estudo - Not\u00edcias - Franciscanos","og_description":"S\u00ednodo da Amaz\u00f4nia","og_url":"https:\/\/franciscanos.org.br\/noticias\/liderancas-divulgam-carta-apos-encontro-de-estudo.html","og_site_name":"Not\u00edcias - Franciscanos","article_published_time":"2019-09-01T13:45:36+00:00","article_modified_time":"2019-09-04T12:54:12+00:00","og_image":[{"width":273,"height":181,"url":"https:\/\/franciscanos.org.br\/noticias\/wp-content\/uploads\/2019\/09\/repam_020919-g-2.jpg","type":"image\/jpeg"}],"author":"admin","twitter_card":"summary_large_image","twitter_misc":{"Escrito por":"admin","Est. tempo de leitura":"5 minutos"},"schema":{"@context":"https:\/\/schema.org","@graph":[{"@type":"WebSite","@id":"https:\/\/franciscanos.org.br\/noticias\/#website","url":"https:\/\/franciscanos.org.br\/noticias\/","name":"Not\u00edcias - Franciscanos","description":"Prov\u00edncia Franciscana da Imaculada Concei\u00e7\u00e3o do Brasil - Ordem dos Frades Menores - OFM","potentialAction":[{"@type":"SearchAction","target":{"@type":"EntryPoint","urlTemplate":"https:\/\/franciscanos.org.br\/noticias\/?s={search_term_string}"},"query-input":"required name=search_term_string"}],"inLanguage":"pt-BR"},{"@type":"ImageObject","inLanguage":"pt-BR","@id":"https:\/\/franciscanos.org.br\/noticias\/liderancas-divulgam-carta-apos-encontro-de-estudo.html#primaryimage","url":"https:\/\/franciscanos.org.br\/noticias\/wp-content\/uploads\/2019\/09\/repam_020919-g-2.jpg","contentUrl":"https:\/\/franciscanos.org.br\/noticias\/wp-content\/uploads\/2019\/09\/repam_020919-g-2.jpg","width":273,"height":181},{"@type":"WebPage","@id":"https:\/\/franciscanos.org.br\/noticias\/liderancas-divulgam-carta-apos-encontro-de-estudo.html#webpage","url":"https:\/\/franciscanos.org.br\/noticias\/liderancas-divulgam-carta-apos-encontro-de-estudo.html","name":"Lideran\u00e7as divulgam carta ap\u00f3s encontro de estudo - Not\u00edcias - Franciscanos","isPartOf":{"@id":"https:\/\/franciscanos.org.br\/noticias\/#website"},"primaryImageOfPage":{"@id":"https:\/\/franciscanos.org.br\/noticias\/liderancas-divulgam-carta-apos-encontro-de-estudo.html#primaryimage"},"datePublished":"2019-09-01T13:45:36+00:00","dateModified":"2019-09-04T12:54:12+00:00","author":{"@id":"https:\/\/franciscanos.org.br\/noticias\/#\/schema\/person\/b38fbf43118f02820bd932f2e4b14ad3"},"breadcrumb":{"@id":"https:\/\/franciscanos.org.br\/noticias\/liderancas-divulgam-carta-apos-encontro-de-estudo.html#breadcrumb"},"inLanguage":"pt-BR","potentialAction":[{"@type":"ReadAction","target":["https:\/\/franciscanos.org.br\/noticias\/liderancas-divulgam-carta-apos-encontro-de-estudo.html"]}]},{"@type":"BreadcrumbList","@id":"https:\/\/franciscanos.org.br\/noticias\/liderancas-divulgam-carta-apos-encontro-de-estudo.html#breadcrumb","itemListElement":[{"@type":"ListItem","position":1,"name":"Home","item":"https:\/\/franciscanos.org.br\/noticias"},{"@type":"ListItem","position":2,"name":"Lideran\u00e7as divulgam carta ap\u00f3s encontro de estudo"}]},{"@type":"Person","@id":"https:\/\/franciscanos.org.br\/noticias\/#\/schema\/person\/b38fbf43118f02820bd932f2e4b14ad3","name":"admin","image":{"@type":"ImageObject","inLanguage":"pt-BR","@id":"https:\/\/franciscanos.org.br\/noticias\/#\/schema\/person\/image\/","url":"https:\/\/secure.gravatar.com\/avatar\/e8495742d34d0ba6448ea1c628263b3e?s=96&d=mm&r=g","contentUrl":"https:\/\/secure.gravatar.com\/avatar\/e8495742d34d0ba6448ea1c628263b3e?s=96&d=mm&r=g","caption":"admin"},"url":"https:\/\/franciscanos.org.br\/noticias\/author\/admin"}]}},"_links":{"self":[{"href":"https:\/\/franciscanos.org.br\/noticias\/wp-json\/wp\/v2\/posts\/209970"}],"collection":[{"href":"https:\/\/franciscanos.org.br\/noticias\/wp-json\/wp\/v2\/posts"}],"about":[{"href":"https:\/\/franciscanos.org.br\/noticias\/wp-json\/wp\/v2\/types\/post"}],"author":[{"embeddable":true,"href":"https:\/\/franciscanos.org.br\/noticias\/wp-json\/wp\/v2\/users\/1"}],"replies":[{"embeddable":true,"href":"https:\/\/franciscanos.org.br\/noticias\/wp-json\/wp\/v2\/comments?post=209970"}],"version-history":[{"count":0,"href":"https:\/\/franciscanos.org.br\/noticias\/wp-json\/wp\/v2\/posts\/209970\/revisions"}],"wp:featuredmedia":[{"embeddable":true,"href":"https:\/\/franciscanos.org.br\/noticias\/wp-json\/wp\/v2\/media\/210090"}],"wp:attachment":[{"href":"https:\/\/franciscanos.org.br\/noticias\/wp-json\/wp\/v2\/media?parent=209970"}],"wp:term":[{"taxonomy":"category","embeddable":true,"href":"https:\/\/franciscanos.org.br\/noticias\/wp-json\/wp\/v2\/categories?post=209970"},{"taxonomy":"post_tag","embeddable":true,"href":"https:\/\/franciscanos.org.br\/noticias\/wp-json\/wp\/v2\/tags?post=209970"}],"curies":[{"name":"wp","href":"https:\/\/api.w.org\/{rel}","templated":true}]}}