{"id":209922,"date":"2019-09-01T10:03:27","date_gmt":"2019-09-01T13:03:27","guid":{"rendered":"https:\/\/franciscanos.org.br\/noticias\/?p=209922"},"modified":"2020-06-05T15:44:01","modified_gmt":"2020-06-05T18:44:01","slug":"jesus-convida-a-generosidade-desinteressada","status":"publish","type":"post","link":"https:\/\/franciscanos.org.br\/noticias\/jesus-convida-a-generosidade-desinteressada.html","title":{"rendered":"Jesus convida \u00e0 generosidade desinteressada"},"content":{"rendered":"<p><strong><img loading=\"lazy\" class=\"alignnone size-full wp-image-209923\" src=\"https:\/\/franciscanos.org.br\/noticias\/wp-content\/uploads\/2019\/09\/angelus-010919g.png\" alt=\"\" width=\"890\" height=\"500\" srcset=\"https:\/\/franciscanos.org.br\/noticias\/wp-content\/uploads\/2019\/09\/angelus-010919g.png 890w, https:\/\/franciscanos.org.br\/noticias\/wp-content\/uploads\/2019\/09\/angelus-010919g-450x253.png 450w, https:\/\/franciscanos.org.br\/noticias\/wp-content\/uploads\/2019\/09\/angelus-010919g-768x431.png 768w, https:\/\/franciscanos.org.br\/noticias\/wp-content\/uploads\/2019\/09\/angelus-010919g-150x84.png 150w\" sizes=\"(max-width: 890px) 100vw, 890px\" \/><\/strong><\/p>\n<p>Cidade do Vaticano &#8211; Neste domingo, 1\u00b0 de setembro, o Papa comentou sobre o Evangelho do dia na Ora\u00e7\u00e3o Mariana do Angelus &#8211; que atrasou por conta de um incidente com o Pont\u00edfice, que ficou preso no elevador. O Papa alertou a busca pelos primeiros lugares.<\/p>\n<p>&#8220;Essa corrida aos primeiros lugares faz mal \u00e0 comunidade, quer civil como eclesial, porque destr\u00f3i a fraternidade. Todos conhecemos estas pessoas: galgadores, que sempre se agarram para subir, subir. Fazem mal \u00e0 fraternidade, prejudicam a fraternidade&#8221;, alertou. &#8220;Jesus convida \u00e0 generosidade desinteressada, para abrir-nos o caminho em dire\u00e7\u00e3o a uma alegria muito maior, a alegria de ser part\u00edcipes do pr\u00f3prio amor de Deus que nos espera, todos n\u00f3s, no banquete celeste&#8221;, concluiu.<\/p>\n<p style=\"padding-left: 40px;\"><em>Confira a alocu\u00e7\u00e3o do Papa na \u00edntegra:<\/em><\/p>\n<p>A alocu\u00e7\u00e3o do Papa Francisco neste domingo, 1 de setembro, antes de rezar o Angelus com os fi\u00e9is reunidos na Pra\u00e7a S\u00e3o Pedro:<\/p>\n<p>Queridos irm\u00e3os e irm\u00e3s, bom dia!<\/p>\n<p>Antes de tudo, tenho que me desculpar pelo atraso, mas houve um incidente: fiquei trancado no elevador por 25 minutos! Houve uma queda de tens\u00e3o e o elevador parou. Gra\u00e7as a Deus vieram os bombeiros &#8211; agrade\u00e7o tanto a eles! &#8211; e depois de 25 minutos de trabalho, conseguiram fazer com que voltasse a funcionar. Uma salva de palmas para os bombeiros!<\/p>\n<p>O Evangelho deste domingo mostra-nos Jesus participando de um banquete na casa de um chefe dos fariseus. Jesus olha e observa como os convidados correm, se apressam para conseguir os primeiros lugares. \u00c9 um comportamento bastante difundido, tamb\u00e9m em nossos dias, e n\u00e3o somente quando somos convidados para um almo\u00e7o: habitualmente busca-se o primeiro lugar para afirmar uma suposta superioridade sobre os outros.<\/p>\n<p>Na realidade, essa corrida aos primeiros lugares faz mal \u00e0 comunidade, quer civil como eclesial, porque destr\u00f3i a fraternidade. Todos conhecemos estas pessoas: galgadores, que sempre se agarram para subir, subir. Fazem mal \u00e0 fraternidade, prejudicam a fraternidade. Diante dessa cena, Jesus conta duas breves par\u00e1bolas.<\/p>\n<p>A primeira par\u00e1bola \u00e9 dirigida \u00e0quele que \u00e9 convidado para um banquete e o exorta a n\u00e3o ocupar o primeiro lugar, \u00abpara que \u2013 diz ele &#8211; n\u00e3o aconte\u00e7a que tenha um convidado mais digno do que tu e aquele que convidou os dois venha te dizer: &#8220;Por favor, para tr\u00e1s, d\u00e1 lugar a ele!&#8221; Uma vergonha! Ent\u00e3o tu ficar\u00e1s envergonhado e ir\u00e1s ocupar o \u00faltimo lugar.&#8221;<\/p>\n<p><img loading=\"lazy\" class=\"alignnone size-full wp-image-209924\" src=\"https:\/\/franciscanos.org.br\/noticias\/wp-content\/uploads\/2019\/09\/angelus-010919g2.png\" alt=\"\" width=\"890\" height=\"500\" srcset=\"https:\/\/franciscanos.org.br\/noticias\/wp-content\/uploads\/2019\/09\/angelus-010919g2.png 890w, https:\/\/franciscanos.org.br\/noticias\/wp-content\/uploads\/2019\/09\/angelus-010919g2-450x253.png 450w, https:\/\/franciscanos.org.br\/noticias\/wp-content\/uploads\/2019\/09\/angelus-010919g2-768x431.png 768w, https:\/\/franciscanos.org.br\/noticias\/wp-content\/uploads\/2019\/09\/angelus-010919g2-150x84.png 150w\" sizes=\"(max-width: 890px) 100vw, 890px\" \/><\/p>\n<p>Em vez disso, Jesus nos ensina a ter a atitude oposta: \u201cQuando tu fores convidado, vai sentar-te no \u00faltimo lugar. Assim, quando chegar quem te convidou, te dir\u00e1: &#8216;Amigo, vem mais para cima&#8217;!&#8221;. Portanto, n\u00e3o devemos buscar por iniciativa pr\u00f3pria a aten\u00e7\u00e3o e a considera\u00e7\u00e3o de outros, mas sim permitir que sejam os outros a d\u00e1-la.<\/p>\n<p>Jesus nos mostra sempre o caminho da humildade \u2013 devemos aprender o caminho da humildade! &#8211; porque \u00e9 o mais aut\u00eantico, o que tamb\u00e9m permite ter rela\u00e7\u00f5es aut\u00eanticas. A verdadeira humildade, n\u00e3o a humildade fingida, aquela que no Piemonte se chama a \u201cmugna quacia\u201d, n\u00e3o, aquela n\u00e3o. A verdadeira humildade.<\/p>\n<p>Na segunda par\u00e1bola, Jesus se dirige \u00e0quele que convida e, referindo-se \u00e0 maneira de selecionar os convidados diz a ele: \u00abQuando deres uma festa, convida os pobres, os aleijados, os coxos, os cegos. Ent\u00e3o tu ser\u00e1s feliz! Porque eles n\u00e3o te podem retribuir&#8221;(vv. 13-14). Tamb\u00e9m aqui, Jesus Jesus vai completamente contracorrente, manifestando como sempre a l\u00f3gica de Deus Pai. E tamb\u00e9m acrescenta a chave para interpretar esse seu discurso. E qual \u00e9 a chave? Uma promessa: se fizerem assim, \u201creceber\u00e1s a recompensa na ressurrei\u00e7\u00e3o dos justos&#8221;.<\/p>\n<p>Isso significa que aquele que assim se comportar, ter\u00e1 a recompensa divina, muito superior \u00e0 retribui\u00e7\u00e3o humana que se espera: eu te fa\u00e7o esse favor esperando que tu me fa\u00e7a outro. N\u00e3o, isso n\u00e3o \u00e9 crist\u00e3o. A generosidade humilde \u00e9 crist\u00e3.<\/p>\n<p>A retribui\u00e7\u00e3o humana, de fato, geralmente distorce os relacionamentos, os torna comerciais, introduzindo o interesse pessoal em uma rela\u00e7\u00e3o que deveria ser generosa e gratuita. Em vez disso, Jesus convida \u00e0 generosidade desinteressada, para abrir-nos o caminho em dire\u00e7\u00e3o a uma alegria muito maior, a alegria de ser part\u00edcipes do pr\u00f3prio amor de Deus que nos espera, todos n\u00f3s, no banquete celeste.<\/p>\n<p>Que a Virgem Maria, &#8220;humilde e mais elevada que uma criatura&#8221; (DANTE, Paradiso, XXXIII, 2), nos ajude a reconhecer-nos como somos, isto \u00e9, pequenos; e a nos alegrarmos em dar sem esperar recompensa.<\/p>\n<hr \/>\n<p><em>Fonte: Vatican News<\/em><\/p>\n","protected":false},"excerpt":{"rendered":"<p>Ora\u00e7\u00e3o do Angelus<\/p>\n","protected":false},"author":1,"featured_media":209925,"comment_status":"open","ping_status":"open","sticky":false,"template":"","format":"standard","meta":[],"categories":[1428],"tags":[403,55],"acf":[],"yoast_head":"<!-- This site is optimized with the Yoast SEO plugin v19.2 - https:\/\/yoast.com\/wordpress\/plugins\/seo\/ -->\n<title>Jesus convida \u00e0 generosidade desinteressada - Not\u00edcias - Franciscanos<\/title>\n<meta name=\"robots\" content=\"index, follow, max-snippet:-1, max-image-preview:large, max-video-preview:-1\" \/>\n<link rel=\"canonical\" href=\"https:\/\/franciscanos.org.br\/noticias\/jesus-convida-a-generosidade-desinteressada.html\" \/>\n<meta property=\"og:locale\" content=\"pt_BR\" \/>\n<meta property=\"og:type\" content=\"article\" \/>\n<meta property=\"og:title\" content=\"Jesus convida \u00e0 generosidade desinteressada - Not\u00edcias - Franciscanos\" \/>\n<meta property=\"og:description\" content=\"Ora\u00e7\u00e3o do Angelus\" \/>\n<meta property=\"og:url\" content=\"https:\/\/franciscanos.org.br\/noticias\/jesus-convida-a-generosidade-desinteressada.html\" \/>\n<meta property=\"og:site_name\" content=\"Not\u00edcias - Franciscanos\" \/>\n<meta property=\"article:published_time\" content=\"2019-09-01T13:03:27+00:00\" \/>\n<meta property=\"article:modified_time\" content=\"2020-06-05T18:44:01+00:00\" \/>\n<meta property=\"og:image\" content=\"https:\/\/franciscanos.org.br\/noticias\/wp-content\/uploads\/2019\/09\/angelus-010919.png\" \/>\n\t<meta property=\"og:image:width\" content=\"273\" \/>\n\t<meta property=\"og:image:height\" content=\"181\" \/>\n\t<meta property=\"og:image:type\" content=\"image\/png\" \/>\n<meta name=\"author\" content=\"admin\" \/>\n<meta name=\"twitter:card\" content=\"summary_large_image\" \/>\n<meta name=\"twitter:label1\" content=\"Escrito por\" \/>\n\t<meta name=\"twitter:data1\" content=\"admin\" \/>\n\t<meta name=\"twitter:label2\" content=\"Est. tempo de leitura\" \/>\n\t<meta name=\"twitter:data2\" content=\"4 minutos\" \/>\n<script type=\"application\/ld+json\" class=\"yoast-schema-graph\">{\"@context\":\"https:\/\/schema.org\",\"@graph\":[{\"@type\":\"WebSite\",\"@id\":\"https:\/\/franciscanos.org.br\/noticias\/#website\",\"url\":\"https:\/\/franciscanos.org.br\/noticias\/\",\"name\":\"Not\u00edcias - Franciscanos\",\"description\":\"Prov\u00edncia Franciscana da Imaculada Concei\u00e7\u00e3o do Brasil - Ordem dos Frades Menores - OFM\",\"potentialAction\":[{\"@type\":\"SearchAction\",\"target\":{\"@type\":\"EntryPoint\",\"urlTemplate\":\"https:\/\/franciscanos.org.br\/noticias\/?s={search_term_string}\"},\"query-input\":\"required name=search_term_string\"}],\"inLanguage\":\"pt-BR\"},{\"@type\":\"ImageObject\",\"inLanguage\":\"pt-BR\",\"@id\":\"https:\/\/franciscanos.org.br\/noticias\/jesus-convida-a-generosidade-desinteressada.html#primaryimage\",\"url\":\"https:\/\/franciscanos.org.br\/noticias\/wp-content\/uploads\/2019\/09\/angelus-010919.png\",\"contentUrl\":\"https:\/\/franciscanos.org.br\/noticias\/wp-content\/uploads\/2019\/09\/angelus-010919.png\",\"width\":273,\"height\":181},{\"@type\":\"WebPage\",\"@id\":\"https:\/\/franciscanos.org.br\/noticias\/jesus-convida-a-generosidade-desinteressada.html#webpage\",\"url\":\"https:\/\/franciscanos.org.br\/noticias\/jesus-convida-a-generosidade-desinteressada.html\",\"name\":\"Jesus convida \u00e0 generosidade desinteressada - Not\u00edcias - Franciscanos\",\"isPartOf\":{\"@id\":\"https:\/\/franciscanos.org.br\/noticias\/#website\"},\"primaryImageOfPage\":{\"@id\":\"https:\/\/franciscanos.org.br\/noticias\/jesus-convida-a-generosidade-desinteressada.html#primaryimage\"},\"datePublished\":\"2019-09-01T13:03:27+00:00\",\"dateModified\":\"2020-06-05T18:44:01+00:00\",\"author\":{\"@id\":\"https:\/\/franciscanos.org.br\/noticias\/#\/schema\/person\/b38fbf43118f02820bd932f2e4b14ad3\"},\"breadcrumb\":{\"@id\":\"https:\/\/franciscanos.org.br\/noticias\/jesus-convida-a-generosidade-desinteressada.html#breadcrumb\"},\"inLanguage\":\"pt-BR\",\"potentialAction\":[{\"@type\":\"ReadAction\",\"target\":[\"https:\/\/franciscanos.org.br\/noticias\/jesus-convida-a-generosidade-desinteressada.html\"]}]},{\"@type\":\"BreadcrumbList\",\"@id\":\"https:\/\/franciscanos.org.br\/noticias\/jesus-convida-a-generosidade-desinteressada.html#breadcrumb\",\"itemListElement\":[{\"@type\":\"ListItem\",\"position\":1,\"name\":\"Home\",\"item\":\"https:\/\/franciscanos.org.br\/noticias\"},{\"@type\":\"ListItem\",\"position\":2,\"name\":\"Jesus convida \u00e0 generosidade desinteressada\"}]},{\"@type\":\"Person\",\"@id\":\"https:\/\/franciscanos.org.br\/noticias\/#\/schema\/person\/b38fbf43118f02820bd932f2e4b14ad3\",\"name\":\"admin\",\"image\":{\"@type\":\"ImageObject\",\"inLanguage\":\"pt-BR\",\"@id\":\"https:\/\/franciscanos.org.br\/noticias\/#\/schema\/person\/image\/\",\"url\":\"https:\/\/secure.gravatar.com\/avatar\/e8495742d34d0ba6448ea1c628263b3e?s=96&d=mm&r=g\",\"contentUrl\":\"https:\/\/secure.gravatar.com\/avatar\/e8495742d34d0ba6448ea1c628263b3e?s=96&d=mm&r=g\",\"caption\":\"admin\"},\"url\":\"https:\/\/franciscanos.org.br\/noticias\/author\/admin\"}]}<\/script>\n<!-- \/ Yoast SEO plugin. -->","yoast_head_json":{"title":"Jesus convida \u00e0 generosidade desinteressada - Not\u00edcias - Franciscanos","robots":{"index":"index","follow":"follow","max-snippet":"max-snippet:-1","max-image-preview":"max-image-preview:large","max-video-preview":"max-video-preview:-1"},"canonical":"https:\/\/franciscanos.org.br\/noticias\/jesus-convida-a-generosidade-desinteressada.html","og_locale":"pt_BR","og_type":"article","og_title":"Jesus convida \u00e0 generosidade desinteressada - Not\u00edcias - Franciscanos","og_description":"Ora\u00e7\u00e3o do Angelus","og_url":"https:\/\/franciscanos.org.br\/noticias\/jesus-convida-a-generosidade-desinteressada.html","og_site_name":"Not\u00edcias - Franciscanos","article_published_time":"2019-09-01T13:03:27+00:00","article_modified_time":"2020-06-05T18:44:01+00:00","og_image":[{"width":273,"height":181,"url":"https:\/\/franciscanos.org.br\/noticias\/wp-content\/uploads\/2019\/09\/angelus-010919.png","type":"image\/png"}],"author":"admin","twitter_card":"summary_large_image","twitter_misc":{"Escrito por":"admin","Est. tempo de leitura":"4 minutos"},"schema":{"@context":"https:\/\/schema.org","@graph":[{"@type":"WebSite","@id":"https:\/\/franciscanos.org.br\/noticias\/#website","url":"https:\/\/franciscanos.org.br\/noticias\/","name":"Not\u00edcias - Franciscanos","description":"Prov\u00edncia Franciscana da Imaculada Concei\u00e7\u00e3o do Brasil - Ordem dos Frades Menores - OFM","potentialAction":[{"@type":"SearchAction","target":{"@type":"EntryPoint","urlTemplate":"https:\/\/franciscanos.org.br\/noticias\/?s={search_term_string}"},"query-input":"required name=search_term_string"}],"inLanguage":"pt-BR"},{"@type":"ImageObject","inLanguage":"pt-BR","@id":"https:\/\/franciscanos.org.br\/noticias\/jesus-convida-a-generosidade-desinteressada.html#primaryimage","url":"https:\/\/franciscanos.org.br\/noticias\/wp-content\/uploads\/2019\/09\/angelus-010919.png","contentUrl":"https:\/\/franciscanos.org.br\/noticias\/wp-content\/uploads\/2019\/09\/angelus-010919.png","width":273,"height":181},{"@type":"WebPage","@id":"https:\/\/franciscanos.org.br\/noticias\/jesus-convida-a-generosidade-desinteressada.html#webpage","url":"https:\/\/franciscanos.org.br\/noticias\/jesus-convida-a-generosidade-desinteressada.html","name":"Jesus convida \u00e0 generosidade desinteressada - Not\u00edcias - Franciscanos","isPartOf":{"@id":"https:\/\/franciscanos.org.br\/noticias\/#website"},"primaryImageOfPage":{"@id":"https:\/\/franciscanos.org.br\/noticias\/jesus-convida-a-generosidade-desinteressada.html#primaryimage"},"datePublished":"2019-09-01T13:03:27+00:00","dateModified":"2020-06-05T18:44:01+00:00","author":{"@id":"https:\/\/franciscanos.org.br\/noticias\/#\/schema\/person\/b38fbf43118f02820bd932f2e4b14ad3"},"breadcrumb":{"@id":"https:\/\/franciscanos.org.br\/noticias\/jesus-convida-a-generosidade-desinteressada.html#breadcrumb"},"inLanguage":"pt-BR","potentialAction":[{"@type":"ReadAction","target":["https:\/\/franciscanos.org.br\/noticias\/jesus-convida-a-generosidade-desinteressada.html"]}]},{"@type":"BreadcrumbList","@id":"https:\/\/franciscanos.org.br\/noticias\/jesus-convida-a-generosidade-desinteressada.html#breadcrumb","itemListElement":[{"@type":"ListItem","position":1,"name":"Home","item":"https:\/\/franciscanos.org.br\/noticias"},{"@type":"ListItem","position":2,"name":"Jesus convida \u00e0 generosidade desinteressada"}]},{"@type":"Person","@id":"https:\/\/franciscanos.org.br\/noticias\/#\/schema\/person\/b38fbf43118f02820bd932f2e4b14ad3","name":"admin","image":{"@type":"ImageObject","inLanguage":"pt-BR","@id":"https:\/\/franciscanos.org.br\/noticias\/#\/schema\/person\/image\/","url":"https:\/\/secure.gravatar.com\/avatar\/e8495742d34d0ba6448ea1c628263b3e?s=96&d=mm&r=g","contentUrl":"https:\/\/secure.gravatar.com\/avatar\/e8495742d34d0ba6448ea1c628263b3e?s=96&d=mm&r=g","caption":"admin"},"url":"https:\/\/franciscanos.org.br\/noticias\/author\/admin"}]}},"_links":{"self":[{"href":"https:\/\/franciscanos.org.br\/noticias\/wp-json\/wp\/v2\/posts\/209922"}],"collection":[{"href":"https:\/\/franciscanos.org.br\/noticias\/wp-json\/wp\/v2\/posts"}],"about":[{"href":"https:\/\/franciscanos.org.br\/noticias\/wp-json\/wp\/v2\/types\/post"}],"author":[{"embeddable":true,"href":"https:\/\/franciscanos.org.br\/noticias\/wp-json\/wp\/v2\/users\/1"}],"replies":[{"embeddable":true,"href":"https:\/\/franciscanos.org.br\/noticias\/wp-json\/wp\/v2\/comments?post=209922"}],"version-history":[{"count":1,"href":"https:\/\/franciscanos.org.br\/noticias\/wp-json\/wp\/v2\/posts\/209922\/revisions"}],"predecessor-version":[{"id":224311,"href":"https:\/\/franciscanos.org.br\/noticias\/wp-json\/wp\/v2\/posts\/209922\/revisions\/224311"}],"wp:featuredmedia":[{"embeddable":true,"href":"https:\/\/franciscanos.org.br\/noticias\/wp-json\/wp\/v2\/media\/209925"}],"wp:attachment":[{"href":"https:\/\/franciscanos.org.br\/noticias\/wp-json\/wp\/v2\/media?parent=209922"}],"wp:term":[{"taxonomy":"category","embeddable":true,"href":"https:\/\/franciscanos.org.br\/noticias\/wp-json\/wp\/v2\/categories?post=209922"},{"taxonomy":"post_tag","embeddable":true,"href":"https:\/\/franciscanos.org.br\/noticias\/wp-json\/wp\/v2\/tags?post=209922"}],"curies":[{"name":"wp","href":"https:\/\/api.w.org\/{rel}","templated":true}]}}