{"id":209918,"date":"2019-08-31T10:55:21","date_gmt":"2019-08-31T13:55:21","guid":{"rendered":"https:\/\/franciscanos.org.br\/noticias\/?p=209918"},"modified":"2019-08-31T11:14:13","modified_gmt":"2019-08-31T14:14:13","slug":"cffb-disponibiliza-musicas-para-missa-de-santa-dulce","status":"publish","type":"post","link":"https:\/\/franciscanos.org.br\/noticias\/cffb-disponibiliza-musicas-para-missa-de-santa-dulce.html","title":{"rendered":"CFFB disponibiliza m\u00fasicas para Missa de Santa Dulce"},"content":{"rendered":"<p><strong><img loading=\"lazy\" class=\"alignnone size-full wp-image-204719\" src=\"https:\/\/franciscanos.org.br\/noticias\/wp-content\/uploads\/2019\/05\/dulce_140519.jpg\" alt=\"\" width=\"890\" height=\"577\" srcset=\"https:\/\/franciscanos.org.br\/noticias\/wp-content\/uploads\/2019\/05\/dulce_140519.jpg 890w, https:\/\/franciscanos.org.br\/noticias\/wp-content\/uploads\/2019\/05\/dulce_140519-450x292.jpg 450w, https:\/\/franciscanos.org.br\/noticias\/wp-content\/uploads\/2019\/05\/dulce_140519-768x498.jpg 768w, https:\/\/franciscanos.org.br\/noticias\/wp-content\/uploads\/2019\/05\/dulce_140519-150x97.jpg 150w\" sizes=\"(max-width: 890px) 100vw, 890px\" \/>S\u00e3o Paulo (SP) &#8211;<\/strong> Com a proximidade da canoniza\u00e7\u00e3o de Irm\u00e3 Dulce dos Pobres, que acontecer\u00e1 durante o S\u00ednodo para a Amaz\u00f4nia, realizado no m\u00eas de outubro, a Confer\u00eancia da Fam\u00edlia Franciscana do Brasil (CFFB) disponibiliza os cantos para a liturgia da mem\u00f3ria de Santa Dulce, M\u00e3e dos Pobres.<\/p>\n<p>Os cantos foram compostos por Frei Zilmar Augusto, da Cust\u00f3dia do Sagrado Cora\u00e7\u00e3o de Jesus e Pe. Wallison Rodrigues, da Diocese de S\u00e3o Lu\u00eds dos Montes Belos \u2013 GO.<\/p>\n<p>Para ouvir o material, acesse os links abaixo:<\/p>\n<h3><strong><a href=\"https:\/\/open.spotify.com\/show\/6jhsHbTFLsAVbeIKkDR5w4?si=AvPurYw-TH-PRztVDNgVTg&amp;fbclid=IwAR3gfnauRLJxtsJwXgzzMln8RzKk_D_sra4zq8_A7H2-JHib3sQ9J0fDMjY\" target=\"_blank\" rel=\"noopener noreferrer\">Spotify<\/a>\u00a0 \u00a0 \u00a0| \u00a0 \u00a0 \u00a0 <a href=\"https:\/\/www.youtube.com\/playlist?list=PLhaGhHq1mlGP8Zk81zFVQJ0ML2DNvwn4q&amp;fbclid=IwAR0aNMKZp_XBi0FE91PI_scQCdkrqb0zqDTXTfwJuIBT5wg3p-Z0Xiwwhxg\" target=\"_blank\" rel=\"noopener noreferrer\">Youtube<\/a>\u00a0 \u00a0 \u00a0 \u00a0 \u00a0 |\u00a0\u00a0\u00a0\u00a0\u00a0\u00a0<a href=\"https:\/\/cffb.org.br\/wp-content\/uploads\/2019\/08\/MISSA-SANTA-DULCE-PARTITURAS.pdf\" target=\"_blank\" rel=\"noopener noreferrer\">Partitura em PDF<\/a><\/strong><\/h3>\n<hr \/>\n<h4><em><strong>Hist\u00f3rico<\/strong><\/em><\/h4>\n<p>Maria Rita de Souza Brito Lopes Pontes nasceu no dia 26 de maio de 1914, na Bahia, Brasil. Era a segunda filha do casal Augusto Lopes Pontes e Dulce Souza Brito, que j\u00e1 tinha quatro outros filhos. Sua m\u00e3e morreu aos 26 anos, quando ela tinha apenas 6 anos de idade, por\u00e9m, teve uma inf\u00e2ncia feliz, com os irm\u00e3os e os parentes, que procuravam compensar a grande perda. Certo dia, a menina foi com uma tia materna visitar os pobres de um convento. Foi diante de tanta priva\u00e7\u00e3o e sofrimento que a pequena decidiu: \u201cQuero ser freira e dedicar minha vida aos pobres\u201d. E isso ela nunca esqueceu.<\/p>\n<p>Ela se desenvolveu pouco fisicamente, tornou-se uma mulher pequenina e de apar\u00eancia muito fr\u00e1gil. Mas aos 19 anos, ap\u00f3s diplomar-se professora, ingressou na Congrega\u00e7\u00e3o das Irm\u00e3s Mission\u00e1rias da Imaculada Concei\u00e7\u00e3o da M\u00e3e de Deus, em Sergipe e, aos 20 anos, fez sua profiss\u00e3o religiosa, assumindo o nome de Irm\u00e3 Dulce, em homenagem \u00e0 m\u00e3e.<\/p>\n<p>Determinada a atender os mais carentes, voltou \u00e0 Bahia em 1934, iniciando um trabalho de assist\u00eancia \u00e0 comunidade pobre de Alagados e Itapagipe. Nesse mesmo ano funda a Uni\u00e3o Oper\u00e1ria S\u00e3o Francisco, primeiro movimento crist\u00e3o oper\u00e1rio de Salvador. A imprensa come\u00e7a a cham\u00e1-la de Irm\u00e3 Dulce dos Pobres, o anjo dos Alagados. Em 1937, fundou o C\u00edrculo Oper\u00e1rio da Bahia.<\/p>\n<p>Decidida a acolher os doentes que a procuravam, Irm\u00e3 Dulce os abrigava em casas abandonadas e, em seguida, sa\u00eda em busca de alimentos, rem\u00e9dios, assist\u00eancia m\u00e9dica e ajuda financeira dos comerciantes e pessoas amigas. Seu lema era: \u201cAmar e servir o mais necessitado entre os necessitados, como se acolhesse \u00a0o pr\u00f3prio Cristo\u201d.<\/p>\n<p>E, sob esse escudo, Irm\u00e3 Dulce iniciou seu trabalho assistencial num albergue improvisado em 1946, no galinheiro do convento das Irm\u00e3s Mission\u00e1rias da Imaculada Concei\u00e7\u00e3o da M\u00e3e de Deus, para acolher 70 doentes que ela havia recolhido nas ruas de Salvador. Atualmente, a Associa\u00e7\u00e3o Obras Sociais Irm\u00e3 Dulce \u00e9 a maior ONG de sa\u00fade no Norte e Nordeste e a 9\u00aa do Brasil, atendendo, em seus onze n\u00facleos, mais de um milh\u00e3o de carentes por ano, um trabalho inteiramente gratuito. Nessas Obras Sociais est\u00e3o portadores de defici\u00eancias, idosos, crian\u00e7as, adolescentes, mendigos, alco\u00f3licos, toxic\u00f4manos e todos os que vivem \u00e0 margem da sociedade.<\/p>\n<p>Para construir sua obra, Irm\u00e3 Dulce contou com o apoio do povo baiano, de brasileiros dos diversos estados e de personalidades internacionais. No dia 7 de julho de 1980, Irm\u00e3 Dulce ouviu do Papa S\u00e3o Jo\u00e3o Paulo II, na sua primeira visita ao pa\u00eds, o incentivo para prosseguir com a sua obra. Quatro anos depois fundou a Associa\u00e7\u00e3o Filhas de Maria Servas dos Pobres. E em 1988, foi indicada para o Pr\u00eamio Nobel da Paz.<\/p>\n<p>Em 20 de outubro de 1991, na segunda visita ao Brasil, o Papa S\u00e3o Jo\u00e3o Paulo II fez quest\u00e3o de visitar Irm\u00e3 Dulce, j\u00e1 bastante debilitada no seu leito de enferma, no Convento Santo Ant\u00f4nio. Aos 13 de mar\u00e7o de 1992, Irm\u00e3 Dulce faleceu, com 77 anos de idade. A fragilidade dos \u00faltimos trinta anos da sua vida, com a sa\u00fade abalada seriamente, tinha setenta por cento da capacidade respirat\u00f3ria comprometida, n\u00e3o impediu que ela constru\u00edsse e mantivesse uma das maiores e respeitadas institui\u00e7\u00f5es filantr\u00f3picas do pa\u00eds.<\/p>\n<p>Por esse exemplo de vida, a Igreja Cat\u00f3lica abriu o processo para a beatifica\u00e7\u00e3o de Irm\u00e3 Dulce, em 2000. No final da fase diocesana, ap\u00f3s um ano e meio, o Papa S\u00e3o Jo\u00e3o Paulo II a distinguiu como Serva de Deus.<\/p>\n<p>O Memorial Irm\u00e3 Dulce guarda hoje cerca de dois mil relatos documentados de gra\u00e7as alcan\u00e7adas por baianos, pessoas de outros Estados e at\u00e9 de outros pa\u00edses, concedidas por intercess\u00e3o de Irm\u00e3 Dulce, que atestam a sua fama de santidade ainda em vida e as virtudes heroicas do \u201cAnjo Bom da Bahia\u201d, como a freira, j\u00e1 no final da vida, era reconhecida.<\/p>\n<p>O decreto de beatifica\u00e7\u00e3o de Irm\u00e3 Dulce foi assinado pelo Papa Bento XVI no dia 10 de dezembro de 2010, ap\u00f3s reconhecimento de um milagre da freira. Durante o Consist\u00f3rio Ordin\u00e1rio P\u00fablico realizado no dia 1\u00ba de julho de 2019, o Papa Francisco anunciou que Irm\u00e3 \u00a0Dulce e outros quatro beatos ser\u00e3o canonizados,no Vaticano, durante o S\u00ednodo para a Amaz\u00f4nia.<\/p>\n","protected":false},"excerpt":{"rendered":"<p>Confer\u00eancia da Fam\u00edlia Franciscana do Brasil <\/p>\n","protected":false},"author":1,"featured_media":204720,"comment_status":"open","ping_status":"open","sticky":false,"template":"","format":"standard","meta":[],"categories":[1],"tags":[1452],"acf":[],"yoast_head":"<!-- This site is optimized with the Yoast SEO plugin v19.2 - https:\/\/yoast.com\/wordpress\/plugins\/seo\/ -->\n<title>CFFB disponibiliza m\u00fasicas para Missa de Santa Dulce - Not\u00edcias - Franciscanos<\/title>\n<meta name=\"robots\" content=\"index, follow, max-snippet:-1, max-image-preview:large, max-video-preview:-1\" \/>\n<link rel=\"canonical\" href=\"https:\/\/franciscanos.org.br\/noticias\/cffb-disponibiliza-musicas-para-missa-de-santa-dulce.html\" \/>\n<meta property=\"og:locale\" content=\"pt_BR\" \/>\n<meta property=\"og:type\" content=\"article\" \/>\n<meta property=\"og:title\" content=\"CFFB disponibiliza m\u00fasicas para Missa de Santa Dulce - Not\u00edcias - Franciscanos\" \/>\n<meta property=\"og:description\" content=\"Confer\u00eancia da Fam\u00edlia Franciscana do Brasil\" \/>\n<meta property=\"og:url\" content=\"https:\/\/franciscanos.org.br\/noticias\/cffb-disponibiliza-musicas-para-missa-de-santa-dulce.html\" \/>\n<meta property=\"og:site_name\" content=\"Not\u00edcias - Franciscanos\" \/>\n<meta property=\"article:published_time\" content=\"2019-08-31T13:55:21+00:00\" \/>\n<meta property=\"article:modified_time\" content=\"2019-08-31T14:14:13+00:00\" \/>\n<meta property=\"og:image\" content=\"https:\/\/franciscanos.org.br\/noticias\/wp-content\/uploads\/2019\/05\/dulce_140519d.jpg\" \/>\n\t<meta property=\"og:image:width\" content=\"273\" \/>\n\t<meta property=\"og:image:height\" content=\"181\" \/>\n\t<meta property=\"og:image:type\" content=\"image\/jpeg\" \/>\n<meta name=\"author\" content=\"admin\" \/>\n<meta name=\"twitter:card\" content=\"summary_large_image\" \/>\n<meta name=\"twitter:label1\" content=\"Escrito por\" \/>\n\t<meta name=\"twitter:data1\" content=\"admin\" \/>\n\t<meta name=\"twitter:label2\" content=\"Est. tempo de leitura\" \/>\n\t<meta name=\"twitter:data2\" content=\"4 minutos\" \/>\n<script type=\"application\/ld+json\" class=\"yoast-schema-graph\">{\"@context\":\"https:\/\/schema.org\",\"@graph\":[{\"@type\":\"WebSite\",\"@id\":\"https:\/\/franciscanos.org.br\/noticias\/#website\",\"url\":\"https:\/\/franciscanos.org.br\/noticias\/\",\"name\":\"Not\u00edcias - Franciscanos\",\"description\":\"Prov\u00edncia Franciscana da Imaculada Concei\u00e7\u00e3o do Brasil - Ordem dos Frades Menores - OFM\",\"potentialAction\":[{\"@type\":\"SearchAction\",\"target\":{\"@type\":\"EntryPoint\",\"urlTemplate\":\"https:\/\/franciscanos.org.br\/noticias\/?s={search_term_string}\"},\"query-input\":\"required name=search_term_string\"}],\"inLanguage\":\"pt-BR\"},{\"@type\":\"ImageObject\",\"inLanguage\":\"pt-BR\",\"@id\":\"https:\/\/franciscanos.org.br\/noticias\/cffb-disponibiliza-musicas-para-missa-de-santa-dulce.html#primaryimage\",\"url\":\"https:\/\/franciscanos.org.br\/noticias\/wp-content\/uploads\/2019\/05\/dulce_140519d.jpg\",\"contentUrl\":\"https:\/\/franciscanos.org.br\/noticias\/wp-content\/uploads\/2019\/05\/dulce_140519d.jpg\",\"width\":273,\"height\":181},{\"@type\":\"WebPage\",\"@id\":\"https:\/\/franciscanos.org.br\/noticias\/cffb-disponibiliza-musicas-para-missa-de-santa-dulce.html#webpage\",\"url\":\"https:\/\/franciscanos.org.br\/noticias\/cffb-disponibiliza-musicas-para-missa-de-santa-dulce.html\",\"name\":\"CFFB disponibiliza m\u00fasicas para Missa de Santa Dulce - Not\u00edcias - Franciscanos\",\"isPartOf\":{\"@id\":\"https:\/\/franciscanos.org.br\/noticias\/#website\"},\"primaryImageOfPage\":{\"@id\":\"https:\/\/franciscanos.org.br\/noticias\/cffb-disponibiliza-musicas-para-missa-de-santa-dulce.html#primaryimage\"},\"datePublished\":\"2019-08-31T13:55:21+00:00\",\"dateModified\":\"2019-08-31T14:14:13+00:00\",\"author\":{\"@id\":\"https:\/\/franciscanos.org.br\/noticias\/#\/schema\/person\/b38fbf43118f02820bd932f2e4b14ad3\"},\"breadcrumb\":{\"@id\":\"https:\/\/franciscanos.org.br\/noticias\/cffb-disponibiliza-musicas-para-missa-de-santa-dulce.html#breadcrumb\"},\"inLanguage\":\"pt-BR\",\"potentialAction\":[{\"@type\":\"ReadAction\",\"target\":[\"https:\/\/franciscanos.org.br\/noticias\/cffb-disponibiliza-musicas-para-missa-de-santa-dulce.html\"]}]},{\"@type\":\"BreadcrumbList\",\"@id\":\"https:\/\/franciscanos.org.br\/noticias\/cffb-disponibiliza-musicas-para-missa-de-santa-dulce.html#breadcrumb\",\"itemListElement\":[{\"@type\":\"ListItem\",\"position\":1,\"name\":\"Home\",\"item\":\"https:\/\/franciscanos.org.br\/noticias\"},{\"@type\":\"ListItem\",\"position\":2,\"name\":\"CFFB disponibiliza m\u00fasicas para Missa de Santa Dulce\"}]},{\"@type\":\"Person\",\"@id\":\"https:\/\/franciscanos.org.br\/noticias\/#\/schema\/person\/b38fbf43118f02820bd932f2e4b14ad3\",\"name\":\"admin\",\"image\":{\"@type\":\"ImageObject\",\"inLanguage\":\"pt-BR\",\"@id\":\"https:\/\/franciscanos.org.br\/noticias\/#\/schema\/person\/image\/\",\"url\":\"https:\/\/secure.gravatar.com\/avatar\/e8495742d34d0ba6448ea1c628263b3e?s=96&d=mm&r=g\",\"contentUrl\":\"https:\/\/secure.gravatar.com\/avatar\/e8495742d34d0ba6448ea1c628263b3e?s=96&d=mm&r=g\",\"caption\":\"admin\"},\"url\":\"https:\/\/franciscanos.org.br\/noticias\/author\/admin\"}]}<\/script>\n<!-- \/ Yoast SEO plugin. -->","yoast_head_json":{"title":"CFFB disponibiliza m\u00fasicas para Missa de Santa Dulce - Not\u00edcias - Franciscanos","robots":{"index":"index","follow":"follow","max-snippet":"max-snippet:-1","max-image-preview":"max-image-preview:large","max-video-preview":"max-video-preview:-1"},"canonical":"https:\/\/franciscanos.org.br\/noticias\/cffb-disponibiliza-musicas-para-missa-de-santa-dulce.html","og_locale":"pt_BR","og_type":"article","og_title":"CFFB disponibiliza m\u00fasicas para Missa de Santa Dulce - Not\u00edcias - Franciscanos","og_description":"Confer\u00eancia da Fam\u00edlia Franciscana do Brasil","og_url":"https:\/\/franciscanos.org.br\/noticias\/cffb-disponibiliza-musicas-para-missa-de-santa-dulce.html","og_site_name":"Not\u00edcias - Franciscanos","article_published_time":"2019-08-31T13:55:21+00:00","article_modified_time":"2019-08-31T14:14:13+00:00","og_image":[{"width":273,"height":181,"url":"https:\/\/franciscanos.org.br\/noticias\/wp-content\/uploads\/2019\/05\/dulce_140519d.jpg","type":"image\/jpeg"}],"author":"admin","twitter_card":"summary_large_image","twitter_misc":{"Escrito por":"admin","Est. tempo de leitura":"4 minutos"},"schema":{"@context":"https:\/\/schema.org","@graph":[{"@type":"WebSite","@id":"https:\/\/franciscanos.org.br\/noticias\/#website","url":"https:\/\/franciscanos.org.br\/noticias\/","name":"Not\u00edcias - Franciscanos","description":"Prov\u00edncia Franciscana da Imaculada Concei\u00e7\u00e3o do Brasil - Ordem dos Frades Menores - OFM","potentialAction":[{"@type":"SearchAction","target":{"@type":"EntryPoint","urlTemplate":"https:\/\/franciscanos.org.br\/noticias\/?s={search_term_string}"},"query-input":"required name=search_term_string"}],"inLanguage":"pt-BR"},{"@type":"ImageObject","inLanguage":"pt-BR","@id":"https:\/\/franciscanos.org.br\/noticias\/cffb-disponibiliza-musicas-para-missa-de-santa-dulce.html#primaryimage","url":"https:\/\/franciscanos.org.br\/noticias\/wp-content\/uploads\/2019\/05\/dulce_140519d.jpg","contentUrl":"https:\/\/franciscanos.org.br\/noticias\/wp-content\/uploads\/2019\/05\/dulce_140519d.jpg","width":273,"height":181},{"@type":"WebPage","@id":"https:\/\/franciscanos.org.br\/noticias\/cffb-disponibiliza-musicas-para-missa-de-santa-dulce.html#webpage","url":"https:\/\/franciscanos.org.br\/noticias\/cffb-disponibiliza-musicas-para-missa-de-santa-dulce.html","name":"CFFB disponibiliza m\u00fasicas para Missa de Santa Dulce - Not\u00edcias - Franciscanos","isPartOf":{"@id":"https:\/\/franciscanos.org.br\/noticias\/#website"},"primaryImageOfPage":{"@id":"https:\/\/franciscanos.org.br\/noticias\/cffb-disponibiliza-musicas-para-missa-de-santa-dulce.html#primaryimage"},"datePublished":"2019-08-31T13:55:21+00:00","dateModified":"2019-08-31T14:14:13+00:00","author":{"@id":"https:\/\/franciscanos.org.br\/noticias\/#\/schema\/person\/b38fbf43118f02820bd932f2e4b14ad3"},"breadcrumb":{"@id":"https:\/\/franciscanos.org.br\/noticias\/cffb-disponibiliza-musicas-para-missa-de-santa-dulce.html#breadcrumb"},"inLanguage":"pt-BR","potentialAction":[{"@type":"ReadAction","target":["https:\/\/franciscanos.org.br\/noticias\/cffb-disponibiliza-musicas-para-missa-de-santa-dulce.html"]}]},{"@type":"BreadcrumbList","@id":"https:\/\/franciscanos.org.br\/noticias\/cffb-disponibiliza-musicas-para-missa-de-santa-dulce.html#breadcrumb","itemListElement":[{"@type":"ListItem","position":1,"name":"Home","item":"https:\/\/franciscanos.org.br\/noticias"},{"@type":"ListItem","position":2,"name":"CFFB disponibiliza m\u00fasicas para Missa de Santa Dulce"}]},{"@type":"Person","@id":"https:\/\/franciscanos.org.br\/noticias\/#\/schema\/person\/b38fbf43118f02820bd932f2e4b14ad3","name":"admin","image":{"@type":"ImageObject","inLanguage":"pt-BR","@id":"https:\/\/franciscanos.org.br\/noticias\/#\/schema\/person\/image\/","url":"https:\/\/secure.gravatar.com\/avatar\/e8495742d34d0ba6448ea1c628263b3e?s=96&d=mm&r=g","contentUrl":"https:\/\/secure.gravatar.com\/avatar\/e8495742d34d0ba6448ea1c628263b3e?s=96&d=mm&r=g","caption":"admin"},"url":"https:\/\/franciscanos.org.br\/noticias\/author\/admin"}]}},"_links":{"self":[{"href":"https:\/\/franciscanos.org.br\/noticias\/wp-json\/wp\/v2\/posts\/209918"}],"collection":[{"href":"https:\/\/franciscanos.org.br\/noticias\/wp-json\/wp\/v2\/posts"}],"about":[{"href":"https:\/\/franciscanos.org.br\/noticias\/wp-json\/wp\/v2\/types\/post"}],"author":[{"embeddable":true,"href":"https:\/\/franciscanos.org.br\/noticias\/wp-json\/wp\/v2\/users\/1"}],"replies":[{"embeddable":true,"href":"https:\/\/franciscanos.org.br\/noticias\/wp-json\/wp\/v2\/comments?post=209918"}],"version-history":[{"count":0,"href":"https:\/\/franciscanos.org.br\/noticias\/wp-json\/wp\/v2\/posts\/209918\/revisions"}],"wp:featuredmedia":[{"embeddable":true,"href":"https:\/\/franciscanos.org.br\/noticias\/wp-json\/wp\/v2\/media\/204720"}],"wp:attachment":[{"href":"https:\/\/franciscanos.org.br\/noticias\/wp-json\/wp\/v2\/media?parent=209918"}],"wp:term":[{"taxonomy":"category","embeddable":true,"href":"https:\/\/franciscanos.org.br\/noticias\/wp-json\/wp\/v2\/categories?post=209918"},{"taxonomy":"post_tag","embeddable":true,"href":"https:\/\/franciscanos.org.br\/noticias\/wp-json\/wp\/v2\/tags?post=209918"}],"curies":[{"name":"wp","href":"https:\/\/api.w.org\/{rel}","templated":true}]}}