{"id":209914,"date":"2019-08-30T12:53:57","date_gmt":"2019-08-30T15:53:57","guid":{"rendered":"https:\/\/franciscanos.org.br\/noticias\/?p=209914"},"modified":"2019-09-02T16:30:57","modified_gmt":"2019-09-02T19:30:57","slug":"o-tempo-da-criacao-cristaos-unidos-para-defender-a-casa-comum","status":"publish","type":"post","link":"https:\/\/franciscanos.org.br\/noticias\/o-tempo-da-criacao-cristaos-unidos-para-defender-a-casa-comum.html","title":{"rendered":"&#8220;O tempo da cria\u00e7\u00e3o&#8221;: crist\u00e3os unidos para defender a Casa Comum"},"content":{"rendered":"<p><img loading=\"lazy\" class=\"alignnone size-full wp-image-209915\" src=\"https:\/\/franciscanos.org.br\/noticias\/wp-content\/uploads\/2019\/08\/criacao_300819.jpg\" alt=\"\" width=\"890\" height=\"500\" \/><\/p>\n<p><strong>Cidade do Vaticano &#8211;\u00a0<\/strong>Mais de um m\u00eas para abra\u00e7ar ecumenicamente e trabalhar para proteger a Cria\u00e7\u00e3o, amea\u00e7ada pelo pr\u00f3prio homem. Mais uma vez este ano se renova &#8220;O tempo da Cria\u00e7\u00e3o&#8221;, durante o qual os crist\u00e3os do mundo inteiro se unem em ora\u00e7\u00e3o e a\u00e7\u00e3o para cuidar da casa comum. \u00c9 um comit\u00ea diretivo ecum\u00eanico que sugere todos ao anos um tema para a celebra\u00e7\u00e3o. O tema para 2019 \u00e9: &#8220;A rede da vida&#8221;. A perda de esp\u00e9cies, de fato, est\u00e1 acelerando: um relat\u00f3rio recente das Na\u00e7\u00f5es Unidas estima que o estilo de vida atual amea\u00e7a extinguir um milh\u00e3o de esp\u00e9cies.<\/p>\n<p><strong>Apelo do Papa pela Amaz\u00f4nia: acabar com os inc\u00eandios o mais r\u00e1pido poss\u00edvel<\/strong><\/p>\n<p>Em uma carta, o Dicast\u00e9rio para o Servi\u00e7o do Desenvolvimento Humano Integral convida os bispos cat\u00f3licos a aderirem \u00e0 iniciativa ecum\u00eanica. O documento, que tem a data de 23 de maio, Dia Mundial da Biodiversidade, foi distribu\u00eddo por ocasi\u00e3o do quarto anivers\u00e1rio da Carta Enc\u00edclica do Papa Francisco Laudato si&#8217;, para encorajar os pastores a celebrarem este tempo, estendendo \u00e0s comunidades cat\u00f3licas o convite do Dicast\u00e9rio Vaticano, ao qual se uniram o Movimento Cat\u00f3lico Mundial pelo Clima e a Rede Eclesial Pan-Amaz\u00f4nica (Repam). Este encorajamento torna-se ainda mais significativo em vista da Assembleia Especial do S\u00ednodo dos Bispos para a Regi\u00e3o Pan-amaz\u00f4nica, de 6 a 27 de outubro, sobre o tema: &#8220;Amaz\u00f4nia: novos caminhos para a Igreja e para uma ecologia integral&#8221;.<\/p>\n<p><strong>A voz da fam\u00edlia humana<\/strong><\/p>\n<p>Esta celebra\u00e7\u00e3o teve in\u00edcio sob os ausp\u00edcios da Igreja Ortodoxa e desde ent\u00e3o tem sido acolhida por cat\u00f3licos, anglicanos, luteranos, evang\u00e9licos e outros membros da fam\u00edlia crist\u00e3 em todo o mundo. O site ecum\u00eanico SeasonOfCreation.org oferece subs\u00eddios e id\u00e9ias para os crist\u00e3os participarem da celebra\u00e7\u00e3o. Os eventos variam de encontros de adora\u00e7\u00e3o e ora\u00e7\u00e3o \u00e0 coleta de lixo, e pedidos de mudan\u00e7a pol\u00edtica para limitar o aquecimento global a 1,5 graus Celsius. Outras iniciativas previstas s\u00e3o: em Quezon City, Filipinas, o cardeal Luis Antonio Tagle, arcebispo de Manila, presidir\u00e1 uma missa, depois da qual ser\u00e3o plantadas \u00e1rvores trazidas de \u00e1reas ind\u00edgenas para a cidade; em Altamira, volunt\u00e1rios da Amaz\u00f4nia brasileira organizar\u00e3o um projeto florestal em um assentamento urbano; em Lukasa, Z\u00e2mbia, a Liga das Mulheres Cat\u00f3licas apresentar\u00e1 uma discuss\u00e3o sobre o meio ambiente na par\u00f3quia de S\u00e3o Jos\u00e9 Mukasa.<\/p>\n<p><strong>H\u00e1 uma alternativa \u00e0 pura l\u00f3gica do lucro<\/strong><\/p>\n<p>&#8220;A quest\u00e3o ecol\u00f3gica revela que o mundo \u00e9 um s\u00f3, que os problemas s\u00e3o globais e comuns. Para enfrentar os perigos \u00e9, portanto, necess\u00e1ria uma mobiliza\u00e7\u00e3o multilateral, uma converg\u00eancia, uma colabora\u00e7\u00e3o, uma coopera\u00e7\u00e3o&#8221;. \u00c9 o que escreve o patriarca de Constantinopla Bartolomeu na sua mensagem para o Dia de Ora\u00e7\u00e3o pela Salvaguarda da Cria\u00e7\u00e3o. &#8220;\u00c9 inconceb\u00edvel \u2013 l\u00ea-se no texto -, que a humanidade esteja consciente da gravidade do problema e que continue a comportar-se como se n\u00e3o a conhecesse. Embora nas \u00faltimas d\u00e9cadas o principal modelo de desenvolvimento econ\u00f4mico, no contexto da globaliza\u00e7\u00e3o sob a bandeira do fetichismo dos \u00edndices econ\u00f4micos e da maximiza\u00e7\u00e3o do lucro, tenha exacerbado os problemas ecol\u00f3gicos e sociais, continua a dominar amplamente a opini\u00e3o de que &#8220;n\u00e3o h\u00e1 alternativa&#8221; e que o n\u00e3o se conformar ao severo determinismo da economia levar\u00e1 a situa\u00e7\u00f5es sociais e econ\u00f4micas incontrol\u00e1veis. Desta forma, se ignoram e se desacreditam as formas alternativas de desenvolvimento e a for\u00e7a da solidariedade social e da justi\u00e7a\u201d.<\/p>\n<p><strong>Mudando de rumo: o futuro \u00e9 hoje<\/strong><\/p>\n<p>&#8220;S\u00f3 agindo em conjunto, \u00e0 luz da nossa Igreja e do Esp\u00edrito Santo, poderemos avan\u00e7ar&#8221;, disse Tom\u00e1s Insua, diretor executivo do Movimento Cat\u00f3lico Mundial pelo Clima. &#8220;Nos \u00faltimos meses, inc\u00eandios violentos destru\u00edram florestas na Amaz\u00f4nia, ondas de calor fizeram soar sinais de alarme em toda a Europa e os glaciares est\u00e3o derretendo a um ritmo inimagin\u00e1vel, aumentando o n\u00edvel do mar. Todos estes problemas partilham uma solu\u00e7\u00e3o importante: devemos empreender a &#8220;convers\u00e3o ecol\u00f3gica&#8221; requerida por S\u00e3o Jo\u00e3o Paulo II, que o Papa Francisco expandiu para Laudato Si.<\/p>\n","protected":false},"excerpt":{"rendered":"<p>Vaticano<\/p>\n","protected":false},"author":1,"featured_media":0,"comment_status":"open","ping_status":"open","sticky":false,"template":"","format":"standard","meta":[],"categories":[1428],"tags":[55],"acf":[],"yoast_head":"<!-- This site is optimized with the Yoast SEO plugin v19.2 - https:\/\/yoast.com\/wordpress\/plugins\/seo\/ -->\n<title>&quot;O tempo da cria\u00e7\u00e3o&quot;: crist\u00e3os unidos para defender a Casa Comum - Not\u00edcias - Franciscanos<\/title>\n<meta name=\"robots\" content=\"index, follow, max-snippet:-1, max-image-preview:large, max-video-preview:-1\" \/>\n<link rel=\"canonical\" href=\"https:\/\/franciscanos.org.br\/noticias\/o-tempo-da-criacao-cristaos-unidos-para-defender-a-casa-comum.html\" \/>\n<meta property=\"og:locale\" content=\"pt_BR\" \/>\n<meta property=\"og:type\" content=\"article\" \/>\n<meta property=\"og:title\" content=\"&quot;O tempo da cria\u00e7\u00e3o&quot;: crist\u00e3os unidos para defender a Casa Comum - Not\u00edcias - Franciscanos\" \/>\n<meta property=\"og:description\" content=\"Vaticano\" \/>\n<meta property=\"og:url\" content=\"https:\/\/franciscanos.org.br\/noticias\/o-tempo-da-criacao-cristaos-unidos-para-defender-a-casa-comum.html\" \/>\n<meta property=\"og:site_name\" content=\"Not\u00edcias - Franciscanos\" \/>\n<meta property=\"article:published_time\" content=\"2019-08-30T15:53:57+00:00\" \/>\n<meta property=\"article:modified_time\" content=\"2019-09-02T19:30:57+00:00\" \/>\n<meta property=\"og:image\" content=\"https:\/\/franciscanos.org.br\/noticias\/wp-content\/uploads\/2019\/08\/criacao_300819-p.jpg\" \/>\n\t<meta property=\"og:image:width\" content=\"273\" \/>\n\t<meta property=\"og:image:height\" content=\"181\" \/>\n\t<meta property=\"og:image:type\" content=\"image\/jpeg\" \/>\n<meta name=\"author\" content=\"admin\" \/>\n<meta name=\"twitter:card\" content=\"summary_large_image\" \/>\n<meta name=\"twitter:label1\" content=\"Escrito por\" \/>\n\t<meta name=\"twitter:data1\" content=\"admin\" \/>\n\t<meta name=\"twitter:label2\" content=\"Est. tempo de leitura\" \/>\n\t<meta name=\"twitter:data2\" content=\"4 minutos\" \/>\n<script type=\"application\/ld+json\" class=\"yoast-schema-graph\">{\"@context\":\"https:\/\/schema.org\",\"@graph\":[{\"@type\":\"WebSite\",\"@id\":\"https:\/\/franciscanos.org.br\/noticias\/#website\",\"url\":\"https:\/\/franciscanos.org.br\/noticias\/\",\"name\":\"Not\u00edcias - Franciscanos\",\"description\":\"Prov\u00edncia Franciscana da Imaculada Concei\u00e7\u00e3o do Brasil - Ordem dos Frades Menores - OFM\",\"potentialAction\":[{\"@type\":\"SearchAction\",\"target\":{\"@type\":\"EntryPoint\",\"urlTemplate\":\"https:\/\/franciscanos.org.br\/noticias\/?s={search_term_string}\"},\"query-input\":\"required name=search_term_string\"}],\"inLanguage\":\"pt-BR\"},{\"@type\":\"ImageObject\",\"inLanguage\":\"pt-BR\",\"@id\":\"https:\/\/franciscanos.org.br\/noticias\/o-tempo-da-criacao-cristaos-unidos-para-defender-a-casa-comum.html#primaryimage\",\"url\":\"https:\/\/franciscanos.org.br\/noticias\/wp-content\/uploads\/2019\/08\/criacao_300819.jpg\",\"contentUrl\":\"https:\/\/franciscanos.org.br\/noticias\/wp-content\/uploads\/2019\/08\/criacao_300819.jpg\"},{\"@type\":\"WebPage\",\"@id\":\"https:\/\/franciscanos.org.br\/noticias\/o-tempo-da-criacao-cristaos-unidos-para-defender-a-casa-comum.html#webpage\",\"url\":\"https:\/\/franciscanos.org.br\/noticias\/o-tempo-da-criacao-cristaos-unidos-para-defender-a-casa-comum.html\",\"name\":\"\\\"O tempo da cria\u00e7\u00e3o\\\": crist\u00e3os unidos para defender a Casa Comum - Not\u00edcias - Franciscanos\",\"isPartOf\":{\"@id\":\"https:\/\/franciscanos.org.br\/noticias\/#website\"},\"primaryImageOfPage\":{\"@id\":\"https:\/\/franciscanos.org.br\/noticias\/o-tempo-da-criacao-cristaos-unidos-para-defender-a-casa-comum.html#primaryimage\"},\"datePublished\":\"2019-08-30T15:53:57+00:00\",\"dateModified\":\"2019-09-02T19:30:57+00:00\",\"author\":{\"@id\":\"https:\/\/franciscanos.org.br\/noticias\/#\/schema\/person\/b38fbf43118f02820bd932f2e4b14ad3\"},\"breadcrumb\":{\"@id\":\"https:\/\/franciscanos.org.br\/noticias\/o-tempo-da-criacao-cristaos-unidos-para-defender-a-casa-comum.html#breadcrumb\"},\"inLanguage\":\"pt-BR\",\"potentialAction\":[{\"@type\":\"ReadAction\",\"target\":[\"https:\/\/franciscanos.org.br\/noticias\/o-tempo-da-criacao-cristaos-unidos-para-defender-a-casa-comum.html\"]}]},{\"@type\":\"BreadcrumbList\",\"@id\":\"https:\/\/franciscanos.org.br\/noticias\/o-tempo-da-criacao-cristaos-unidos-para-defender-a-casa-comum.html#breadcrumb\",\"itemListElement\":[{\"@type\":\"ListItem\",\"position\":1,\"name\":\"Home\",\"item\":\"https:\/\/franciscanos.org.br\/noticias\"},{\"@type\":\"ListItem\",\"position\":2,\"name\":\"&#8220;O tempo da cria\u00e7\u00e3o&#8221;: crist\u00e3os unidos para defender a Casa Comum\"}]},{\"@type\":\"Person\",\"@id\":\"https:\/\/franciscanos.org.br\/noticias\/#\/schema\/person\/b38fbf43118f02820bd932f2e4b14ad3\",\"name\":\"admin\",\"image\":{\"@type\":\"ImageObject\",\"inLanguage\":\"pt-BR\",\"@id\":\"https:\/\/franciscanos.org.br\/noticias\/#\/schema\/person\/image\/\",\"url\":\"https:\/\/secure.gravatar.com\/avatar\/e8495742d34d0ba6448ea1c628263b3e?s=96&d=mm&r=g\",\"contentUrl\":\"https:\/\/secure.gravatar.com\/avatar\/e8495742d34d0ba6448ea1c628263b3e?s=96&d=mm&r=g\",\"caption\":\"admin\"},\"url\":\"https:\/\/franciscanos.org.br\/noticias\/author\/admin\"}]}<\/script>\n<!-- \/ Yoast SEO plugin. -->","yoast_head_json":{"title":"\"O tempo da cria\u00e7\u00e3o\": crist\u00e3os unidos para defender a Casa Comum - Not\u00edcias - Franciscanos","robots":{"index":"index","follow":"follow","max-snippet":"max-snippet:-1","max-image-preview":"max-image-preview:large","max-video-preview":"max-video-preview:-1"},"canonical":"https:\/\/franciscanos.org.br\/noticias\/o-tempo-da-criacao-cristaos-unidos-para-defender-a-casa-comum.html","og_locale":"pt_BR","og_type":"article","og_title":"\"O tempo da cria\u00e7\u00e3o\": crist\u00e3os unidos para defender a Casa Comum - Not\u00edcias - Franciscanos","og_description":"Vaticano","og_url":"https:\/\/franciscanos.org.br\/noticias\/o-tempo-da-criacao-cristaos-unidos-para-defender-a-casa-comum.html","og_site_name":"Not\u00edcias - Franciscanos","article_published_time":"2019-08-30T15:53:57+00:00","article_modified_time":"2019-09-02T19:30:57+00:00","og_image":[{"width":273,"height":181,"url":"https:\/\/franciscanos.org.br\/noticias\/wp-content\/uploads\/2019\/08\/criacao_300819-p.jpg","type":"image\/jpeg"}],"author":"admin","twitter_card":"summary_large_image","twitter_misc":{"Escrito por":"admin","Est. tempo de leitura":"4 minutos"},"schema":{"@context":"https:\/\/schema.org","@graph":[{"@type":"WebSite","@id":"https:\/\/franciscanos.org.br\/noticias\/#website","url":"https:\/\/franciscanos.org.br\/noticias\/","name":"Not\u00edcias - Franciscanos","description":"Prov\u00edncia Franciscana da Imaculada Concei\u00e7\u00e3o do Brasil - Ordem dos Frades Menores - OFM","potentialAction":[{"@type":"SearchAction","target":{"@type":"EntryPoint","urlTemplate":"https:\/\/franciscanos.org.br\/noticias\/?s={search_term_string}"},"query-input":"required name=search_term_string"}],"inLanguage":"pt-BR"},{"@type":"ImageObject","inLanguage":"pt-BR","@id":"https:\/\/franciscanos.org.br\/noticias\/o-tempo-da-criacao-cristaos-unidos-para-defender-a-casa-comum.html#primaryimage","url":"https:\/\/franciscanos.org.br\/noticias\/wp-content\/uploads\/2019\/08\/criacao_300819.jpg","contentUrl":"https:\/\/franciscanos.org.br\/noticias\/wp-content\/uploads\/2019\/08\/criacao_300819.jpg"},{"@type":"WebPage","@id":"https:\/\/franciscanos.org.br\/noticias\/o-tempo-da-criacao-cristaos-unidos-para-defender-a-casa-comum.html#webpage","url":"https:\/\/franciscanos.org.br\/noticias\/o-tempo-da-criacao-cristaos-unidos-para-defender-a-casa-comum.html","name":"\"O tempo da cria\u00e7\u00e3o\": crist\u00e3os unidos para defender a Casa Comum - Not\u00edcias - Franciscanos","isPartOf":{"@id":"https:\/\/franciscanos.org.br\/noticias\/#website"},"primaryImageOfPage":{"@id":"https:\/\/franciscanos.org.br\/noticias\/o-tempo-da-criacao-cristaos-unidos-para-defender-a-casa-comum.html#primaryimage"},"datePublished":"2019-08-30T15:53:57+00:00","dateModified":"2019-09-02T19:30:57+00:00","author":{"@id":"https:\/\/franciscanos.org.br\/noticias\/#\/schema\/person\/b38fbf43118f02820bd932f2e4b14ad3"},"breadcrumb":{"@id":"https:\/\/franciscanos.org.br\/noticias\/o-tempo-da-criacao-cristaos-unidos-para-defender-a-casa-comum.html#breadcrumb"},"inLanguage":"pt-BR","potentialAction":[{"@type":"ReadAction","target":["https:\/\/franciscanos.org.br\/noticias\/o-tempo-da-criacao-cristaos-unidos-para-defender-a-casa-comum.html"]}]},{"@type":"BreadcrumbList","@id":"https:\/\/franciscanos.org.br\/noticias\/o-tempo-da-criacao-cristaos-unidos-para-defender-a-casa-comum.html#breadcrumb","itemListElement":[{"@type":"ListItem","position":1,"name":"Home","item":"https:\/\/franciscanos.org.br\/noticias"},{"@type":"ListItem","position":2,"name":"&#8220;O tempo da cria\u00e7\u00e3o&#8221;: crist\u00e3os unidos para defender a Casa Comum"}]},{"@type":"Person","@id":"https:\/\/franciscanos.org.br\/noticias\/#\/schema\/person\/b38fbf43118f02820bd932f2e4b14ad3","name":"admin","image":{"@type":"ImageObject","inLanguage":"pt-BR","@id":"https:\/\/franciscanos.org.br\/noticias\/#\/schema\/person\/image\/","url":"https:\/\/secure.gravatar.com\/avatar\/e8495742d34d0ba6448ea1c628263b3e?s=96&d=mm&r=g","contentUrl":"https:\/\/secure.gravatar.com\/avatar\/e8495742d34d0ba6448ea1c628263b3e?s=96&d=mm&r=g","caption":"admin"},"url":"https:\/\/franciscanos.org.br\/noticias\/author\/admin"}]}},"_links":{"self":[{"href":"https:\/\/franciscanos.org.br\/noticias\/wp-json\/wp\/v2\/posts\/209914"}],"collection":[{"href":"https:\/\/franciscanos.org.br\/noticias\/wp-json\/wp\/v2\/posts"}],"about":[{"href":"https:\/\/franciscanos.org.br\/noticias\/wp-json\/wp\/v2\/types\/post"}],"author":[{"embeddable":true,"href":"https:\/\/franciscanos.org.br\/noticias\/wp-json\/wp\/v2\/users\/1"}],"replies":[{"embeddable":true,"href":"https:\/\/franciscanos.org.br\/noticias\/wp-json\/wp\/v2\/comments?post=209914"}],"version-history":[{"count":0,"href":"https:\/\/franciscanos.org.br\/noticias\/wp-json\/wp\/v2\/posts\/209914\/revisions"}],"wp:attachment":[{"href":"https:\/\/franciscanos.org.br\/noticias\/wp-json\/wp\/v2\/media?parent=209914"}],"wp:term":[{"taxonomy":"category","embeddable":true,"href":"https:\/\/franciscanos.org.br\/noticias\/wp-json\/wp\/v2\/categories?post=209914"},{"taxonomy":"post_tag","embeddable":true,"href":"https:\/\/franciscanos.org.br\/noticias\/wp-json\/wp\/v2\/tags?post=209914"}],"curies":[{"name":"wp","href":"https:\/\/api.w.org\/{rel}","templated":true}]}}