{"id":209908,"date":"2019-08-29T19:00:36","date_gmt":"2019-08-29T22:00:36","guid":{"rendered":"https:\/\/franciscanos.org.br\/noticias\/?p=209908"},"modified":"2021-01-20T08:50:30","modified_gmt":"2021-01-20T11:50:30","slug":"cffb-lanca-carta-em-prol-da-amazonia","status":"publish","type":"post","link":"https:\/\/franciscanos.org.br\/noticias\/cffb-lanca-carta-em-prol-da-amazonia.html","title":{"rendered":"CFFB lan\u00e7a carta em prol da Amaz\u00f4nia"},"content":{"rendered":"<p>&nbsp;<\/p>\n<div id=\"attachment_230496\" style=\"width: 1210px\" class=\"wp-caption alignnone\"><img aria-describedby=\"caption-attachment-230496\" loading=\"lazy\" class=\"wp-image-230496 size-full\" src=\"https:\/\/franciscanos.org.br\/noticias\/wp-content\/uploads\/2019\/08\/amazonia.jpg\" alt=\"\" width=\"1200\" height=\"700\" srcset=\"https:\/\/franciscanos.org.br\/noticias\/wp-content\/uploads\/2019\/08\/amazonia.jpg 1200w, https:\/\/franciscanos.org.br\/noticias\/wp-content\/uploads\/2019\/08\/amazonia-450x263.jpg 450w, https:\/\/franciscanos.org.br\/noticias\/wp-content\/uploads\/2019\/08\/amazonia-1024x597.jpg 1024w, https:\/\/franciscanos.org.br\/noticias\/wp-content\/uploads\/2019\/08\/amazonia-768x448.jpg 768w, https:\/\/franciscanos.org.br\/noticias\/wp-content\/uploads\/2019\/08\/amazonia-150x88.jpg 150w\" sizes=\"(max-width: 1200px) 100vw, 1200px\" \/><p id=\"caption-attachment-230496\" class=\"wp-caption-text\">\u00a0 \u00a0 \u00a0 \u00a0 \u00a0 \u00a0 \u00a0 \u00a0 \u00a0 \u00a0 \u00a0 \u00a0 \u00a0 \u00a0 \u00a0 \u00a0 \u00a0 \u00a0 \u00a0 \u00a0 \u00a0 \u00a0 \u00a0 \u00a0 \u00a0 \u00a0 \u00a0 \u00a0 \u00a0 \u00a0 \u00a0 \u00a0 \u00a0 \u00a0 \u00a0 \u00a0 \u00a0 \u00a0 \u00a0 \u00a0 \u00a0 \u00a0 \u00a0 \u00a0 \u00a0 \u00a0 \u00a0 \u00a0 \u00a0 \u00a0 \u00a0 \u00a0 \u00a0 \u00a0 \u00a0 \u00a0 \u00a0 \u00a0 \u00a0 \u00a0 \u00a0 \u00a0 \u00a0 \u00a0 \u00a0 \u00a0 \u00a0 \u00a0 \u00a0 \u00a0 \u00a0 \u00a0 \u00a0 \u00a0 \u00a0 \u00a0 \u00a0 \u00a0 \u00a0<em> \u00a0Foto cortesia Greenpeace\/ by Daniel Beltra<\/em><\/p><\/div>\n<p style=\"padding-left: 40px;\">Reunidos em Bras\u00edlia para a XVIII Assembleia Geral Ordin\u00e1ria Eletiva, os membros da Confer\u00eancia da Fam\u00edlia Franciscana do Brasil (CFFB) divulgaram uma carta manifestando preocupa\u00e7\u00e3o com a situa\u00e7\u00e3o da Amaz\u00f4nia. &#8220;Sens\u00edveis a este clamor e, comprometidos\/as com nosso carisma francisclariano, que nos convoca a uma convers\u00e3o ecol\u00f3gica, unimos nossas vozes em defesa da Amaz\u00f4nia e do seu povo, no cuidado da Cria\u00e7\u00e3o&#8221;, afirma o documento. Ao final do encontro, os participantes tamb\u00e9m divulgaram uma carta compromisso, onde ressaltam:\u00a0<em>&#8220;Como herdeiros espirituais do grande construtor da paz, comprometemo-nos com a reconstru\u00e7\u00e3o da Fraternidade, sobretudo onde ela \u00e9 ferida, difundindo os valores franciscanos da paz, em comunh\u00e3o com todos os homens e mulheres que se empenham na defesa e preserva\u00e7\u00e3o da casa comum que clama por cuidado e respeito.&#8221;<\/em><\/p>\n<p>Leia as duas cartas abaixo na \u00edntegra:<\/p>\n<p>Aos irm\u00e3os e irm\u00e3s da Fam\u00edlia Franciscana do Brasil, e a todos os irm\u00e3os e irm\u00e3s de boa vontade!<\/p>\n<p><em>\u201cA cria\u00e7\u00e3o inteira sofre como em dores de parto\u201d (Rm 8,22)<\/em><\/p>\n<p>Bras\u00edlia, 25 de agosto de 2019<\/p>\n<p>Reunidos\/as em nossa XVIII Assembleia Geral Ordin\u00e1ria Eletiva, da Confer\u00eancia da Fam\u00edlia Franciscana do Brasil, de 22 a 25 de agosto de 2019, em Bras\u00edlia\/ DF, centro das grandes decis\u00f5es pol\u00edticas de nosso pa\u00eds, acompanhamos com dor e compaix\u00e3o, o sofrimento e o gemido da Cria\u00e7\u00e3o, neste cen\u00e1rio de devasta\u00e7\u00e3o das queimadas, que est\u00e3o<br \/>\natingindo o nosso maior patrim\u00f4nio, a Floresta Amaz\u00f4nica.<\/p>\n<p>Como afirma o Papa Francisco em entrevista ao Jornal La Stampa-Vatican Insider, em 09\/08\/19, a Amaz\u00f4nia \u201c\u00e9 um lugar representativo e decisivo, contribui de modo determinante para a sobreviv\u00eancia do planeta. Grande parte do oxig\u00eanio que respiramos \u00e9 proveniente dali. Eis o motivo porque o desmatamento significa matar a humanidade\u201d.<br \/>\nNa recorda\u00e7\u00e3o especial e dolorosa pela morte de ind\u00edgenas, somos solid\u00e1rios\/as aos nossos irm\u00e3os e irm\u00e3s franciscanos\/as presentes nesta regi\u00e3o que, recentemente, sediou o F\u00f3rum Franciscano para o S\u00ednodo Pan-Amaz\u00f4nico, o qual nos fez ouvir o grito dos povos origin\u00e1rios e de todos os amaz\u00f4nidas, que denunciaram a devasta\u00e7\u00e3o da Floresta Amaz\u00f4nica, a polui\u00e7\u00e3o das \u00e1guas, a desvaloriza\u00e7\u00e3o da vida e o preconceito com rela\u00e7\u00e3o \u00e0s culturas nativas, numa terra sagrada e abundante de gra\u00e7a e beleza. Sens\u00edveis a este clamor e, comprometidos\/as<br \/>\ncom nosso carisma francisclariano, que nos convoca a uma convers\u00e3o ecol\u00f3gica, unimos nossas vozes em defesa da Amaz\u00f4nia e do seu povo, no cuidado da Cria\u00e7\u00e3o.<\/p>\n<p>Com profunda indigna\u00e7\u00e3o, cobramos atitudes dos governantes que det\u00eam as ferramentas p\u00fablicas para tal fim. Dados cient\u00edficos oficiais do pr\u00f3prio Governo Federal comprovam a corresponsabilidade dos poderes constitu\u00eddos com rela\u00e7\u00e3o ao aumento significativo da devasta\u00e7\u00e3o da floresta, seja pelas queimadas, seja pelo avan\u00e7o do agroneg\u00f3cio ou pela flexibiliza\u00e7\u00e3o das leis para a explora\u00e7\u00e3o de min\u00e9rios e madeiras, sobretudo, em terras<br \/>\nind\u00edgenas e reservas florestais. Neste sentido, queremos ainda reiterar a posi\u00e7\u00e3o precisa e corajosa da Igreja: \u201cEm sintonia amorosa e prof\u00e9tica com a convoca\u00e7\u00e3o do Papa Francisco, no cumprimento da tarefa mission\u00e1ria e da evangeliza\u00e7\u00e3o, o S\u00ednodo \u00e9 sinal de esperan\u00e7a e fonte de indica\u00e7\u00f5es importantes no dever de preservar a vida, a partir do respeito do meio ambiente\u201d (Nota da CNBB \u2013 Levante a voz pela Amaz\u00f4nia, agosto de 2019).<\/p>\n<p>Do lugar onde estamos, Casa de Retiros Assun\u00e7\u00e3o, refor\u00e7amos o nosso compromisso com a M\u00e3e Terra e com a Cria\u00e7\u00e3o e rogamos a Nossa Senhora que assunte essa realidade de dores e nos ajude na constru\u00e7\u00e3o de uma sociedade justa e fraterna. Reafirmando nossa comunh\u00e3o e nosso apoio incondicional ao Papa Francisco, acolhemos com alegria a realiza\u00e7\u00e3o do S\u00ednodo dos Bispos para a Amaz\u00f4nia e rezamos para que este seja um novo Pentecostes para a Igreja na compreens\u00e3o da realidade da Amaz\u00f4nia.<\/p>\n<p><strong>Confer\u00eancia da Fam\u00edlia Franciscana do Brasil<\/strong><\/p>\n<hr \/>\n<p><strong>Carta Compromisso de Bras\u00edlia<\/strong><\/p>\n<p><strong>Bras\u00edlia, 25 de agosto de 2019.<\/strong><\/p>\n<p><em>A todas as mulheres e homens de boa vontade,<\/em><br \/>\n<em>O Senhor lhes d\u00ea a paz!<\/em><\/p>\n<p>A Confer\u00eancia da Fam\u00edlia Franciscana do Brasil, entidade que congrega as Tr\u00eas Ordens fundadas por S\u00e3o Francisco de Assis, esteve reunida na celebra\u00e7\u00e3o da XVIII Assembleia Geral Ordin\u00e1ria Eletiva, nos dias 22 a 25 deste, em Bras\u00edlia, DF. Iluminados pela reflex\u00e3o feita a partir das perguntas: Que Mundo? Que Igreja? Que Franciscanos? e interpelados pela realidade s\u00f3cio-pol\u00edtica e econ\u00f4mica do nosso pais, que em nossos dias se revela amea\u00e7adora \u00e0 popula\u00e7\u00e3o brasileira, especialmente os seguimentos que se encontram em situa\u00e7\u00e3o de vulnerabilidade e indignados pelos \u00faltimos acontecimentos devastadores que se abateram sobre a Amaz\u00f4nia, sua gente e seu ecossistema, reafirmamos nossa incondicional comunh\u00e3o com o legitimo sucessor de Pedro, o Papa Francisco e seu magist\u00e9rio.<\/p>\n<p>Ao Papa Francisco somos agradecidos por trazer Francisco de Assis para nossos dias, sobretudo, atrav\u00e9s de seu devotado amor pelos \u00faltimos da sociedade e por sua capacidade de di\u00e1logo inter-religioso; pela publica\u00e7\u00e3o da Enc\u00edclica <em>Laudato S\u00ec<\/em>; pela convoca\u00e7\u00e3o do S\u00ednodo Pan-Amaz\u00f4nico, que ser\u00e1 realizado em Roma, em outubro de 2019, cujo objetivo \u00e9 identificar novos caminhos para a evangeliza\u00e7\u00e3o daquela por\u00e7\u00e3o do Povo de Deus, frequentemente esquecido e sem perspectivas por causa da crise da Floresta Amaz\u00f4nica e do encontro Economia de Francisco, a realizar-se em Assis, It\u00e1lia, de 26 a 28 de mar\u00e7o de 2020 e que tem por objetivo despertar para a urg\u00eancia de uma economia de inclus\u00e3o, que promova a dignidade da humanidade, diante de uma economia neoliberal que exclui, concentra riqueza e devasta a Casa Comum. Outrossim, em sua Exorta\u00e7\u00e3o Apost\u00f3lica<em> Evangelii Guadium<\/em>, o Papa nos convoca a vivermos a grande profecia franciscana, que \u00e9 o retorno ao Evangelho.<\/p>\n<p>O Crucificado de S\u00e3o Dami\u00e3o que disse a Francisco: \u201cvai e reconstr\u00f3i a minha casa\u201d, continua a convocar-nos para reconstruirmos sua casa nas mais diferentes realidades onde a vida clama por justi\u00e7a e paz.<\/p>\n<p>Como herdeiros espirituais do grande construtor da paz, comprometemo-nos com a reconstru\u00e7\u00e3o da Fraternidade, sobretudo onde ela \u00e9 ferida, difundindo os valores franciscanos da paz, em comunh\u00e3o com todos os homens e mulheres que se empenham na defesa e preserva\u00e7\u00e3o da casa comum que clama por cuidado e respeito. Voltemos nosso olhar ao Santu\u00e1rio de Nossa Senhora Aparecida e supliquemos: \u201c\u00d3h M\u00e3e preta, \u00f3h Mariama, Claro que dir\u00e3o, Mariama, que \u00e9 pol\u00edtica, que \u00e9 subvers\u00e3o, que \u00e9 comunismo. \u00c9 Evangelho de Cristo, Mariama!\u201d, ainda assim, invocamos suas b\u00ean\u00e7\u00e3os sobre toda a nossa fam\u00edlia e sobre um Brasil sedento de \u201cPaz \u2013 fruto da justi\u00e7a, do bem e da Miseric\u00f3rdia de Deus\u201d.<\/p>\n<p><strong>Confer\u00eancia da Fam\u00edlia Franciscana do Brasil<\/strong><\/p>\n","protected":false},"excerpt":{"rendered":"<p>Confer\u00eancia da Fam\u00edlia Franciscana do Brasil<\/p>\n","protected":false},"author":1,"featured_media":230497,"comment_status":"open","ping_status":"open","sticky":false,"template":"","format":"standard","meta":[],"categories":[1],"tags":[834],"acf":[],"yoast_head":"<!-- This site is optimized with the Yoast SEO plugin v19.2 - https:\/\/yoast.com\/wordpress\/plugins\/seo\/ -->\n<title>CFFB lan\u00e7a carta em prol da Amaz\u00f4nia - Not\u00edcias - Franciscanos<\/title>\n<meta name=\"robots\" content=\"index, follow, max-snippet:-1, max-image-preview:large, max-video-preview:-1\" \/>\n<link rel=\"canonical\" href=\"https:\/\/franciscanos.org.br\/noticias\/cffb-lanca-carta-em-prol-da-amazonia.html\" \/>\n<meta property=\"og:locale\" content=\"pt_BR\" \/>\n<meta property=\"og:type\" content=\"article\" \/>\n<meta property=\"og:title\" content=\"CFFB lan\u00e7a carta em prol da Amaz\u00f4nia - Not\u00edcias - Franciscanos\" \/>\n<meta property=\"og:description\" content=\"Confer\u00eancia da Fam\u00edlia Franciscana do Brasil\" \/>\n<meta property=\"og:url\" content=\"https:\/\/franciscanos.org.br\/noticias\/cffb-lanca-carta-em-prol-da-amazonia.html\" \/>\n<meta property=\"og:site_name\" content=\"Not\u00edcias - Franciscanos\" \/>\n<meta property=\"article:published_time\" content=\"2019-08-29T22:00:36+00:00\" \/>\n<meta property=\"article:modified_time\" content=\"2021-01-20T11:50:30+00:00\" \/>\n<meta property=\"og:image\" content=\"https:\/\/franciscanos.org.br\/noticias\/wp-content\/uploads\/2019\/08\/amazonia_d.jpg\" \/>\n\t<meta property=\"og:image:width\" content=\"800\" \/>\n\t<meta property=\"og:image:height\" content=\"600\" \/>\n\t<meta property=\"og:image:type\" content=\"image\/jpeg\" \/>\n<meta name=\"author\" content=\"admin\" \/>\n<meta name=\"twitter:card\" content=\"summary_large_image\" \/>\n<meta name=\"twitter:label1\" content=\"Escrito por\" \/>\n\t<meta name=\"twitter:data1\" content=\"admin\" \/>\n\t<meta name=\"twitter:label2\" content=\"Est. tempo de leitura\" \/>\n\t<meta name=\"twitter:data2\" content=\"6 minutos\" \/>\n<script type=\"application\/ld+json\" class=\"yoast-schema-graph\">{\"@context\":\"https:\/\/schema.org\",\"@graph\":[{\"@type\":\"WebSite\",\"@id\":\"https:\/\/franciscanos.org.br\/noticias\/#website\",\"url\":\"https:\/\/franciscanos.org.br\/noticias\/\",\"name\":\"Not\u00edcias - Franciscanos\",\"description\":\"Prov\u00edncia Franciscana da Imaculada Concei\u00e7\u00e3o do Brasil - Ordem dos Frades Menores - OFM\",\"potentialAction\":[{\"@type\":\"SearchAction\",\"target\":{\"@type\":\"EntryPoint\",\"urlTemplate\":\"https:\/\/franciscanos.org.br\/noticias\/?s={search_term_string}\"},\"query-input\":\"required name=search_term_string\"}],\"inLanguage\":\"pt-BR\"},{\"@type\":\"ImageObject\",\"inLanguage\":\"pt-BR\",\"@id\":\"https:\/\/franciscanos.org.br\/noticias\/cffb-lanca-carta-em-prol-da-amazonia.html#primaryimage\",\"url\":\"https:\/\/franciscanos.org.br\/noticias\/wp-content\/uploads\/2019\/08\/amazonia_d.jpg\",\"contentUrl\":\"https:\/\/franciscanos.org.br\/noticias\/wp-content\/uploads\/2019\/08\/amazonia_d.jpg\",\"width\":800,\"height\":600},{\"@type\":\"WebPage\",\"@id\":\"https:\/\/franciscanos.org.br\/noticias\/cffb-lanca-carta-em-prol-da-amazonia.html#webpage\",\"url\":\"https:\/\/franciscanos.org.br\/noticias\/cffb-lanca-carta-em-prol-da-amazonia.html\",\"name\":\"CFFB lan\u00e7a carta em prol da Amaz\u00f4nia - Not\u00edcias - Franciscanos\",\"isPartOf\":{\"@id\":\"https:\/\/franciscanos.org.br\/noticias\/#website\"},\"primaryImageOfPage\":{\"@id\":\"https:\/\/franciscanos.org.br\/noticias\/cffb-lanca-carta-em-prol-da-amazonia.html#primaryimage\"},\"datePublished\":\"2019-08-29T22:00:36+00:00\",\"dateModified\":\"2021-01-20T11:50:30+00:00\",\"author\":{\"@id\":\"https:\/\/franciscanos.org.br\/noticias\/#\/schema\/person\/b38fbf43118f02820bd932f2e4b14ad3\"},\"breadcrumb\":{\"@id\":\"https:\/\/franciscanos.org.br\/noticias\/cffb-lanca-carta-em-prol-da-amazonia.html#breadcrumb\"},\"inLanguage\":\"pt-BR\",\"potentialAction\":[{\"@type\":\"ReadAction\",\"target\":[\"https:\/\/franciscanos.org.br\/noticias\/cffb-lanca-carta-em-prol-da-amazonia.html\"]}]},{\"@type\":\"BreadcrumbList\",\"@id\":\"https:\/\/franciscanos.org.br\/noticias\/cffb-lanca-carta-em-prol-da-amazonia.html#breadcrumb\",\"itemListElement\":[{\"@type\":\"ListItem\",\"position\":1,\"name\":\"Home\",\"item\":\"https:\/\/franciscanos.org.br\/noticias\"},{\"@type\":\"ListItem\",\"position\":2,\"name\":\"CFFB lan\u00e7a carta em prol da Amaz\u00f4nia\"}]},{\"@type\":\"Person\",\"@id\":\"https:\/\/franciscanos.org.br\/noticias\/#\/schema\/person\/b38fbf43118f02820bd932f2e4b14ad3\",\"name\":\"admin\",\"image\":{\"@type\":\"ImageObject\",\"inLanguage\":\"pt-BR\",\"@id\":\"https:\/\/franciscanos.org.br\/noticias\/#\/schema\/person\/image\/\",\"url\":\"https:\/\/secure.gravatar.com\/avatar\/e8495742d34d0ba6448ea1c628263b3e?s=96&d=mm&r=g\",\"contentUrl\":\"https:\/\/secure.gravatar.com\/avatar\/e8495742d34d0ba6448ea1c628263b3e?s=96&d=mm&r=g\",\"caption\":\"admin\"},\"url\":\"https:\/\/franciscanos.org.br\/noticias\/author\/admin\"}]}<\/script>\n<!-- \/ Yoast SEO plugin. -->","yoast_head_json":{"title":"CFFB lan\u00e7a carta em prol da Amaz\u00f4nia - Not\u00edcias - Franciscanos","robots":{"index":"index","follow":"follow","max-snippet":"max-snippet:-1","max-image-preview":"max-image-preview:large","max-video-preview":"max-video-preview:-1"},"canonical":"https:\/\/franciscanos.org.br\/noticias\/cffb-lanca-carta-em-prol-da-amazonia.html","og_locale":"pt_BR","og_type":"article","og_title":"CFFB lan\u00e7a carta em prol da Amaz\u00f4nia - Not\u00edcias - Franciscanos","og_description":"Confer\u00eancia da Fam\u00edlia Franciscana do Brasil","og_url":"https:\/\/franciscanos.org.br\/noticias\/cffb-lanca-carta-em-prol-da-amazonia.html","og_site_name":"Not\u00edcias - Franciscanos","article_published_time":"2019-08-29T22:00:36+00:00","article_modified_time":"2021-01-20T11:50:30+00:00","og_image":[{"width":800,"height":600,"url":"https:\/\/franciscanos.org.br\/noticias\/wp-content\/uploads\/2019\/08\/amazonia_d.jpg","type":"image\/jpeg"}],"author":"admin","twitter_card":"summary_large_image","twitter_misc":{"Escrito por":"admin","Est. tempo de leitura":"6 minutos"},"schema":{"@context":"https:\/\/schema.org","@graph":[{"@type":"WebSite","@id":"https:\/\/franciscanos.org.br\/noticias\/#website","url":"https:\/\/franciscanos.org.br\/noticias\/","name":"Not\u00edcias - Franciscanos","description":"Prov\u00edncia Franciscana da Imaculada Concei\u00e7\u00e3o do Brasil - Ordem dos Frades Menores - OFM","potentialAction":[{"@type":"SearchAction","target":{"@type":"EntryPoint","urlTemplate":"https:\/\/franciscanos.org.br\/noticias\/?s={search_term_string}"},"query-input":"required name=search_term_string"}],"inLanguage":"pt-BR"},{"@type":"ImageObject","inLanguage":"pt-BR","@id":"https:\/\/franciscanos.org.br\/noticias\/cffb-lanca-carta-em-prol-da-amazonia.html#primaryimage","url":"https:\/\/franciscanos.org.br\/noticias\/wp-content\/uploads\/2019\/08\/amazonia_d.jpg","contentUrl":"https:\/\/franciscanos.org.br\/noticias\/wp-content\/uploads\/2019\/08\/amazonia_d.jpg","width":800,"height":600},{"@type":"WebPage","@id":"https:\/\/franciscanos.org.br\/noticias\/cffb-lanca-carta-em-prol-da-amazonia.html#webpage","url":"https:\/\/franciscanos.org.br\/noticias\/cffb-lanca-carta-em-prol-da-amazonia.html","name":"CFFB lan\u00e7a carta em prol da Amaz\u00f4nia - Not\u00edcias - Franciscanos","isPartOf":{"@id":"https:\/\/franciscanos.org.br\/noticias\/#website"},"primaryImageOfPage":{"@id":"https:\/\/franciscanos.org.br\/noticias\/cffb-lanca-carta-em-prol-da-amazonia.html#primaryimage"},"datePublished":"2019-08-29T22:00:36+00:00","dateModified":"2021-01-20T11:50:30+00:00","author":{"@id":"https:\/\/franciscanos.org.br\/noticias\/#\/schema\/person\/b38fbf43118f02820bd932f2e4b14ad3"},"breadcrumb":{"@id":"https:\/\/franciscanos.org.br\/noticias\/cffb-lanca-carta-em-prol-da-amazonia.html#breadcrumb"},"inLanguage":"pt-BR","potentialAction":[{"@type":"ReadAction","target":["https:\/\/franciscanos.org.br\/noticias\/cffb-lanca-carta-em-prol-da-amazonia.html"]}]},{"@type":"BreadcrumbList","@id":"https:\/\/franciscanos.org.br\/noticias\/cffb-lanca-carta-em-prol-da-amazonia.html#breadcrumb","itemListElement":[{"@type":"ListItem","position":1,"name":"Home","item":"https:\/\/franciscanos.org.br\/noticias"},{"@type":"ListItem","position":2,"name":"CFFB lan\u00e7a carta em prol da Amaz\u00f4nia"}]},{"@type":"Person","@id":"https:\/\/franciscanos.org.br\/noticias\/#\/schema\/person\/b38fbf43118f02820bd932f2e4b14ad3","name":"admin","image":{"@type":"ImageObject","inLanguage":"pt-BR","@id":"https:\/\/franciscanos.org.br\/noticias\/#\/schema\/person\/image\/","url":"https:\/\/secure.gravatar.com\/avatar\/e8495742d34d0ba6448ea1c628263b3e?s=96&d=mm&r=g","contentUrl":"https:\/\/secure.gravatar.com\/avatar\/e8495742d34d0ba6448ea1c628263b3e?s=96&d=mm&r=g","caption":"admin"},"url":"https:\/\/franciscanos.org.br\/noticias\/author\/admin"}]}},"_links":{"self":[{"href":"https:\/\/franciscanos.org.br\/noticias\/wp-json\/wp\/v2\/posts\/209908"}],"collection":[{"href":"https:\/\/franciscanos.org.br\/noticias\/wp-json\/wp\/v2\/posts"}],"about":[{"href":"https:\/\/franciscanos.org.br\/noticias\/wp-json\/wp\/v2\/types\/post"}],"author":[{"embeddable":true,"href":"https:\/\/franciscanos.org.br\/noticias\/wp-json\/wp\/v2\/users\/1"}],"replies":[{"embeddable":true,"href":"https:\/\/franciscanos.org.br\/noticias\/wp-json\/wp\/v2\/comments?post=209908"}],"version-history":[{"count":2,"href":"https:\/\/franciscanos.org.br\/noticias\/wp-json\/wp\/v2\/posts\/209908\/revisions"}],"predecessor-version":[{"id":230498,"href":"https:\/\/franciscanos.org.br\/noticias\/wp-json\/wp\/v2\/posts\/209908\/revisions\/230498"}],"wp:featuredmedia":[{"embeddable":true,"href":"https:\/\/franciscanos.org.br\/noticias\/wp-json\/wp\/v2\/media\/230497"}],"wp:attachment":[{"href":"https:\/\/franciscanos.org.br\/noticias\/wp-json\/wp\/v2\/media?parent=209908"}],"wp:term":[{"taxonomy":"category","embeddable":true,"href":"https:\/\/franciscanos.org.br\/noticias\/wp-json\/wp\/v2\/categories?post=209908"},{"taxonomy":"post_tag","embeddable":true,"href":"https:\/\/franciscanos.org.br\/noticias\/wp-json\/wp\/v2\/tags?post=209908"}],"curies":[{"name":"wp","href":"https:\/\/api.w.org\/{rel}","templated":true}]}}