{"id":209892,"date":"2019-08-29T11:46:43","date_gmt":"2019-08-29T14:46:43","guid":{"rendered":"https:\/\/franciscanos.org.br\/noticias\/?p=209892"},"modified":"2019-09-03T13:24:38","modified_gmt":"2019-09-03T16:24:38","slug":"sinodo-pan-amazonico-encontro-reune-liderancas-em-belem","status":"publish","type":"post","link":"https:\/\/franciscanos.org.br\/noticias\/sinodo-pan-amazonico-encontro-reune-liderancas-em-belem.html","title":{"rendered":"S\u00ednodo Pan-amaz\u00f4nico: encontro re\u00fane lideran\u00e7as em Bel\u00e9m"},"content":{"rendered":"<p><img loading=\"lazy\" class=\"alignnone size-full wp-image-209898\" src=\"https:\/\/franciscanos.org.br\/noticias\/wp-content\/uploads\/2019\/08\/repam_290819_g3.jpg\" alt=\"\" width=\"890\" height=\"500\" srcset=\"https:\/\/franciscanos.org.br\/noticias\/wp-content\/uploads\/2019\/08\/repam_290819_g3.jpg 890w, https:\/\/franciscanos.org.br\/noticias\/wp-content\/uploads\/2019\/08\/repam_290819_g3-450x253.jpg 450w, https:\/\/franciscanos.org.br\/noticias\/wp-content\/uploads\/2019\/08\/repam_290819_g3-768x431.jpg 768w, https:\/\/franciscanos.org.br\/noticias\/wp-content\/uploads\/2019\/08\/repam_290819_g3-150x84.jpg 150w\" sizes=\"(max-width: 890px) 100vw, 890px\" \/><\/p>\n<p>Desde a quarta-feira (28), acontece o Encontro de Estudos do Documento de Trabalho do S\u00ednodo no Centro de Espiritualidade Monte Tabor, da Arquidiocese de Bel\u00e9m. Cerca de 120 pessoas participam da atividade, entre elas os bispos das 56 dioceses e prelazias da Amaz\u00f4nia brasileira e lideran\u00e7as, leigas, leigos, religiosos e padres.<\/p>\n<p>Organizado pela Comiss\u00e3o Episcopal Especial para a Amaz\u00f4nia (CEA), com apoio da Rede Eclesial Pan-Amaz\u00f4nica (REPAM-Brasil), o encontro visa estudar o Documento de Trabalho do S\u00ednodo, bem como partilhar as experi\u00eancias das escutas e da caminhada do processo sinodal nas dioceses e prelazias da Amaz\u00f4nia. O arcebispo de Belo Horizonte (MG) e presidente da Confer\u00eancia Nacional dos Bispos do Brasil (CNBB), dom Walmor Oliveira de Azevedo, participa do encontro.<\/p>\n<p>Sobre o Documento de Trabalho do S\u00ednodo, que ser\u00e1 objeto da reflex\u00e3o dos bispos, dom Walmor ressaltou que h\u00e1 uma leitura antropol\u00f3gica muito pertinente rumo \u00e0 perspectiva da ecologia integral. O presidente da CNBB refor\u00e7ou que o maior desafio, ainda nesta fase de prepara\u00e7\u00e3o, \u00e9 refor\u00e7ar a leitura teol\u00f3gica uma vez que a tarefa principal da Igreja \u00e9 a evangeliza\u00e7\u00e3o e o an\u00fancio de Jesus Cristo.<\/p>\n<p>\u201cEnfrentaremos estes desafios e o faremos do melhor modo poss\u00edvel para que o S\u00ednodo, atividade que est\u00e1 em profunda sintonia com o cora\u00e7\u00e3o do papa Francisco, represente uma grande contribui\u00e7\u00e3o para a Amaz\u00f4nia, para a Igreja no Brasil e no mundo\u201d, disse.<\/p>\n<p><strong>Abertura do encontro<\/strong><\/p>\n<p>Na sess\u00e3o de abertura, estiveram na mesa para sauda\u00e7\u00e3o inicial o Cardeal Cl\u00e1udio Hummes, presidente da REPAM, da CEA e relator do S\u00ednodo; Dom Walmor de Azevedo, Dom Alberto Taveira, arcebispo metropolitano de Bel\u00e9m; Dom Bernardo Bahlmann, bispo da diocese de \u00d3bidos e presidente do Regional Norte 2 da CNBB; Dom Davi Martinez de Aguirre Guin\u00e9, bispo de Puerto Maldonado, no Peru, e Padre Michael Czerny, subsecret\u00e1rio da Se\u00e7\u00e3o Migrantes e Refugiados para o Servi\u00e7o de Desenvolvimento Integral Humano, nomeados secret\u00e1rios do S\u00ednodo para a Amaz\u00f4nia; Cristiane Murray, da secretaria do S\u00ednodo e vice-diretora da Sala de Imprensa da Santa S\u00e9 e o Pastor In\u00e1cio Lemke, presidente do Conselho Nacional das Igrejas Crist\u00e3s do Brasil\/CONIC.<\/p>\n<p><img loading=\"lazy\" class=\"alignnone size-full wp-image-209896\" src=\"https:\/\/franciscanos.org.br\/noticias\/wp-content\/uploads\/2019\/08\/repam_290819_g2.jpg\" alt=\"\" width=\"890\" height=\"500\" srcset=\"https:\/\/franciscanos.org.br\/noticias\/wp-content\/uploads\/2019\/08\/repam_290819_g2.jpg 890w, https:\/\/franciscanos.org.br\/noticias\/wp-content\/uploads\/2019\/08\/repam_290819_g2-450x253.jpg 450w, https:\/\/franciscanos.org.br\/noticias\/wp-content\/uploads\/2019\/08\/repam_290819_g2-768x431.jpg 768w, https:\/\/franciscanos.org.br\/noticias\/wp-content\/uploads\/2019\/08\/repam_290819_g2-150x84.jpg 150w\" sizes=\"(max-width: 890px) 100vw, 890px\" \/><\/p>\n<p>Dom Walmor afirmou que a Confer\u00eancia deve acompanhar a partir de agora o caminho sinodal com uma programa\u00e7\u00e3o e um planejamento de comunica\u00e7\u00e3o para \u201cabrir mais o cora\u00e7\u00e3o da nossa pr\u00f3pria Igreja e tamb\u00e9m da sociedade civil, pois a import\u00e2ncia do que se trata, do que aborda, daquilo que n\u00f3s queremos e esperamos, precisa repercutir muito no cora\u00e7\u00e3o da nossa Igreja e tamb\u00e9m no cora\u00e7\u00e3o da sociedade\u201d. Para dom Walmor, a inten\u00e7\u00e3o da Igreja n\u00e3o \u00e9 apenas realizar um evento, \u201cmas dar passos novos\u201d, o que incentiva a entidade a se envolver nas a\u00e7\u00f5es que superem ou tratam de forma adequada os v\u00e1rios ru\u00eddos que se t\u00eam apresentado em rela\u00e7\u00e3o ao S\u00ednodo, bem como das incompreens\u00f5es. O desejo \u00e9 que haja \u201cuma repercuss\u00e3o muito boa e importante de tudo aquilo que se trata e se tratar\u00e1 durante o S\u00ednodo e daquilo que vir\u00e1 na exorta\u00e7\u00e3o p\u00f3s-sinodal\u201d.<\/p>\n<p>Dom Walmor ainda refor\u00e7ou a import\u00e2ncia deste s\u00ednodo para a Igreja: \u201cO S\u00ednodo da Amaz\u00f4nia, buscando novos caminhos para a Igreja e para uma ecologia integral, toca tudo o que a Igreja precisa para sair da in\u00e9rcia, ilumina todos os pontos onde existem sombras e dar\u00e1 a possibilidade de um impulso novo\u201d.<\/p>\n<p>O Presidente da CNBB ainda refletiu sobre a quest\u00e3o de que a evangeliza\u00e7\u00e3o da Amaz\u00f4nia em debate no S\u00ednodo n\u00e3o est\u00e1 relacionada a apenas um aspecto: \u201cUm S\u00ednodo da Amaz\u00f4nia, j\u00e1 no seu instrumento de trabalho e naquilo que poderemos verificar, mostra o global da Amaz\u00f4nia. Refiro-me, por exemplo, evangeliza\u00e7\u00e3o tem a ver com sa\u00fade, evangeliza\u00e7\u00e3o tem a ver com uma nova ordem social e pol\u00edtica, evangeliza\u00e7\u00e3o tem a ver com espiritualidade profunda. E o S\u00ednodo da Amaz\u00f4nia, de um modo muito singular e qualificado nos d\u00e1 essa oportunidade\u201d.<\/p>\n<p><strong>Em prepara\u00e7\u00e3o para Roma<\/strong><\/p>\n<p>De acordo com o Cardeal Cl\u00e1udio Hummes outros encontros como esse, de Bel\u00e9m, est\u00e3o sendo realizados nos outros pa\u00edses da Pan-Amaz\u00f4nia. \u201cEstamos estudando o Documento de Trabalho, que na verdade \u00e9 um texto ainda apenas como um instrumento para se trabalhar e que vai sendo modificado aos poucos, e que depois, no pr\u00f3prio S\u00ednodo, sair\u00e1 um outro texto\u201d, explicou o Cardeal.<\/p>\n<p>Dom Neri Jos\u00e9 Tondello, bispo de Ju\u00edna, disse que encontros como o que acontece no Brasil, na reta final do processo de prepara\u00e7\u00e3o para o S\u00ednodo, ajudam na tomada de consci\u00eancia da responsabilidade dos padres sinodais. \u201cEssa etapa \u00e9 fundamental porque nos ajuda a visualizar daqui para frente os passos, o m\u00e9todo do pr\u00f3prio S\u00ednodo, de como vai ser a pr\u00e1tica dos dias que estaremos em Roma. Estes dias nos ajudam a ter clareza da miss\u00e3o e da responsabilidade que temos diante deste tema \u2018novos caminhos para a Igreja e para uma ecologia integral\u2019\u201d, destacou Dom Neri.<\/p>\n<p>\u201cO importante desse encontro \u00e9 que h\u00e1 possibilidade de as vozes da Amaz\u00f4nia serem escutadas pelos padres sinodais e, ao escutarem, acolherem em seus cora\u00e7\u00f5es as propostas, os clamores e os desafios relatados por essas vozes\u201d, afirmou Dorismeire Vasconcelos, lideran\u00e7a leiga do Xingu, uma das representantes do Regional Norte 2 no encontro. \u201cQue eles possam ser para n\u00f3s a voz da esperan\u00e7a no S\u00ednodo para a Amaz\u00f4nia\u201d, concluiu Dorismeire.<\/p>\n<p>Essa \u00e9 a \u00faltima atividade antes do S\u00ednodo, em outubro, que reunir\u00e1 todos os bispos da Amaz\u00f4nia brasileira, bispos de outros pa\u00edses cujo territ\u00f3rio encontra-se parte do bioma e bispos do mundo todo.<\/p>\n<p><strong>S\u00ednodo para a Amaz\u00f4nia<\/strong><\/p>\n<p>O S\u00ednodo para Amaz\u00f4nia \u00e9 uma resposta do Papa Francisco \u00e0 realidade da Pan-Amaz\u00f4nia. De acordo com Francisco, \u201co objetivo principal desta convoca\u00e7\u00e3o \u00e9 identificar novos caminhos para a evangeliza\u00e7\u00e3o daquela por\u00e7\u00e3o do Povo de Deus, especialmente dos ind\u00edgenas, frequentemente esquecidos e sem perspectivas de um futuro sereno, tamb\u00e9m por causa da crise da Floresta Amaz\u00f4nica, pulm\u00e3o de capital import\u00e2ncia para nosso planeta. Que os novos Santos intercedam por este evento eclesial para que, no respeito da beleza da Cria\u00e7\u00e3o, todos os povos da terra louvem a Deus, Senhor do universo, e por Ele iluminados, percorram caminhos de justi\u00e7a e de paz\u201d.<\/p>\n<p>O S\u00ednodo ser\u00e1 realizado no Vaticano entre os dias 6 e 27 de outubro pr\u00f3ximo.<\/p>\n<p><strong><em>Com informa\u00e7\u00f5es da Repam Brasil e do Vatican News<\/em><\/strong><\/p>\n","protected":false},"excerpt":{"rendered":"<p>S\u00ednodo para a Amaz\u00f4nia<\/p>\n","protected":false},"author":1,"featured_media":209901,"comment_status":"open","ping_status":"open","sticky":false,"template":"","format":"standard","meta":[],"categories":[1],"tags":[834],"acf":[],"yoast_head":"<!-- This site is optimized with the Yoast SEO plugin v19.2 - https:\/\/yoast.com\/wordpress\/plugins\/seo\/ -->\n<title>S\u00ednodo Pan-amaz\u00f4nico: encontro re\u00fane lideran\u00e7as em Bel\u00e9m - Not\u00edcias - Franciscanos<\/title>\n<meta name=\"robots\" content=\"index, follow, max-snippet:-1, max-image-preview:large, max-video-preview:-1\" \/>\n<link rel=\"canonical\" href=\"https:\/\/franciscanos.org.br\/noticias\/sinodo-pan-amazonico-encontro-reune-liderancas-em-belem.html\" \/>\n<meta property=\"og:locale\" content=\"pt_BR\" \/>\n<meta property=\"og:type\" content=\"article\" \/>\n<meta property=\"og:title\" content=\"S\u00ednodo Pan-amaz\u00f4nico: encontro re\u00fane lideran\u00e7as em Bel\u00e9m - Not\u00edcias - Franciscanos\" \/>\n<meta property=\"og:description\" content=\"S\u00ednodo para a Amaz\u00f4nia\" \/>\n<meta property=\"og:url\" content=\"https:\/\/franciscanos.org.br\/noticias\/sinodo-pan-amazonico-encontro-reune-liderancas-em-belem.html\" \/>\n<meta property=\"og:site_name\" content=\"Not\u00edcias - Franciscanos\" \/>\n<meta property=\"article:published_time\" content=\"2019-08-29T14:46:43+00:00\" \/>\n<meta property=\"article:modified_time\" content=\"2019-09-03T16:24:38+00:00\" \/>\n<meta property=\"og:image\" content=\"https:\/\/franciscanos.org.br\/noticias\/wp-content\/uploads\/2019\/08\/repam_290819_p-1.jpg\" \/>\n\t<meta property=\"og:image:width\" content=\"273\" \/>\n\t<meta property=\"og:image:height\" content=\"181\" \/>\n\t<meta property=\"og:image:type\" content=\"image\/jpeg\" \/>\n<meta name=\"author\" content=\"admin\" \/>\n<meta name=\"twitter:card\" content=\"summary_large_image\" \/>\n<meta name=\"twitter:label1\" content=\"Escrito por\" \/>\n\t<meta name=\"twitter:data1\" content=\"admin\" \/>\n\t<meta name=\"twitter:label2\" content=\"Est. tempo de leitura\" \/>\n\t<meta name=\"twitter:data2\" content=\"6 minutos\" \/>\n<script type=\"application\/ld+json\" class=\"yoast-schema-graph\">{\"@context\":\"https:\/\/schema.org\",\"@graph\":[{\"@type\":\"WebSite\",\"@id\":\"https:\/\/franciscanos.org.br\/noticias\/#website\",\"url\":\"https:\/\/franciscanos.org.br\/noticias\/\",\"name\":\"Not\u00edcias - Franciscanos\",\"description\":\"Prov\u00edncia Franciscana da Imaculada Concei\u00e7\u00e3o do Brasil - Ordem dos Frades Menores - OFM\",\"potentialAction\":[{\"@type\":\"SearchAction\",\"target\":{\"@type\":\"EntryPoint\",\"urlTemplate\":\"https:\/\/franciscanos.org.br\/noticias\/?s={search_term_string}\"},\"query-input\":\"required name=search_term_string\"}],\"inLanguage\":\"pt-BR\"},{\"@type\":\"ImageObject\",\"inLanguage\":\"pt-BR\",\"@id\":\"https:\/\/franciscanos.org.br\/noticias\/sinodo-pan-amazonico-encontro-reune-liderancas-em-belem.html#primaryimage\",\"url\":\"https:\/\/franciscanos.org.br\/noticias\/wp-content\/uploads\/2019\/08\/repam_290819_p-1.jpg\",\"contentUrl\":\"https:\/\/franciscanos.org.br\/noticias\/wp-content\/uploads\/2019\/08\/repam_290819_p-1.jpg\",\"width\":273,\"height\":181},{\"@type\":\"WebPage\",\"@id\":\"https:\/\/franciscanos.org.br\/noticias\/sinodo-pan-amazonico-encontro-reune-liderancas-em-belem.html#webpage\",\"url\":\"https:\/\/franciscanos.org.br\/noticias\/sinodo-pan-amazonico-encontro-reune-liderancas-em-belem.html\",\"name\":\"S\u00ednodo Pan-amaz\u00f4nico: encontro re\u00fane lideran\u00e7as em Bel\u00e9m - Not\u00edcias - Franciscanos\",\"isPartOf\":{\"@id\":\"https:\/\/franciscanos.org.br\/noticias\/#website\"},\"primaryImageOfPage\":{\"@id\":\"https:\/\/franciscanos.org.br\/noticias\/sinodo-pan-amazonico-encontro-reune-liderancas-em-belem.html#primaryimage\"},\"datePublished\":\"2019-08-29T14:46:43+00:00\",\"dateModified\":\"2019-09-03T16:24:38+00:00\",\"author\":{\"@id\":\"https:\/\/franciscanos.org.br\/noticias\/#\/schema\/person\/b38fbf43118f02820bd932f2e4b14ad3\"},\"breadcrumb\":{\"@id\":\"https:\/\/franciscanos.org.br\/noticias\/sinodo-pan-amazonico-encontro-reune-liderancas-em-belem.html#breadcrumb\"},\"inLanguage\":\"pt-BR\",\"potentialAction\":[{\"@type\":\"ReadAction\",\"target\":[\"https:\/\/franciscanos.org.br\/noticias\/sinodo-pan-amazonico-encontro-reune-liderancas-em-belem.html\"]}]},{\"@type\":\"BreadcrumbList\",\"@id\":\"https:\/\/franciscanos.org.br\/noticias\/sinodo-pan-amazonico-encontro-reune-liderancas-em-belem.html#breadcrumb\",\"itemListElement\":[{\"@type\":\"ListItem\",\"position\":1,\"name\":\"Home\",\"item\":\"https:\/\/franciscanos.org.br\/noticias\"},{\"@type\":\"ListItem\",\"position\":2,\"name\":\"S\u00ednodo Pan-amaz\u00f4nico: encontro re\u00fane lideran\u00e7as em Bel\u00e9m\"}]},{\"@type\":\"Person\",\"@id\":\"https:\/\/franciscanos.org.br\/noticias\/#\/schema\/person\/b38fbf43118f02820bd932f2e4b14ad3\",\"name\":\"admin\",\"image\":{\"@type\":\"ImageObject\",\"inLanguage\":\"pt-BR\",\"@id\":\"https:\/\/franciscanos.org.br\/noticias\/#\/schema\/person\/image\/\",\"url\":\"https:\/\/secure.gravatar.com\/avatar\/e8495742d34d0ba6448ea1c628263b3e?s=96&d=mm&r=g\",\"contentUrl\":\"https:\/\/secure.gravatar.com\/avatar\/e8495742d34d0ba6448ea1c628263b3e?s=96&d=mm&r=g\",\"caption\":\"admin\"},\"url\":\"https:\/\/franciscanos.org.br\/noticias\/author\/admin\"}]}<\/script>\n<!-- \/ Yoast SEO plugin. -->","yoast_head_json":{"title":"S\u00ednodo Pan-amaz\u00f4nico: encontro re\u00fane lideran\u00e7as em Bel\u00e9m - Not\u00edcias - Franciscanos","robots":{"index":"index","follow":"follow","max-snippet":"max-snippet:-1","max-image-preview":"max-image-preview:large","max-video-preview":"max-video-preview:-1"},"canonical":"https:\/\/franciscanos.org.br\/noticias\/sinodo-pan-amazonico-encontro-reune-liderancas-em-belem.html","og_locale":"pt_BR","og_type":"article","og_title":"S\u00ednodo Pan-amaz\u00f4nico: encontro re\u00fane lideran\u00e7as em Bel\u00e9m - Not\u00edcias - Franciscanos","og_description":"S\u00ednodo para a Amaz\u00f4nia","og_url":"https:\/\/franciscanos.org.br\/noticias\/sinodo-pan-amazonico-encontro-reune-liderancas-em-belem.html","og_site_name":"Not\u00edcias - Franciscanos","article_published_time":"2019-08-29T14:46:43+00:00","article_modified_time":"2019-09-03T16:24:38+00:00","og_image":[{"width":273,"height":181,"url":"https:\/\/franciscanos.org.br\/noticias\/wp-content\/uploads\/2019\/08\/repam_290819_p-1.jpg","type":"image\/jpeg"}],"author":"admin","twitter_card":"summary_large_image","twitter_misc":{"Escrito por":"admin","Est. tempo de leitura":"6 minutos"},"schema":{"@context":"https:\/\/schema.org","@graph":[{"@type":"WebSite","@id":"https:\/\/franciscanos.org.br\/noticias\/#website","url":"https:\/\/franciscanos.org.br\/noticias\/","name":"Not\u00edcias - Franciscanos","description":"Prov\u00edncia Franciscana da Imaculada Concei\u00e7\u00e3o do Brasil - Ordem dos Frades Menores - OFM","potentialAction":[{"@type":"SearchAction","target":{"@type":"EntryPoint","urlTemplate":"https:\/\/franciscanos.org.br\/noticias\/?s={search_term_string}"},"query-input":"required name=search_term_string"}],"inLanguage":"pt-BR"},{"@type":"ImageObject","inLanguage":"pt-BR","@id":"https:\/\/franciscanos.org.br\/noticias\/sinodo-pan-amazonico-encontro-reune-liderancas-em-belem.html#primaryimage","url":"https:\/\/franciscanos.org.br\/noticias\/wp-content\/uploads\/2019\/08\/repam_290819_p-1.jpg","contentUrl":"https:\/\/franciscanos.org.br\/noticias\/wp-content\/uploads\/2019\/08\/repam_290819_p-1.jpg","width":273,"height":181},{"@type":"WebPage","@id":"https:\/\/franciscanos.org.br\/noticias\/sinodo-pan-amazonico-encontro-reune-liderancas-em-belem.html#webpage","url":"https:\/\/franciscanos.org.br\/noticias\/sinodo-pan-amazonico-encontro-reune-liderancas-em-belem.html","name":"S\u00ednodo Pan-amaz\u00f4nico: encontro re\u00fane lideran\u00e7as em Bel\u00e9m - Not\u00edcias - Franciscanos","isPartOf":{"@id":"https:\/\/franciscanos.org.br\/noticias\/#website"},"primaryImageOfPage":{"@id":"https:\/\/franciscanos.org.br\/noticias\/sinodo-pan-amazonico-encontro-reune-liderancas-em-belem.html#primaryimage"},"datePublished":"2019-08-29T14:46:43+00:00","dateModified":"2019-09-03T16:24:38+00:00","author":{"@id":"https:\/\/franciscanos.org.br\/noticias\/#\/schema\/person\/b38fbf43118f02820bd932f2e4b14ad3"},"breadcrumb":{"@id":"https:\/\/franciscanos.org.br\/noticias\/sinodo-pan-amazonico-encontro-reune-liderancas-em-belem.html#breadcrumb"},"inLanguage":"pt-BR","potentialAction":[{"@type":"ReadAction","target":["https:\/\/franciscanos.org.br\/noticias\/sinodo-pan-amazonico-encontro-reune-liderancas-em-belem.html"]}]},{"@type":"BreadcrumbList","@id":"https:\/\/franciscanos.org.br\/noticias\/sinodo-pan-amazonico-encontro-reune-liderancas-em-belem.html#breadcrumb","itemListElement":[{"@type":"ListItem","position":1,"name":"Home","item":"https:\/\/franciscanos.org.br\/noticias"},{"@type":"ListItem","position":2,"name":"S\u00ednodo Pan-amaz\u00f4nico: encontro re\u00fane lideran\u00e7as em Bel\u00e9m"}]},{"@type":"Person","@id":"https:\/\/franciscanos.org.br\/noticias\/#\/schema\/person\/b38fbf43118f02820bd932f2e4b14ad3","name":"admin","image":{"@type":"ImageObject","inLanguage":"pt-BR","@id":"https:\/\/franciscanos.org.br\/noticias\/#\/schema\/person\/image\/","url":"https:\/\/secure.gravatar.com\/avatar\/e8495742d34d0ba6448ea1c628263b3e?s=96&d=mm&r=g","contentUrl":"https:\/\/secure.gravatar.com\/avatar\/e8495742d34d0ba6448ea1c628263b3e?s=96&d=mm&r=g","caption":"admin"},"url":"https:\/\/franciscanos.org.br\/noticias\/author\/admin"}]}},"_links":{"self":[{"href":"https:\/\/franciscanos.org.br\/noticias\/wp-json\/wp\/v2\/posts\/209892"}],"collection":[{"href":"https:\/\/franciscanos.org.br\/noticias\/wp-json\/wp\/v2\/posts"}],"about":[{"href":"https:\/\/franciscanos.org.br\/noticias\/wp-json\/wp\/v2\/types\/post"}],"author":[{"embeddable":true,"href":"https:\/\/franciscanos.org.br\/noticias\/wp-json\/wp\/v2\/users\/1"}],"replies":[{"embeddable":true,"href":"https:\/\/franciscanos.org.br\/noticias\/wp-json\/wp\/v2\/comments?post=209892"}],"version-history":[{"count":0,"href":"https:\/\/franciscanos.org.br\/noticias\/wp-json\/wp\/v2\/posts\/209892\/revisions"}],"wp:featuredmedia":[{"embeddable":true,"href":"https:\/\/franciscanos.org.br\/noticias\/wp-json\/wp\/v2\/media\/209901"}],"wp:attachment":[{"href":"https:\/\/franciscanos.org.br\/noticias\/wp-json\/wp\/v2\/media?parent=209892"}],"wp:term":[{"taxonomy":"category","embeddable":true,"href":"https:\/\/franciscanos.org.br\/noticias\/wp-json\/wp\/v2\/categories?post=209892"},{"taxonomy":"post_tag","embeddable":true,"href":"https:\/\/franciscanos.org.br\/noticias\/wp-json\/wp\/v2\/tags?post=209892"}],"curies":[{"name":"wp","href":"https:\/\/api.w.org\/{rel}","templated":true}]}}