{"id":209858,"date":"2019-08-27T09:17:43","date_gmt":"2019-08-27T12:17:43","guid":{"rendered":"https:\/\/franciscanos.org.br\/noticias\/?p=209858"},"modified":"2019-08-27T22:06:59","modified_gmt":"2019-08-28T01:06:59","slug":"revista-eclesiastica-brasileira-obtem-qualis-a4-em-pre-avaliacao-da-capes","status":"publish","type":"post","link":"https:\/\/franciscanos.org.br\/noticias\/revista-eclesiastica-brasileira-obtem-qualis-a4-em-pre-avaliacao-da-capes.html","title":{"rendered":"Revista Eclesi\u00e1stica Brasileira obt\u00e9m Qualis A4 em pr\u00e9-avalia\u00e7\u00e3o da CAPES"},"content":{"rendered":"<p><img loading=\"lazy\" class=\"alignnone size-full wp-image-209864\" src=\"https:\/\/franciscanos.org.br\/noticias\/wp-content\/uploads\/2019\/08\/reb_270819-g-2.jpg\" alt=\"\" width=\"890\" height=\"500\" srcset=\"https:\/\/franciscanos.org.br\/noticias\/wp-content\/uploads\/2019\/08\/reb_270819-g-2.jpg 890w, https:\/\/franciscanos.org.br\/noticias\/wp-content\/uploads\/2019\/08\/reb_270819-g-2-450x253.jpg 450w, https:\/\/franciscanos.org.br\/noticias\/wp-content\/uploads\/2019\/08\/reb_270819-g-2-768x431.jpg 768w, https:\/\/franciscanos.org.br\/noticias\/wp-content\/uploads\/2019\/08\/reb_270819-g-2-150x84.jpg 150w\" sizes=\"(max-width: 890px) 100vw, 890px\" \/><\/p>\n<p><strong>Petr\u00f3polis (RJ) &#8211;<\/strong> A Revista Eclesi\u00e1stica Brasileira (REB), publicada pelo Instituto Teol\u00f3gico Franciscano (ITF) desde 1941, obteve o Qualis A4, seguindo a nova metodologia de avalia\u00e7\u00e3o de peri\u00f3dicos pela Coordena\u00e7\u00e3o de Aperfei\u00e7oamento de Pessoal de N\u00edvel Superior (CAPES), segundo Of\u00edcio n\u00ba 6\/2019-CGAP\/DAV\/CAPES.<\/p>\n<p>A recente metodologia do <em>Qualis<\/em> Peri\u00f3dicos estabelece uma nova classifica\u00e7\u00e3o, dividindo as \u00e1reas A e B em quatro n\u00edveis: A1, A2, A3, A4 e B1, B2, B3 e B4.\u00a0 Nos estratos \u201cA\u201d, em que a REB foi pr\u00e9-classificada, figuram os principais peri\u00f3dicos acad\u00eamicos cient\u00edficos, cujas publica\u00e7\u00f5es exercem impacto relevante em seus respectivos campos.<\/p>\n<p>Embora se trate de uma pr\u00e9-avalia\u00e7\u00e3o, \u00e9 importante destacar que a qualifica\u00e7\u00e3o alcan\u00e7ada pela REB \u00e9 fruto do trabalho dedicado de seus colaboradores \u2013 equipe editorial, autores e pareceristas.<\/p>\n<p><strong>Hist\u00f3rico<\/strong><\/p>\n<p>Precedida pela revista COR (1939-40), a Revista Eclesi\u00e1stica Brasileira \u2014, fundada em 1941 por Frei Thom\u00e1s Borgmeier, no intuito de ser um elo do clero brasileiro disperso por imenso territ\u00f3rio e com dificuldade de comunica\u00e7\u00e3o, serviu como f\u00f3rum onde padres e bispos, te\u00f3logos e pastores expuseram suas reflex\u00f5es e narraram suas atividades. Especificamente, de 1941 a 52, a REB, tendo como Redator-Chefe seu pr\u00f3prio fundador, consolidou-se como o principal \u00f3rg\u00e3o teol\u00f3gico do clero nacional. De 1952 a 1971, tendo \u00e0 frente Frei Boaventura Kloppengurg, OFM, caracterizou-se pela defesa da f\u00e9 cat\u00f3lica e pela divulga\u00e7\u00e3o dos documentos e dos ideais do Conc\u00edlio Vaticano II. De 1972 a 1986, com Frei Leonardo Boff \u00e0 sua frente, veiculou sobretudo as intui\u00e7\u00f5es b\u00e1sicas da Teologia da Liberta\u00e7\u00e3o, ent\u00e3o em seus primeiros passos. Na fase atual, a REB mant\u00e9m acesa a chama do ideal primitivo, real\u00e7a as dimens\u00f5es de eclesialidade e de ecumenismo e se adequa \u00e0s atuais tend\u00eancias acad\u00eamicas.<\/p>\n<p>Para mais informa\u00e7\u00f5es sobre a REB, escreva para <a href=\"mailto:revista@vozes.com.br\" target=\"_blank\" rel=\"noopener noreferrer\">revista@vozes.com.br<\/a> ou acesse online: <a href=\"http:\/\/revistaeclesiasticabrasileira.itf.edu.br\/reb\/issue\/archive\">http:\/\/revistaeclesiasticabrasileira.itf.edu.br\/reb\/issue\/archive<\/a><\/p>\n","protected":false},"excerpt":{"rendered":"<p>ITF<\/p>\n","protected":false},"author":1,"featured_media":209866,"comment_status":"open","ping_status":"open","sticky":false,"template":"","format":"standard","meta":[],"categories":[1],"tags":[189],"acf":[],"yoast_head":"<!-- This site is optimized with the Yoast SEO plugin v19.2 - https:\/\/yoast.com\/wordpress\/plugins\/seo\/ -->\n<title>Revista Eclesi\u00e1stica Brasileira obt\u00e9m Qualis A4 em pr\u00e9-avalia\u00e7\u00e3o da CAPES - Not\u00edcias - Franciscanos<\/title>\n<meta name=\"robots\" content=\"index, follow, max-snippet:-1, max-image-preview:large, max-video-preview:-1\" \/>\n<link rel=\"canonical\" href=\"https:\/\/franciscanos.org.br\/noticias\/revista-eclesiastica-brasileira-obtem-qualis-a4-em-pre-avaliacao-da-capes.html\" \/>\n<meta property=\"og:locale\" content=\"pt_BR\" \/>\n<meta property=\"og:type\" content=\"article\" \/>\n<meta property=\"og:title\" content=\"Revista Eclesi\u00e1stica Brasileira obt\u00e9m Qualis A4 em pr\u00e9-avalia\u00e7\u00e3o da CAPES - Not\u00edcias - Franciscanos\" \/>\n<meta property=\"og:description\" content=\"ITF\" \/>\n<meta property=\"og:url\" content=\"https:\/\/franciscanos.org.br\/noticias\/revista-eclesiastica-brasileira-obtem-qualis-a4-em-pre-avaliacao-da-capes.html\" \/>\n<meta property=\"og:site_name\" content=\"Not\u00edcias - Franciscanos\" \/>\n<meta property=\"article:published_time\" content=\"2019-08-27T12:17:43+00:00\" \/>\n<meta property=\"article:modified_time\" content=\"2019-08-28T01:06:59+00:00\" \/>\n<meta property=\"og:image\" content=\"https:\/\/franciscanos.org.br\/noticias\/wp-content\/uploads\/2019\/08\/reb_270819-p.jpg\" \/>\n\t<meta property=\"og:image:width\" content=\"273\" \/>\n\t<meta property=\"og:image:height\" content=\"181\" \/>\n\t<meta property=\"og:image:type\" content=\"image\/jpeg\" \/>\n<meta name=\"author\" content=\"admin\" \/>\n<meta name=\"twitter:card\" content=\"summary_large_image\" \/>\n<meta name=\"twitter:label1\" content=\"Escrito por\" \/>\n\t<meta name=\"twitter:data1\" content=\"admin\" \/>\n\t<meta name=\"twitter:label2\" content=\"Est. tempo de leitura\" \/>\n\t<meta name=\"twitter:data2\" content=\"2 minutos\" \/>\n<script type=\"application\/ld+json\" class=\"yoast-schema-graph\">{\"@context\":\"https:\/\/schema.org\",\"@graph\":[{\"@type\":\"WebSite\",\"@id\":\"https:\/\/franciscanos.org.br\/noticias\/#website\",\"url\":\"https:\/\/franciscanos.org.br\/noticias\/\",\"name\":\"Not\u00edcias - Franciscanos\",\"description\":\"Prov\u00edncia Franciscana da Imaculada Concei\u00e7\u00e3o do Brasil - Ordem dos Frades Menores - OFM\",\"potentialAction\":[{\"@type\":\"SearchAction\",\"target\":{\"@type\":\"EntryPoint\",\"urlTemplate\":\"https:\/\/franciscanos.org.br\/noticias\/?s={search_term_string}\"},\"query-input\":\"required name=search_term_string\"}],\"inLanguage\":\"pt-BR\"},{\"@type\":\"ImageObject\",\"inLanguage\":\"pt-BR\",\"@id\":\"https:\/\/franciscanos.org.br\/noticias\/revista-eclesiastica-brasileira-obtem-qualis-a4-em-pre-avaliacao-da-capes.html#primaryimage\",\"url\":\"https:\/\/franciscanos.org.br\/noticias\/wp-content\/uploads\/2019\/08\/reb_270819-p.jpg\",\"contentUrl\":\"https:\/\/franciscanos.org.br\/noticias\/wp-content\/uploads\/2019\/08\/reb_270819-p.jpg\",\"width\":273,\"height\":181},{\"@type\":\"WebPage\",\"@id\":\"https:\/\/franciscanos.org.br\/noticias\/revista-eclesiastica-brasileira-obtem-qualis-a4-em-pre-avaliacao-da-capes.html#webpage\",\"url\":\"https:\/\/franciscanos.org.br\/noticias\/revista-eclesiastica-brasileira-obtem-qualis-a4-em-pre-avaliacao-da-capes.html\",\"name\":\"Revista Eclesi\u00e1stica Brasileira obt\u00e9m Qualis A4 em pr\u00e9-avalia\u00e7\u00e3o da CAPES - Not\u00edcias - Franciscanos\",\"isPartOf\":{\"@id\":\"https:\/\/franciscanos.org.br\/noticias\/#website\"},\"primaryImageOfPage\":{\"@id\":\"https:\/\/franciscanos.org.br\/noticias\/revista-eclesiastica-brasileira-obtem-qualis-a4-em-pre-avaliacao-da-capes.html#primaryimage\"},\"datePublished\":\"2019-08-27T12:17:43+00:00\",\"dateModified\":\"2019-08-28T01:06:59+00:00\",\"author\":{\"@id\":\"https:\/\/franciscanos.org.br\/noticias\/#\/schema\/person\/b38fbf43118f02820bd932f2e4b14ad3\"},\"breadcrumb\":{\"@id\":\"https:\/\/franciscanos.org.br\/noticias\/revista-eclesiastica-brasileira-obtem-qualis-a4-em-pre-avaliacao-da-capes.html#breadcrumb\"},\"inLanguage\":\"pt-BR\",\"potentialAction\":[{\"@type\":\"ReadAction\",\"target\":[\"https:\/\/franciscanos.org.br\/noticias\/revista-eclesiastica-brasileira-obtem-qualis-a4-em-pre-avaliacao-da-capes.html\"]}]},{\"@type\":\"BreadcrumbList\",\"@id\":\"https:\/\/franciscanos.org.br\/noticias\/revista-eclesiastica-brasileira-obtem-qualis-a4-em-pre-avaliacao-da-capes.html#breadcrumb\",\"itemListElement\":[{\"@type\":\"ListItem\",\"position\":1,\"name\":\"Home\",\"item\":\"https:\/\/franciscanos.org.br\/noticias\"},{\"@type\":\"ListItem\",\"position\":2,\"name\":\"Revista Eclesi\u00e1stica Brasileira obt\u00e9m Qualis A4 em pr\u00e9-avalia\u00e7\u00e3o da CAPES\"}]},{\"@type\":\"Person\",\"@id\":\"https:\/\/franciscanos.org.br\/noticias\/#\/schema\/person\/b38fbf43118f02820bd932f2e4b14ad3\",\"name\":\"admin\",\"image\":{\"@type\":\"ImageObject\",\"inLanguage\":\"pt-BR\",\"@id\":\"https:\/\/franciscanos.org.br\/noticias\/#\/schema\/person\/image\/\",\"url\":\"https:\/\/secure.gravatar.com\/avatar\/e8495742d34d0ba6448ea1c628263b3e?s=96&d=mm&r=g\",\"contentUrl\":\"https:\/\/secure.gravatar.com\/avatar\/e8495742d34d0ba6448ea1c628263b3e?s=96&d=mm&r=g\",\"caption\":\"admin\"},\"url\":\"https:\/\/franciscanos.org.br\/noticias\/author\/admin\"}]}<\/script>\n<!-- \/ Yoast SEO plugin. -->","yoast_head_json":{"title":"Revista Eclesi\u00e1stica Brasileira obt\u00e9m Qualis A4 em pr\u00e9-avalia\u00e7\u00e3o da CAPES - Not\u00edcias - Franciscanos","robots":{"index":"index","follow":"follow","max-snippet":"max-snippet:-1","max-image-preview":"max-image-preview:large","max-video-preview":"max-video-preview:-1"},"canonical":"https:\/\/franciscanos.org.br\/noticias\/revista-eclesiastica-brasileira-obtem-qualis-a4-em-pre-avaliacao-da-capes.html","og_locale":"pt_BR","og_type":"article","og_title":"Revista Eclesi\u00e1stica Brasileira obt\u00e9m Qualis A4 em pr\u00e9-avalia\u00e7\u00e3o da CAPES - Not\u00edcias - Franciscanos","og_description":"ITF","og_url":"https:\/\/franciscanos.org.br\/noticias\/revista-eclesiastica-brasileira-obtem-qualis-a4-em-pre-avaliacao-da-capes.html","og_site_name":"Not\u00edcias - Franciscanos","article_published_time":"2019-08-27T12:17:43+00:00","article_modified_time":"2019-08-28T01:06:59+00:00","og_image":[{"width":273,"height":181,"url":"https:\/\/franciscanos.org.br\/noticias\/wp-content\/uploads\/2019\/08\/reb_270819-p.jpg","type":"image\/jpeg"}],"author":"admin","twitter_card":"summary_large_image","twitter_misc":{"Escrito por":"admin","Est. tempo de leitura":"2 minutos"},"schema":{"@context":"https:\/\/schema.org","@graph":[{"@type":"WebSite","@id":"https:\/\/franciscanos.org.br\/noticias\/#website","url":"https:\/\/franciscanos.org.br\/noticias\/","name":"Not\u00edcias - Franciscanos","description":"Prov\u00edncia Franciscana da Imaculada Concei\u00e7\u00e3o do Brasil - Ordem dos Frades Menores - OFM","potentialAction":[{"@type":"SearchAction","target":{"@type":"EntryPoint","urlTemplate":"https:\/\/franciscanos.org.br\/noticias\/?s={search_term_string}"},"query-input":"required name=search_term_string"}],"inLanguage":"pt-BR"},{"@type":"ImageObject","inLanguage":"pt-BR","@id":"https:\/\/franciscanos.org.br\/noticias\/revista-eclesiastica-brasileira-obtem-qualis-a4-em-pre-avaliacao-da-capes.html#primaryimage","url":"https:\/\/franciscanos.org.br\/noticias\/wp-content\/uploads\/2019\/08\/reb_270819-p.jpg","contentUrl":"https:\/\/franciscanos.org.br\/noticias\/wp-content\/uploads\/2019\/08\/reb_270819-p.jpg","width":273,"height":181},{"@type":"WebPage","@id":"https:\/\/franciscanos.org.br\/noticias\/revista-eclesiastica-brasileira-obtem-qualis-a4-em-pre-avaliacao-da-capes.html#webpage","url":"https:\/\/franciscanos.org.br\/noticias\/revista-eclesiastica-brasileira-obtem-qualis-a4-em-pre-avaliacao-da-capes.html","name":"Revista Eclesi\u00e1stica Brasileira obt\u00e9m Qualis A4 em pr\u00e9-avalia\u00e7\u00e3o da CAPES - Not\u00edcias - Franciscanos","isPartOf":{"@id":"https:\/\/franciscanos.org.br\/noticias\/#website"},"primaryImageOfPage":{"@id":"https:\/\/franciscanos.org.br\/noticias\/revista-eclesiastica-brasileira-obtem-qualis-a4-em-pre-avaliacao-da-capes.html#primaryimage"},"datePublished":"2019-08-27T12:17:43+00:00","dateModified":"2019-08-28T01:06:59+00:00","author":{"@id":"https:\/\/franciscanos.org.br\/noticias\/#\/schema\/person\/b38fbf43118f02820bd932f2e4b14ad3"},"breadcrumb":{"@id":"https:\/\/franciscanos.org.br\/noticias\/revista-eclesiastica-brasileira-obtem-qualis-a4-em-pre-avaliacao-da-capes.html#breadcrumb"},"inLanguage":"pt-BR","potentialAction":[{"@type":"ReadAction","target":["https:\/\/franciscanos.org.br\/noticias\/revista-eclesiastica-brasileira-obtem-qualis-a4-em-pre-avaliacao-da-capes.html"]}]},{"@type":"BreadcrumbList","@id":"https:\/\/franciscanos.org.br\/noticias\/revista-eclesiastica-brasileira-obtem-qualis-a4-em-pre-avaliacao-da-capes.html#breadcrumb","itemListElement":[{"@type":"ListItem","position":1,"name":"Home","item":"https:\/\/franciscanos.org.br\/noticias"},{"@type":"ListItem","position":2,"name":"Revista Eclesi\u00e1stica Brasileira obt\u00e9m Qualis A4 em pr\u00e9-avalia\u00e7\u00e3o da CAPES"}]},{"@type":"Person","@id":"https:\/\/franciscanos.org.br\/noticias\/#\/schema\/person\/b38fbf43118f02820bd932f2e4b14ad3","name":"admin","image":{"@type":"ImageObject","inLanguage":"pt-BR","@id":"https:\/\/franciscanos.org.br\/noticias\/#\/schema\/person\/image\/","url":"https:\/\/secure.gravatar.com\/avatar\/e8495742d34d0ba6448ea1c628263b3e?s=96&d=mm&r=g","contentUrl":"https:\/\/secure.gravatar.com\/avatar\/e8495742d34d0ba6448ea1c628263b3e?s=96&d=mm&r=g","caption":"admin"},"url":"https:\/\/franciscanos.org.br\/noticias\/author\/admin"}]}},"_links":{"self":[{"href":"https:\/\/franciscanos.org.br\/noticias\/wp-json\/wp\/v2\/posts\/209858"}],"collection":[{"href":"https:\/\/franciscanos.org.br\/noticias\/wp-json\/wp\/v2\/posts"}],"about":[{"href":"https:\/\/franciscanos.org.br\/noticias\/wp-json\/wp\/v2\/types\/post"}],"author":[{"embeddable":true,"href":"https:\/\/franciscanos.org.br\/noticias\/wp-json\/wp\/v2\/users\/1"}],"replies":[{"embeddable":true,"href":"https:\/\/franciscanos.org.br\/noticias\/wp-json\/wp\/v2\/comments?post=209858"}],"version-history":[{"count":0,"href":"https:\/\/franciscanos.org.br\/noticias\/wp-json\/wp\/v2\/posts\/209858\/revisions"}],"wp:featuredmedia":[{"embeddable":true,"href":"https:\/\/franciscanos.org.br\/noticias\/wp-json\/wp\/v2\/media\/209866"}],"wp:attachment":[{"href":"https:\/\/franciscanos.org.br\/noticias\/wp-json\/wp\/v2\/media?parent=209858"}],"wp:term":[{"taxonomy":"category","embeddable":true,"href":"https:\/\/franciscanos.org.br\/noticias\/wp-json\/wp\/v2\/categories?post=209858"},{"taxonomy":"post_tag","embeddable":true,"href":"https:\/\/franciscanos.org.br\/noticias\/wp-json\/wp\/v2\/tags?post=209858"}],"curies":[{"name":"wp","href":"https:\/\/api.w.org\/{rel}","templated":true}]}}