{"id":209849,"date":"2019-08-26T13:02:50","date_gmt":"2019-08-26T16:02:50","guid":{"rendered":"https:\/\/franciscanos.org.br\/noticias\/?p=209849"},"modified":"2019-08-26T13:05:01","modified_gmt":"2019-08-26T16:05:01","slug":"72-jovens-participam-do-1o-acampamento-vocacional-em-agudos","status":"publish","type":"post","link":"https:\/\/franciscanos.org.br\/noticias\/72-jovens-participam-do-1o-acampamento-vocacional-em-agudos.html","title":{"rendered":"72 jovens participam do 1\u00ba Acampamento Vocacional em Agudos"},"content":{"rendered":"<p><img loading=\"lazy\" class=\"alignnone size-full wp-image-209852\" src=\"https:\/\/franciscanos.org.br\/noticias\/wp-content\/uploads\/2019\/08\/acampamento_250819-g.jpg\" alt=\"\" width=\"890\" height=\"500\" srcset=\"https:\/\/franciscanos.org.br\/noticias\/wp-content\/uploads\/2019\/08\/acampamento_250819-g.jpg 890w, https:\/\/franciscanos.org.br\/noticias\/wp-content\/uploads\/2019\/08\/acampamento_250819-g-450x253.jpg 450w, https:\/\/franciscanos.org.br\/noticias\/wp-content\/uploads\/2019\/08\/acampamento_250819-g-768x431.jpg 768w, https:\/\/franciscanos.org.br\/noticias\/wp-content\/uploads\/2019\/08\/acampamento_250819-g-150x84.jpg 150w\" sizes=\"(max-width: 890px) 100vw, 890px\" \/><\/p>\n<p><strong>Agudos (SP) &#8211;<\/strong> Aconteceu entre os dias 24 e 25 de agosto, em Agudos, no interior de S\u00e3o Paulo, o 1\u00ba Acampamento Vocacional da Juventude \u2018Frei Carlos Pierezan\u2019, cujo tema foi a celebra\u00e7\u00e3o dos 800 anos do encontro de S\u00e3o Francisco com o sult\u00e3o em Damieta, no Egito. O evento recebeu 72 jovens, vindos de v\u00e1rios munic\u00edpios do Estado, como Bauru, Araraquara, S\u00e3o Jos\u00e9 do Rio Pardo e S\u00e3o Paulo.<\/p>\n<p>O evento come\u00e7ou com uma caminhada na Comunidade S\u00e3o Francisco de Assis, da Par\u00f3quia S\u00e3o Paulo Ap\u00f3stolo, rumo ao Semin\u00e1rio Santo Ant\u00f4nio. Durante o trajeto, houveram paradas onde algumas pastorais apresentaram encena\u00e7\u00f5es que retratavam epis\u00f3dios da vida de S\u00e3o Francisco, como o encontro com a irm\u00e3 pobreza e o pr\u00f3prio encontro com o sult\u00e3o. Al\u00e9m disso, na pra\u00e7a da Prefeitura, foi feito o abra\u00e7o da paz, seguido da Consagra\u00e7\u00e3o \u00e0 Nossa Senhora, presidida pelo vig\u00e1rio paroquial, Frei Pedro do Nascimento Viana.<\/p>\n<p>Para a jovem Thamires de Bortolli, a caminhada deu um novo vigor aos participantes. \u201cPudemos ver que, mesmo diante do sol e do cansa\u00e7o, somos fortes e capazes de sempre dar um passo a frente. Sentimos a alegria das pessoas que nos encontravam na rua e a acolhida e o carinho daquelas que nos esperavam em cada par\u00f3quia. Era Deus mostrando seu cuidado atrav\u00e9s das pessoas em nosso caminho\u201d, pontuou a participante.<\/p>\n<p>No semin\u00e1rio, os jovens foram acolhidos pelos frades. \u00c0 noite, eles participaram de um luau coordenado pelo casal Maur\u00edcio e Mariana, que vieram de Maring\u00e1 para o evento, levando os jovens a refletir sobre a alteridade e o encontro com o diferente, seguido de m\u00edstica, adora\u00e7\u00e3o Eucar\u00edstica e b\u00ean\u00e7\u00e3o, conduzidos por Frei Diego Melo, coordenador do Servi\u00e7o de Anima\u00e7\u00e3o Vocacional da Prov\u00edncia (SAV).<\/p>\n<p>Para Carlos Neto, de Bauru, a m\u00edstica foi um dos momentos marcantes do encontro. &#8220;Acredito que os jovens tiveram um espa\u00e7o para reconhecer Deus que habita no irm\u00e3o e conversar com Ele, ter intimidade com o sagrado que mora no diferente e que supera as diferen\u00e7as. Sem d\u00favida, esse momento de di\u00e1logo com o Deus que est\u00e1 no outro, norteado pelo dialogo de Francisco com o Sult\u00e3o, prop\u00f4s aos jovens uma experi\u00eancia de conviv\u00eancia fraterna, t\u00e3o necess\u00e1ria em nosso mundo dividido por conflitos&#8221;, afirmou o jovem.<\/p>\n<p>Na manh\u00e3 seguinte, houve uma dan\u00e7a circular coordenada por Rosana Padial, que buscou conectar os jovens com Deus e com a natureza por meio da express\u00e3o corporal. Ent\u00e3o, na igreja do semin\u00e1rio, Frei Diego Melo presidiu a Celebra\u00e7\u00e3o de encerramento. Em sua homilia, ele recordou a import\u00e2ncia de passar pela porta estreita, como falava o Evangelho do dia. Nos ritos finais, foi apresentada uma homenagem feita a Frei Carlos Pierezan, falecido em mar\u00e7o deste ano e que foi um grande incentivador das atividades da juventude em Agudos.<\/p>\n<p>Para Thamires, o encontro foi marcado pela lembran\u00e7a de Frei Carlos Pierezan. \u201cN\u00e3o h\u00e1 como expressar suficientemente a emo\u00e7\u00e3o e as lembran\u00e7as que carregamos deste acampamento. A todo momento, em meu cora\u00e7\u00e3o, pude ver claramente o amor de Deus que tantas vezes Frei Carlos nos apresentou atrav\u00e9s de suas palavras e na Eucaristia que ele com tanta felicidade nos trazia. Com certeza ele estava presente em todos os momentos\u201d, afirmou a jovem.<\/p>\n","protected":false},"excerpt":{"rendered":"<p>SAV<\/p>\n","protected":false},"author":1,"featured_media":209853,"comment_status":"open","ping_status":"open","sticky":false,"template":"","format":"standard","meta":[],"categories":[1],"tags":[199,552],"acf":[],"yoast_head":"<!-- This site is optimized with the Yoast SEO plugin v19.2 - https:\/\/yoast.com\/wordpress\/plugins\/seo\/ -->\n<title>72 jovens participam do 1\u00ba Acampamento Vocacional em Agudos - Not\u00edcias - Franciscanos<\/title>\n<meta name=\"robots\" content=\"index, follow, max-snippet:-1, max-image-preview:large, max-video-preview:-1\" \/>\n<link rel=\"canonical\" href=\"https:\/\/franciscanos.org.br\/noticias\/72-jovens-participam-do-1o-acampamento-vocacional-em-agudos.html\" \/>\n<meta property=\"og:locale\" content=\"pt_BR\" \/>\n<meta property=\"og:type\" content=\"article\" \/>\n<meta property=\"og:title\" content=\"72 jovens participam do 1\u00ba Acampamento Vocacional em Agudos - Not\u00edcias - Franciscanos\" \/>\n<meta property=\"og:description\" content=\"SAV\" \/>\n<meta property=\"og:url\" content=\"https:\/\/franciscanos.org.br\/noticias\/72-jovens-participam-do-1o-acampamento-vocacional-em-agudos.html\" \/>\n<meta property=\"og:site_name\" content=\"Not\u00edcias - Franciscanos\" \/>\n<meta property=\"article:published_time\" content=\"2019-08-26T16:02:50+00:00\" \/>\n<meta property=\"article:modified_time\" content=\"2019-08-26T16:05:01+00:00\" \/>\n<meta property=\"og:image\" content=\"https:\/\/franciscanos.org.br\/noticias\/wp-content\/uploads\/2019\/08\/acampamento_250819-p.jpg\" \/>\n\t<meta property=\"og:image:width\" content=\"273\" \/>\n\t<meta property=\"og:image:height\" content=\"181\" \/>\n\t<meta property=\"og:image:type\" content=\"image\/jpeg\" \/>\n<meta name=\"author\" content=\"admin\" \/>\n<meta name=\"twitter:card\" content=\"summary_large_image\" \/>\n<meta name=\"twitter:label1\" content=\"Escrito por\" \/>\n\t<meta name=\"twitter:data1\" content=\"admin\" \/>\n\t<meta name=\"twitter:label2\" content=\"Est. tempo de leitura\" \/>\n\t<meta name=\"twitter:data2\" content=\"3 minutos\" \/>\n<script type=\"application\/ld+json\" class=\"yoast-schema-graph\">{\"@context\":\"https:\/\/schema.org\",\"@graph\":[{\"@type\":\"WebSite\",\"@id\":\"https:\/\/franciscanos.org.br\/noticias\/#website\",\"url\":\"https:\/\/franciscanos.org.br\/noticias\/\",\"name\":\"Not\u00edcias - Franciscanos\",\"description\":\"Prov\u00edncia Franciscana da Imaculada Concei\u00e7\u00e3o do Brasil - Ordem dos Frades Menores - OFM\",\"potentialAction\":[{\"@type\":\"SearchAction\",\"target\":{\"@type\":\"EntryPoint\",\"urlTemplate\":\"https:\/\/franciscanos.org.br\/noticias\/?s={search_term_string}\"},\"query-input\":\"required name=search_term_string\"}],\"inLanguage\":\"pt-BR\"},{\"@type\":\"ImageObject\",\"inLanguage\":\"pt-BR\",\"@id\":\"https:\/\/franciscanos.org.br\/noticias\/72-jovens-participam-do-1o-acampamento-vocacional-em-agudos.html#primaryimage\",\"url\":\"https:\/\/franciscanos.org.br\/noticias\/wp-content\/uploads\/2019\/08\/acampamento_250819-p.jpg\",\"contentUrl\":\"https:\/\/franciscanos.org.br\/noticias\/wp-content\/uploads\/2019\/08\/acampamento_250819-p.jpg\",\"width\":273,\"height\":181},{\"@type\":\"WebPage\",\"@id\":\"https:\/\/franciscanos.org.br\/noticias\/72-jovens-participam-do-1o-acampamento-vocacional-em-agudos.html#webpage\",\"url\":\"https:\/\/franciscanos.org.br\/noticias\/72-jovens-participam-do-1o-acampamento-vocacional-em-agudos.html\",\"name\":\"72 jovens participam do 1\u00ba Acampamento Vocacional em Agudos - Not\u00edcias - Franciscanos\",\"isPartOf\":{\"@id\":\"https:\/\/franciscanos.org.br\/noticias\/#website\"},\"primaryImageOfPage\":{\"@id\":\"https:\/\/franciscanos.org.br\/noticias\/72-jovens-participam-do-1o-acampamento-vocacional-em-agudos.html#primaryimage\"},\"datePublished\":\"2019-08-26T16:02:50+00:00\",\"dateModified\":\"2019-08-26T16:05:01+00:00\",\"author\":{\"@id\":\"https:\/\/franciscanos.org.br\/noticias\/#\/schema\/person\/b38fbf43118f02820bd932f2e4b14ad3\"},\"breadcrumb\":{\"@id\":\"https:\/\/franciscanos.org.br\/noticias\/72-jovens-participam-do-1o-acampamento-vocacional-em-agudos.html#breadcrumb\"},\"inLanguage\":\"pt-BR\",\"potentialAction\":[{\"@type\":\"ReadAction\",\"target\":[\"https:\/\/franciscanos.org.br\/noticias\/72-jovens-participam-do-1o-acampamento-vocacional-em-agudos.html\"]}]},{\"@type\":\"BreadcrumbList\",\"@id\":\"https:\/\/franciscanos.org.br\/noticias\/72-jovens-participam-do-1o-acampamento-vocacional-em-agudos.html#breadcrumb\",\"itemListElement\":[{\"@type\":\"ListItem\",\"position\":1,\"name\":\"Home\",\"item\":\"https:\/\/franciscanos.org.br\/noticias\"},{\"@type\":\"ListItem\",\"position\":2,\"name\":\"72 jovens participam do 1\u00ba Acampamento Vocacional em Agudos\"}]},{\"@type\":\"Person\",\"@id\":\"https:\/\/franciscanos.org.br\/noticias\/#\/schema\/person\/b38fbf43118f02820bd932f2e4b14ad3\",\"name\":\"admin\",\"image\":{\"@type\":\"ImageObject\",\"inLanguage\":\"pt-BR\",\"@id\":\"https:\/\/franciscanos.org.br\/noticias\/#\/schema\/person\/image\/\",\"url\":\"https:\/\/secure.gravatar.com\/avatar\/e8495742d34d0ba6448ea1c628263b3e?s=96&d=mm&r=g\",\"contentUrl\":\"https:\/\/secure.gravatar.com\/avatar\/e8495742d34d0ba6448ea1c628263b3e?s=96&d=mm&r=g\",\"caption\":\"admin\"},\"url\":\"https:\/\/franciscanos.org.br\/noticias\/author\/admin\"}]}<\/script>\n<!-- \/ Yoast SEO plugin. -->","yoast_head_json":{"title":"72 jovens participam do 1\u00ba Acampamento Vocacional em Agudos - Not\u00edcias - Franciscanos","robots":{"index":"index","follow":"follow","max-snippet":"max-snippet:-1","max-image-preview":"max-image-preview:large","max-video-preview":"max-video-preview:-1"},"canonical":"https:\/\/franciscanos.org.br\/noticias\/72-jovens-participam-do-1o-acampamento-vocacional-em-agudos.html","og_locale":"pt_BR","og_type":"article","og_title":"72 jovens participam do 1\u00ba Acampamento Vocacional em Agudos - Not\u00edcias - Franciscanos","og_description":"SAV","og_url":"https:\/\/franciscanos.org.br\/noticias\/72-jovens-participam-do-1o-acampamento-vocacional-em-agudos.html","og_site_name":"Not\u00edcias - Franciscanos","article_published_time":"2019-08-26T16:02:50+00:00","article_modified_time":"2019-08-26T16:05:01+00:00","og_image":[{"width":273,"height":181,"url":"https:\/\/franciscanos.org.br\/noticias\/wp-content\/uploads\/2019\/08\/acampamento_250819-p.jpg","type":"image\/jpeg"}],"author":"admin","twitter_card":"summary_large_image","twitter_misc":{"Escrito por":"admin","Est. tempo de leitura":"3 minutos"},"schema":{"@context":"https:\/\/schema.org","@graph":[{"@type":"WebSite","@id":"https:\/\/franciscanos.org.br\/noticias\/#website","url":"https:\/\/franciscanos.org.br\/noticias\/","name":"Not\u00edcias - Franciscanos","description":"Prov\u00edncia Franciscana da Imaculada Concei\u00e7\u00e3o do Brasil - Ordem dos Frades Menores - OFM","potentialAction":[{"@type":"SearchAction","target":{"@type":"EntryPoint","urlTemplate":"https:\/\/franciscanos.org.br\/noticias\/?s={search_term_string}"},"query-input":"required name=search_term_string"}],"inLanguage":"pt-BR"},{"@type":"ImageObject","inLanguage":"pt-BR","@id":"https:\/\/franciscanos.org.br\/noticias\/72-jovens-participam-do-1o-acampamento-vocacional-em-agudos.html#primaryimage","url":"https:\/\/franciscanos.org.br\/noticias\/wp-content\/uploads\/2019\/08\/acampamento_250819-p.jpg","contentUrl":"https:\/\/franciscanos.org.br\/noticias\/wp-content\/uploads\/2019\/08\/acampamento_250819-p.jpg","width":273,"height":181},{"@type":"WebPage","@id":"https:\/\/franciscanos.org.br\/noticias\/72-jovens-participam-do-1o-acampamento-vocacional-em-agudos.html#webpage","url":"https:\/\/franciscanos.org.br\/noticias\/72-jovens-participam-do-1o-acampamento-vocacional-em-agudos.html","name":"72 jovens participam do 1\u00ba Acampamento Vocacional em Agudos - Not\u00edcias - Franciscanos","isPartOf":{"@id":"https:\/\/franciscanos.org.br\/noticias\/#website"},"primaryImageOfPage":{"@id":"https:\/\/franciscanos.org.br\/noticias\/72-jovens-participam-do-1o-acampamento-vocacional-em-agudos.html#primaryimage"},"datePublished":"2019-08-26T16:02:50+00:00","dateModified":"2019-08-26T16:05:01+00:00","author":{"@id":"https:\/\/franciscanos.org.br\/noticias\/#\/schema\/person\/b38fbf43118f02820bd932f2e4b14ad3"},"breadcrumb":{"@id":"https:\/\/franciscanos.org.br\/noticias\/72-jovens-participam-do-1o-acampamento-vocacional-em-agudos.html#breadcrumb"},"inLanguage":"pt-BR","potentialAction":[{"@type":"ReadAction","target":["https:\/\/franciscanos.org.br\/noticias\/72-jovens-participam-do-1o-acampamento-vocacional-em-agudos.html"]}]},{"@type":"BreadcrumbList","@id":"https:\/\/franciscanos.org.br\/noticias\/72-jovens-participam-do-1o-acampamento-vocacional-em-agudos.html#breadcrumb","itemListElement":[{"@type":"ListItem","position":1,"name":"Home","item":"https:\/\/franciscanos.org.br\/noticias"},{"@type":"ListItem","position":2,"name":"72 jovens participam do 1\u00ba Acampamento Vocacional em Agudos"}]},{"@type":"Person","@id":"https:\/\/franciscanos.org.br\/noticias\/#\/schema\/person\/b38fbf43118f02820bd932f2e4b14ad3","name":"admin","image":{"@type":"ImageObject","inLanguage":"pt-BR","@id":"https:\/\/franciscanos.org.br\/noticias\/#\/schema\/person\/image\/","url":"https:\/\/secure.gravatar.com\/avatar\/e8495742d34d0ba6448ea1c628263b3e?s=96&d=mm&r=g","contentUrl":"https:\/\/secure.gravatar.com\/avatar\/e8495742d34d0ba6448ea1c628263b3e?s=96&d=mm&r=g","caption":"admin"},"url":"https:\/\/franciscanos.org.br\/noticias\/author\/admin"}]}},"_links":{"self":[{"href":"https:\/\/franciscanos.org.br\/noticias\/wp-json\/wp\/v2\/posts\/209849"}],"collection":[{"href":"https:\/\/franciscanos.org.br\/noticias\/wp-json\/wp\/v2\/posts"}],"about":[{"href":"https:\/\/franciscanos.org.br\/noticias\/wp-json\/wp\/v2\/types\/post"}],"author":[{"embeddable":true,"href":"https:\/\/franciscanos.org.br\/noticias\/wp-json\/wp\/v2\/users\/1"}],"replies":[{"embeddable":true,"href":"https:\/\/franciscanos.org.br\/noticias\/wp-json\/wp\/v2\/comments?post=209849"}],"version-history":[{"count":0,"href":"https:\/\/franciscanos.org.br\/noticias\/wp-json\/wp\/v2\/posts\/209849\/revisions"}],"wp:featuredmedia":[{"embeddable":true,"href":"https:\/\/franciscanos.org.br\/noticias\/wp-json\/wp\/v2\/media\/209853"}],"wp:attachment":[{"href":"https:\/\/franciscanos.org.br\/noticias\/wp-json\/wp\/v2\/media?parent=209849"}],"wp:term":[{"taxonomy":"category","embeddable":true,"href":"https:\/\/franciscanos.org.br\/noticias\/wp-json\/wp\/v2\/categories?post=209849"},{"taxonomy":"post_tag","embeddable":true,"href":"https:\/\/franciscanos.org.br\/noticias\/wp-json\/wp\/v2\/tags?post=209849"}],"curies":[{"name":"wp","href":"https:\/\/api.w.org\/{rel}","templated":true}]}}