{"id":209842,"date":"2019-08-25T10:50:53","date_gmt":"2019-08-25T13:50:53","guid":{"rendered":"https:\/\/franciscanos.org.br\/noticias\/?p=209842"},"modified":"2020-06-05T13:56:28","modified_gmt":"2020-06-05T16:56:28","slug":"a-salvacao-e-para-todos-mas-requer-esforco-e-perseveranca-na-fe","status":"publish","type":"post","link":"https:\/\/franciscanos.org.br\/noticias\/a-salvacao-e-para-todos-mas-requer-esforco-e-perseveranca-na-fe.html","title":{"rendered":"A salva\u00e7\u00e3o \u00e9 para todos, mas requer esfor\u00e7o e perseveran\u00e7a na f\u00e9"},"content":{"rendered":"<p><img loading=\"lazy\" class=\"alignnone size-full wp-image-209844\" src=\"https:\/\/franciscanos.org.br\/noticias\/wp-content\/uploads\/2019\/08\/angelus_250919-g.png\" alt=\"\" width=\"890\" height=\"500\" srcset=\"https:\/\/franciscanos.org.br\/noticias\/wp-content\/uploads\/2019\/08\/angelus_250919-g.png 890w, https:\/\/franciscanos.org.br\/noticias\/wp-content\/uploads\/2019\/08\/angelus_250919-g-450x253.png 450w, https:\/\/franciscanos.org.br\/noticias\/wp-content\/uploads\/2019\/08\/angelus_250919-g-768x431.png 768w, https:\/\/franciscanos.org.br\/noticias\/wp-content\/uploads\/2019\/08\/angelus_250919-g-150x84.png 150w\" sizes=\"(max-width: 890px) 100vw, 890px\" \/><\/p>\n<p><strong>Cidade do Vaticano &#8211;<\/strong> Os milhares de peregrinos que acompanharam a Ora\u00e7\u00e3o Mariana do Angelus com o Papa Francisco neste domingo (25), na Pra\u00e7a S\u00e3o Pedro ou ao redor do mundo, viram a preocupa\u00e7\u00e3o do Pont\u00edfice em rela\u00e7\u00e3o aos inc\u00eandios na Amaz\u00f4nia, mas tamb\u00e9m meditaram sobre o Evangelho de hoje (cfr Lc 13,22-30).<\/p>\n<p>O trecho de S\u00e3o Lucas \u201capresenta Jesus que passa ensinando pelas cidades e povoados, at\u00e9 Jerusal\u00e9m, onde sabe que deve morrer na cruz para a salva\u00e7\u00e3o de todos os homens\u201d. Nesse contexto, algu\u00e9m perguntou a Ele se era verdade que poucos se salvariam, uma quest\u00e3o muito debatida naquele per\u00edodo, devido \u00e0s diversas maneiras de interpreta\u00e7\u00e3o das Escrituras. E Jesus respondeu, convidando \u201ca usar bem o tempo presente\u201d e fazendo \u201ctodo esfor\u00e7o poss\u00edvel para entrar pela porta estreita\u201d. \u201c Com essas palavras, Jesus mostra que n\u00e3o \u00e9 quest\u00e3o de n\u00famero, n\u00e3o existe o \u201cn\u00famero fechado\u201d no Para\u00edso! Mas se trata de atravessar, desde j\u00e1, a passagem certa, e essa passagem certa \u00e9 para todos, mas \u00e9 estreita. \u201d<\/p>\n<p>&#8220;Esse \u00e9 o problema. Jesus n\u00e3o quer nos iludir, dizendo: \u201cSim, fiquem tranquilos, \u00e9 f\u00e1cil, existe uma bonita estrada e, l\u00e1 no final, um grande port\u00e3o&#8230;\u201d. N\u00e3o fala isso: nos fala da porta estreita. Nos diz as coisas como s\u00e3o: a passagem \u00e9 estreita. Em que sentido? No sentido que, para se salvar, \u00e9 preciso amar a Deus e ao pr\u00f3ximo, e isso n\u00e3o \u00e9 confort\u00e1vel! \u00c9 uma \u201cporta estreita\u201d porque \u00e9 exigente, o amor \u00e9 exigente sempre, requer empenho, ou melhor, \u201cesfor\u00e7o\u201d, isto \u00e9, uma vontade decidida e perseverante de viver segundo o Evangelho. S\u00e3o Paulo chama isso de \u201co bom combate da f\u00e9\u201d (1Tm 6,12). \u00c9 preciso o esfor\u00e7o de todos os dias, de cada dia para amar Deus e o pr\u00f3ximo.&#8221;<\/p>\n<p><strong>O chamado \u00e0 vida coerente e pr\u00f3xima a Jesus<\/strong><\/p>\n<p>Jesus usa de uma par\u00e1bola para se explicar melhor e para insistir em fazer o bem nesta vida, independente do t\u00edtulo e do cargo que exerce: \u201c O Senhor vai nos reconhecer n\u00e3o pelos nossos t\u00edtulos. \u2018Mas olha, Senhor, que eu participava daquela associa\u00e7\u00e3o, que eu era amigo de tal monsenhor, de tal cardeal, de tal padre&#8230;\u2019. N\u00e3o, os t\u00edtulos n\u00e3o contam, n\u00e3o contam. O Senhor vai nos reconhecer somente por uma vida humilde, uma vida boa, uma vida de f\u00e9 que se traduz nas obras. \u201d<\/p>\n<p>O Papa, ent\u00e3o, continua motivando e nos conduzindo para esse percurso di\u00e1rio. &#8220;Para n\u00f3s, crist\u00e3os, isso significa que somos chamados a instaurar uma verdadeira comunh\u00e3o com Jesus, rezando, indo na igreja, nos aproximando dos Sacramentos e nos nutrindo da sua Palavra. Isso nos mant\u00eam na f\u00e9, nutre a nossa esperan\u00e7a, reaviva a caridade. E, assim, com a gra\u00e7a de Deus, podemos e devemos dedicar a nossa vida pelo bem dos irm\u00e3os, lutar contra qualquer forma de mal e de injusti\u00e7a.&#8221;<\/p>\n<p><strong>Maria, Porta do c\u00e9u<\/strong><\/p>\n<p>Ao finalizar, o Papa diz que a primeira pessoa a nos ajudar nessa dedica\u00e7\u00e3o pelo bem \u00e9 a Nossa Senhora: \u201c Ela atravessou a porta estreita que \u00e9 Jesus, o acolheu com todo o cora\u00e7\u00e3o e o seguiu todo todos os dias da sua vida, inclusive quando n\u00e3o entendia, inclusive quando uma espada perfurava a sua alma. Por isso a invocamos como \u201cPorta do c\u00e9u\u201d: Maria, Porta do c\u00e9u; uma porta que reflete exatamente a forma de Jesus: a porta do cora\u00e7\u00e3o de Deus, cora\u00e7\u00e3o exigente, mas aberto a todos n\u00f3s. \u201d<\/p>\n<p><strong>APELO EM PROL DA AMAZ\u00d4NIA<\/strong><\/p>\n<div class=\"article__text\">\n<p>Depois de chefes de Estado da Am\u00e9rica e da Europa, e dos bispos das Confer\u00eancias Episcopais da Am\u00e9rica Latina se manifestarem a respeito dos inc\u00eandios que v\u00eam devastando a regi\u00e3o amaz\u00f4nica, o Pont\u00edfice tamb\u00e9m demonstrou a sua preocupa\u00e7\u00e3o com aquele que \u00e9 \u201co pulm\u00e3o de florestas vital para o planeta\u201d. \u201cEstamos todos preocupados com os grandes inc\u00eandios que se desenvolveram na Amaz\u00f4nia. Oremos para que, com o empenho de todos, sejam controlados o quanto antes. Aquele pulm\u00e3o de florestas \u00e9 vital para o nosso planeta\u201d, pediu o Pont\u00edfice.<\/p>\n<hr \/>\n<p><em>Fonte: Vatican News<\/em><\/p>\n<\/div>\n","protected":false},"excerpt":{"rendered":"<p>Angelus<\/p>\n","protected":false},"author":1,"featured_media":209843,"comment_status":"open","ping_status":"open","sticky":false,"template":"","format":"standard","meta":[],"categories":[1428],"tags":[403,55],"acf":[],"yoast_head":"<!-- This site is optimized with the Yoast SEO plugin v19.2 - https:\/\/yoast.com\/wordpress\/plugins\/seo\/ -->\n<title>A salva\u00e7\u00e3o \u00e9 para todos, mas requer esfor\u00e7o e perseveran\u00e7a na f\u00e9 - Not\u00edcias - Franciscanos<\/title>\n<meta name=\"robots\" content=\"index, follow, max-snippet:-1, max-image-preview:large, max-video-preview:-1\" \/>\n<link rel=\"canonical\" href=\"https:\/\/franciscanos.org.br\/noticias\/a-salvacao-e-para-todos-mas-requer-esforco-e-perseveranca-na-fe.html\" \/>\n<meta property=\"og:locale\" content=\"pt_BR\" \/>\n<meta property=\"og:type\" content=\"article\" \/>\n<meta property=\"og:title\" content=\"A salva\u00e7\u00e3o \u00e9 para todos, mas requer esfor\u00e7o e perseveran\u00e7a na f\u00e9 - Not\u00edcias - Franciscanos\" \/>\n<meta property=\"og:description\" content=\"Angelus\" \/>\n<meta property=\"og:url\" content=\"https:\/\/franciscanos.org.br\/noticias\/a-salvacao-e-para-todos-mas-requer-esforco-e-perseveranca-na-fe.html\" \/>\n<meta property=\"og:site_name\" content=\"Not\u00edcias - Franciscanos\" \/>\n<meta property=\"article:published_time\" content=\"2019-08-25T13:50:53+00:00\" \/>\n<meta property=\"article:modified_time\" content=\"2020-06-05T16:56:28+00:00\" \/>\n<meta property=\"og:image\" content=\"https:\/\/franciscanos.org.br\/noticias\/wp-content\/uploads\/2019\/08\/angelus_250919-p.png\" \/>\n\t<meta property=\"og:image:width\" content=\"273\" \/>\n\t<meta property=\"og:image:height\" content=\"181\" \/>\n\t<meta property=\"og:image:type\" content=\"image\/png\" \/>\n<meta name=\"author\" content=\"admin\" \/>\n<meta name=\"twitter:card\" content=\"summary_large_image\" \/>\n<meta name=\"twitter:label1\" content=\"Escrito por\" \/>\n\t<meta name=\"twitter:data1\" content=\"admin\" \/>\n\t<meta name=\"twitter:label2\" content=\"Est. tempo de leitura\" \/>\n\t<meta name=\"twitter:data2\" content=\"4 minutos\" \/>\n<script type=\"application\/ld+json\" class=\"yoast-schema-graph\">{\"@context\":\"https:\/\/schema.org\",\"@graph\":[{\"@type\":\"WebSite\",\"@id\":\"https:\/\/franciscanos.org.br\/noticias\/#website\",\"url\":\"https:\/\/franciscanos.org.br\/noticias\/\",\"name\":\"Not\u00edcias - Franciscanos\",\"description\":\"Prov\u00edncia Franciscana da Imaculada Concei\u00e7\u00e3o do Brasil - Ordem dos Frades Menores - OFM\",\"potentialAction\":[{\"@type\":\"SearchAction\",\"target\":{\"@type\":\"EntryPoint\",\"urlTemplate\":\"https:\/\/franciscanos.org.br\/noticias\/?s={search_term_string}\"},\"query-input\":\"required name=search_term_string\"}],\"inLanguage\":\"pt-BR\"},{\"@type\":\"ImageObject\",\"inLanguage\":\"pt-BR\",\"@id\":\"https:\/\/franciscanos.org.br\/noticias\/a-salvacao-e-para-todos-mas-requer-esforco-e-perseveranca-na-fe.html#primaryimage\",\"url\":\"https:\/\/franciscanos.org.br\/noticias\/wp-content\/uploads\/2019\/08\/angelus_250919-p.png\",\"contentUrl\":\"https:\/\/franciscanos.org.br\/noticias\/wp-content\/uploads\/2019\/08\/angelus_250919-p.png\",\"width\":273,\"height\":181},{\"@type\":\"WebPage\",\"@id\":\"https:\/\/franciscanos.org.br\/noticias\/a-salvacao-e-para-todos-mas-requer-esforco-e-perseveranca-na-fe.html#webpage\",\"url\":\"https:\/\/franciscanos.org.br\/noticias\/a-salvacao-e-para-todos-mas-requer-esforco-e-perseveranca-na-fe.html\",\"name\":\"A salva\u00e7\u00e3o \u00e9 para todos, mas requer esfor\u00e7o e perseveran\u00e7a na f\u00e9 - Not\u00edcias - Franciscanos\",\"isPartOf\":{\"@id\":\"https:\/\/franciscanos.org.br\/noticias\/#website\"},\"primaryImageOfPage\":{\"@id\":\"https:\/\/franciscanos.org.br\/noticias\/a-salvacao-e-para-todos-mas-requer-esforco-e-perseveranca-na-fe.html#primaryimage\"},\"datePublished\":\"2019-08-25T13:50:53+00:00\",\"dateModified\":\"2020-06-05T16:56:28+00:00\",\"author\":{\"@id\":\"https:\/\/franciscanos.org.br\/noticias\/#\/schema\/person\/b38fbf43118f02820bd932f2e4b14ad3\"},\"breadcrumb\":{\"@id\":\"https:\/\/franciscanos.org.br\/noticias\/a-salvacao-e-para-todos-mas-requer-esforco-e-perseveranca-na-fe.html#breadcrumb\"},\"inLanguage\":\"pt-BR\",\"potentialAction\":[{\"@type\":\"ReadAction\",\"target\":[\"https:\/\/franciscanos.org.br\/noticias\/a-salvacao-e-para-todos-mas-requer-esforco-e-perseveranca-na-fe.html\"]}]},{\"@type\":\"BreadcrumbList\",\"@id\":\"https:\/\/franciscanos.org.br\/noticias\/a-salvacao-e-para-todos-mas-requer-esforco-e-perseveranca-na-fe.html#breadcrumb\",\"itemListElement\":[{\"@type\":\"ListItem\",\"position\":1,\"name\":\"Home\",\"item\":\"https:\/\/franciscanos.org.br\/noticias\"},{\"@type\":\"ListItem\",\"position\":2,\"name\":\"A salva\u00e7\u00e3o \u00e9 para todos, mas requer esfor\u00e7o e perseveran\u00e7a na f\u00e9\"}]},{\"@type\":\"Person\",\"@id\":\"https:\/\/franciscanos.org.br\/noticias\/#\/schema\/person\/b38fbf43118f02820bd932f2e4b14ad3\",\"name\":\"admin\",\"image\":{\"@type\":\"ImageObject\",\"inLanguage\":\"pt-BR\",\"@id\":\"https:\/\/franciscanos.org.br\/noticias\/#\/schema\/person\/image\/\",\"url\":\"https:\/\/secure.gravatar.com\/avatar\/e8495742d34d0ba6448ea1c628263b3e?s=96&d=mm&r=g\",\"contentUrl\":\"https:\/\/secure.gravatar.com\/avatar\/e8495742d34d0ba6448ea1c628263b3e?s=96&d=mm&r=g\",\"caption\":\"admin\"},\"url\":\"https:\/\/franciscanos.org.br\/noticias\/author\/admin\"}]}<\/script>\n<!-- \/ Yoast SEO plugin. -->","yoast_head_json":{"title":"A salva\u00e7\u00e3o \u00e9 para todos, mas requer esfor\u00e7o e perseveran\u00e7a na f\u00e9 - Not\u00edcias - Franciscanos","robots":{"index":"index","follow":"follow","max-snippet":"max-snippet:-1","max-image-preview":"max-image-preview:large","max-video-preview":"max-video-preview:-1"},"canonical":"https:\/\/franciscanos.org.br\/noticias\/a-salvacao-e-para-todos-mas-requer-esforco-e-perseveranca-na-fe.html","og_locale":"pt_BR","og_type":"article","og_title":"A salva\u00e7\u00e3o \u00e9 para todos, mas requer esfor\u00e7o e perseveran\u00e7a na f\u00e9 - Not\u00edcias - Franciscanos","og_description":"Angelus","og_url":"https:\/\/franciscanos.org.br\/noticias\/a-salvacao-e-para-todos-mas-requer-esforco-e-perseveranca-na-fe.html","og_site_name":"Not\u00edcias - Franciscanos","article_published_time":"2019-08-25T13:50:53+00:00","article_modified_time":"2020-06-05T16:56:28+00:00","og_image":[{"width":273,"height":181,"url":"https:\/\/franciscanos.org.br\/noticias\/wp-content\/uploads\/2019\/08\/angelus_250919-p.png","type":"image\/png"}],"author":"admin","twitter_card":"summary_large_image","twitter_misc":{"Escrito por":"admin","Est. tempo de leitura":"4 minutos"},"schema":{"@context":"https:\/\/schema.org","@graph":[{"@type":"WebSite","@id":"https:\/\/franciscanos.org.br\/noticias\/#website","url":"https:\/\/franciscanos.org.br\/noticias\/","name":"Not\u00edcias - Franciscanos","description":"Prov\u00edncia Franciscana da Imaculada Concei\u00e7\u00e3o do Brasil - Ordem dos Frades Menores - OFM","potentialAction":[{"@type":"SearchAction","target":{"@type":"EntryPoint","urlTemplate":"https:\/\/franciscanos.org.br\/noticias\/?s={search_term_string}"},"query-input":"required name=search_term_string"}],"inLanguage":"pt-BR"},{"@type":"ImageObject","inLanguage":"pt-BR","@id":"https:\/\/franciscanos.org.br\/noticias\/a-salvacao-e-para-todos-mas-requer-esforco-e-perseveranca-na-fe.html#primaryimage","url":"https:\/\/franciscanos.org.br\/noticias\/wp-content\/uploads\/2019\/08\/angelus_250919-p.png","contentUrl":"https:\/\/franciscanos.org.br\/noticias\/wp-content\/uploads\/2019\/08\/angelus_250919-p.png","width":273,"height":181},{"@type":"WebPage","@id":"https:\/\/franciscanos.org.br\/noticias\/a-salvacao-e-para-todos-mas-requer-esforco-e-perseveranca-na-fe.html#webpage","url":"https:\/\/franciscanos.org.br\/noticias\/a-salvacao-e-para-todos-mas-requer-esforco-e-perseveranca-na-fe.html","name":"A salva\u00e7\u00e3o \u00e9 para todos, mas requer esfor\u00e7o e perseveran\u00e7a na f\u00e9 - Not\u00edcias - Franciscanos","isPartOf":{"@id":"https:\/\/franciscanos.org.br\/noticias\/#website"},"primaryImageOfPage":{"@id":"https:\/\/franciscanos.org.br\/noticias\/a-salvacao-e-para-todos-mas-requer-esforco-e-perseveranca-na-fe.html#primaryimage"},"datePublished":"2019-08-25T13:50:53+00:00","dateModified":"2020-06-05T16:56:28+00:00","author":{"@id":"https:\/\/franciscanos.org.br\/noticias\/#\/schema\/person\/b38fbf43118f02820bd932f2e4b14ad3"},"breadcrumb":{"@id":"https:\/\/franciscanos.org.br\/noticias\/a-salvacao-e-para-todos-mas-requer-esforco-e-perseveranca-na-fe.html#breadcrumb"},"inLanguage":"pt-BR","potentialAction":[{"@type":"ReadAction","target":["https:\/\/franciscanos.org.br\/noticias\/a-salvacao-e-para-todos-mas-requer-esforco-e-perseveranca-na-fe.html"]}]},{"@type":"BreadcrumbList","@id":"https:\/\/franciscanos.org.br\/noticias\/a-salvacao-e-para-todos-mas-requer-esforco-e-perseveranca-na-fe.html#breadcrumb","itemListElement":[{"@type":"ListItem","position":1,"name":"Home","item":"https:\/\/franciscanos.org.br\/noticias"},{"@type":"ListItem","position":2,"name":"A salva\u00e7\u00e3o \u00e9 para todos, mas requer esfor\u00e7o e perseveran\u00e7a na f\u00e9"}]},{"@type":"Person","@id":"https:\/\/franciscanos.org.br\/noticias\/#\/schema\/person\/b38fbf43118f02820bd932f2e4b14ad3","name":"admin","image":{"@type":"ImageObject","inLanguage":"pt-BR","@id":"https:\/\/franciscanos.org.br\/noticias\/#\/schema\/person\/image\/","url":"https:\/\/secure.gravatar.com\/avatar\/e8495742d34d0ba6448ea1c628263b3e?s=96&d=mm&r=g","contentUrl":"https:\/\/secure.gravatar.com\/avatar\/e8495742d34d0ba6448ea1c628263b3e?s=96&d=mm&r=g","caption":"admin"},"url":"https:\/\/franciscanos.org.br\/noticias\/author\/admin"}]}},"_links":{"self":[{"href":"https:\/\/franciscanos.org.br\/noticias\/wp-json\/wp\/v2\/posts\/209842"}],"collection":[{"href":"https:\/\/franciscanos.org.br\/noticias\/wp-json\/wp\/v2\/posts"}],"about":[{"href":"https:\/\/franciscanos.org.br\/noticias\/wp-json\/wp\/v2\/types\/post"}],"author":[{"embeddable":true,"href":"https:\/\/franciscanos.org.br\/noticias\/wp-json\/wp\/v2\/users\/1"}],"replies":[{"embeddable":true,"href":"https:\/\/franciscanos.org.br\/noticias\/wp-json\/wp\/v2\/comments?post=209842"}],"version-history":[{"count":1,"href":"https:\/\/franciscanos.org.br\/noticias\/wp-json\/wp\/v2\/posts\/209842\/revisions"}],"predecessor-version":[{"id":224271,"href":"https:\/\/franciscanos.org.br\/noticias\/wp-json\/wp\/v2\/posts\/209842\/revisions\/224271"}],"wp:featuredmedia":[{"embeddable":true,"href":"https:\/\/franciscanos.org.br\/noticias\/wp-json\/wp\/v2\/media\/209843"}],"wp:attachment":[{"href":"https:\/\/franciscanos.org.br\/noticias\/wp-json\/wp\/v2\/media?parent=209842"}],"wp:term":[{"taxonomy":"category","embeddable":true,"href":"https:\/\/franciscanos.org.br\/noticias\/wp-json\/wp\/v2\/categories?post=209842"},{"taxonomy":"post_tag","embeddable":true,"href":"https:\/\/franciscanos.org.br\/noticias\/wp-json\/wp\/v2\/tags?post=209842"}],"curies":[{"name":"wp","href":"https:\/\/api.w.org\/{rel}","templated":true}]}}