{"id":209837,"date":"2019-08-24T21:41:04","date_gmt":"2019-08-25T00:41:04","guid":{"rendered":"https:\/\/franciscanos.org.br\/noticias\/?p=209837"},"modified":"2019-08-24T21:41:04","modified_gmt":"2019-08-25T00:41:04","slug":"eleito-o-novo-conselho-diretor-da-familia-franciscana-do-brasil","status":"publish","type":"post","link":"https:\/\/franciscanos.org.br\/noticias\/eleito-o-novo-conselho-diretor-da-familia-franciscana-do-brasil.html","title":{"rendered":"Eleito o novo Conselho Diretor da Fam\u00edlia Franciscana do Brasil"},"content":{"rendered":"<p><img loading=\"lazy\" class=\"alignnone size-full wp-image-209838\" src=\"https:\/\/franciscanos.org.br\/noticias\/wp-content\/uploads\/2019\/08\/cffb_240819-g.png\" alt=\"\" width=\"890\" height=\"500\" srcset=\"https:\/\/franciscanos.org.br\/noticias\/wp-content\/uploads\/2019\/08\/cffb_240819-g.png 890w, https:\/\/franciscanos.org.br\/noticias\/wp-content\/uploads\/2019\/08\/cffb_240819-g-450x253.png 450w, https:\/\/franciscanos.org.br\/noticias\/wp-content\/uploads\/2019\/08\/cffb_240819-g-768x431.png 768w, https:\/\/franciscanos.org.br\/noticias\/wp-content\/uploads\/2019\/08\/cffb_240819-g-150x84.png 150w\" sizes=\"(max-width: 890px) 100vw, 890px\" \/><\/p>\n<p><strong>S\u00e3o Paulo (SP) &#8211;<\/strong> Reunida desde o dia 22, a Confer\u00eancia da Fam\u00edlia Franciscana do Brasil (CFFB) elegeu neste s\u00e1bado (24) o novo Conselho Diretor, que ir\u00e1 conduzir a confer\u00eancia no quadri\u00eanio 2019 &#8211; 2023. O encontro aconteceu em Bras\u00edlia (DF) e ser\u00e1 conclu\u00eddo neste domingo (25).<\/p>\n<p>Irm\u00e3 Cleusa Aparecida Neves, religiosa da Congrega\u00e7\u00e3o Nossa Senhora do Amparo \u00e9 a nova presidenta, tendo como vice-presidente Frei Gilson Miguel Nunes, da Ordem dos Frades Menores Conventuais.<\/p>\n<p><img loading=\"lazy\" class=\"alignnone size-full wp-image-209839\" src=\"https:\/\/franciscanos.org.br\/noticias\/wp-content\/uploads\/2019\/08\/cffb_240819-g2.png\" alt=\"\" width=\"890\" height=\"500\" srcset=\"https:\/\/franciscanos.org.br\/noticias\/wp-content\/uploads\/2019\/08\/cffb_240819-g2.png 890w, https:\/\/franciscanos.org.br\/noticias\/wp-content\/uploads\/2019\/08\/cffb_240819-g2-450x253.png 450w, https:\/\/franciscanos.org.br\/noticias\/wp-content\/uploads\/2019\/08\/cffb_240819-g2-768x431.png 768w, https:\/\/franciscanos.org.br\/noticias\/wp-content\/uploads\/2019\/08\/cffb_240819-g2-150x84.png 150w\" sizes=\"(max-width: 890px) 100vw, 890px\" \/><\/p>\n<p>Veja abaixo a nova composi\u00e7\u00e3o do Conselho:<\/p>\n<p><strong>Presidente:<\/strong> Irm\u00e3 Cleusa Aparecida Neves<br \/>\n<strong>Vice-presidente<\/strong>: Frei Gilson Miguel Nunes<\/p>\n<p><strong>1\u00ba Conselheiro:<\/strong> Nilvado Moreira, OFS<br \/>\n<strong>2\u00ba Conselheiro:<\/strong> Frei Alex Assun\u00e7\u00e3o, OFM<br \/>\n<strong>3\u00ba Conselheira:<\/strong> Irm\u00e3 Rosa Maria Severina, CFC<\/p>\n<p><strong>1\u00ba Suplente:<\/strong> Frei Marco Aur\u00e9lio da Cruz, OFM<br \/>\n<strong>2\u00ba Suplente:<\/strong> Ir. Ivone Lourdes Fritzen, FCR<\/p>\n<p><strong>Conselho Fiscal<\/strong><br \/>\n1\u00ba Irm\u00e3 Luzia Pereira Nunes, PCC<br \/>\n2\u00ba Frei Reinaldo Pereira dos Santos, OFMCap<br \/>\n3\u00ba Jos\u00e9 Pereira Filho, OFS<\/p>\n<p><strong>Suplentes<\/strong><br \/>\n1\u00aa Irm\u00e3 Maria T\u00e2nia Meneses Bulh\u00f5es, IFBA<br \/>\n2\u00aa Solange Luciano de Sousa, OFS<\/p>\n","protected":false},"excerpt":{"rendered":"<p>CFFB<\/p>\n","protected":false},"author":1,"featured_media":209840,"comment_status":"open","ping_status":"open","sticky":false,"template":"","format":"standard","meta":[],"categories":[1],"tags":[203,455],"acf":[],"yoast_head":"<!-- This site is optimized with the Yoast SEO plugin v19.2 - https:\/\/yoast.com\/wordpress\/plugins\/seo\/ -->\n<title>Eleito o novo Conselho Diretor da Fam\u00edlia Franciscana do Brasil - Not\u00edcias - Franciscanos<\/title>\n<meta name=\"robots\" content=\"index, follow, max-snippet:-1, max-image-preview:large, max-video-preview:-1\" \/>\n<link rel=\"canonical\" href=\"https:\/\/franciscanos.org.br\/noticias\/eleito-o-novo-conselho-diretor-da-familia-franciscana-do-brasil.html\" \/>\n<meta property=\"og:locale\" content=\"pt_BR\" \/>\n<meta property=\"og:type\" content=\"article\" \/>\n<meta property=\"og:title\" content=\"Eleito o novo Conselho Diretor da Fam\u00edlia Franciscana do Brasil - Not\u00edcias - Franciscanos\" \/>\n<meta property=\"og:description\" content=\"CFFB\" \/>\n<meta property=\"og:url\" content=\"https:\/\/franciscanos.org.br\/noticias\/eleito-o-novo-conselho-diretor-da-familia-franciscana-do-brasil.html\" \/>\n<meta property=\"og:site_name\" content=\"Not\u00edcias - Franciscanos\" \/>\n<meta property=\"article:published_time\" content=\"2019-08-25T00:41:04+00:00\" \/>\n<meta property=\"og:image\" content=\"https:\/\/franciscanos.org.br\/noticias\/wp-content\/uploads\/2019\/08\/cffb_240819-p.png\" \/>\n\t<meta property=\"og:image:width\" content=\"273\" \/>\n\t<meta property=\"og:image:height\" content=\"181\" \/>\n\t<meta property=\"og:image:type\" content=\"image\/png\" \/>\n<meta name=\"author\" content=\"admin\" \/>\n<meta name=\"twitter:card\" content=\"summary_large_image\" \/>\n<meta name=\"twitter:label1\" content=\"Escrito por\" \/>\n\t<meta name=\"twitter:data1\" content=\"admin\" \/>\n\t<meta name=\"twitter:label2\" content=\"Est. tempo de leitura\" \/>\n\t<meta name=\"twitter:data2\" content=\"1 minuto\" \/>\n<script type=\"application\/ld+json\" class=\"yoast-schema-graph\">{\"@context\":\"https:\/\/schema.org\",\"@graph\":[{\"@type\":\"WebSite\",\"@id\":\"https:\/\/franciscanos.org.br\/noticias\/#website\",\"url\":\"https:\/\/franciscanos.org.br\/noticias\/\",\"name\":\"Not\u00edcias - Franciscanos\",\"description\":\"Prov\u00edncia Franciscana da Imaculada Concei\u00e7\u00e3o do Brasil - Ordem dos Frades Menores - OFM\",\"potentialAction\":[{\"@type\":\"SearchAction\",\"target\":{\"@type\":\"EntryPoint\",\"urlTemplate\":\"https:\/\/franciscanos.org.br\/noticias\/?s={search_term_string}\"},\"query-input\":\"required name=search_term_string\"}],\"inLanguage\":\"pt-BR\"},{\"@type\":\"ImageObject\",\"inLanguage\":\"pt-BR\",\"@id\":\"https:\/\/franciscanos.org.br\/noticias\/eleito-o-novo-conselho-diretor-da-familia-franciscana-do-brasil.html#primaryimage\",\"url\":\"https:\/\/franciscanos.org.br\/noticias\/wp-content\/uploads\/2019\/08\/cffb_240819-p.png\",\"contentUrl\":\"https:\/\/franciscanos.org.br\/noticias\/wp-content\/uploads\/2019\/08\/cffb_240819-p.png\",\"width\":273,\"height\":181},{\"@type\":\"WebPage\",\"@id\":\"https:\/\/franciscanos.org.br\/noticias\/eleito-o-novo-conselho-diretor-da-familia-franciscana-do-brasil.html#webpage\",\"url\":\"https:\/\/franciscanos.org.br\/noticias\/eleito-o-novo-conselho-diretor-da-familia-franciscana-do-brasil.html\",\"name\":\"Eleito o novo Conselho Diretor da Fam\u00edlia Franciscana do Brasil - Not\u00edcias - Franciscanos\",\"isPartOf\":{\"@id\":\"https:\/\/franciscanos.org.br\/noticias\/#website\"},\"primaryImageOfPage\":{\"@id\":\"https:\/\/franciscanos.org.br\/noticias\/eleito-o-novo-conselho-diretor-da-familia-franciscana-do-brasil.html#primaryimage\"},\"datePublished\":\"2019-08-25T00:41:04+00:00\",\"dateModified\":\"2019-08-25T00:41:04+00:00\",\"author\":{\"@id\":\"https:\/\/franciscanos.org.br\/noticias\/#\/schema\/person\/b38fbf43118f02820bd932f2e4b14ad3\"},\"breadcrumb\":{\"@id\":\"https:\/\/franciscanos.org.br\/noticias\/eleito-o-novo-conselho-diretor-da-familia-franciscana-do-brasil.html#breadcrumb\"},\"inLanguage\":\"pt-BR\",\"potentialAction\":[{\"@type\":\"ReadAction\",\"target\":[\"https:\/\/franciscanos.org.br\/noticias\/eleito-o-novo-conselho-diretor-da-familia-franciscana-do-brasil.html\"]}]},{\"@type\":\"BreadcrumbList\",\"@id\":\"https:\/\/franciscanos.org.br\/noticias\/eleito-o-novo-conselho-diretor-da-familia-franciscana-do-brasil.html#breadcrumb\",\"itemListElement\":[{\"@type\":\"ListItem\",\"position\":1,\"name\":\"Home\",\"item\":\"https:\/\/franciscanos.org.br\/noticias\"},{\"@type\":\"ListItem\",\"position\":2,\"name\":\"Eleito o novo Conselho Diretor da Fam\u00edlia Franciscana do Brasil\"}]},{\"@type\":\"Person\",\"@id\":\"https:\/\/franciscanos.org.br\/noticias\/#\/schema\/person\/b38fbf43118f02820bd932f2e4b14ad3\",\"name\":\"admin\",\"image\":{\"@type\":\"ImageObject\",\"inLanguage\":\"pt-BR\",\"@id\":\"https:\/\/franciscanos.org.br\/noticias\/#\/schema\/person\/image\/\",\"url\":\"https:\/\/secure.gravatar.com\/avatar\/e8495742d34d0ba6448ea1c628263b3e?s=96&d=mm&r=g\",\"contentUrl\":\"https:\/\/secure.gravatar.com\/avatar\/e8495742d34d0ba6448ea1c628263b3e?s=96&d=mm&r=g\",\"caption\":\"admin\"},\"url\":\"https:\/\/franciscanos.org.br\/noticias\/author\/admin\"}]}<\/script>\n<!-- \/ Yoast SEO plugin. -->","yoast_head_json":{"title":"Eleito o novo Conselho Diretor da Fam\u00edlia Franciscana do Brasil - Not\u00edcias - Franciscanos","robots":{"index":"index","follow":"follow","max-snippet":"max-snippet:-1","max-image-preview":"max-image-preview:large","max-video-preview":"max-video-preview:-1"},"canonical":"https:\/\/franciscanos.org.br\/noticias\/eleito-o-novo-conselho-diretor-da-familia-franciscana-do-brasil.html","og_locale":"pt_BR","og_type":"article","og_title":"Eleito o novo Conselho Diretor da Fam\u00edlia Franciscana do Brasil - Not\u00edcias - Franciscanos","og_description":"CFFB","og_url":"https:\/\/franciscanos.org.br\/noticias\/eleito-o-novo-conselho-diretor-da-familia-franciscana-do-brasil.html","og_site_name":"Not\u00edcias - Franciscanos","article_published_time":"2019-08-25T00:41:04+00:00","og_image":[{"width":273,"height":181,"url":"https:\/\/franciscanos.org.br\/noticias\/wp-content\/uploads\/2019\/08\/cffb_240819-p.png","type":"image\/png"}],"author":"admin","twitter_card":"summary_large_image","twitter_misc":{"Escrito por":"admin","Est. tempo de leitura":"1 minuto"},"schema":{"@context":"https:\/\/schema.org","@graph":[{"@type":"WebSite","@id":"https:\/\/franciscanos.org.br\/noticias\/#website","url":"https:\/\/franciscanos.org.br\/noticias\/","name":"Not\u00edcias - Franciscanos","description":"Prov\u00edncia Franciscana da Imaculada Concei\u00e7\u00e3o do Brasil - Ordem dos Frades Menores - OFM","potentialAction":[{"@type":"SearchAction","target":{"@type":"EntryPoint","urlTemplate":"https:\/\/franciscanos.org.br\/noticias\/?s={search_term_string}"},"query-input":"required name=search_term_string"}],"inLanguage":"pt-BR"},{"@type":"ImageObject","inLanguage":"pt-BR","@id":"https:\/\/franciscanos.org.br\/noticias\/eleito-o-novo-conselho-diretor-da-familia-franciscana-do-brasil.html#primaryimage","url":"https:\/\/franciscanos.org.br\/noticias\/wp-content\/uploads\/2019\/08\/cffb_240819-p.png","contentUrl":"https:\/\/franciscanos.org.br\/noticias\/wp-content\/uploads\/2019\/08\/cffb_240819-p.png","width":273,"height":181},{"@type":"WebPage","@id":"https:\/\/franciscanos.org.br\/noticias\/eleito-o-novo-conselho-diretor-da-familia-franciscana-do-brasil.html#webpage","url":"https:\/\/franciscanos.org.br\/noticias\/eleito-o-novo-conselho-diretor-da-familia-franciscana-do-brasil.html","name":"Eleito o novo Conselho Diretor da Fam\u00edlia Franciscana do Brasil - Not\u00edcias - Franciscanos","isPartOf":{"@id":"https:\/\/franciscanos.org.br\/noticias\/#website"},"primaryImageOfPage":{"@id":"https:\/\/franciscanos.org.br\/noticias\/eleito-o-novo-conselho-diretor-da-familia-franciscana-do-brasil.html#primaryimage"},"datePublished":"2019-08-25T00:41:04+00:00","dateModified":"2019-08-25T00:41:04+00:00","author":{"@id":"https:\/\/franciscanos.org.br\/noticias\/#\/schema\/person\/b38fbf43118f02820bd932f2e4b14ad3"},"breadcrumb":{"@id":"https:\/\/franciscanos.org.br\/noticias\/eleito-o-novo-conselho-diretor-da-familia-franciscana-do-brasil.html#breadcrumb"},"inLanguage":"pt-BR","potentialAction":[{"@type":"ReadAction","target":["https:\/\/franciscanos.org.br\/noticias\/eleito-o-novo-conselho-diretor-da-familia-franciscana-do-brasil.html"]}]},{"@type":"BreadcrumbList","@id":"https:\/\/franciscanos.org.br\/noticias\/eleito-o-novo-conselho-diretor-da-familia-franciscana-do-brasil.html#breadcrumb","itemListElement":[{"@type":"ListItem","position":1,"name":"Home","item":"https:\/\/franciscanos.org.br\/noticias"},{"@type":"ListItem","position":2,"name":"Eleito o novo Conselho Diretor da Fam\u00edlia Franciscana do Brasil"}]},{"@type":"Person","@id":"https:\/\/franciscanos.org.br\/noticias\/#\/schema\/person\/b38fbf43118f02820bd932f2e4b14ad3","name":"admin","image":{"@type":"ImageObject","inLanguage":"pt-BR","@id":"https:\/\/franciscanos.org.br\/noticias\/#\/schema\/person\/image\/","url":"https:\/\/secure.gravatar.com\/avatar\/e8495742d34d0ba6448ea1c628263b3e?s=96&d=mm&r=g","contentUrl":"https:\/\/secure.gravatar.com\/avatar\/e8495742d34d0ba6448ea1c628263b3e?s=96&d=mm&r=g","caption":"admin"},"url":"https:\/\/franciscanos.org.br\/noticias\/author\/admin"}]}},"_links":{"self":[{"href":"https:\/\/franciscanos.org.br\/noticias\/wp-json\/wp\/v2\/posts\/209837"}],"collection":[{"href":"https:\/\/franciscanos.org.br\/noticias\/wp-json\/wp\/v2\/posts"}],"about":[{"href":"https:\/\/franciscanos.org.br\/noticias\/wp-json\/wp\/v2\/types\/post"}],"author":[{"embeddable":true,"href":"https:\/\/franciscanos.org.br\/noticias\/wp-json\/wp\/v2\/users\/1"}],"replies":[{"embeddable":true,"href":"https:\/\/franciscanos.org.br\/noticias\/wp-json\/wp\/v2\/comments?post=209837"}],"version-history":[{"count":0,"href":"https:\/\/franciscanos.org.br\/noticias\/wp-json\/wp\/v2\/posts\/209837\/revisions"}],"wp:featuredmedia":[{"embeddable":true,"href":"https:\/\/franciscanos.org.br\/noticias\/wp-json\/wp\/v2\/media\/209840"}],"wp:attachment":[{"href":"https:\/\/franciscanos.org.br\/noticias\/wp-json\/wp\/v2\/media?parent=209837"}],"wp:term":[{"taxonomy":"category","embeddable":true,"href":"https:\/\/franciscanos.org.br\/noticias\/wp-json\/wp\/v2\/categories?post=209837"},{"taxonomy":"post_tag","embeddable":true,"href":"https:\/\/franciscanos.org.br\/noticias\/wp-json\/wp\/v2\/tags?post=209837"}],"curies":[{"name":"wp","href":"https:\/\/api.w.org\/{rel}","templated":true}]}}