{"id":209805,"date":"2019-08-24T14:38:05","date_gmt":"2019-08-24T17:38:05","guid":{"rendered":"https:\/\/franciscanos.org.br\/noticias\/?p=209805"},"modified":"2019-08-27T08:21:01","modified_gmt":"2019-08-27T11:21:01","slug":"o-reitor-frei-gilberto-participa-da-posse-de-dom-joao-inacio-como-grao-chanceler-da-puc-campinas","status":"publish","type":"post","link":"https:\/\/franciscanos.org.br\/noticias\/o-reitor-frei-gilberto-participa-da-posse-de-dom-joao-inacio-como-grao-chanceler-da-puc-campinas.html","title":{"rendered":"Reitor da USF participa da posse de D. Jo\u00e3o In\u00e1cio como Gr\u00e3o-chanceler da PUC-Campinas"},"content":{"rendered":"<p><img loading=\"lazy\" class=\"alignnone wp-image-209806 size-full\" src=\"https:\/\/franciscanos.org.br\/noticias\/wp-content\/uploads\/2019\/08\/gilberto_2308.jpg\" alt=\"\" width=\"890\" height=\"489\" srcset=\"https:\/\/franciscanos.org.br\/noticias\/wp-content\/uploads\/2019\/08\/gilberto_2308.jpg 890w, https:\/\/franciscanos.org.br\/noticias\/wp-content\/uploads\/2019\/08\/gilberto_2308-450x247.jpg 450w, https:\/\/franciscanos.org.br\/noticias\/wp-content\/uploads\/2019\/08\/gilberto_2308-768x422.jpg 768w, https:\/\/franciscanos.org.br\/noticias\/wp-content\/uploads\/2019\/08\/gilberto_2308-150x82.jpg 150w\" sizes=\"(max-width: 890px) 100vw, 890px\" \/><\/p>\n<p>O Arcebispo Metropolitano de Campinas, Dom Jo\u00e3o In\u00e1cio M\u00fcller, que foi Ministro Provincial da Prov\u00edncia Franciscana S\u00e3o Francisco de Assis (RS), foi homenageado nesta ter\u00e7a-feira, 20 de agosto, durante cerim\u00f4nia realizada no Audit\u00f3rio Dom Gilberto, no Campus I da PUC-Campinas. Foi a primeira recep\u00e7\u00e3o oficial do religioso na PUC, Institui\u00e7\u00e3o da qual se tornou Gr\u00e3o-Chanceler, isto \u00e9, o membro mais eminente da hierarquia institucional da Universidade.<\/p>\n<p>Entre os presentes, o Reitor da Universidade S\u00e3o Francisco, Frei Gilberto Garcia, OFM, que p\u00f4de prestar homenagens ao novo chanceler. Na mesma ocasi\u00e3o, o novo Chanceler acolheu o convite do Reitor Gilberto de visitar a Universidade S\u00e3o Francisco e a Fraternidade Franciscana S\u00e3o Francisco de Assis, em Bragan\u00e7a Paulista.<\/p>\n<p>Segundo Frei Gilberto, h\u00e1 d\u00e9cadas j\u00e1 existe uma tradi\u00e7\u00e3o de interc\u00e2mbio acad\u00eamico e reciprocidade no di\u00e1logo entre a PUC de Campinas e a Universidade S\u00e3o Francisco. &#8220;O fato \u00e9 que, al\u00e9m de mantermos esse bom relacionamento, desde h\u00e1 14 anos, aproximadamente, tamb\u00e9m temos sido \u201cinquilinos\u201d da Arquidiocese de Campinas, uma vez que o principal campus de Campinas da Universidade S\u00e3o Francisco \u00e9 uma propriedade da mesma Arquidiocese, que tem, doravante, o Arcebispo Dom Jo\u00e3o In\u00e1cio como curador. Esse relacionamento enriquece a presen\u00e7a da Igreja em Campinas no campo da educa\u00e7\u00e3o, e n\u00f3s esperamos que essa rela\u00e7\u00e3o possa se estreitar ainda mais com a presen\u00e7a de um Arcebispo franciscano, muito querido da Prov\u00edncia Franciscana da Imaculada Concei\u00e7\u00e3o&#8221;, assevera o Reitor da USF. Dom Jo\u00e3o In\u00e1cio foi presidente da Confer\u00eancia dos Frades Menores do Brasil de 2007 a 2013.<\/p>\n<p>Ap\u00f3s o acolhimento da comunidade acad\u00eamica, recebendo das m\u00e3os do Reitor da PUC Campinas um presente de boas-vindas, o Arcebispo Metropolitano de Campinas dividiu com o p\u00fablico a responsabilidade pelos trabalhos futuros. Para ele, \u00e9 papel de cada um saber ouvir os cora\u00e7\u00f5es. \u201cQuero participar dos sonhos e projetos da PUC-Campinas, podendo contribuir com o que sou. Sou respons\u00e1vel pela Universidade com voc\u00eas e devemos criar coragem \u00e0 altura das dificuldades.\u00a0Ajudando-nos, provocando-nos, podemos ser o melhor de n\u00f3s\u201d, destacou.<\/p>\n<p><img loading=\"lazy\" class=\"alignnone wp-image-209807 size-full\" src=\"https:\/\/franciscanos.org.br\/noticias\/wp-content\/uploads\/2019\/08\/gilberto_2308_1.jpg\" alt=\"\" width=\"890\" height=\"591\" srcset=\"https:\/\/franciscanos.org.br\/noticias\/wp-content\/uploads\/2019\/08\/gilberto_2308_1.jpg 890w, https:\/\/franciscanos.org.br\/noticias\/wp-content\/uploads\/2019\/08\/gilberto_2308_1-450x299.jpg 450w, https:\/\/franciscanos.org.br\/noticias\/wp-content\/uploads\/2019\/08\/gilberto_2308_1-768x510.jpg 768w, https:\/\/franciscanos.org.br\/noticias\/wp-content\/uploads\/2019\/08\/gilberto_2308_1-150x100.jpg 150w\" sizes=\"(max-width: 890px) 100vw, 890px\" \/><\/p>\n<p>Dom Jo\u00e3o Nascido, natural de Santa Clara do Sul (RS), fez a profiss\u00e3o religiosa na Ordem dos Frades Menores em abril de 1985 e foi ordenado sacerdote em dezembro de 1988. Em setembro de 2013, foi nomeado pelo Papa Francisco como Bispo da Diocese de Lorena (SP), recebendo a Sagra\u00e7\u00e3o Episcopal pelas m\u00e3os de Dom Cl\u00e1udio Hummes, Cardeal Arcebispo de S\u00e3o Paulo. Neste ano, no dia 15 de maio, foi nomeado para a Arquidiocese de Campinas, que estava vacante, j\u00e1 que em 23 de junho do ano passado, o ent\u00e3o Arcebispo Dom Airton Jos\u00e9 dos Santos foi transferido para a Arquidiocese de Mariana (MG).<\/p>\n<p>Na sucess\u00e3o episcopal da Igreja Particular de Campinas, Dom Jo\u00e3o In\u00e1cio M\u00fcller torna-se o 8\u00ba Bispo e o 6\u00ba Arcebispo da Arquidiocese de Campinas. A ele, nossas boas vindas e nossas ora\u00e7\u00f5es para um exerc\u00edcio pleno de sabedoria na lideran\u00e7a da Igreja local de Campinas. Que a vida e obra de S\u00e3o Francisco de Assis seja a grande inspiradora em sua grande miss\u00e3o.<\/p>\n","protected":false},"excerpt":{"rendered":"<p>Universidade S\u00e3o Francisco<\/p>\n","protected":false},"author":3,"featured_media":209808,"comment_status":"open","ping_status":"open","sticky":false,"template":"","format":"standard","meta":[],"categories":[1],"tags":[354],"acf":[],"yoast_head":"<!-- This site is optimized with the Yoast SEO plugin v19.2 - https:\/\/yoast.com\/wordpress\/plugins\/seo\/ -->\n<title>Reitor da USF participa da posse de D. Jo\u00e3o In\u00e1cio como Gr\u00e3o-chanceler da PUC-Campinas - Not\u00edcias - Franciscanos<\/title>\n<meta name=\"robots\" content=\"index, follow, max-snippet:-1, max-image-preview:large, max-video-preview:-1\" \/>\n<link rel=\"canonical\" href=\"https:\/\/franciscanos.org.br\/noticias\/o-reitor-frei-gilberto-participa-da-posse-de-dom-joao-inacio-como-grao-chanceler-da-puc-campinas.html\" \/>\n<meta property=\"og:locale\" content=\"pt_BR\" \/>\n<meta property=\"og:type\" content=\"article\" \/>\n<meta property=\"og:title\" content=\"Reitor da USF participa da posse de D. Jo\u00e3o In\u00e1cio como Gr\u00e3o-chanceler da PUC-Campinas - Not\u00edcias - Franciscanos\" \/>\n<meta property=\"og:description\" content=\"Universidade S\u00e3o Francisco\" \/>\n<meta property=\"og:url\" content=\"https:\/\/franciscanos.org.br\/noticias\/o-reitor-frei-gilberto-participa-da-posse-de-dom-joao-inacio-como-grao-chanceler-da-puc-campinas.html\" \/>\n<meta property=\"og:site_name\" content=\"Not\u00edcias - Franciscanos\" \/>\n<meta property=\"article:published_time\" content=\"2019-08-24T17:38:05+00:00\" \/>\n<meta property=\"article:modified_time\" content=\"2019-08-27T11:21:01+00:00\" \/>\n<meta property=\"og:image\" content=\"https:\/\/franciscanos.org.br\/noticias\/wp-content\/uploads\/2019\/08\/gilberto_2308d.jpg\" \/>\n\t<meta property=\"og:image:width\" content=\"273\" \/>\n\t<meta property=\"og:image:height\" content=\"181\" \/>\n\t<meta property=\"og:image:type\" content=\"image\/jpeg\" \/>\n<meta name=\"author\" content=\"moacir\" \/>\n<meta name=\"twitter:card\" content=\"summary_large_image\" \/>\n<meta name=\"twitter:label1\" content=\"Escrito por\" \/>\n\t<meta name=\"twitter:data1\" content=\"moacir\" \/>\n\t<meta name=\"twitter:label2\" content=\"Est. tempo de leitura\" \/>\n\t<meta name=\"twitter:data2\" content=\"3 minutos\" \/>\n<script type=\"application\/ld+json\" class=\"yoast-schema-graph\">{\"@context\":\"https:\/\/schema.org\",\"@graph\":[{\"@type\":\"WebSite\",\"@id\":\"https:\/\/franciscanos.org.br\/noticias\/#website\",\"url\":\"https:\/\/franciscanos.org.br\/noticias\/\",\"name\":\"Not\u00edcias - Franciscanos\",\"description\":\"Prov\u00edncia Franciscana da Imaculada Concei\u00e7\u00e3o do Brasil - Ordem dos Frades Menores - OFM\",\"potentialAction\":[{\"@type\":\"SearchAction\",\"target\":{\"@type\":\"EntryPoint\",\"urlTemplate\":\"https:\/\/franciscanos.org.br\/noticias\/?s={search_term_string}\"},\"query-input\":\"required name=search_term_string\"}],\"inLanguage\":\"pt-BR\"},{\"@type\":\"ImageObject\",\"inLanguage\":\"pt-BR\",\"@id\":\"https:\/\/franciscanos.org.br\/noticias\/o-reitor-frei-gilberto-participa-da-posse-de-dom-joao-inacio-como-grao-chanceler-da-puc-campinas.html#primaryimage\",\"url\":\"https:\/\/franciscanos.org.br\/noticias\/wp-content\/uploads\/2019\/08\/gilberto_2308d.jpg\",\"contentUrl\":\"https:\/\/franciscanos.org.br\/noticias\/wp-content\/uploads\/2019\/08\/gilberto_2308d.jpg\",\"width\":273,\"height\":181},{\"@type\":\"WebPage\",\"@id\":\"https:\/\/franciscanos.org.br\/noticias\/o-reitor-frei-gilberto-participa-da-posse-de-dom-joao-inacio-como-grao-chanceler-da-puc-campinas.html#webpage\",\"url\":\"https:\/\/franciscanos.org.br\/noticias\/o-reitor-frei-gilberto-participa-da-posse-de-dom-joao-inacio-como-grao-chanceler-da-puc-campinas.html\",\"name\":\"Reitor da USF participa da posse de D. Jo\u00e3o In\u00e1cio como Gr\u00e3o-chanceler da PUC-Campinas - Not\u00edcias - Franciscanos\",\"isPartOf\":{\"@id\":\"https:\/\/franciscanos.org.br\/noticias\/#website\"},\"primaryImageOfPage\":{\"@id\":\"https:\/\/franciscanos.org.br\/noticias\/o-reitor-frei-gilberto-participa-da-posse-de-dom-joao-inacio-como-grao-chanceler-da-puc-campinas.html#primaryimage\"},\"datePublished\":\"2019-08-24T17:38:05+00:00\",\"dateModified\":\"2019-08-27T11:21:01+00:00\",\"author\":{\"@id\":\"https:\/\/franciscanos.org.br\/noticias\/#\/schema\/person\/b5c8cba458c330ccff548b056e95a5d4\"},\"breadcrumb\":{\"@id\":\"https:\/\/franciscanos.org.br\/noticias\/o-reitor-frei-gilberto-participa-da-posse-de-dom-joao-inacio-como-grao-chanceler-da-puc-campinas.html#breadcrumb\"},\"inLanguage\":\"pt-BR\",\"potentialAction\":[{\"@type\":\"ReadAction\",\"target\":[\"https:\/\/franciscanos.org.br\/noticias\/o-reitor-frei-gilberto-participa-da-posse-de-dom-joao-inacio-como-grao-chanceler-da-puc-campinas.html\"]}]},{\"@type\":\"BreadcrumbList\",\"@id\":\"https:\/\/franciscanos.org.br\/noticias\/o-reitor-frei-gilberto-participa-da-posse-de-dom-joao-inacio-como-grao-chanceler-da-puc-campinas.html#breadcrumb\",\"itemListElement\":[{\"@type\":\"ListItem\",\"position\":1,\"name\":\"Home\",\"item\":\"https:\/\/franciscanos.org.br\/noticias\"},{\"@type\":\"ListItem\",\"position\":2,\"name\":\"Reitor da USF participa da posse de D. Jo\u00e3o In\u00e1cio como Gr\u00e3o-chanceler da PUC-Campinas\"}]},{\"@type\":\"Person\",\"@id\":\"https:\/\/franciscanos.org.br\/noticias\/#\/schema\/person\/b5c8cba458c330ccff548b056e95a5d4\",\"name\":\"moacir\",\"image\":{\"@type\":\"ImageObject\",\"inLanguage\":\"pt-BR\",\"@id\":\"https:\/\/franciscanos.org.br\/noticias\/#\/schema\/person\/image\/\",\"url\":\"https:\/\/secure.gravatar.com\/avatar\/d08aa2ce4c8dd416d4479aa8536fcf64?s=96&d=mm&r=g\",\"contentUrl\":\"https:\/\/secure.gravatar.com\/avatar\/d08aa2ce4c8dd416d4479aa8536fcf64?s=96&d=mm&r=g\",\"caption\":\"moacir\"},\"url\":\"https:\/\/franciscanos.org.br\/noticias\/author\/moacir\"}]}<\/script>\n<!-- \/ Yoast SEO plugin. -->","yoast_head_json":{"title":"Reitor da USF participa da posse de D. Jo\u00e3o In\u00e1cio como Gr\u00e3o-chanceler da PUC-Campinas - Not\u00edcias - Franciscanos","robots":{"index":"index","follow":"follow","max-snippet":"max-snippet:-1","max-image-preview":"max-image-preview:large","max-video-preview":"max-video-preview:-1"},"canonical":"https:\/\/franciscanos.org.br\/noticias\/o-reitor-frei-gilberto-participa-da-posse-de-dom-joao-inacio-como-grao-chanceler-da-puc-campinas.html","og_locale":"pt_BR","og_type":"article","og_title":"Reitor da USF participa da posse de D. Jo\u00e3o In\u00e1cio como Gr\u00e3o-chanceler da PUC-Campinas - Not\u00edcias - Franciscanos","og_description":"Universidade S\u00e3o Francisco","og_url":"https:\/\/franciscanos.org.br\/noticias\/o-reitor-frei-gilberto-participa-da-posse-de-dom-joao-inacio-como-grao-chanceler-da-puc-campinas.html","og_site_name":"Not\u00edcias - Franciscanos","article_published_time":"2019-08-24T17:38:05+00:00","article_modified_time":"2019-08-27T11:21:01+00:00","og_image":[{"width":273,"height":181,"url":"https:\/\/franciscanos.org.br\/noticias\/wp-content\/uploads\/2019\/08\/gilberto_2308d.jpg","type":"image\/jpeg"}],"author":"moacir","twitter_card":"summary_large_image","twitter_misc":{"Escrito por":"moacir","Est. tempo de leitura":"3 minutos"},"schema":{"@context":"https:\/\/schema.org","@graph":[{"@type":"WebSite","@id":"https:\/\/franciscanos.org.br\/noticias\/#website","url":"https:\/\/franciscanos.org.br\/noticias\/","name":"Not\u00edcias - Franciscanos","description":"Prov\u00edncia Franciscana da Imaculada Concei\u00e7\u00e3o do Brasil - Ordem dos Frades Menores - OFM","potentialAction":[{"@type":"SearchAction","target":{"@type":"EntryPoint","urlTemplate":"https:\/\/franciscanos.org.br\/noticias\/?s={search_term_string}"},"query-input":"required name=search_term_string"}],"inLanguage":"pt-BR"},{"@type":"ImageObject","inLanguage":"pt-BR","@id":"https:\/\/franciscanos.org.br\/noticias\/o-reitor-frei-gilberto-participa-da-posse-de-dom-joao-inacio-como-grao-chanceler-da-puc-campinas.html#primaryimage","url":"https:\/\/franciscanos.org.br\/noticias\/wp-content\/uploads\/2019\/08\/gilberto_2308d.jpg","contentUrl":"https:\/\/franciscanos.org.br\/noticias\/wp-content\/uploads\/2019\/08\/gilberto_2308d.jpg","width":273,"height":181},{"@type":"WebPage","@id":"https:\/\/franciscanos.org.br\/noticias\/o-reitor-frei-gilberto-participa-da-posse-de-dom-joao-inacio-como-grao-chanceler-da-puc-campinas.html#webpage","url":"https:\/\/franciscanos.org.br\/noticias\/o-reitor-frei-gilberto-participa-da-posse-de-dom-joao-inacio-como-grao-chanceler-da-puc-campinas.html","name":"Reitor da USF participa da posse de D. Jo\u00e3o In\u00e1cio como Gr\u00e3o-chanceler da PUC-Campinas - Not\u00edcias - Franciscanos","isPartOf":{"@id":"https:\/\/franciscanos.org.br\/noticias\/#website"},"primaryImageOfPage":{"@id":"https:\/\/franciscanos.org.br\/noticias\/o-reitor-frei-gilberto-participa-da-posse-de-dom-joao-inacio-como-grao-chanceler-da-puc-campinas.html#primaryimage"},"datePublished":"2019-08-24T17:38:05+00:00","dateModified":"2019-08-27T11:21:01+00:00","author":{"@id":"https:\/\/franciscanos.org.br\/noticias\/#\/schema\/person\/b5c8cba458c330ccff548b056e95a5d4"},"breadcrumb":{"@id":"https:\/\/franciscanos.org.br\/noticias\/o-reitor-frei-gilberto-participa-da-posse-de-dom-joao-inacio-como-grao-chanceler-da-puc-campinas.html#breadcrumb"},"inLanguage":"pt-BR","potentialAction":[{"@type":"ReadAction","target":["https:\/\/franciscanos.org.br\/noticias\/o-reitor-frei-gilberto-participa-da-posse-de-dom-joao-inacio-como-grao-chanceler-da-puc-campinas.html"]}]},{"@type":"BreadcrumbList","@id":"https:\/\/franciscanos.org.br\/noticias\/o-reitor-frei-gilberto-participa-da-posse-de-dom-joao-inacio-como-grao-chanceler-da-puc-campinas.html#breadcrumb","itemListElement":[{"@type":"ListItem","position":1,"name":"Home","item":"https:\/\/franciscanos.org.br\/noticias"},{"@type":"ListItem","position":2,"name":"Reitor da USF participa da posse de D. Jo\u00e3o In\u00e1cio como Gr\u00e3o-chanceler da PUC-Campinas"}]},{"@type":"Person","@id":"https:\/\/franciscanos.org.br\/noticias\/#\/schema\/person\/b5c8cba458c330ccff548b056e95a5d4","name":"moacir","image":{"@type":"ImageObject","inLanguage":"pt-BR","@id":"https:\/\/franciscanos.org.br\/noticias\/#\/schema\/person\/image\/","url":"https:\/\/secure.gravatar.com\/avatar\/d08aa2ce4c8dd416d4479aa8536fcf64?s=96&d=mm&r=g","contentUrl":"https:\/\/secure.gravatar.com\/avatar\/d08aa2ce4c8dd416d4479aa8536fcf64?s=96&d=mm&r=g","caption":"moacir"},"url":"https:\/\/franciscanos.org.br\/noticias\/author\/moacir"}]}},"_links":{"self":[{"href":"https:\/\/franciscanos.org.br\/noticias\/wp-json\/wp\/v2\/posts\/209805"}],"collection":[{"href":"https:\/\/franciscanos.org.br\/noticias\/wp-json\/wp\/v2\/posts"}],"about":[{"href":"https:\/\/franciscanos.org.br\/noticias\/wp-json\/wp\/v2\/types\/post"}],"author":[{"embeddable":true,"href":"https:\/\/franciscanos.org.br\/noticias\/wp-json\/wp\/v2\/users\/3"}],"replies":[{"embeddable":true,"href":"https:\/\/franciscanos.org.br\/noticias\/wp-json\/wp\/v2\/comments?post=209805"}],"version-history":[{"count":0,"href":"https:\/\/franciscanos.org.br\/noticias\/wp-json\/wp\/v2\/posts\/209805\/revisions"}],"wp:featuredmedia":[{"embeddable":true,"href":"https:\/\/franciscanos.org.br\/noticias\/wp-json\/wp\/v2\/media\/209808"}],"wp:attachment":[{"href":"https:\/\/franciscanos.org.br\/noticias\/wp-json\/wp\/v2\/media?parent=209805"}],"wp:term":[{"taxonomy":"category","embeddable":true,"href":"https:\/\/franciscanos.org.br\/noticias\/wp-json\/wp\/v2\/categories?post=209805"},{"taxonomy":"post_tag","embeddable":true,"href":"https:\/\/franciscanos.org.br\/noticias\/wp-json\/wp\/v2\/tags?post=209805"}],"curies":[{"name":"wp","href":"https:\/\/api.w.org\/{rel}","templated":true}]}}