{"id":209780,"date":"2019-08-22T15:29:04","date_gmt":"2019-08-22T18:29:04","guid":{"rendered":"https:\/\/franciscanos.org.br\/noticias\/?p=209780"},"modified":"2019-08-22T15:29:04","modified_gmt":"2019-08-22T18:29:04","slug":"itf-conquista-nota-4-na-avaliacao-do-mec","status":"publish","type":"post","link":"https:\/\/franciscanos.org.br\/noticias\/itf-conquista-nota-4-na-avaliacao-do-mec.html","title":{"rendered":"ITF conquista nota 4 na avalia\u00e7\u00e3o do MEC"},"content":{"rendered":"<p><img loading=\"lazy\" class=\"alignnone size-full wp-image-209781\" src=\"https:\/\/franciscanos.org.br\/noticias\/wp-content\/uploads\/2019\/08\/itf.jpg\" alt=\"\" width=\"890\" height=\"505\" srcset=\"https:\/\/franciscanos.org.br\/noticias\/wp-content\/uploads\/2019\/08\/itf.jpg 890w, https:\/\/franciscanos.org.br\/noticias\/wp-content\/uploads\/2019\/08\/itf-450x255.jpg 450w, https:\/\/franciscanos.org.br\/noticias\/wp-content\/uploads\/2019\/08\/itf-768x436.jpg 768w, https:\/\/franciscanos.org.br\/noticias\/wp-content\/uploads\/2019\/08\/itf-150x85.jpg 150w\" sizes=\"(max-width: 890px) 100vw, 890px\" \/><\/p>\n<p>O Instituto Teol\u00f3gico Franciscano (ITF), recebeu nota 4, na avalia\u00e7\u00e3o de recredenciamento do Minist\u00e9rio da Educa\u00e7\u00e3o (MEC). A visita foi realizada entre os dias 05 e 08 de agosto. Durante o per\u00edodo, foram avaliados o Curso de Teologia, corpo docente e a infraestrutura.<\/p>\n<p>Para o diretor do ITF, Frei Ivo M\u00fcller, a nota recebida foi de bom agrado e mostra que a institui\u00e7\u00e3o est\u00e1 no caminho certo \u201cpenso que foi justo e de bom tamanho. Parab\u00e9ns a todos\u201d. O Instituto Teol\u00f3gico Franciscano, com sua hist\u00f3ria centen\u00e1ria, desempenha relevante contribui\u00e7\u00e3o para a reflex\u00e3o teol\u00f3gica e na forma\u00e7\u00e3o de lideran\u00e7as religiosas, principalmente, na tradi\u00e7\u00e3o crist\u00e3.<\/p>\n<p>Est\u00e1 localizado na cidade de Petr\u00f3polis, regi\u00e3o Serrana do Rio de Janeiro. Junto com a Universidade S\u00e3o Francisco, com mais de 40 anos no ensino brasileiro, os col\u00e9gios Bom Jesus presentes em 5 estados com mais de 40 unidades, a FAE Centro Universit\u00e1rio em Curitiba e o Coral Canarinhos de Petr\u00f3polis, o ITF comp\u00f5e o campo educacional, da prov\u00edncia Franciscana da Imaculada Concei\u00e7\u00e3o do Brasil, que atua na educa\u00e7\u00e3o desde 1896. Tendo sua hist\u00f3ria iniciada no Convento Sagrado Cora\u00e7\u00e3o de Jesus de Petr\u00f3polis, que recebeu os primeiros frades.<\/p>\n<p>Na forma\u00e7\u00e3o de lideran\u00e7as que passaram pelo ITF, destacam-se no cen\u00e1rio nacional e internacional o Cardeal em\u00e9rito de S\u00e3o Paulo, Dom Paulo Evaristo Arns, Frei Ant\u00f4nio Moser, Diretor Presidente da Editora Vozes e o te\u00f3logo, escritor e professor universit\u00e1rio, Leonardo Boff.<\/p>\n","protected":false},"excerpt":{"rendered":"<p>Instituto Teol\u00f3gico Franciscano<\/p>\n","protected":false},"author":3,"featured_media":209782,"comment_status":"open","ping_status":"open","sticky":false,"template":"","format":"standard","meta":[],"categories":[1],"tags":[189],"acf":[],"yoast_head":"<!-- This site is optimized with the Yoast SEO plugin v19.2 - https:\/\/yoast.com\/wordpress\/plugins\/seo\/ -->\n<title>ITF conquista nota 4 na avalia\u00e7\u00e3o do MEC - Not\u00edcias - Franciscanos<\/title>\n<meta name=\"robots\" content=\"index, follow, max-snippet:-1, max-image-preview:large, max-video-preview:-1\" \/>\n<link rel=\"canonical\" href=\"https:\/\/franciscanos.org.br\/noticias\/itf-conquista-nota-4-na-avaliacao-do-mec.html\" \/>\n<meta property=\"og:locale\" content=\"pt_BR\" \/>\n<meta property=\"og:type\" content=\"article\" \/>\n<meta property=\"og:title\" content=\"ITF conquista nota 4 na avalia\u00e7\u00e3o do MEC - Not\u00edcias - Franciscanos\" \/>\n<meta property=\"og:description\" content=\"Instituto Teol\u00f3gico Franciscano\" \/>\n<meta property=\"og:url\" content=\"https:\/\/franciscanos.org.br\/noticias\/itf-conquista-nota-4-na-avaliacao-do-mec.html\" \/>\n<meta property=\"og:site_name\" content=\"Not\u00edcias - Franciscanos\" \/>\n<meta property=\"article:published_time\" content=\"2019-08-22T18:29:04+00:00\" \/>\n<meta property=\"og:image\" content=\"https:\/\/franciscanos.org.br\/noticias\/wp-content\/uploads\/2019\/08\/itf_d.jpg\" \/>\n\t<meta property=\"og:image:width\" content=\"273\" \/>\n\t<meta property=\"og:image:height\" content=\"181\" \/>\n\t<meta property=\"og:image:type\" content=\"image\/jpeg\" \/>\n<meta name=\"author\" content=\"moacir\" \/>\n<meta name=\"twitter:card\" content=\"summary_large_image\" \/>\n<meta name=\"twitter:label1\" content=\"Escrito por\" \/>\n\t<meta name=\"twitter:data1\" content=\"moacir\" \/>\n\t<meta name=\"twitter:label2\" content=\"Est. tempo de leitura\" \/>\n\t<meta name=\"twitter:data2\" content=\"1 minuto\" \/>\n<script type=\"application\/ld+json\" class=\"yoast-schema-graph\">{\"@context\":\"https:\/\/schema.org\",\"@graph\":[{\"@type\":\"WebSite\",\"@id\":\"https:\/\/franciscanos.org.br\/noticias\/#website\",\"url\":\"https:\/\/franciscanos.org.br\/noticias\/\",\"name\":\"Not\u00edcias - Franciscanos\",\"description\":\"Prov\u00edncia Franciscana da Imaculada Concei\u00e7\u00e3o do Brasil - Ordem dos Frades Menores - OFM\",\"potentialAction\":[{\"@type\":\"SearchAction\",\"target\":{\"@type\":\"EntryPoint\",\"urlTemplate\":\"https:\/\/franciscanos.org.br\/noticias\/?s={search_term_string}\"},\"query-input\":\"required name=search_term_string\"}],\"inLanguage\":\"pt-BR\"},{\"@type\":\"ImageObject\",\"inLanguage\":\"pt-BR\",\"@id\":\"https:\/\/franciscanos.org.br\/noticias\/itf-conquista-nota-4-na-avaliacao-do-mec.html#primaryimage\",\"url\":\"https:\/\/franciscanos.org.br\/noticias\/wp-content\/uploads\/2019\/08\/itf_d.jpg\",\"contentUrl\":\"https:\/\/franciscanos.org.br\/noticias\/wp-content\/uploads\/2019\/08\/itf_d.jpg\",\"width\":273,\"height\":181},{\"@type\":\"WebPage\",\"@id\":\"https:\/\/franciscanos.org.br\/noticias\/itf-conquista-nota-4-na-avaliacao-do-mec.html#webpage\",\"url\":\"https:\/\/franciscanos.org.br\/noticias\/itf-conquista-nota-4-na-avaliacao-do-mec.html\",\"name\":\"ITF conquista nota 4 na avalia\u00e7\u00e3o do MEC - Not\u00edcias - Franciscanos\",\"isPartOf\":{\"@id\":\"https:\/\/franciscanos.org.br\/noticias\/#website\"},\"primaryImageOfPage\":{\"@id\":\"https:\/\/franciscanos.org.br\/noticias\/itf-conquista-nota-4-na-avaliacao-do-mec.html#primaryimage\"},\"datePublished\":\"2019-08-22T18:29:04+00:00\",\"dateModified\":\"2019-08-22T18:29:04+00:00\",\"author\":{\"@id\":\"https:\/\/franciscanos.org.br\/noticias\/#\/schema\/person\/b5c8cba458c330ccff548b056e95a5d4\"},\"breadcrumb\":{\"@id\":\"https:\/\/franciscanos.org.br\/noticias\/itf-conquista-nota-4-na-avaliacao-do-mec.html#breadcrumb\"},\"inLanguage\":\"pt-BR\",\"potentialAction\":[{\"@type\":\"ReadAction\",\"target\":[\"https:\/\/franciscanos.org.br\/noticias\/itf-conquista-nota-4-na-avaliacao-do-mec.html\"]}]},{\"@type\":\"BreadcrumbList\",\"@id\":\"https:\/\/franciscanos.org.br\/noticias\/itf-conquista-nota-4-na-avaliacao-do-mec.html#breadcrumb\",\"itemListElement\":[{\"@type\":\"ListItem\",\"position\":1,\"name\":\"Home\",\"item\":\"https:\/\/franciscanos.org.br\/noticias\"},{\"@type\":\"ListItem\",\"position\":2,\"name\":\"ITF conquista nota 4 na avalia\u00e7\u00e3o do MEC\"}]},{\"@type\":\"Person\",\"@id\":\"https:\/\/franciscanos.org.br\/noticias\/#\/schema\/person\/b5c8cba458c330ccff548b056e95a5d4\",\"name\":\"moacir\",\"image\":{\"@type\":\"ImageObject\",\"inLanguage\":\"pt-BR\",\"@id\":\"https:\/\/franciscanos.org.br\/noticias\/#\/schema\/person\/image\/\",\"url\":\"https:\/\/secure.gravatar.com\/avatar\/d08aa2ce4c8dd416d4479aa8536fcf64?s=96&d=mm&r=g\",\"contentUrl\":\"https:\/\/secure.gravatar.com\/avatar\/d08aa2ce4c8dd416d4479aa8536fcf64?s=96&d=mm&r=g\",\"caption\":\"moacir\"},\"url\":\"https:\/\/franciscanos.org.br\/noticias\/author\/moacir\"}]}<\/script>\n<!-- \/ Yoast SEO plugin. -->","yoast_head_json":{"title":"ITF conquista nota 4 na avalia\u00e7\u00e3o do MEC - Not\u00edcias - Franciscanos","robots":{"index":"index","follow":"follow","max-snippet":"max-snippet:-1","max-image-preview":"max-image-preview:large","max-video-preview":"max-video-preview:-1"},"canonical":"https:\/\/franciscanos.org.br\/noticias\/itf-conquista-nota-4-na-avaliacao-do-mec.html","og_locale":"pt_BR","og_type":"article","og_title":"ITF conquista nota 4 na avalia\u00e7\u00e3o do MEC - Not\u00edcias - Franciscanos","og_description":"Instituto Teol\u00f3gico Franciscano","og_url":"https:\/\/franciscanos.org.br\/noticias\/itf-conquista-nota-4-na-avaliacao-do-mec.html","og_site_name":"Not\u00edcias - Franciscanos","article_published_time":"2019-08-22T18:29:04+00:00","og_image":[{"width":273,"height":181,"url":"https:\/\/franciscanos.org.br\/noticias\/wp-content\/uploads\/2019\/08\/itf_d.jpg","type":"image\/jpeg"}],"author":"moacir","twitter_card":"summary_large_image","twitter_misc":{"Escrito por":"moacir","Est. tempo de leitura":"1 minuto"},"schema":{"@context":"https:\/\/schema.org","@graph":[{"@type":"WebSite","@id":"https:\/\/franciscanos.org.br\/noticias\/#website","url":"https:\/\/franciscanos.org.br\/noticias\/","name":"Not\u00edcias - Franciscanos","description":"Prov\u00edncia Franciscana da Imaculada Concei\u00e7\u00e3o do Brasil - Ordem dos Frades Menores - OFM","potentialAction":[{"@type":"SearchAction","target":{"@type":"EntryPoint","urlTemplate":"https:\/\/franciscanos.org.br\/noticias\/?s={search_term_string}"},"query-input":"required name=search_term_string"}],"inLanguage":"pt-BR"},{"@type":"ImageObject","inLanguage":"pt-BR","@id":"https:\/\/franciscanos.org.br\/noticias\/itf-conquista-nota-4-na-avaliacao-do-mec.html#primaryimage","url":"https:\/\/franciscanos.org.br\/noticias\/wp-content\/uploads\/2019\/08\/itf_d.jpg","contentUrl":"https:\/\/franciscanos.org.br\/noticias\/wp-content\/uploads\/2019\/08\/itf_d.jpg","width":273,"height":181},{"@type":"WebPage","@id":"https:\/\/franciscanos.org.br\/noticias\/itf-conquista-nota-4-na-avaliacao-do-mec.html#webpage","url":"https:\/\/franciscanos.org.br\/noticias\/itf-conquista-nota-4-na-avaliacao-do-mec.html","name":"ITF conquista nota 4 na avalia\u00e7\u00e3o do MEC - Not\u00edcias - Franciscanos","isPartOf":{"@id":"https:\/\/franciscanos.org.br\/noticias\/#website"},"primaryImageOfPage":{"@id":"https:\/\/franciscanos.org.br\/noticias\/itf-conquista-nota-4-na-avaliacao-do-mec.html#primaryimage"},"datePublished":"2019-08-22T18:29:04+00:00","dateModified":"2019-08-22T18:29:04+00:00","author":{"@id":"https:\/\/franciscanos.org.br\/noticias\/#\/schema\/person\/b5c8cba458c330ccff548b056e95a5d4"},"breadcrumb":{"@id":"https:\/\/franciscanos.org.br\/noticias\/itf-conquista-nota-4-na-avaliacao-do-mec.html#breadcrumb"},"inLanguage":"pt-BR","potentialAction":[{"@type":"ReadAction","target":["https:\/\/franciscanos.org.br\/noticias\/itf-conquista-nota-4-na-avaliacao-do-mec.html"]}]},{"@type":"BreadcrumbList","@id":"https:\/\/franciscanos.org.br\/noticias\/itf-conquista-nota-4-na-avaliacao-do-mec.html#breadcrumb","itemListElement":[{"@type":"ListItem","position":1,"name":"Home","item":"https:\/\/franciscanos.org.br\/noticias"},{"@type":"ListItem","position":2,"name":"ITF conquista nota 4 na avalia\u00e7\u00e3o do MEC"}]},{"@type":"Person","@id":"https:\/\/franciscanos.org.br\/noticias\/#\/schema\/person\/b5c8cba458c330ccff548b056e95a5d4","name":"moacir","image":{"@type":"ImageObject","inLanguage":"pt-BR","@id":"https:\/\/franciscanos.org.br\/noticias\/#\/schema\/person\/image\/","url":"https:\/\/secure.gravatar.com\/avatar\/d08aa2ce4c8dd416d4479aa8536fcf64?s=96&d=mm&r=g","contentUrl":"https:\/\/secure.gravatar.com\/avatar\/d08aa2ce4c8dd416d4479aa8536fcf64?s=96&d=mm&r=g","caption":"moacir"},"url":"https:\/\/franciscanos.org.br\/noticias\/author\/moacir"}]}},"_links":{"self":[{"href":"https:\/\/franciscanos.org.br\/noticias\/wp-json\/wp\/v2\/posts\/209780"}],"collection":[{"href":"https:\/\/franciscanos.org.br\/noticias\/wp-json\/wp\/v2\/posts"}],"about":[{"href":"https:\/\/franciscanos.org.br\/noticias\/wp-json\/wp\/v2\/types\/post"}],"author":[{"embeddable":true,"href":"https:\/\/franciscanos.org.br\/noticias\/wp-json\/wp\/v2\/users\/3"}],"replies":[{"embeddable":true,"href":"https:\/\/franciscanos.org.br\/noticias\/wp-json\/wp\/v2\/comments?post=209780"}],"version-history":[{"count":0,"href":"https:\/\/franciscanos.org.br\/noticias\/wp-json\/wp\/v2\/posts\/209780\/revisions"}],"wp:featuredmedia":[{"embeddable":true,"href":"https:\/\/franciscanos.org.br\/noticias\/wp-json\/wp\/v2\/media\/209782"}],"wp:attachment":[{"href":"https:\/\/franciscanos.org.br\/noticias\/wp-json\/wp\/v2\/media?parent=209780"}],"wp:term":[{"taxonomy":"category","embeddable":true,"href":"https:\/\/franciscanos.org.br\/noticias\/wp-json\/wp\/v2\/categories?post=209780"},{"taxonomy":"post_tag","embeddable":true,"href":"https:\/\/franciscanos.org.br\/noticias\/wp-json\/wp\/v2\/tags?post=209780"}],"curies":[{"name":"wp","href":"https:\/\/api.w.org\/{rel}","templated":true}]}}