{"id":209731,"date":"2019-09-02T00:39:52","date_gmt":"2019-09-02T03:39:52","guid":{"rendered":"https:\/\/franciscanos.org.br\/noticias\/?p=209731"},"modified":"2019-10-06T19:08:03","modified_gmt":"2019-10-06T22:08:03","slug":"cinco-jovens-fazem-a-profissao-solene-na-ordem-dos-frades-menores","status":"publish","type":"post","link":"https:\/\/franciscanos.org.br\/noticias\/cinco-jovens-fazem-a-profissao-solene-na-ordem-dos-frades-menores.html","title":{"rendered":"Cinco jovens fazem a Profiss\u00e3o Solene na Ordem dos Frades Menores"},"content":{"rendered":"<p><img loading=\"lazy\" class=\"alignnone wp-image-210198 size-full\" src=\"https:\/\/franciscanos.org.br\/noticias\/wp-content\/uploads\/2019\/09\/solenes_070919_1.jpg\" alt=\"\" width=\"890\" height=\"690\" srcset=\"https:\/\/franciscanos.org.br\/noticias\/wp-content\/uploads\/2019\/09\/solenes_070919_1.jpg 890w, https:\/\/franciscanos.org.br\/noticias\/wp-content\/uploads\/2019\/09\/solenes_070919_1-450x349.jpg 450w, https:\/\/franciscanos.org.br\/noticias\/wp-content\/uploads\/2019\/09\/solenes_070919_1-768x595.jpg 768w, https:\/\/franciscanos.org.br\/noticias\/wp-content\/uploads\/2019\/09\/solenes_070919_1-150x116.jpg 150w\" sizes=\"(max-width: 890px) 100vw, 890px\" \/><\/p>\n<p><strong>Moacir Beggo<\/strong><\/p>\n<p><strong>S\u00e3o Paulo (SP)<\/strong> &#8211; A Prov\u00edncia da Imaculada Concei\u00e7\u00e3o do Brasil e a Funda\u00e7\u00e3o Imaculada M\u00e3e de Deus de Angola celebrar\u00e3o o ingresso definitivo na Ordem dos Frades Menores de cinco jovens frades no dia 8 de setembro, na Celebra\u00e7\u00e3o Eucar\u00edstica, \u00e0s 10 horas, na Igreja do Sagrado Cora\u00e7\u00e3o de Jesus, em Petr\u00f3polis (RJ). Os futuros professos s\u00e3o os jovens angolanos Frei Canga Manuel Mazoa e Frei Santana Sebasti\u00e3o Cafunda; e os brasileiros Frei Gabriel Dellandrea, Frei Hugo C\u00e2mara dos Santos e Frei Roger Strapazzon.<\/p>\n<p><img loading=\"lazy\" class=\"size-full wp-image-209733 alignright\" src=\"https:\/\/franciscanos.org.br\/noticias\/wp-content\/uploads\/2019\/08\/profissao-a.jpg\" alt=\"\" width=\"450\" height=\"722\" srcset=\"https:\/\/franciscanos.org.br\/noticias\/wp-content\/uploads\/2019\/08\/profissao-a.jpg 450w, https:\/\/franciscanos.org.br\/noticias\/wp-content\/uploads\/2019\/08\/profissao-a-280x450.jpg 280w, https:\/\/franciscanos.org.br\/noticias\/wp-content\/uploads\/2019\/08\/profissao-a-150x241.jpg 150w\" sizes=\"(max-width: 450px) 100vw, 450px\" \/>Frei Marcos Ant\u00f4nio de Andrade, mestre do tempo da Teologia, explica que, segundo a doutrina da Igreja, \u00abpela profiss\u00e3o religiosa, os membros se comprometem com voto p\u00fablico a observar os tr\u00eas conselhos evang\u00e9licos, s\u00e3o consagrados a Deus pelo minist\u00e9rio da Igreja e s\u00e3o incorporados no instituto com os direitos e os deveres definidos pelo direito\u00bb.<\/p>\n<p>\u201cNa verdade, \u00e9 uma profiss\u00e3o p\u00fablica, de um compromisso de buscar seguir mais de perto a Jesus Cristo, observando os conselhos evang\u00e9licos, de viver por todo o tempo da vida sem nada de pr\u00f3prio, em obedi\u00eancia e em castidade. E isso se d\u00e1 ap\u00f3s um percurso de vida que come\u00e7a com a consagra\u00e7\u00e3o batismal, passando pelo discernimento vocacional, as etapas da forma\u00e7\u00e3o inicial na Ordem (postulantado, noviciado e profiss\u00e3o tempor\u00e1ria) at\u00e9 o frade, de livre e espont\u00e2nea vontade, com gestos vis\u00edveis, se entregar definitivamente \u00e0 fraternidade provincial\u201d, detalha Frei Marcos.<\/p>\n<p>Para o mestre, a profiss\u00e3o solene, al\u00e9m de ser um ato pr\u00f3prio da vida religiosa, que acontece na presen\u00e7a dos frades da Ordem, \u00e9 tamb\u00e9m um ato eclesial, pois a Ordem est\u00e1 inserida na Igreja. \u201cNa introdu\u00e7\u00e3o do ritual se diz: \u2018O rito da profiss\u00e3o solene ou perp\u00e9tua, se realize durante a missa e seja celebrado de prefer\u00eancia num domingo ou numa Festa do Senhor&#8230; e que os fi\u00e9is sejam informados a tempo sobre o dia e a hora da celebra\u00e7\u00e3o, para que possam participar em maior n\u00famero\u2019. \u00c9 a igreja que, nesse dia, ir\u00e1 acompanhar e testemunhar a profiss\u00e3o dos religiosos, especialmente com a ora\u00e7\u00e3o e a prece\u201d, continua Frei Marcos.<\/p>\n<p>Segundo ele, por ser um ato p\u00fablico e eclesial, o frade, mediante a autoridade do Ministro Provincial, que recebe os votos, passa a ser ent\u00e3o incorporado definitivamente na Ordem dos Frades Menores com seus direitos e deveres.<\/p>\n<p>\u201c\u00c9 o momento mais importante da vida de um frade e da Prov\u00edncia, n\u00e3o somente porque marca o t\u00e9rmino de uma das etapas da vida religiosa, mas porque teremos mais alguns irm\u00e3os que juntos, como diz o final da f\u00f3rmula da profiss\u00e3o, estaremos no caminho da perfei\u00e7\u00e3o e da caridade no servi\u00e7o a Deus, \u00e0 Igreja e \u00e0 humanidade\u201d, completa Frei Marcos.<\/p>\n<p>Depois da leitura do evangelho, come\u00e7a-se o rito na seguinte ordem: chamado do professando; apresenta\u00e7\u00e3o de sua trajet\u00f3ria vocacional; di\u00e1logo com o celebrante; homilia; prostra\u00e7\u00e3o e ladainha de Todos os Santos; profiss\u00e3o dos votos e b\u00ean\u00e7\u00e3o aos professandos.<\/p>\n<p><img loading=\"lazy\" src=\"https:\/\/franciscanos.org.br\/noticias\/wp-content\/uploads\/2019\/08\/profissao-convite.jpg\" alt=\"\" width=\"840\" height=\"560\" \/><\/p>\n","protected":false},"excerpt":{"rendered":"<p>Profiss\u00e3o Solene em Petr\u00f3polis<\/p>\n","protected":false},"author":7,"featured_media":209742,"comment_status":"open","ping_status":"open","sticky":false,"template":"","format":"standard","meta":[],"categories":[1],"tags":[190,418],"acf":[],"yoast_head":"<!-- This site is optimized with the Yoast SEO plugin v19.2 - https:\/\/yoast.com\/wordpress\/plugins\/seo\/ -->\n<title>Cinco jovens fazem a Profiss\u00e3o Solene na Ordem dos Frades Menores - Not\u00edcias - Franciscanos<\/title>\n<meta name=\"robots\" content=\"index, follow, max-snippet:-1, max-image-preview:large, max-video-preview:-1\" \/>\n<link rel=\"canonical\" href=\"https:\/\/franciscanos.org.br\/noticias\/cinco-jovens-fazem-a-profissao-solene-na-ordem-dos-frades-menores.html\" \/>\n<meta property=\"og:locale\" content=\"pt_BR\" \/>\n<meta property=\"og:type\" content=\"article\" \/>\n<meta property=\"og:title\" content=\"Cinco jovens fazem a Profiss\u00e3o Solene na Ordem dos Frades Menores - Not\u00edcias - Franciscanos\" \/>\n<meta property=\"og:description\" content=\"Profiss\u00e3o Solene em Petr\u00f3polis\" \/>\n<meta property=\"og:url\" content=\"https:\/\/franciscanos.org.br\/noticias\/cinco-jovens-fazem-a-profissao-solene-na-ordem-dos-frades-menores.html\" \/>\n<meta property=\"og:site_name\" content=\"Not\u00edcias - Franciscanos\" \/>\n<meta property=\"article:published_time\" content=\"2019-09-02T03:39:52+00:00\" \/>\n<meta property=\"article:modified_time\" content=\"2019-10-06T22:08:03+00:00\" \/>\n<meta property=\"og:image\" content=\"https:\/\/franciscanos.org.br\/noticias\/wp-content\/uploads\/2019\/08\/professos_08.jpg\" \/>\n\t<meta property=\"og:image:width\" content=\"273\" \/>\n\t<meta property=\"og:image:height\" content=\"181\" \/>\n\t<meta property=\"og:image:type\" content=\"image\/jpeg\" \/>\n<meta name=\"author\" content=\"jovenal\" \/>\n<meta name=\"twitter:card\" content=\"summary_large_image\" \/>\n<meta name=\"twitter:label1\" content=\"Escrito por\" \/>\n\t<meta name=\"twitter:data1\" content=\"jovenal\" \/>\n\t<meta name=\"twitter:label2\" content=\"Est. tempo de leitura\" \/>\n\t<meta name=\"twitter:data2\" content=\"3 minutos\" \/>\n<script type=\"application\/ld+json\" class=\"yoast-schema-graph\">{\"@context\":\"https:\/\/schema.org\",\"@graph\":[{\"@type\":\"WebSite\",\"@id\":\"https:\/\/franciscanos.org.br\/noticias\/#website\",\"url\":\"https:\/\/franciscanos.org.br\/noticias\/\",\"name\":\"Not\u00edcias - Franciscanos\",\"description\":\"Prov\u00edncia Franciscana da Imaculada Concei\u00e7\u00e3o do Brasil - Ordem dos Frades Menores - OFM\",\"potentialAction\":[{\"@type\":\"SearchAction\",\"target\":{\"@type\":\"EntryPoint\",\"urlTemplate\":\"https:\/\/franciscanos.org.br\/noticias\/?s={search_term_string}\"},\"query-input\":\"required name=search_term_string\"}],\"inLanguage\":\"pt-BR\"},{\"@type\":\"ImageObject\",\"inLanguage\":\"pt-BR\",\"@id\":\"https:\/\/franciscanos.org.br\/noticias\/cinco-jovens-fazem-a-profissao-solene-na-ordem-dos-frades-menores.html#primaryimage\",\"url\":\"https:\/\/franciscanos.org.br\/noticias\/wp-content\/uploads\/2019\/08\/professos_08.jpg\",\"contentUrl\":\"https:\/\/franciscanos.org.br\/noticias\/wp-content\/uploads\/2019\/08\/professos_08.jpg\",\"width\":273,\"height\":181},{\"@type\":\"WebPage\",\"@id\":\"https:\/\/franciscanos.org.br\/noticias\/cinco-jovens-fazem-a-profissao-solene-na-ordem-dos-frades-menores.html#webpage\",\"url\":\"https:\/\/franciscanos.org.br\/noticias\/cinco-jovens-fazem-a-profissao-solene-na-ordem-dos-frades-menores.html\",\"name\":\"Cinco jovens fazem a Profiss\u00e3o Solene na Ordem dos Frades Menores - Not\u00edcias - Franciscanos\",\"isPartOf\":{\"@id\":\"https:\/\/franciscanos.org.br\/noticias\/#website\"},\"primaryImageOfPage\":{\"@id\":\"https:\/\/franciscanos.org.br\/noticias\/cinco-jovens-fazem-a-profissao-solene-na-ordem-dos-frades-menores.html#primaryimage\"},\"datePublished\":\"2019-09-02T03:39:52+00:00\",\"dateModified\":\"2019-10-06T22:08:03+00:00\",\"author\":{\"@id\":\"https:\/\/franciscanos.org.br\/noticias\/#\/schema\/person\/c3a26b08313dd1772495ce300ab257cc\"},\"breadcrumb\":{\"@id\":\"https:\/\/franciscanos.org.br\/noticias\/cinco-jovens-fazem-a-profissao-solene-na-ordem-dos-frades-menores.html#breadcrumb\"},\"inLanguage\":\"pt-BR\",\"potentialAction\":[{\"@type\":\"ReadAction\",\"target\":[\"https:\/\/franciscanos.org.br\/noticias\/cinco-jovens-fazem-a-profissao-solene-na-ordem-dos-frades-menores.html\"]}]},{\"@type\":\"BreadcrumbList\",\"@id\":\"https:\/\/franciscanos.org.br\/noticias\/cinco-jovens-fazem-a-profissao-solene-na-ordem-dos-frades-menores.html#breadcrumb\",\"itemListElement\":[{\"@type\":\"ListItem\",\"position\":1,\"name\":\"Home\",\"item\":\"https:\/\/franciscanos.org.br\/noticias\"},{\"@type\":\"ListItem\",\"position\":2,\"name\":\"Cinco jovens fazem a Profiss\u00e3o Solene na Ordem dos Frades Menores\"}]},{\"@type\":\"Person\",\"@id\":\"https:\/\/franciscanos.org.br\/noticias\/#\/schema\/person\/c3a26b08313dd1772495ce300ab257cc\",\"name\":\"jovenal\",\"image\":{\"@type\":\"ImageObject\",\"inLanguage\":\"pt-BR\",\"@id\":\"https:\/\/franciscanos.org.br\/noticias\/#\/schema\/person\/image\/\",\"url\":\"https:\/\/secure.gravatar.com\/avatar\/e94509f531086e2eaf97e72f29ea00f9?s=96&d=mm&r=g\",\"contentUrl\":\"https:\/\/secure.gravatar.com\/avatar\/e94509f531086e2eaf97e72f29ea00f9?s=96&d=mm&r=g\",\"caption\":\"jovenal\"},\"url\":\"https:\/\/franciscanos.org.br\/noticias\/author\/jovenal\"}]}<\/script>\n<!-- \/ Yoast SEO plugin. -->","yoast_head_json":{"title":"Cinco jovens fazem a Profiss\u00e3o Solene na Ordem dos Frades Menores - Not\u00edcias - Franciscanos","robots":{"index":"index","follow":"follow","max-snippet":"max-snippet:-1","max-image-preview":"max-image-preview:large","max-video-preview":"max-video-preview:-1"},"canonical":"https:\/\/franciscanos.org.br\/noticias\/cinco-jovens-fazem-a-profissao-solene-na-ordem-dos-frades-menores.html","og_locale":"pt_BR","og_type":"article","og_title":"Cinco jovens fazem a Profiss\u00e3o Solene na Ordem dos Frades Menores - Not\u00edcias - Franciscanos","og_description":"Profiss\u00e3o Solene em Petr\u00f3polis","og_url":"https:\/\/franciscanos.org.br\/noticias\/cinco-jovens-fazem-a-profissao-solene-na-ordem-dos-frades-menores.html","og_site_name":"Not\u00edcias - Franciscanos","article_published_time":"2019-09-02T03:39:52+00:00","article_modified_time":"2019-10-06T22:08:03+00:00","og_image":[{"width":273,"height":181,"url":"https:\/\/franciscanos.org.br\/noticias\/wp-content\/uploads\/2019\/08\/professos_08.jpg","type":"image\/jpeg"}],"author":"jovenal","twitter_card":"summary_large_image","twitter_misc":{"Escrito por":"jovenal","Est. tempo de leitura":"3 minutos"},"schema":{"@context":"https:\/\/schema.org","@graph":[{"@type":"WebSite","@id":"https:\/\/franciscanos.org.br\/noticias\/#website","url":"https:\/\/franciscanos.org.br\/noticias\/","name":"Not\u00edcias - Franciscanos","description":"Prov\u00edncia Franciscana da Imaculada Concei\u00e7\u00e3o do Brasil - Ordem dos Frades Menores - OFM","potentialAction":[{"@type":"SearchAction","target":{"@type":"EntryPoint","urlTemplate":"https:\/\/franciscanos.org.br\/noticias\/?s={search_term_string}"},"query-input":"required name=search_term_string"}],"inLanguage":"pt-BR"},{"@type":"ImageObject","inLanguage":"pt-BR","@id":"https:\/\/franciscanos.org.br\/noticias\/cinco-jovens-fazem-a-profissao-solene-na-ordem-dos-frades-menores.html#primaryimage","url":"https:\/\/franciscanos.org.br\/noticias\/wp-content\/uploads\/2019\/08\/professos_08.jpg","contentUrl":"https:\/\/franciscanos.org.br\/noticias\/wp-content\/uploads\/2019\/08\/professos_08.jpg","width":273,"height":181},{"@type":"WebPage","@id":"https:\/\/franciscanos.org.br\/noticias\/cinco-jovens-fazem-a-profissao-solene-na-ordem-dos-frades-menores.html#webpage","url":"https:\/\/franciscanos.org.br\/noticias\/cinco-jovens-fazem-a-profissao-solene-na-ordem-dos-frades-menores.html","name":"Cinco jovens fazem a Profiss\u00e3o Solene na Ordem dos Frades Menores - Not\u00edcias - Franciscanos","isPartOf":{"@id":"https:\/\/franciscanos.org.br\/noticias\/#website"},"primaryImageOfPage":{"@id":"https:\/\/franciscanos.org.br\/noticias\/cinco-jovens-fazem-a-profissao-solene-na-ordem-dos-frades-menores.html#primaryimage"},"datePublished":"2019-09-02T03:39:52+00:00","dateModified":"2019-10-06T22:08:03+00:00","author":{"@id":"https:\/\/franciscanos.org.br\/noticias\/#\/schema\/person\/c3a26b08313dd1772495ce300ab257cc"},"breadcrumb":{"@id":"https:\/\/franciscanos.org.br\/noticias\/cinco-jovens-fazem-a-profissao-solene-na-ordem-dos-frades-menores.html#breadcrumb"},"inLanguage":"pt-BR","potentialAction":[{"@type":"ReadAction","target":["https:\/\/franciscanos.org.br\/noticias\/cinco-jovens-fazem-a-profissao-solene-na-ordem-dos-frades-menores.html"]}]},{"@type":"BreadcrumbList","@id":"https:\/\/franciscanos.org.br\/noticias\/cinco-jovens-fazem-a-profissao-solene-na-ordem-dos-frades-menores.html#breadcrumb","itemListElement":[{"@type":"ListItem","position":1,"name":"Home","item":"https:\/\/franciscanos.org.br\/noticias"},{"@type":"ListItem","position":2,"name":"Cinco jovens fazem a Profiss\u00e3o Solene na Ordem dos Frades Menores"}]},{"@type":"Person","@id":"https:\/\/franciscanos.org.br\/noticias\/#\/schema\/person\/c3a26b08313dd1772495ce300ab257cc","name":"jovenal","image":{"@type":"ImageObject","inLanguage":"pt-BR","@id":"https:\/\/franciscanos.org.br\/noticias\/#\/schema\/person\/image\/","url":"https:\/\/secure.gravatar.com\/avatar\/e94509f531086e2eaf97e72f29ea00f9?s=96&d=mm&r=g","contentUrl":"https:\/\/secure.gravatar.com\/avatar\/e94509f531086e2eaf97e72f29ea00f9?s=96&d=mm&r=g","caption":"jovenal"},"url":"https:\/\/franciscanos.org.br\/noticias\/author\/jovenal"}]}},"_links":{"self":[{"href":"https:\/\/franciscanos.org.br\/noticias\/wp-json\/wp\/v2\/posts\/209731"}],"collection":[{"href":"https:\/\/franciscanos.org.br\/noticias\/wp-json\/wp\/v2\/posts"}],"about":[{"href":"https:\/\/franciscanos.org.br\/noticias\/wp-json\/wp\/v2\/types\/post"}],"author":[{"embeddable":true,"href":"https:\/\/franciscanos.org.br\/noticias\/wp-json\/wp\/v2\/users\/7"}],"replies":[{"embeddable":true,"href":"https:\/\/franciscanos.org.br\/noticias\/wp-json\/wp\/v2\/comments?post=209731"}],"version-history":[{"count":0,"href":"https:\/\/franciscanos.org.br\/noticias\/wp-json\/wp\/v2\/posts\/209731\/revisions"}],"wp:featuredmedia":[{"embeddable":true,"href":"https:\/\/franciscanos.org.br\/noticias\/wp-json\/wp\/v2\/media\/209742"}],"wp:attachment":[{"href":"https:\/\/franciscanos.org.br\/noticias\/wp-json\/wp\/v2\/media?parent=209731"}],"wp:term":[{"taxonomy":"category","embeddable":true,"href":"https:\/\/franciscanos.org.br\/noticias\/wp-json\/wp\/v2\/categories?post=209731"},{"taxonomy":"post_tag","embeddable":true,"href":"https:\/\/franciscanos.org.br\/noticias\/wp-json\/wp\/v2\/tags?post=209731"}],"curies":[{"name":"wp","href":"https:\/\/api.w.org\/{rel}","templated":true}]}}