{"id":209713,"date":"2019-08-20T10:40:04","date_gmt":"2019-08-20T13:40:04","guid":{"rendered":"https:\/\/franciscanos.org.br\/noticias\/?p=209713"},"modified":"2019-08-20T10:40:04","modified_gmt":"2019-08-20T13:40:04","slug":"concurso-cultural-que-mundo-que-igreja-que-familia-franciscana","status":"publish","type":"post","link":"https:\/\/franciscanos.org.br\/noticias\/concurso-cultural-que-mundo-que-igreja-que-familia-franciscana.html","title":{"rendered":"Concurso cultural: \u201cQue Mundo? Que Igreja? Que Fam\u00edlia Franciscana?\u201d"},"content":{"rendered":"<p><img loading=\"lazy\" class=\"alignnone size-full wp-image-209714\" src=\"https:\/\/franciscanos.org.br\/noticias\/wp-content\/uploads\/2019\/08\/cffb_200819.jpg\" alt=\"\" width=\"890\" height=\"600\" srcset=\"https:\/\/franciscanos.org.br\/noticias\/wp-content\/uploads\/2019\/08\/cffb_200819.jpg 890w, https:\/\/franciscanos.org.br\/noticias\/wp-content\/uploads\/2019\/08\/cffb_200819-450x303.jpg 450w, https:\/\/franciscanos.org.br\/noticias\/wp-content\/uploads\/2019\/08\/cffb_200819-768x518.jpg 768w, https:\/\/franciscanos.org.br\/noticias\/wp-content\/uploads\/2019\/08\/cffb_200819-150x101.jpg 150w\" sizes=\"(max-width: 890px) 100vw, 890px\" \/><\/p>\n<p>\u201cQue Mundo? Que Igreja? Que Fam\u00edlia Franciscana?\u201d \u2013 este \u00e9 o tema do concurso cultural promovido pela Confer\u00eancia da Fam\u00edlia Franciscana do Brasil (CFFB). Os participantes s\u00e3o chamados a responder este questionamento atrav\u00e9s da produ\u00e7\u00e3o de desenhos, poemas e m\u00fasicas.<\/p>\n<p>Para nortear a elabora\u00e7\u00e3o do material, a comiss\u00e3o questiona: Que mundo estamos vivendo? Que mundo enquanto CFFB queremos viver, anunciar, tornar vivo? Diante das a\u00e7\u00f5es de inclus\u00e3o, acolhida, doa\u00e7\u00e3o, cuidado \u00e0s causas ambientais, ind\u00edgenas, sociais e pol\u00edticas de nossa Igreja, de nosso pa\u00eds, como franciscano, como percebo nossa Fam\u00edlia? Que Fam\u00edlia Franciscana pretendo ver nesse novo quadri\u00eanio (2019-2023)? Eu, enquanto simpatizante, participante da JUFRA, OFS, TOR, Clarissa, OFM, OFMCap, OFMConv quais horizontes e prioridades enxergo para Confer\u00eancia da Fam\u00edlia Franciscana do Brasil que fa\u00e7o parte?<\/p>\n<p>A inscri\u00e7\u00e3o \u00e9 gratuita e permitida para autoras e autores residentes no Brasil e deve ser realizada at\u00e9 o dia 25 de agosto de 2019.<\/p>\n<p>O material ser\u00e1 divulgado num e-book, com lan\u00e7amento previsto para o dia 22 de setembro de 2019, no site oficial da Confer\u00eancia da Fam\u00edlia Franciscana do Brasil.<\/p>\n<p><strong><a href=\"https:\/\/cffb.org.br\/que-mundo-que-igreja-que-familia-franciscana-e-tema-de-chamada-de-publicacao\/\" target=\"_blank\" rel=\"noopener noreferrer\">Clique aqui para mais informa\u00e7\u00f5es<\/a><\/strong><\/p>\n","protected":false},"excerpt":{"rendered":"<p>CFFB<\/p>\n","protected":false},"author":1,"featured_media":209715,"comment_status":"open","ping_status":"open","sticky":false,"template":"","format":"standard","meta":[],"categories":[1],"tags":[203],"acf":[],"yoast_head":"<!-- This site is optimized with the Yoast SEO plugin v19.2 - https:\/\/yoast.com\/wordpress\/plugins\/seo\/ -->\n<title>Concurso cultural: \u201cQue Mundo? Que Igreja? Que Fam\u00edlia Franciscana?\u201d - Not\u00edcias - Franciscanos<\/title>\n<meta name=\"robots\" content=\"index, follow, max-snippet:-1, max-image-preview:large, max-video-preview:-1\" \/>\n<link rel=\"canonical\" href=\"https:\/\/franciscanos.org.br\/noticias\/concurso-cultural-que-mundo-que-igreja-que-familia-franciscana.html\" \/>\n<meta property=\"og:locale\" content=\"pt_BR\" \/>\n<meta property=\"og:type\" content=\"article\" \/>\n<meta property=\"og:title\" content=\"Concurso cultural: \u201cQue Mundo? Que Igreja? Que Fam\u00edlia Franciscana?\u201d - Not\u00edcias - Franciscanos\" \/>\n<meta property=\"og:description\" content=\"CFFB\" \/>\n<meta property=\"og:url\" content=\"https:\/\/franciscanos.org.br\/noticias\/concurso-cultural-que-mundo-que-igreja-que-familia-franciscana.html\" \/>\n<meta property=\"og:site_name\" content=\"Not\u00edcias - Franciscanos\" \/>\n<meta property=\"article:published_time\" content=\"2019-08-20T13:40:04+00:00\" \/>\n<meta property=\"og:image\" content=\"https:\/\/franciscanos.org.br\/noticias\/wp-content\/uploads\/2019\/08\/cffb_200819_P.png\" \/>\n\t<meta property=\"og:image:width\" content=\"273\" \/>\n\t<meta property=\"og:image:height\" content=\"181\" \/>\n\t<meta property=\"og:image:type\" content=\"image\/png\" \/>\n<meta name=\"author\" content=\"admin\" \/>\n<meta name=\"twitter:card\" content=\"summary_large_image\" \/>\n<meta name=\"twitter:label1\" content=\"Escrito por\" \/>\n\t<meta name=\"twitter:data1\" content=\"admin\" \/>\n\t<meta name=\"twitter:label2\" content=\"Est. tempo de leitura\" \/>\n\t<meta name=\"twitter:data2\" content=\"1 minuto\" \/>\n<script type=\"application\/ld+json\" class=\"yoast-schema-graph\">{\"@context\":\"https:\/\/schema.org\",\"@graph\":[{\"@type\":\"WebSite\",\"@id\":\"https:\/\/franciscanos.org.br\/noticias\/#website\",\"url\":\"https:\/\/franciscanos.org.br\/noticias\/\",\"name\":\"Not\u00edcias - Franciscanos\",\"description\":\"Prov\u00edncia Franciscana da Imaculada Concei\u00e7\u00e3o do Brasil - Ordem dos Frades Menores - OFM\",\"potentialAction\":[{\"@type\":\"SearchAction\",\"target\":{\"@type\":\"EntryPoint\",\"urlTemplate\":\"https:\/\/franciscanos.org.br\/noticias\/?s={search_term_string}\"},\"query-input\":\"required name=search_term_string\"}],\"inLanguage\":\"pt-BR\"},{\"@type\":\"ImageObject\",\"inLanguage\":\"pt-BR\",\"@id\":\"https:\/\/franciscanos.org.br\/noticias\/concurso-cultural-que-mundo-que-igreja-que-familia-franciscana.html#primaryimage\",\"url\":\"https:\/\/franciscanos.org.br\/noticias\/wp-content\/uploads\/2019\/08\/cffb_200819_P.png\",\"contentUrl\":\"https:\/\/franciscanos.org.br\/noticias\/wp-content\/uploads\/2019\/08\/cffb_200819_P.png\",\"width\":273,\"height\":181},{\"@type\":\"WebPage\",\"@id\":\"https:\/\/franciscanos.org.br\/noticias\/concurso-cultural-que-mundo-que-igreja-que-familia-franciscana.html#webpage\",\"url\":\"https:\/\/franciscanos.org.br\/noticias\/concurso-cultural-que-mundo-que-igreja-que-familia-franciscana.html\",\"name\":\"Concurso cultural: \u201cQue Mundo? Que Igreja? Que Fam\u00edlia Franciscana?\u201d - Not\u00edcias - Franciscanos\",\"isPartOf\":{\"@id\":\"https:\/\/franciscanos.org.br\/noticias\/#website\"},\"primaryImageOfPage\":{\"@id\":\"https:\/\/franciscanos.org.br\/noticias\/concurso-cultural-que-mundo-que-igreja-que-familia-franciscana.html#primaryimage\"},\"datePublished\":\"2019-08-20T13:40:04+00:00\",\"dateModified\":\"2019-08-20T13:40:04+00:00\",\"author\":{\"@id\":\"https:\/\/franciscanos.org.br\/noticias\/#\/schema\/person\/b38fbf43118f02820bd932f2e4b14ad3\"},\"breadcrumb\":{\"@id\":\"https:\/\/franciscanos.org.br\/noticias\/concurso-cultural-que-mundo-que-igreja-que-familia-franciscana.html#breadcrumb\"},\"inLanguage\":\"pt-BR\",\"potentialAction\":[{\"@type\":\"ReadAction\",\"target\":[\"https:\/\/franciscanos.org.br\/noticias\/concurso-cultural-que-mundo-que-igreja-que-familia-franciscana.html\"]}]},{\"@type\":\"BreadcrumbList\",\"@id\":\"https:\/\/franciscanos.org.br\/noticias\/concurso-cultural-que-mundo-que-igreja-que-familia-franciscana.html#breadcrumb\",\"itemListElement\":[{\"@type\":\"ListItem\",\"position\":1,\"name\":\"Home\",\"item\":\"https:\/\/franciscanos.org.br\/noticias\"},{\"@type\":\"ListItem\",\"position\":2,\"name\":\"Concurso cultural: \u201cQue Mundo? Que Igreja? Que Fam\u00edlia Franciscana?\u201d\"}]},{\"@type\":\"Person\",\"@id\":\"https:\/\/franciscanos.org.br\/noticias\/#\/schema\/person\/b38fbf43118f02820bd932f2e4b14ad3\",\"name\":\"admin\",\"image\":{\"@type\":\"ImageObject\",\"inLanguage\":\"pt-BR\",\"@id\":\"https:\/\/franciscanos.org.br\/noticias\/#\/schema\/person\/image\/\",\"url\":\"https:\/\/secure.gravatar.com\/avatar\/e8495742d34d0ba6448ea1c628263b3e?s=96&d=mm&r=g\",\"contentUrl\":\"https:\/\/secure.gravatar.com\/avatar\/e8495742d34d0ba6448ea1c628263b3e?s=96&d=mm&r=g\",\"caption\":\"admin\"},\"url\":\"https:\/\/franciscanos.org.br\/noticias\/author\/admin\"}]}<\/script>\n<!-- \/ Yoast SEO plugin. -->","yoast_head_json":{"title":"Concurso cultural: \u201cQue Mundo? Que Igreja? Que Fam\u00edlia Franciscana?\u201d - Not\u00edcias - Franciscanos","robots":{"index":"index","follow":"follow","max-snippet":"max-snippet:-1","max-image-preview":"max-image-preview:large","max-video-preview":"max-video-preview:-1"},"canonical":"https:\/\/franciscanos.org.br\/noticias\/concurso-cultural-que-mundo-que-igreja-que-familia-franciscana.html","og_locale":"pt_BR","og_type":"article","og_title":"Concurso cultural: \u201cQue Mundo? Que Igreja? Que Fam\u00edlia Franciscana?\u201d - Not\u00edcias - Franciscanos","og_description":"CFFB","og_url":"https:\/\/franciscanos.org.br\/noticias\/concurso-cultural-que-mundo-que-igreja-que-familia-franciscana.html","og_site_name":"Not\u00edcias - Franciscanos","article_published_time":"2019-08-20T13:40:04+00:00","og_image":[{"width":273,"height":181,"url":"https:\/\/franciscanos.org.br\/noticias\/wp-content\/uploads\/2019\/08\/cffb_200819_P.png","type":"image\/png"}],"author":"admin","twitter_card":"summary_large_image","twitter_misc":{"Escrito por":"admin","Est. tempo de leitura":"1 minuto"},"schema":{"@context":"https:\/\/schema.org","@graph":[{"@type":"WebSite","@id":"https:\/\/franciscanos.org.br\/noticias\/#website","url":"https:\/\/franciscanos.org.br\/noticias\/","name":"Not\u00edcias - Franciscanos","description":"Prov\u00edncia Franciscana da Imaculada Concei\u00e7\u00e3o do Brasil - Ordem dos Frades Menores - OFM","potentialAction":[{"@type":"SearchAction","target":{"@type":"EntryPoint","urlTemplate":"https:\/\/franciscanos.org.br\/noticias\/?s={search_term_string}"},"query-input":"required name=search_term_string"}],"inLanguage":"pt-BR"},{"@type":"ImageObject","inLanguage":"pt-BR","@id":"https:\/\/franciscanos.org.br\/noticias\/concurso-cultural-que-mundo-que-igreja-que-familia-franciscana.html#primaryimage","url":"https:\/\/franciscanos.org.br\/noticias\/wp-content\/uploads\/2019\/08\/cffb_200819_P.png","contentUrl":"https:\/\/franciscanos.org.br\/noticias\/wp-content\/uploads\/2019\/08\/cffb_200819_P.png","width":273,"height":181},{"@type":"WebPage","@id":"https:\/\/franciscanos.org.br\/noticias\/concurso-cultural-que-mundo-que-igreja-que-familia-franciscana.html#webpage","url":"https:\/\/franciscanos.org.br\/noticias\/concurso-cultural-que-mundo-que-igreja-que-familia-franciscana.html","name":"Concurso cultural: \u201cQue Mundo? Que Igreja? Que Fam\u00edlia Franciscana?\u201d - Not\u00edcias - Franciscanos","isPartOf":{"@id":"https:\/\/franciscanos.org.br\/noticias\/#website"},"primaryImageOfPage":{"@id":"https:\/\/franciscanos.org.br\/noticias\/concurso-cultural-que-mundo-que-igreja-que-familia-franciscana.html#primaryimage"},"datePublished":"2019-08-20T13:40:04+00:00","dateModified":"2019-08-20T13:40:04+00:00","author":{"@id":"https:\/\/franciscanos.org.br\/noticias\/#\/schema\/person\/b38fbf43118f02820bd932f2e4b14ad3"},"breadcrumb":{"@id":"https:\/\/franciscanos.org.br\/noticias\/concurso-cultural-que-mundo-que-igreja-que-familia-franciscana.html#breadcrumb"},"inLanguage":"pt-BR","potentialAction":[{"@type":"ReadAction","target":["https:\/\/franciscanos.org.br\/noticias\/concurso-cultural-que-mundo-que-igreja-que-familia-franciscana.html"]}]},{"@type":"BreadcrumbList","@id":"https:\/\/franciscanos.org.br\/noticias\/concurso-cultural-que-mundo-que-igreja-que-familia-franciscana.html#breadcrumb","itemListElement":[{"@type":"ListItem","position":1,"name":"Home","item":"https:\/\/franciscanos.org.br\/noticias"},{"@type":"ListItem","position":2,"name":"Concurso cultural: \u201cQue Mundo? Que Igreja? Que Fam\u00edlia Franciscana?\u201d"}]},{"@type":"Person","@id":"https:\/\/franciscanos.org.br\/noticias\/#\/schema\/person\/b38fbf43118f02820bd932f2e4b14ad3","name":"admin","image":{"@type":"ImageObject","inLanguage":"pt-BR","@id":"https:\/\/franciscanos.org.br\/noticias\/#\/schema\/person\/image\/","url":"https:\/\/secure.gravatar.com\/avatar\/e8495742d34d0ba6448ea1c628263b3e?s=96&d=mm&r=g","contentUrl":"https:\/\/secure.gravatar.com\/avatar\/e8495742d34d0ba6448ea1c628263b3e?s=96&d=mm&r=g","caption":"admin"},"url":"https:\/\/franciscanos.org.br\/noticias\/author\/admin"}]}},"_links":{"self":[{"href":"https:\/\/franciscanos.org.br\/noticias\/wp-json\/wp\/v2\/posts\/209713"}],"collection":[{"href":"https:\/\/franciscanos.org.br\/noticias\/wp-json\/wp\/v2\/posts"}],"about":[{"href":"https:\/\/franciscanos.org.br\/noticias\/wp-json\/wp\/v2\/types\/post"}],"author":[{"embeddable":true,"href":"https:\/\/franciscanos.org.br\/noticias\/wp-json\/wp\/v2\/users\/1"}],"replies":[{"embeddable":true,"href":"https:\/\/franciscanos.org.br\/noticias\/wp-json\/wp\/v2\/comments?post=209713"}],"version-history":[{"count":0,"href":"https:\/\/franciscanos.org.br\/noticias\/wp-json\/wp\/v2\/posts\/209713\/revisions"}],"wp:featuredmedia":[{"embeddable":true,"href":"https:\/\/franciscanos.org.br\/noticias\/wp-json\/wp\/v2\/media\/209715"}],"wp:attachment":[{"href":"https:\/\/franciscanos.org.br\/noticias\/wp-json\/wp\/v2\/media?parent=209713"}],"wp:term":[{"taxonomy":"category","embeddable":true,"href":"https:\/\/franciscanos.org.br\/noticias\/wp-json\/wp\/v2\/categories?post=209713"},{"taxonomy":"post_tag","embeddable":true,"href":"https:\/\/franciscanos.org.br\/noticias\/wp-json\/wp\/v2\/tags?post=209713"}],"curies":[{"name":"wp","href":"https:\/\/api.w.org\/{rel}","templated":true}]}}